{"id":26812,"date":"2024-09-30T12:42:10","date_gmt":"2024-09-30T17:42:10","guid":{"rendered":"https:\/\/nuevademocracia.com.co\/?p=26812"},"modified":"2024-09-30T12:42:11","modified_gmt":"2024-09-30T17:42:11","slug":"hezbola-confirma-la-muerte-de-nasrallah-sin-embargo-mantendra-la-lucha-de-liberacion-nacional","status":"publish","type":"post","link":"https:\/\/nuevademocracia.com.co\/?p=26812","title":{"rendered":"Hezbol\u00e1 confirma la muerte de Nasrallah, sin embargo mantendr\u00e1 la lucha de liberaci\u00f3n nacional"},"content":{"rendered":"\n<p class=\"has-black-color has-text-color has-link-color wp-elements-0e52b0c57cdc3525dc14eefcdee05de9\">A continuaci\u00f3n publicamos una traducci\u00f3n no oficial de este art\u00edculo encontrado en la prensa democr\u00e1tica y popular,\u00a0<a href=\"https:\/\/anovademocracia.com.br\/hezbollah-confirma-morte-de-nasrallah-mas-mantera-luta-de-libertacao-nacional\/\">A Nova Democracia<\/a><\/p>\n\n\n\n<p class=\"has-black-color has-text-color has-link-color wp-elements-94f4b5355f115f349a91cbaf441e0510\">El grupo prometi\u00f3 continuar la guerra \u00aben confrontaci\u00f3n con el enemigo, en apoyo de Gaza y Palestina, y en defensa del L\u00edbano y de su pueblo firme y honorable\u00bb.<\/p>\n\n\n\n<hr class=\"wp-block-separator has-text-color has-vivid-red-color has-alpha-channel-opacity has-vivid-red-background-color has-background\"\/>\n\n\n\n<p class=\"has-black-color has-text-color has-link-color wp-elements-b6a80337bcc2a9b6b109a9a460491352\">por <a href=\"https:\/\/anovademocracia.com.br\/author\/enricodgr\/\">Enrico Di Gregorio<\/a><\/p>\n\n\n\n<p class=\"has-black-color has-text-color has-link-color wp-elements-f6c2ffc47f1610c34d9d385a0a018cfa\">28 de septiembre de 2024<\/p>\n\n\n\n<figure class=\"wp-block-image aligncenter size-large is-resized\"><img loading=\"lazy\" decoding=\"async\" width=\"1024\" height=\"683\" src=\"https:\/\/nuevademocracia.com.co\/wp-content\/uploads\/2024\/09\/image-8-1024x683.png\" alt=\"\" class=\"wp-image-26814\" style=\"width:618px;height:auto\" srcset=\"https:\/\/nuevademocracia.com.co\/wp-content\/uploads\/2024\/09\/image-8-1024x683.png 1024w, https:\/\/nuevademocracia.com.co\/wp-content\/uploads\/2024\/09\/image-8-300x200.png 300w, https:\/\/nuevademocracia.com.co\/wp-content\/uploads\/2024\/09\/image-8-768x512.png 768w, https:\/\/nuevademocracia.com.co\/wp-content\/uploads\/2024\/09\/image-8-1536x1024.png 1536w, https:\/\/nuevademocracia.com.co\/wp-content\/uploads\/2024\/09\/image-8.png 2048w\" sizes=\"auto, (max-width: 1024px) 100vw, 1024px\" \/><figcaption class=\"wp-element-caption\"><strong><em><mark style=\"background-color:rgba(0, 0, 0, 0)\" class=\"has-inline-color has-black-color\">Nasrallah fue asesinado por un ataque a\u00e9reo israel\u00ed. Foto: AP Photo\/Hussein Malla<\/mark><\/em><\/strong><\/figcaption><\/figure>\n\n\n\n<p class=\"has-black-color has-text-color has-link-color wp-elements-2eae7ec5141637ae2433a72da2e4072a\">El grupo de Resistencia Libanesa, Hezbol\u00e1, confirm\u00f3 hoy (28) en un comunicado la muerte de su l\u00edder, el patriota liban\u00e9s Sayyed Hassan Nasrallah. El grupo prometi\u00f3 continuar la guerra \u00aben confrontaci\u00f3n con el enemigo, en apoyo de Gaza y Palestina, y en defensa de L\u00edbano y su pueblo firme y honorable\u00bb.<\/p>\n\n\n\n<p class=\"has-black-color has-text-color has-link-color wp-elements-9ad046ef5ff1ff2d147ea5f5bc99f969\">Nasrallah fue asesinado por un bombardeo del Estado sionista de Israel en Beirut. Israel reivindic\u00f3 primero la muerte, pero la veracidad de la informaci\u00f3n s\u00f3lo se confirm\u00f3 con la declaraci\u00f3n de la Resistencia.<\/p>\n\n\n\n<p class=\"has-black-color has-text-color has-link-color wp-elements-c1ccb348dc1952de41905653e2bf7012\">Hezbol\u00e1 tambi\u00e9n declar\u00f3 que \u00abNuestro L\u00edder sigue entre nosotros con su pensamiento, esp\u00edritu, l\u00ednea y enfoque\u00bb. \u00abEst\u00e1 en el juramento de lealtad y compromiso con la resistencia y el sacrificio hasta la victoria\u00bb.<\/p>\n\n\n\n<p class=\"has-vivid-red-color has-text-color has-link-color wp-elements-283bd15efd3abb34a05a387bc7703b75\"><strong>La Resistencia Palestina se pronuncia<\/strong><\/p>\n\n\n\n<p class=\"has-black-color has-text-color has-link-color wp-elements-8faf5e32338141ed595803bee4535de0\">El grupo de Resistencia Nacional Palestina, Ham\u00e1s, declar\u00f3 su solidaridad con la organizaci\u00f3n libanesa.<\/p>\n\n\n\n<p class=\"has-black-color has-text-color has-link-color wp-elements-ecace2b13f351b1c2cee074f53d50dce\">\u00abRecordamos tu vida y tu carrera llena de sacrificios en favor de la liberaci\u00f3n de Jerusal\u00e9n y de la bendita mezquita de Al Aqsa\u00bb, declar\u00f3 el grupo.<\/p>\n\n\n\n<p class=\"has-black-color has-text-color has-link-color wp-elements-2378fa6e473a1462ba38793665f8c6a4\">Ham\u00e1s tambi\u00e9n destac\u00f3 \u00ablas honorables posiciones de apoyo a nuestro pueblo palestino, nuestra valiente resistencia y nuestros leg\u00edtimos derechos\u00bb, y \u00abtu insistencia en continuar el frente de heroico apoyo a nuestro pueblo y nuestra resistencia en el diluvio de Al-Aqsa\u00bb.<\/p>\n\n\n\n<p class=\"has-vivid-red-color has-text-color has-link-color wp-elements-b98a9ed469a7b53da5ea1648df059d18\"><strong>El papel de Nasrallah en la direcci\u00f3n de la Resistencia libanesa<\/strong><\/p>\n\n\n\n<p class=\"has-black-color has-text-color has-link-color wp-elements-1bd1553c0d3503203a780a31c822e76d\">Nasrallah fue un destacado l\u00edder de la Resistencia libanesa. Comprometido con la liberaci\u00f3n de L\u00edbano, Nasrallah particip\u00f3 en la lucha antiimperialista y antisionista desde finales de la d\u00e9cada de 1970 y principios de la de 1980. En 1992, Hassan Nasrallah sustituy\u00f3 a Abbas Al-Musawi como Secretario General de la organizaci\u00f3n, cargo que ocup\u00f3 hasta su asesinato.<\/p>\n\n\n\n<p class=\"has-black-color has-text-color has-link-color wp-elements-19c46d4038464ebb24918a8fe6292d82\">Bajo su liderazgo, Hezbol\u00e1 desmembr\u00f3 el Ej\u00e9rcito del Sur del L\u00edbano, lacayo de Israel, y expuls\u00f3 a las tropas sionistas del sur del pa\u00eds en 2000. Nasrallah tambi\u00e9n dirigi\u00f3 la Resistencia a nivel militar y pol\u00edtico contra las operaciones sionistas \u00abResponsabilidad\u00bb (1993), \u00abOperaci\u00f3n V\u00bb (1994), contra la guerra de agresi\u00f3n libanesa contra L\u00edbano en 2006 y otras operaciones sionistas en 2009 y 2011.<\/p>\n\n\n\n<p class=\"has-black-color has-text-color has-link-color wp-elements-f880d971e31c3c8a05adb8cd726bb7b0\">En los \u00faltimos meses, Nasrallah ha dirigido las operaciones de Hezbol\u00e1 en solidaridad con la operaci\u00f3n \u00ab Diluvio de Al-Aqsa\u00bb, lanzada por la Resistencia Nacional Palestina el 7 de octubre, y contra el genocidio en Gaza.<\/p>\n\n\n\n<p class=\"has-vivid-red-color has-text-color has-link-color wp-elements-9fc3f293c6194417891c923e78c1926e\"><strong>La resistencia contin\u00faa<\/strong><\/p>\n\n\n\n<p class=\"has-black-color has-text-color has-link-color wp-elements-0611f0b6ca1497ba089b32d8e04a18e5\">El asesinato de Nasral\u00e1 es sin duda un duro golpe para Hezbol\u00e1.<\/p>\n\n\n\n<p class=\"has-black-color has-text-color has-link-color wp-elements-c0603c73be045ee2f725f36b6084b27b\">Por otra parte, no significa una merma de la capacidad operativa del grupo. Hezbol\u00e1 cuenta con unos 70.000 combatientes movilizados s\u00f3lo en el sur. En todo el L\u00edbano, hay decenas de miles de combatientes ya en operaciones o como reservistas.<\/p>\n\n\n\n<p class=\"has-black-color has-text-color has-link-color wp-elements-0489cbcec3590397c9aea9be71ae8a58\">Con el aumento de la agresi\u00f3n contra L\u00edbano, es probable que crezca el apoyo al grupo, como ha ocurrido hist\u00f3ricamente, lo que dar\u00e1 a Hezbol\u00e1 m\u00e1s capacidad para movilizar a las masas populares en la guerra de resistencia.<\/p>\n\n\n\n<p class=\"has-black-color has-text-color has-link-color wp-elements-b3922740349c96badf066961c300cde7\">Seg\u00fan un informe del peri\u00f3dico israel\u00ed Yedioth Ahronoth de esta semana, Hezbol\u00e1 no ha utilizado ni el 10% de sus capacidades en la guerra.<\/p>\n\n\n\n<p class=\"has-black-color has-text-color has-link-color wp-elements-792f02fefd082a2ce2ea8720f920cdc0\">Israel ya ha perdido millones de d\u00f3lares en la guerra. Y eso porque todav\u00eda no ha invadido L\u00edbano por tierra, que ser\u00e1 el momento m\u00e1s costoso para el Estado sionista, si decide hacerlo.<\/p>\n\n\n\n<p class=\"has-black-color has-text-color has-link-color wp-elements-7c33ccb7a8ed80dfed293c190888cf2f\">\u00abSi Israel decide invadir L\u00edbano por tierra, el coste de la vida ser\u00e1 muy alto\u00bb, dijo recientemente a AND el experto Bruno Beaklini. \u00abY esto para un Estado que no est\u00e1 acostumbrado a perder la vida de sus invasores, sino a matar ni\u00f1os y mujeres. Es un coste pol\u00edtico que ni siquiera el gabinete de guerra de Netanyahu puede permitirse\u00bb.<\/p>\n\n\n\n<p><\/p>\n","protected":false},"excerpt":{"rendered":"<p>A continuaci\u00f3n publicamos una traducci\u00f3n no oficial de este art\u00edculo encontrado en la prensa democr\u00e1tica y popular,\u00a0A Nova Democracia El grupo prometi\u00f3 continuar la guerra \u00aben confrontaci\u00f3n con el enemigo, en apoyo de Gaza y Palestina, y en defensa del L\u00edbano y de su pueblo firme y honorable\u00bb. por Enrico Di Gregorio 28 de septiembre [&hellip;]<\/p>\n","protected":false},"author":1,"featured_media":26814,"comment_status":"open","ping_status":"open","sticky":false,"template":"","format":"standard","meta":{"footnotes":""},"categories":[16,135],"tags":[],"class_list":["post-26812","post","type-post","status-publish","format-standard","has-post-thumbnail","hentry","category-carrusel","category-resistencia-palestina"],"blocksy_meta":[],"_links":{"self":[{"href":"https:\/\/nuevademocracia.com.co\/index.php?rest_route=\/wp\/v2\/posts\/26812","targetHints":{"allow":["GET"]}}],"collection":[{"href":"https:\/\/nuevademocracia.com.co\/index.php?rest_route=\/wp\/v2\/posts"}],"about":[{"href":"https:\/\/nuevademocracia.com.co\/index.php?rest_route=\/wp\/v2\/types\/post"}],"author":[{"embeddable":true,"href":"https:\/\/nuevademocracia.com.co\/index.php?rest_route=\/wp\/v2\/users\/1"}],"replies":[{"embeddable":true,"href":"https:\/\/nuevademocracia.com.co\/index.php?rest_route=%2Fwp%2Fv2%2Fcomments&post=26812"}],"version-history":[{"count":2,"href":"https:\/\/nuevademocracia.com.co\/index.php?rest_route=\/wp\/v2\/posts\/26812\/revisions"}],"predecessor-version":[{"id":26816,"href":"https:\/\/nuevademocracia.com.co\/index.php?rest_route=\/wp\/v2\/posts\/26812\/revisions\/26816"}],"wp:featuredmedia":[{"embeddable":true,"href":"https:\/\/nuevademocracia.com.co\/index.php?rest_route=\/wp\/v2\/media\/26814"}],"wp:attachment":[{"href":"https:\/\/nuevademocracia.com.co\/index.php?rest_route=%2Fwp%2Fv2%2Fmedia&parent=26812"}],"wp:term":[{"taxonomy":"category","embeddable":true,"href":"https:\/\/nuevademocracia.com.co\/index.php?rest_route=%2Fwp%2Fv2%2Fcategories&post=26812"},{"taxonomy":"post_tag","embeddable":true,"href":"https:\/\/nuevademocracia.com.co\/index.php?rest_route=%2Fwp%2Fv2%2Ftags&post=26812"}],"curies":[{"name":"wp","href":"https:\/\/api.w.org\/{rel}","templated":true}]}}