{"id":26817,"date":"2024-10-07T13:31:59","date_gmt":"2024-10-07T18:31:59","guid":{"rendered":"https:\/\/nuevademocracia.com.co\/?p=26817"},"modified":"2024-10-07T13:35:05","modified_gmt":"2024-10-07T18:35:05","slug":"defenderemos-nuestra-tierra-por-siempre-conversatorio-con-raouf-almalki","status":"publish","type":"post","link":"https:\/\/nuevademocracia.com.co\/?p=26817","title":{"rendered":"\u201cDefenderemos nuestra tierra por siempre\u201d: conversatorio con Raouf Almalki"},"content":{"rendered":"\n<figure class=\"wp-block-image aligncenter size-full is-resized\"><img loading=\"lazy\" decoding=\"async\" width=\"606\" height=\"609\" src=\"https:\/\/nuevademocracia.com.co\/wp-content\/uploads\/2024\/10\/image.png\" alt=\"\" class=\"wp-image-26818\" style=\"width:442px;height:auto\" srcset=\"https:\/\/nuevademocracia.com.co\/wp-content\/uploads\/2024\/10\/image.png 606w, https:\/\/nuevademocracia.com.co\/wp-content\/uploads\/2024\/10\/image-300x300.png 300w, https:\/\/nuevademocracia.com.co\/wp-content\/uploads\/2024\/10\/image-150x150.png 150w\" sizes=\"auto, (max-width: 606px) 100vw, 606px\" \/><figcaption class=\"wp-element-caption\"><em><strong><mark style=\"background-color:rgba(0, 0, 0, 0)\" class=\"has-inline-color has-black-color\">Afiche oficial del evento. IG @asdemorgco<\/mark><\/strong><\/em><\/figcaption><\/figure>\n\n\n\n<p class=\"has-black-color has-text-color has-link-color wp-elements-aed5215f77ea52378ec0ae083cf4ed76\">El pasado viernes 27 de septiembre se realiz\u00f3 un conversatorio con el embajador de Palestina en Colombia, Raouf Almalki, y con Saif Abukeshek, activista palestino en Europa.<\/p>\n\n\n\n<p class=\"has-black-color has-text-color has-link-color wp-elements-421e234cc3c8eda5b83c895a7e5b86be\">El evento cont\u00f3 con la participaci\u00f3n en el p\u00fablico, principalmente de sindicalistas obreros y docentes, as\u00ed como j\u00f3venes de diversas organizaciones populares. Algunas de las ideas expuesta por el embajador fueron:<\/p>\n\n\n\n<figure class=\"wp-block-image aligncenter size-full is-resized\"><img loading=\"lazy\" decoding=\"async\" width=\"920\" height=\"614\" src=\"https:\/\/nuevademocracia.com.co\/wp-content\/uploads\/2024\/10\/image-1.png\" alt=\"\" class=\"wp-image-26819\" style=\"width:596px;height:auto\" srcset=\"https:\/\/nuevademocracia.com.co\/wp-content\/uploads\/2024\/10\/image-1.png 920w, https:\/\/nuevademocracia.com.co\/wp-content\/uploads\/2024\/10\/image-1-300x200.png 300w, https:\/\/nuevademocracia.com.co\/wp-content\/uploads\/2024\/10\/image-1-768x513.png 768w\" sizes=\"auto, (max-width: 920px) 100vw, 920px\" \/><\/figure>\n\n\n\n<p><\/p>\n\n\n\n<p class=\"has-black-color has-text-color has-link-color wp-elements-c974f8d30118a959c90dfad226caf506\">Lo que est\u00e1 ocurriendo en Palestina, no es una guerra entre dos bandos, sino un genocidio por parte del Estado terrorista de Israel. Frente a lo cual se debe rechazar el imperialismo, y en contraposici\u00f3n enarbolar el derecho a ser pueblos libres y a la autodeterminaci\u00f3n, que son derechos sagrados.<\/p>\n\n\n\n<p class=\"has-black-color has-text-color has-link-color wp-elements-afae81ec4be46da7bb1184f33a584ed4\">Desde hace 76 a\u00f1os, cuando se fundaron las Naciones Unidas, se le prometi\u00f3 a Palestina un Estado libre. Pero esa promesa ha sido incumplida, y no solo incumplida, sino que EE.UU., que domina la ONU, impone el veto a cualquier resoluci\u00f3n de apoyo a Palestina. \u201cIsrael goza de impunidad total, porque tiene el apoyo incondicional de EEUU.\u201d<\/p>\n\n\n\n<p class=\"has-black-color has-text-color has-link-color wp-elements-1c4e331d29ad7e1aca3eeed2beb49956\">Las principales reivindicaciones del pueblo palestino, son sus tierras y su independencia o libertad. Lo principal no son las ayudas humanitarias, alimentos, medicamento, sino la libertad, la cual se consigue luchando. \u201cNo nos iremos, no nos marcharemos, esa tierra es nuestra. Quienes se tienen que marchar son los ocupantes, los invasores. [\u2026] No hemos dejado nuestras tierras, campos, nunca dejaremos de luchar por ser un pueblo libre y soberano.\u201d El pueblo palestino es un pueblo milenario, que ama su patria y su tierra, eso Israel no lo puede comprender.&nbsp;<\/p>\n\n\n\n<p class=\"has-black-color has-text-color has-link-color wp-elements-384a292d6dedb6358810bb77a4310812\">Denuncia que hasta el momento se contabilizan m\u00e1s de 45 mil personas muertas, 15 mil desaparecidas bajo escombros, 100 mil heridos. Destrucci\u00f3n total y no pasa nada. Porque la ley internacional, el derecho internacional humanitario, no es para todo el mundo sino para aquellos que no tiene piel blanca. Nunca para los blancos.\u201d En el primer d\u00eda de bombardeos en L\u00edbano, m\u00e1s de 1300 bombardeos. M\u00e1s de 500 muertos, 50 ni\u00f1os, familias enteras asesinadas. Israel lanz\u00f3 una guerra total contra toda la regi\u00f3n. Israel quiere arrastrar a EE.UU. a enfrentar a Ir\u00e1n y dominar todo medio oriente.<\/p>\n\n\n\n<figure class=\"wp-block-image aligncenter size-full is-resized\"><img loading=\"lazy\" decoding=\"async\" width=\"920\" height=\"614\" src=\"https:\/\/nuevademocracia.com.co\/wp-content\/uploads\/2024\/10\/image-2.png\" alt=\"\" class=\"wp-image-26820\" style=\"width:646px;height:auto\" srcset=\"https:\/\/nuevademocracia.com.co\/wp-content\/uploads\/2024\/10\/image-2.png 920w, https:\/\/nuevademocracia.com.co\/wp-content\/uploads\/2024\/10\/image-2-300x200.png 300w, https:\/\/nuevademocracia.com.co\/wp-content\/uploads\/2024\/10\/image-2-768x513.png 768w\" sizes=\"auto, (max-width: 920px) 100vw, 920px\" \/><\/figure>\n\n\n\n<p><\/p>\n\n\n\n<p class=\"has-black-color has-text-color has-link-color wp-elements-0093b8e39bad0655a3b8d52fb3b04284\">Vivir sin libertad, bajo ocupaci\u00f3n en Palestina, significa que en cualquier momento te pueden matar, golpear, quitar tu propiedad, no sabes si llegar\u00e1s al trabajo o a casa, porque en un control jud\u00edo, que son cientos, un soldado por capricho te puede matar, simplemente por no ser jud\u00edo. \u201cEso es vivir en Palestina. As\u00ed ha sido por generaciones, hijos, padres, abuelos, y a pesar de esa represi\u00f3n, seguimos all\u00ed, porque esa tierra es nuestra, nos pertenece. Defenderemos nuestra tierra por siempre.\u201d [\u2026] Israel no ha podido con la voluntad de Palestina y no podr\u00e1 nunca, ah\u00ed seguiremos por siempre porque esas tierras y el futuro nos pertenecen.\u201d &nbsp;&nbsp;<\/p>\n\n\n\n<p class=\"has-black-color has-text-color has-link-color wp-elements-b2bf897707fdbc382aeaaf4bf61fce63\">Por parte del compa\u00f1ero Saif Abukeshek, cont\u00f3 que m\u00e1s de 40 mil personas han a movilizarse en Barcelona, ciudad donde \u00e9l se encuentra, ese mismo d\u00eda del conversatorio, en el transcurso del d\u00eda. Invit\u00f3 a organizarnos a nivel global, contra el genocidio en Palestina. Organizar huelgas con los sindicatos. Bloquear las empresas que tienen el comercio de armas hacia Israel. Bloquear los barcos que llevan petr\u00f3leo a Israel. Hacer acciones de boicot contra las empresas multinacionales.&nbsp; Si el Estado sionista no paga un costo, seguir\u00e1 cometiendo cr\u00edmenes. \u201cLos compa\u00f1eros de Gaza no saldr\u00e1n de ah\u00ed, no importa el costo, defender\u00e1n la tierra. El objetivo de Israel son las tierras palestinas [\u2026] No lo conseguir\u00e1n gracias a la Resistencia en Gaza y la Resistencia Internacional.\u201d<\/p>\n\n\n\n<figure class=\"wp-block-image aligncenter size-full is-resized\"><img loading=\"lazy\" decoding=\"async\" width=\"920\" height=\"614\" src=\"https:\/\/nuevademocracia.com.co\/wp-content\/uploads\/2024\/10\/image-3.png\" alt=\"\" class=\"wp-image-26821\" style=\"width:641px;height:auto\" srcset=\"https:\/\/nuevademocracia.com.co\/wp-content\/uploads\/2024\/10\/image-3.png 920w, https:\/\/nuevademocracia.com.co\/wp-content\/uploads\/2024\/10\/image-3-300x200.png 300w, https:\/\/nuevademocracia.com.co\/wp-content\/uploads\/2024\/10\/image-3-768x513.png 768w\" sizes=\"auto, (max-width: 920px) 100vw, 920px\" \/><\/figure>\n\n\n\n<p><\/p>\n\n\n\n<p class=\"has-black-color has-text-color has-link-color wp-elements-cbc164a6c55c0c6bc8a4f432e062ac32\">Una vez finalizaron las intervenciones de ambos ponentes, se abri\u00f3 una ronda de intervenciones para los asistentes. Todas las intervenciones resaltaron su apoyo y solidaridad con el pueblo palestino, y varias palabras plantearon la necesidad de realizar acciones concretas y construir organizaci\u00f3n para apoyar la Resistencia Palestina desde Colombia. En general, en auditorio, se evidenciaba un deseo de movilizaci\u00f3n y solidaridad. Se hicieron varias invitaciones, entre ellas a realizar un plant\u00f3n o movilizaci\u00f3n el 7 de octubre, acudiendo a sectores obreros para informar sobre la causa palestina.<\/p>\n\n\n\n<p class=\"has-black-color has-text-color has-link-color wp-elements-f427c6cc468a5b98911a185f7c79f8d4\">Finalmente, como Nueva Democracia, nos parece importante aclarar, que algunas de las ideas expresadas anteriormente no concuerdan con nuestra l\u00ednea editorial, sin embargo, en el marco de la lucha solidaria con el pueblo palestino en contra de la invasi\u00f3n israel\u00ed, nos parece importante que se expresen las diferentes posturas y que se debatan en el seno del pueblo, pues a trav\u00e9s del debate, como pueblo, podemos construir una pol\u00edtica correcta.<\/p>\n\n\n\n<p class=\"has-black-color has-text-color has-link-color wp-elements-34bdd58d157e1f7c9da90bca089dd056\">Particularmente nos parece importante debatir la consigna de \u201cNo es una guerra, es un genocidio\u201d, la cual coloca al pueblo palestino como un pueblo completamente indefenso y desprotegido, lo cual no concuerda con la realidad de que el pueblo palestino es un pueblo que tiene varias organizaciones armadas que resisten heroicamente contra el invasor, y las cuales, como la historia ha mostrado en guerras de liberaci\u00f3n nacional de d\u00e9cadas pasadas, siguiendo una l\u00ednea justa, pueden llegar a desarrollarse y derrotar a cualquier enemigo, por fuerte que este sea en la actualidad.&nbsp;<\/p>\n\n\n\n<p class=\"has-black-color has-text-color has-link-color wp-elements-04ab41744e5ec5976802e034982b1d25\">As\u00ed pues, lo que ocurre hoy en Palestina, es una Guerra de Resistencia y Liberaci\u00f3n Nacional, entre el invasor sionista Israel, y el pueblo palestino armado. Obviamente es una guerra desigual, hoy Israel tiene mejores armas y capacidad b\u00e9lica, mientras las guerrillas palestinas se aferran a la guerra de t\u00faneles y a las masas populares para resistir. Sin embargo, en la guerra, aquellas fuerzas que defienden intereses justos, aunque sean peque\u00f1as y d\u00e9biles, se pueden desarrollar, porque tendr\u00e1n el apoyo de las masas trabajadoras; mientras que aquellas fuerzas que defiende intereses injustos (invasores, genocidas) aunque sean grandes y poderosas, se pueden ir diezmando, desmoralizando, agotando y derrotando parte por parte, porque nunca contar\u00e1n con el respaldo de las masas.<\/p>\n\n\n\n<p class=\"has-black-color has-text-color has-link-color wp-elements-caff57cd7c2810033374fcb3e60b0c3c\">As\u00ed mismo, tambi\u00e9n es un genocidio, porque Israel bombardea indiscriminadamente a la poblaci\u00f3n civil, que no necesariamente se encuentra militando en las organizaciones guerrilleras que resisten. Porque Israel quiere acabar con la poblaci\u00f3n y tomar completamente ese territorio, para lo cual busca exterminar miles de personas. As\u00ed pues, el genocidio debe ser denunciado firmemente, pero sin negar la guerra heroica que libra la Resistencia Nacional Palestina.<\/p>\n","protected":false},"excerpt":{"rendered":"<p>El pasado viernes 27 de septiembre se realiz\u00f3 un conversatorio con el embajador de Palestina en Colombia, Raouf Almalki, y con Saif Abukeshek, activista palestino en Europa. El evento cont\u00f3 con la participaci\u00f3n en el p\u00fablico, principalmente de sindicalistas obreros y docentes, as\u00ed como j\u00f3venes de diversas organizaciones populares. Algunas de las ideas expuesta por [&hellip;]<\/p>\n","protected":false},"author":1,"featured_media":26818,"comment_status":"open","ping_status":"open","sticky":false,"template":"","format":"standard","meta":{"footnotes":""},"categories":[16,135],"tags":[],"class_list":["post-26817","post","type-post","status-publish","format-standard","has-post-thumbnail","hentry","category-carrusel","category-resistencia-palestina"],"blocksy_meta":[],"_links":{"self":[{"href":"https:\/\/nuevademocracia.com.co\/index.php?rest_route=\/wp\/v2\/posts\/26817","targetHints":{"allow":["GET"]}}],"collection":[{"href":"https:\/\/nuevademocracia.com.co\/index.php?rest_route=\/wp\/v2\/posts"}],"about":[{"href":"https:\/\/nuevademocracia.com.co\/index.php?rest_route=\/wp\/v2\/types\/post"}],"author":[{"embeddable":true,"href":"https:\/\/nuevademocracia.com.co\/index.php?rest_route=\/wp\/v2\/users\/1"}],"replies":[{"embeddable":true,"href":"https:\/\/nuevademocracia.com.co\/index.php?rest_route=%2Fwp%2Fv2%2Fcomments&post=26817"}],"version-history":[{"count":2,"href":"https:\/\/nuevademocracia.com.co\/index.php?rest_route=\/wp\/v2\/posts\/26817\/revisions"}],"predecessor-version":[{"id":26827,"href":"https:\/\/nuevademocracia.com.co\/index.php?rest_route=\/wp\/v2\/posts\/26817\/revisions\/26827"}],"wp:featuredmedia":[{"embeddable":true,"href":"https:\/\/nuevademocracia.com.co\/index.php?rest_route=\/wp\/v2\/media\/26818"}],"wp:attachment":[{"href":"https:\/\/nuevademocracia.com.co\/index.php?rest_route=%2Fwp%2Fv2%2Fmedia&parent=26817"}],"wp:term":[{"taxonomy":"category","embeddable":true,"href":"https:\/\/nuevademocracia.com.co\/index.php?rest_route=%2Fwp%2Fv2%2Fcategories&post=26817"},{"taxonomy":"post_tag","embeddable":true,"href":"https:\/\/nuevademocracia.com.co\/index.php?rest_route=%2Fwp%2Fv2%2Ftags&post=26817"}],"curies":[{"name":"wp","href":"https:\/\/api.w.org\/{rel}","templated":true}]}}