{"id":26854,"date":"2024-10-11T13:52:07","date_gmt":"2024-10-11T18:52:07","guid":{"rendered":"https:\/\/nuevademocracia.com.co\/?p=26854"},"modified":"2024-10-11T13:52:07","modified_gmt":"2024-10-11T18:52:07","slug":"un-ano-de-la-operacion-diluvio-de-al-aqsa-diferentes-organizaciones-y-colectivos-de-bogota-se-suman-a-la-jornada-mundial","status":"publish","type":"post","link":"https:\/\/nuevademocracia.com.co\/?p=26854","title":{"rendered":"Un a\u00f1o de la operaci\u00f3n Diluvio de Al Aqsa, diferentes organizaciones y colectivos de Bogot\u00e1 se suman a la jornada mundial."},"content":{"rendered":"\n<p class=\"has-black-color has-text-color has-link-color wp-elements-7ec5b4c944df9fe25489225633ecf982\">Tras un a\u00f1o de la incursi\u00f3n armada de la resistencia palestina, que incluy\u00f3 m\u00e1s de 50 acciones militares y result\u00f3 en que m\u00e1s de una cuarta parte de las bajas fueran soldados sionistas, y la posterior respuesta indiscriminada contra el pueblo palestino, ha despertado en el mundo un sentimiento antiimperialista fundado en el antisionismo. Este sentimiento se ha manifestado en diversas acciones alrededor del mundo. La solidaridad que ha surgido en torno a la causa palestina, especialmente en el mundo \u00e1rabe, cuyas masas sienten como propia la consigna de un Estado palestino ha derivado en una emotiva y combativa conmemoraci\u00f3n que recorri\u00f3 todo el planeta el pasado 7 de octubre.<\/p>\n\n\n\n<p class=\"has-black-color has-text-color has-link-color wp-elements-5c2b51ed1ba8fd868e0c71b6bfc55bff\">En Bogot\u00e1, la cita fue en la Universidad Pedag\u00f3gica Nacional &#8211; UPN, donde desde las primeras horas de la ma\u00f1ana, diversos colectivos de estudiantes se reunieron para manifestar su apoyo a la resistencia palestina y condenar el genocidio del Estado sionista israel\u00ed. Con telas, trapos y pancartas, se iba dando forma a una jornada en la que los espacios de la UPN se convirtieron en un aut\u00e9ntico escenario de solidaridad y lucha. Por ejemplo, la tela central, de unos 10m de largo y que se pint\u00f3 colectivamente, ten\u00eda el siguiente mensaje: \u00a1Ni las bombas, ni la ocupaci\u00f3n detendr\u00e1n la lucha por la liberaci\u00f3n nacional!<\/p>\n\n\n\n<p class=\"has-black-color has-text-color has-link-color wp-elements-3329b4657e6f8eb76b67851fa89748f7\">M\u00e1s tarde, se llev\u00f3 a cabo una charla al aire libre, un espacio de reflexi\u00f3n, denuncia y formaci\u00f3n que arroj\u00f3 luz sobre m\u00e1s de 75 a\u00f1os de invasi\u00f3n sionista y la evoluci\u00f3n del conflicto, haciendo \u00e9nfasis en la actualidad de la resistencia del pueblo palestino. Muy importante, la insistencia en la necesidad de distanciarse de la ret\u00f3rica de la \u00absoluci\u00f3n de dos Estados\u00bb, un discurso que, en la pr\u00e1ctica, solo ha servido para perpetuar la agresi\u00f3n contra el pueblo palestino y alentar a un Estado invasor y genocida. La gente se involucr\u00f3 activamente, expresando su apoyo a la resistencia palestina y denunciando la masacre en Gaza. Tambi\u00e9n se levantaron voces alertando sobre la escalada de la guerra, se\u00f1alando la preocupaci\u00f3n por la participaci\u00f3n de otros pa\u00edses como L\u00edbano e Ir\u00e1n.<\/p>\n\n\n\n<p class=\"has-black-color has-text-color has-link-color wp-elements-cdf933bb7f408a610017936970e915f0\">Llam\u00f3 la atenci\u00f3n el protagonismo que tom\u00f3 el enfoque antiimperialista, en el que se se\u00f1ala como principal responsable de la crisis a los EE.UU. debido a los estrechos v\u00ednculos militares y econ\u00f3micos que sostiene con Israel. Esta relaci\u00f3n, oxigena pol\u00edticamente al Estado sionista en el escenario internacional, no solo otorga luz verde a la expansi\u00f3n de asentamientos, sino que tambi\u00e9n legitima operaciones militares indiscriminadas contra el pueblo palestino. As\u00ed mismo, se enfatiz\u00f3 la necesidad de contextualizar la guerra como una lucha leg\u00edtima de un pueblo que busca liberarse de un invasor. La resistencia palestina es un ejemplo para las luchas de liberaci\u00f3n nacional en el mundo.<\/p>\n\n\n\n<p class=\"has-black-color has-text-color has-link-color wp-elements-9faa1e59cb21b04630a708535556ba0f\">Mientras se esperaba que se concentrara m\u00e1s gente para iniciar la movilizaci\u00f3n, los que permanec\u00edan en la plaza Betancourt de la UPN rotaron una lista de consignas para ir gritando y aprendiendo. Hac\u00eda las 3:30 pm, se dio inicio a la movilizaci\u00f3n que se dirig\u00eda hac\u00eda la embajada del L\u00edbano para realizar una ofrenda floral como muestra de solidaridad con las v\u00edctimas mortales tras el ataque terrorista por parte del Estado de Israel. Desde all\u00ed, la marcha se dirigi\u00f3 a la embajada de Palestina, a su paso se iban gritando consignas, pegando carteles y pintando paredes para expresar el apoyo y la solidaridad con Palestina y su pueblo. A la embajada se arrib\u00f3 hacia las 6pm, en el lugar ya hab\u00eda un grupo considerable de personas, a esa altura la marcha era masiva.<\/p>\n\n\n\n<p class=\"has-black-color has-text-color has-link-color wp-elements-dbba0f664d94b188755963c7b55556d7\">El acto central estuvo a cargo de estudiantes de la UPN, quienes hicieron un en\u00e9rgico llamado a ponerse del lado del pueblo y la resistencia. Denunciaron la desconexi\u00f3n entre la academia y la realidad mundial, abogando por una educaci\u00f3n comprometida con el pueblo y sus problemas, una educaci\u00f3n que realmente sirva al pueblo. As\u00ed mismo, expresaron en tono reflexivo el papel que ha jugado el gobierno nacional y le reclamaron por los compa\u00f1eros que siguen encarcelados m\u00e1s de tres a\u00f1os por luchar. El acto inclu\u00eda el ritual de quema de mu\u00f1ecos con las figuras de Netanyahu y otros para representar los enemigos del pueblo, aquello que debe ser superado, sus cenizas simbolizan la transici\u00f3n de lo viejo a lo nuevo y se entienden como la esperanza de un mejor futuro. Con la m\u00edstica y la moral al 100% y la cantidad de gente que se iba sumando, la marcha tom\u00f3 rumbo hacia su destino final, la embajada yanqui.<\/p>\n\n\n\n<p class=\"has-black-color has-text-color has-link-color wp-elements-42692e0a83659f12d6ee79b7c5119f21\">Desde la UN se tom\u00f3 la avenida El Dorado hacia el occidente, el tramo, poco concurrido y m\u00e1s bien solitario, sirvi\u00f3 para tomar aire y descansar un poco mientras se llegaba a la embajada. Una vez all\u00ed, se retom\u00f3 la din\u00e1mica: se gritaban consignas, se realizaban pintas y se preparaban las intervenciones. Entre tanto, la quema de la bandera de estados unidos, y luego la de Israel, capt\u00f3 la atenci\u00f3n, incrementando la tensi\u00f3n en el vest\u00edbulo de la embajada que se llenaba de gente con banderas de Palestina y que gritaba consignas sin ninguna coordinaci\u00f3n. Cada colectivo expresaba su rabia como pod\u00eda, mientras el ambiente se iba caldeando. Al fondo sonaban una batucada que disonaba con las consignas, pero que no desentonaba con la euforia de la gente que sent\u00eda de cerca el rigor de tener a pocos metros una base de la principal potencia imperialista custodiada por la polic\u00eda antimotines.<\/p>\n\n\n\n<p class=\"has-black-color has-text-color has-link-color wp-elements-b7af01efdc6465f9998ba7e35eddf2ba\">La jornada del 7 de octubre en Bogot\u00e1 no solo fue un acto de solidaridad con la resistencia palestina, sino una poderosa manifestaci\u00f3n popular de lucha y liberaci\u00f3n que resuena en todos los rincones del mundo. Un a\u00f1o despu\u00e9s de la operaci\u00f3n Diluvio de Al Aqsa, qued\u00f3 claro que el pueblo palestino no est\u00e1 solo. La resistencia palestina se ha consolidado, ha ganado el apoyo de los pueblos del mundo que se unen contra el imperialismo y la ocupaci\u00f3n. El calor de la movilizaci\u00f3n apacigu\u00f3 el intenso fr\u00edo bogotano donde cientos de personas se unieron para gritar: \u00a1Desde el rio hasta el mar, Palestina vencer\u00e1!<\/p>\n\n\n\n<p class=\"has-black-color has-text-color has-link-color wp-elements-6d2cc107b63557fe48bc22967348209a\">\u00a1Ni las bombas, ni la ocupaci\u00f3n detendr\u00e1n la lucha por la liberaci\u00f3n nacional!<\/p>\n\n\n\n<p class=\"has-black-color has-text-color has-link-color wp-elements-9535a9d8b0af663579e5473a386945d6\">La solidaridad que ha despertado la causa palestina por todo el mundo y en particular en el mundo \u00e1rabe cuyas masas sienten como propia la consigna de un Estado palestino ha derivado en una emotiva conmemoraci\u00f3n por todo el globo.&nbsp;<\/p>\n\n\n\n<p class=\"has-black-color has-text-color has-link-color wp-elements-270693d80a69141763a2d9fd94a63d1f\">Las masas de los pa\u00edses \u00e1rabes demandan acciones contra el Estado sionista, y m\u00e1s, cuando en las \u00faltimas semanas se ha escaldo la guerra m\u00e1s all\u00e1 del territorio palestino.<\/p>\n\n\n\n<p class=\"has-black-color has-text-color has-link-color wp-elements-f015a33153dfcf05989b101980e1f442\">El pasado 7 de octubre de 2024, como parte de la jornada mundial de lucha y solidaridad con el pueblo palestino, se llev\u00f3 a cabo en Bogot\u00e1 una jornada de movilizaci\u00f3n y agitaci\u00f3n<\/p>\n\n\n\n<p class=\"has-black-color has-text-color has-link-color wp-elements-3b4935c1a0c9cf2fb44f6f84da1fab57\">para conmemorar el primer a\u00f1o de la tormenta de al aqsa, una incursi\u00f3n armada de la resistencia palestina que incluy\u00f3 m\u00e1s de 50 acciones militares y en la que m\u00e1s de una cuarta parte de las bajas eran soldados sionistas.<\/p>\n\n\n\n<p class=\"has-black-color has-text-color has-link-color wp-elements-3457033e6a4f3e80bea3c3ed1621ee5f\">Desde tempranas horas de la ma\u00f1ana un grupo de estudiantes se aglomer\u00f3 en las instalaciones de la UPN para pintar telas, trapos y pancartas con el animo de expresar el rechazo a nueva edici\u00f3n del hist\u00f3rico genocidio perpetrado por el Estado sionista de Israel que en el \u00faltimo a\u00f1o ha intensificado sus ataques contra el pueblo palestino y ha expandido sus acciones a otros , pero tambi\u00e9n para poner pr\u00e1ctica la solidaridad entre pueblos y apoyar la heroica resistencia del pueblo palestino.<\/p>\n\n\n\n<div class=\"wp-block-group is-nowrap is-layout-flex wp-container-core-group-is-layout-6c531013 wp-block-group-is-layout-flex\">\n<figure class=\"wp-block-image size-full is-resized\"><img loading=\"lazy\" decoding=\"async\" width=\"558\" height=\"315\" src=\"https:\/\/nuevademocracia.com.co\/wp-content\/uploads\/2024\/10\/image-9.png\" alt=\"\" class=\"wp-image-26855\" style=\"width:460px;height:auto\" srcset=\"https:\/\/nuevademocracia.com.co\/wp-content\/uploads\/2024\/10\/image-9.png 558w, https:\/\/nuevademocracia.com.co\/wp-content\/uploads\/2024\/10\/image-9-300x169.png 300w\" sizes=\"auto, (max-width: 558px) 100vw, 558px\" \/><\/figure>\n\n\n\n<figure class=\"wp-block-image size-full is-resized\"><img loading=\"lazy\" decoding=\"async\" width=\"491\" height=\"279\" src=\"https:\/\/nuevademocracia.com.co\/wp-content\/uploads\/2024\/10\/image-10.png\" alt=\"\" class=\"wp-image-26856\" style=\"width:465px;height:auto\" srcset=\"https:\/\/nuevademocracia.com.co\/wp-content\/uploads\/2024\/10\/image-10.png 491w, https:\/\/nuevademocracia.com.co\/wp-content\/uploads\/2024\/10\/image-10-300x170.png 300w\" sizes=\"auto, (max-width: 491px) 100vw, 491px\" \/><\/figure>\n<\/div>\n\n\n\n<p><\/p>\n\n\n\n<div class=\"wp-block-group is-nowrap is-layout-flex wp-container-core-group-is-layout-6c531013 wp-block-group-is-layout-flex\">\n<figure class=\"wp-block-image size-full is-resized\"><img loading=\"lazy\" decoding=\"async\" width=\"520\" height=\"302\" src=\"https:\/\/nuevademocracia.com.co\/wp-content\/uploads\/2024\/10\/image-11.png\" alt=\"\" class=\"wp-image-26857\" style=\"width:463px;height:auto\" srcset=\"https:\/\/nuevademocracia.com.co\/wp-content\/uploads\/2024\/10\/image-11.png 520w, https:\/\/nuevademocracia.com.co\/wp-content\/uploads\/2024\/10\/image-11-300x174.png 300w\" sizes=\"auto, (max-width: 520px) 100vw, 520px\" \/><\/figure>\n\n\n\n<figure class=\"wp-block-image size-full is-resized\"><img loading=\"lazy\" decoding=\"async\" width=\"535\" height=\"306\" src=\"https:\/\/nuevademocracia.com.co\/wp-content\/uploads\/2024\/10\/image-12.png\" alt=\"\" class=\"wp-image-26858\" style=\"width:467px;height:auto\" srcset=\"https:\/\/nuevademocracia.com.co\/wp-content\/uploads\/2024\/10\/image-12.png 535w, https:\/\/nuevademocracia.com.co\/wp-content\/uploads\/2024\/10\/image-12-300x172.png 300w\" sizes=\"auto, (max-width: 535px) 100vw, 535px\" \/><\/figure>\n<\/div>\n\n\n\n<p><\/p>\n\n\n\n<figure class=\"wp-block-image aligncenter size-full\"><img loading=\"lazy\" decoding=\"async\" width=\"487\" height=\"296\" src=\"https:\/\/nuevademocracia.com.co\/wp-content\/uploads\/2024\/10\/image-13.png\" alt=\"\" class=\"wp-image-26859\" srcset=\"https:\/\/nuevademocracia.com.co\/wp-content\/uploads\/2024\/10\/image-13.png 487w, https:\/\/nuevademocracia.com.co\/wp-content\/uploads\/2024\/10\/image-13-300x182.png 300w\" sizes=\"auto, (max-width: 487px) 100vw, 487px\" \/><\/figure>\n","protected":false},"excerpt":{"rendered":"<p>Tras un a\u00f1o de la incursi\u00f3n armada de la resistencia palestina, que incluy\u00f3 m\u00e1s de 50 acciones militares y result\u00f3 en que m\u00e1s de una cuarta parte de las bajas fueran soldados sionistas, y la posterior respuesta indiscriminada contra el pueblo palestino, ha despertado en el mundo un sentimiento antiimperialista fundado en el antisionismo. Este [&hellip;]<\/p>\n","protected":false},"author":1,"featured_media":26858,"comment_status":"open","ping_status":"open","sticky":false,"template":"","format":"standard","meta":{"footnotes":""},"categories":[135],"tags":[],"class_list":["post-26854","post","type-post","status-publish","format-standard","has-post-thumbnail","hentry","category-resistencia-palestina"],"blocksy_meta":[],"_links":{"self":[{"href":"https:\/\/nuevademocracia.com.co\/index.php?rest_route=\/wp\/v2\/posts\/26854","targetHints":{"allow":["GET"]}}],"collection":[{"href":"https:\/\/nuevademocracia.com.co\/index.php?rest_route=\/wp\/v2\/posts"}],"about":[{"href":"https:\/\/nuevademocracia.com.co\/index.php?rest_route=\/wp\/v2\/types\/post"}],"author":[{"embeddable":true,"href":"https:\/\/nuevademocracia.com.co\/index.php?rest_route=\/wp\/v2\/users\/1"}],"replies":[{"embeddable":true,"href":"https:\/\/nuevademocracia.com.co\/index.php?rest_route=%2Fwp%2Fv2%2Fcomments&post=26854"}],"version-history":[{"count":2,"href":"https:\/\/nuevademocracia.com.co\/index.php?rest_route=\/wp\/v2\/posts\/26854\/revisions"}],"predecessor-version":[{"id":26861,"href":"https:\/\/nuevademocracia.com.co\/index.php?rest_route=\/wp\/v2\/posts\/26854\/revisions\/26861"}],"wp:featuredmedia":[{"embeddable":true,"href":"https:\/\/nuevademocracia.com.co\/index.php?rest_route=\/wp\/v2\/media\/26858"}],"wp:attachment":[{"href":"https:\/\/nuevademocracia.com.co\/index.php?rest_route=%2Fwp%2Fv2%2Fmedia&parent=26854"}],"wp:term":[{"taxonomy":"category","embeddable":true,"href":"https:\/\/nuevademocracia.com.co\/index.php?rest_route=%2Fwp%2Fv2%2Fcategories&post=26854"},{"taxonomy":"post_tag","embeddable":true,"href":"https:\/\/nuevademocracia.com.co\/index.php?rest_route=%2Fwp%2Fv2%2Ftags&post=26854"}],"curies":[{"name":"wp","href":"https:\/\/api.w.org\/{rel}","templated":true}]}}