{"id":26895,"date":"2024-10-16T10:00:00","date_gmt":"2024-10-16T15:00:00","guid":{"rendered":"https:\/\/nuevademocracia.com.co\/?p=26895"},"modified":"2026-03-28T00:26:50","modified_gmt":"2026-03-28T05:26:50","slug":"fcc-cancion-al-barrio-jose-antonio-galan","status":"publish","type":"post","link":"https:\/\/nuevademocracia.com.co\/?p=26895","title":{"rendered":"FCC: Canci\u00f3n al barrio Jos\u00e9 Antonio Gal\u00e1n"},"content":{"rendered":"\n<hr class=\"wp-block-separator has-text-color has-vivid-red-color has-alpha-channel-opacity has-vivid-red-background-color has-background\"\/>\n\n\n\n<p class=\"has-black-color has-text-color has-link-color wp-elements-96966de65199b282b0147caae35b7b1e\">A continuaci\u00f3n compartimos la nueva canci\u00f3n realizada por el Frente de Combate Cultural-FCC sobre la resistencia de los habitantes del barrio Jos\u00e9 Antonio Gal\u00e1n y compartimos la descripci\u00f3n que el FCC realiz\u00f3 sobre la canci\u00f3n: <\/p>\n\n\n\n<p class=\"has-black-color has-text-color has-link-color wp-elements-32302c773c1d08f476a3ec06c88bab5a\">\u00abDurante el presente a\u00f1o, los habitantes del barrio Jos\u00e9 Antonio Gal\u00e1n del municipio de Bello, perdieron la tranquilidad de sus vidas cuando decenas de familias recibieron una notificaci\u00f3n u orden de desalojo. Son familias que llevan m\u00e1s de 50 a\u00f1os habitando el barrio, y que, como la inmensa mayor\u00eda de los barrios populares del Valle de Aburr\u00e1, fue construido con el propio esfuerzo de las masas trabajadoras, que levantaron las casas, calles, acueductos, etc., con el sudor de su trabajo y con organizaci\u00f3n y solidaridad entre los vecinos, quienes se juntaban en \u201cconvites\u201d para construir colectivamente y resolver cada necesidad que iba surgiendo. <\/p>\n\n\n\n<p class=\"has-black-color has-text-color has-link-color wp-elements-8956e0679f49c22a2054ec9ef46818a0\">En medio del actual proceso de amenaza de desalojo, j\u00f3venes sensibles a las problem\u00e1ticas populares, han estado apoyando esta importante lucha. Una de las compa\u00f1eras participantes compuso e interpret\u00f3 esta obra musical que habla de la problem\u00e1tica del barrio Jos\u00e9 Antonio Gal\u00e1n, y la cu\u00e1l a continuaci\u00f3n presentamos acompa\u00f1ada de algunas fotograf\u00edas del proceso.\u00bb<\/p>\n\n\n\n<figure class=\"wp-block-embed is-type-video is-provider-youtube wp-block-embed-youtube wp-embed-aspect-16-9 wp-has-aspect-ratio\"><div class=\"wp-block-embed__wrapper\">\n<iframe loading=\"lazy\" title=\"FCC - Canci\u00f3n al barrio Jos\u00e9 Antonio Gal\u00e1n\" width=\"1290\" height=\"726\" src=\"https:\/\/www.youtube.com\/embed\/g5v7oeKAwko?feature=oembed\" frameborder=\"0\" allow=\"accelerometer; autoplay; clipboard-write; encrypted-media; gyroscope; picture-in-picture; web-share\" referrerpolicy=\"strict-origin-when-cross-origin\" allowfullscreen><\/iframe>\n<\/div><\/figure>\n","protected":false},"excerpt":{"rendered":"<p>\u00abEn medio del actual proceso de amenaza de desalojo, j\u00f3venes sensibles a las problem\u00e1ticas populares, han estado apoyando esta importante lucha. Una de las compa\u00f1eras participantes compuso e interpret\u00f3 esta obra musical que habla de la problem\u00e1tica del barrio Jos\u00e9 Antonio Gal\u00e1n, y la cu\u00e1l a continuaci\u00f3n presentamos acompa\u00f1ada de algunas fotograf\u00edas del proceso.\u00bb<\/p>\n","protected":false},"author":1,"featured_media":26896,"comment_status":"open","ping_status":"open","sticky":false,"template":"","format":"standard","meta":{"footnotes":""},"categories":[16,134],"tags":[],"class_list":["post-26895","post","type-post","status-publish","format-standard","has-post-thumbnail","hentry","category-carrusel","category-nueva-cultura"],"blocksy_meta":[],"_links":{"self":[{"href":"https:\/\/nuevademocracia.com.co\/index.php?rest_route=\/wp\/v2\/posts\/26895","targetHints":{"allow":["GET"]}}],"collection":[{"href":"https:\/\/nuevademocracia.com.co\/index.php?rest_route=\/wp\/v2\/posts"}],"about":[{"href":"https:\/\/nuevademocracia.com.co\/index.php?rest_route=\/wp\/v2\/types\/post"}],"author":[{"embeddable":true,"href":"https:\/\/nuevademocracia.com.co\/index.php?rest_route=\/wp\/v2\/users\/1"}],"replies":[{"embeddable":true,"href":"https:\/\/nuevademocracia.com.co\/index.php?rest_route=%2Fwp%2Fv2%2Fcomments&post=26895"}],"version-history":[{"count":2,"href":"https:\/\/nuevademocracia.com.co\/index.php?rest_route=\/wp\/v2\/posts\/26895\/revisions"}],"predecessor-version":[{"id":29082,"href":"https:\/\/nuevademocracia.com.co\/index.php?rest_route=\/wp\/v2\/posts\/26895\/revisions\/29082"}],"wp:featuredmedia":[{"embeddable":true,"href":"https:\/\/nuevademocracia.com.co\/index.php?rest_route=\/wp\/v2\/media\/26896"}],"wp:attachment":[{"href":"https:\/\/nuevademocracia.com.co\/index.php?rest_route=%2Fwp%2Fv2%2Fmedia&parent=26895"}],"wp:term":[{"taxonomy":"category","embeddable":true,"href":"https:\/\/nuevademocracia.com.co\/index.php?rest_route=%2Fwp%2Fv2%2Fcategories&post=26895"},{"taxonomy":"post_tag","embeddable":true,"href":"https:\/\/nuevademocracia.com.co\/index.php?rest_route=%2Fwp%2Fv2%2Ftags&post=26895"}],"curies":[{"name":"wp","href":"https:\/\/api.w.org\/{rel}","templated":true}]}}