{"id":26899,"date":"2024-10-21T12:48:39","date_gmt":"2024-10-21T17:48:39","guid":{"rendered":"https:\/\/nuevademocracia.com.co\/?p=26899"},"modified":"2026-03-28T00:30:32","modified_gmt":"2026-03-28T05:30:32","slug":"la-universidad-no-se-vende-se-defiende","status":"publish","type":"post","link":"https:\/\/nuevademocracia.com.co\/?p=26899","title":{"rendered":"La universidad no se vende se defiende"},"content":{"rendered":"\n<hr class=\"wp-block-separator has-text-color has-vivid-red-color has-alpha-channel-opacity has-vivid-red-background-color has-background\"\/>\n\n\n\n<p class=\"has-vivid-red-color has-text-color has-link-color wp-elements-768060c43f2890d24bd533ea11c161a1\">A continuaci\u00f3n compartimos un poema escrito por un estudiante democr\u00e1tico por motivo de la actual lucha estudiantil en la Universidad de Antioquia.<\/p>\n\n\n\n<figure class=\"wp-block-image aligncenter size-full is-resized\"><img loading=\"lazy\" decoding=\"async\" width=\"392\" height=\"296\" src=\"https:\/\/nuevademocracia.com.co\/wp-content\/uploads\/2024\/10\/image-17.png\" alt=\"\" class=\"wp-image-26900\" style=\"width:519px;height:auto\" srcset=\"https:\/\/nuevademocracia.com.co\/wp-content\/uploads\/2024\/10\/image-17.png 392w, https:\/\/nuevademocracia.com.co\/wp-content\/uploads\/2024\/10\/image-17-300x227.png 300w\" sizes=\"auto, (max-width: 392px) 100vw, 392px\" \/><\/figure>\n\n\n\n<p><\/p>\n\n\n\n<pre class=\"wp-block-verse\">Hoy el movimiento estudiantil sale de nuevo a las calles<br><br>y cada uno de nuestros corazones late con m\u00e1s fuerza<br><br>estalla de emoci\u00f3n<br><br>por salir a la calle a pedir justicia y educaci\u00f3n<br><br>somos miles de corazones que se unen en un solo latir<br><br>no hemos muerto y jam\u00e1s lo haremos<br><br>desde que el estudiante se funda con el pueblo seremos eternos<br><br>siempre iremos en cada coraz\u00f3n<br><br>y ellos los que han ca\u00eddo siguen aqu\u00ed con nosotros<br><br>luchando por una universidad del pueblo y para el pueblo<br><br>\u00bfQui\u00e9n es usted? Soy estudiante<br><br>Un estudiante combativo que por amor al pueblo quiere luchar<br><br>Que por una educaci\u00f3n libre y para todos la Universidad va a defender<br><br>Que por amor al pueblo de la mano de \u00e9l los muros romper\u00e1<br><br>para que todos a ella podamos entrar<br><br>que el conocimiento sirva a quienes verdaderamente lo han creado<br><br>por eso grito compa\u00f1eros publica la recibimos y mas publica la vamos a devolver<\/pre>\n\n\n\n<p><\/p>\n","protected":false},"excerpt":{"rendered":"<p>\u00abUn estudiante combativo que por amor al pueblo quiere luchar<\/p>\n<p>Que por una educaci\u00f3n libre y para todos la Universidad va a defender<\/p>\n<p>Que por amor al pueblo de la mano de \u00e9l los muros romper\u00e1\u00bb<\/p>\n","protected":false},"author":1,"featured_media":26900,"comment_status":"open","ping_status":"open","sticky":false,"template":"","format":"standard","meta":{"footnotes":""},"categories":[16,134],"tags":[],"class_list":["post-26899","post","type-post","status-publish","format-standard","has-post-thumbnail","hentry","category-carrusel","category-nueva-cultura"],"blocksy_meta":[],"_links":{"self":[{"href":"https:\/\/nuevademocracia.com.co\/index.php?rest_route=\/wp\/v2\/posts\/26899","targetHints":{"allow":["GET"]}}],"collection":[{"href":"https:\/\/nuevademocracia.com.co\/index.php?rest_route=\/wp\/v2\/posts"}],"about":[{"href":"https:\/\/nuevademocracia.com.co\/index.php?rest_route=\/wp\/v2\/types\/post"}],"author":[{"embeddable":true,"href":"https:\/\/nuevademocracia.com.co\/index.php?rest_route=\/wp\/v2\/users\/1"}],"replies":[{"embeddable":true,"href":"https:\/\/nuevademocracia.com.co\/index.php?rest_route=%2Fwp%2Fv2%2Fcomments&post=26899"}],"version-history":[{"count":5,"href":"https:\/\/nuevademocracia.com.co\/index.php?rest_route=\/wp\/v2\/posts\/26899\/revisions"}],"predecessor-version":[{"id":29086,"href":"https:\/\/nuevademocracia.com.co\/index.php?rest_route=\/wp\/v2\/posts\/26899\/revisions\/29086"}],"wp:featuredmedia":[{"embeddable":true,"href":"https:\/\/nuevademocracia.com.co\/index.php?rest_route=\/wp\/v2\/media\/26900"}],"wp:attachment":[{"href":"https:\/\/nuevademocracia.com.co\/index.php?rest_route=%2Fwp%2Fv2%2Fmedia&parent=26899"}],"wp:term":[{"taxonomy":"category","embeddable":true,"href":"https:\/\/nuevademocracia.com.co\/index.php?rest_route=%2Fwp%2Fv2%2Fcategories&post=26899"},{"taxonomy":"post_tag","embeddable":true,"href":"https:\/\/nuevademocracia.com.co\/index.php?rest_route=%2Fwp%2Fv2%2Ftags&post=26899"}],"curies":[{"name":"wp","href":"https:\/\/api.w.org\/{rel}","templated":true}]}}