{"id":26903,"date":"2024-10-21T16:00:00","date_gmt":"2024-10-21T21:00:00","guid":{"rendered":"https:\/\/nuevademocracia.com.co\/?p=26903"},"modified":"2024-10-23T11:13:22","modified_gmt":"2024-10-23T16:13:22","slug":"lcp-emite-comunicado-los-paramilitares-bolsonaristas-estan-llevando-su-guerra-cobarde-al-campo-y-guerra-es-lo-que-vais-a-tener","status":"publish","type":"post","link":"https:\/\/nuevademocracia.com.co\/?p=26903","title":{"rendered":"LCP emite comunicado: \u00abLos paramilitares bolsonaristas est\u00e1n llevando su guerra cobarde al campo, \u00a1y\u00a0guerra es lo que\u00a0vais\u00a0a tener!\u00bb"},"content":{"rendered":"\n<p class=\"has-black-color has-text-color has-link-color wp-elements-9b343f5dbf52e22158a943e5aec81f20\"><em>A continuaci\u00f3n publicamos una traducci\u00f3n no oficial de este art\u00edculo encontrado en la prensa democr\u00e1tica y popular,\u00a0<a href=\"https:\/\/anovademocracia.com.br\/lcp-autodefesa-dos-camponeses-enfrenta-e-derrota-ataque-das-hordas-paramilitares-invasao-zero\/\"><mark style=\"background-color:rgba(0, 0, 0, 0)\" class=\"has-inline-color has-vivid-red-color\">A Nova Democracia<\/mark><\/a><\/em><\/p>\n\n\n\n<p class=\"has-black-color has-text-color has-link-color wp-elements-93c748a632593cfbbf31101467380ce7\">\u00abLos campesinos somos los palestinos de Brasil y luchamos contra un enemigo armado hasta los dientes \u00a1pero al igual que el pueblo palestino, nuestra lucha es justa e inevitablemente ganaremos! Hace exactamente 75 a\u00f1os, el pueblo chino, en m\u00e1s de 27 a\u00f1os de prolongada guerra popular, derrot\u00f3 a tres grandes enemigos que pesaban sobre el pueblo y la naci\u00f3n chinos: el imperialismo, el capitalismo burocr\u00e1tico y el latifundio feudal y semifeudal. De la misma manera, el pueblo palestino y el pueblo brasile\u00f1o asegurar\u00e1n su completa liberaci\u00f3n, aunque la lucha tarde mucho en completarse, \u00a1nuestra causa inevitablemente triunfar\u00e1!\u00bb, declara la LCP.<\/p>\n\n\n\n<hr class=\"wp-block-separator has-text-color has-vivid-red-color has-alpha-channel-opacity has-vivid-red-background-color has-background\"\/>\n\n\n\n<p class=\"has-black-color has-text-color has-link-color wp-elements-e6cbb8bb76a6506da23a31a902e11d20\">por&nbsp;<a href=\"https:\/\/anovademocracia.com.br\/author\/redacao-de-and\/\">Reda\u00e7\u00e3o de AND<\/a><\/p>\n\n\n\n<p class=\"has-black-color has-text-color has-link-color wp-elements-0d0470dee5de4318789b457f7fb5ecc5\">12 de octubre de 2024<\/p>\n\n\n\n<figure class=\"wp-block-image aligncenter size-full is-resized\"><img loading=\"lazy\" decoding=\"async\" width=\"1024\" height=\"478\" src=\"https:\/\/nuevademocracia.com.co\/wp-content\/uploads\/2024\/10\/image-18.png\" alt=\"\" class=\"wp-image-26905\" style=\"width:574px;height:auto\" srcset=\"https:\/\/nuevademocracia.com.co\/wp-content\/uploads\/2024\/10\/image-18.png 1024w, https:\/\/nuevademocracia.com.co\/wp-content\/uploads\/2024\/10\/image-18-300x140.png 300w, https:\/\/nuevademocracia.com.co\/wp-content\/uploads\/2024\/10\/image-18-768x359.png 768w\" sizes=\"auto, (max-width: 1024px) 100vw, 1024px\" \/><figcaption class=\"wp-element-caption\"><strong><em><mark style=\"background-color:rgba(0, 0, 0, 0)\" class=\"has-inline-color has-black-color\">Campesinos relatan la historia de la lucha en la regi\u00f3n. Foto: Banco de datos AND<\/mark><\/em><\/strong><\/figcaption><\/figure>\n\n\n\n<p class=\"has-black-color has-text-color has-link-color wp-elements-1949a666a74eef83b3b757391773ddd6\"><strong>La reacci\u00f3n de los terratenientes bolsonarista, despu\u00e9s de varias derrotas impuestas por la LCP en Rond\u00f4nia, por lo que crearon, con el pleno apoyo del entonces Presidente de la Rep\u00fablica Bolsonaro, la fuerza paramilitar \u201cInvas\u00e3o Zero\u201d, que en poco tiempo de existencia ya cometi\u00f3 y sigue cometido tantos cr\u00edmenes por el pa\u00eds, en Barro Branco sufri\u00f3 su primera derrota. Es la primera de varias que ser\u00e1n amargas, a medida que cada vez m\u00e1s campesinos, ind\u00edgenas y quilombolas se den cuenta de que s\u00f3lo aumentando su autodefensa podr\u00e1n garantizar sus derechos. En 2023, en una declaraci\u00f3n p\u00fablica, la LCP advirti\u00f3 a los campesinos de todo el pa\u00eds y los llam\u00f3 a defender su derecho a la tierra con las armas en la mano. Esta horda paramilitar bolsonarista est\u00e1 llevando su guerra cobarde al campo, \u00a1y guerra es lo que van a tener!<\/strong> As\u00ed comienza el comunicado conjunto de la Comisi\u00f3n Nacional de las Ligas de Campesinos Pobres y de la Liga de Campesinos Pobres del Nordeste.<\/p>\n\n\n\n<p class=\"has-black-color has-text-color has-link-color wp-elements-15fe9035f427a1f8acac147840f395c7\">El comunicado, hecho p\u00fablico hoy, trata en detalle de la Batalla Campesina de Barro Branco, en Jaqueira, en la Zona da Mata de Pernambuco.<\/p>\n\n\n\n<p class=\"has-black-color has-text-color has-link-color wp-elements-67545a4f97bb5404ae834f8f7a2b1a4b\">La LCP relata que el 28 de octubre, \u00abEl movimiento bolsonarista \u201cInvas\u00e3o Zero\u201d llev\u00f3 a cabo otro de sus ataques terroristas contra las masas del campo. En varias regiones del pa\u00eds, este grupo paramilitar, financiado por terratenientes, con el apoyo pol\u00edtico de \u201cautoridades\u201d del viejo Estado y el apoyo militar de la Polic\u00eda Militar y la Polic\u00eda Civil, armados hasta los dientes, ha atacado las movilizaciones de los campesinos, quilombolas y pueblos ind\u00edgenas\u00bb, pero esta vez \u00abse llevaron la peor parte\u00bb:<\/p>\n\n\n\n<p class=\"has-black-color has-text-color has-link-color wp-elements-d095012cefd52e1e0f669b0dd228017f\">\u00abEl \u00faltimo ataque, el 28 de septiembre, fue el mayor que realizaron contra los ocupantes de Barro Branco. Tambi\u00e9n fue la mayor derrota que sufrieron. Alinearon sus camiones, con dos retroexcavadoras al frente y las tropas de la PM detr\u00e1s. Como siempre, acudieron con su arrogancia de coronelista, ordenando a los campesinos que se apartaran del camino, creyendo que esas masas aceptar\u00edan, una vez m\u00e1s, ver sus casas derribadas y enterradas. Esta vez se toparon con dos barricadas y mucho fuego en el camino. Acorralados por las piedras arrojadas y el fuego provocado por la resistencia, mostraron el alcance de su \u201cvalent\u00eda\u201d y como cobardes huyeron desesperados. El presidente estatal de \u201cInvas\u00e3o Zero\u201d estaba tan acostumbrado a golpear a los campesinos que \u00e9l y otro miembro de su grupo fueron recibidos con plomo caliente. Tambi\u00e9n fue destruida una retroexcavadora y uno de los perros Rottweiler tomados por los delincuentes para intimidar a los campesinos termin\u00f3 muerto en el fuego de las barricadas\u00bb, desataca la LCP.<\/p>\n\n\n\n<p class=\"has-vivid-red-color has-text-color has-link-color wp-elements-0734c396fe3dd390af46f8a443c3656c\"><strong>\u00abHorda paramilitar acostumbrada a atacar impunemente\u00bb<\/strong><\/p>\n\n\n\n<p class=\"has-black-color has-text-color has-link-color wp-elements-3c249946521466b4a05628626fb94963\">La LCP tambi\u00e9n denunci\u00f3 que la \u00abInvasi\u00f3n Cero\u00bb ha llevado a cabo una serie de operaciones de guerra contra los campesinos, acostumbrados a actuar sin resistencia a la vista.<\/p>\n\n\n\n<p class=\"has-black-color has-text-color has-link-color wp-elements-8ab104de42c340ebb4ccd4b2a3b2d07f\">\u00abEn varias regiones del pa\u00eds, este grupo paramilitar, financiado por terratenientes, con el apoyo pol\u00edtico de \u201cautoridades\u201d del viejo Estado y el apoyo militar de la Polic\u00eda Militar y la Polic\u00eda Civil, armados hasta los dientes, ha atacado las movilizaciones de los campesinos, quilombolas y pueblos ind\u00edgenas. En 2024, reuniendo un gran n\u00famero de camionetas con bandas armadas, la \u201cInvas\u00e3o Zero\u201d atac\u00f3 a campesinos desarmados en Par\u00e1, impidiendo una recuperaci\u00f3n justa de las tierras. En Bah\u00eda, con el apoyo del primer ministro del gobierno del PT, atac\u00f3 una movilizaci\u00f3n ind\u00edgena y asesin\u00f3 al compa\u00f1ero Nega Patax\u00f3. A principios de a\u00f1o, en Rond\u00f4nia, en el municipio de Machadinho D\u2019Oeste, m\u00e1s de 100 hombres armados sin bandera rodearon un campamento, capturaron a los campesinos, torturaron a varias personas y las entregaron a la Polic\u00eda Militar. Del mismo modo, ha atacado sistem\u00e1ticamente a los guaran\u00ed-kaiow\u00e1s en Mato Grosso do Sul y, el 9 de septiembre, la misma banda asesin\u00f3 al joven l\u00edder guaran\u00ed Neri Ramos da Silva, mientras la Fuerza Nacional de Seguridad, enviada por el gobierno de Luiz In\u00e1cio, no hizo nada para detener a los asesinos. Tambi\u00e9n en Paran\u00e1, en el municipio de Terra Roxa, donde los aw\u00e1-guaran\u00edes intentan retomar las tierras arrebatadas por la hacienda Brilhante, la misma \u201cInvasi\u00f3n Cero\u201d ante la mirada de la FNS incendi\u00f3 el almac\u00e9n de productos e hiri\u00f3 a cuatro ind\u00edgenas\u00bb, destac\u00f3 el movimiento.<\/p>\n\n\n\n<p class=\"has-black-color has-text-color has-link-color wp-elements-11aa02d14c66c806609c22698a6da591\"><em>A continuaci\u00f3n publicamos el comunicado completo.<\/em><\/p>\n\n\n\n<hr class=\"wp-block-separator has-text-color has-vivid-red-color has-alpha-channel-opacity has-vivid-red-background-color has-background\"\/>\n\n\n\n<p class=\"has-text-align-center has-vivid-red-color has-text-color has-link-color wp-elements-02c9436a656ff4a732458236f5124ed5\"><strong>Autodefensas campesinas enfrentan y derrotan ataque de las hordas paramilitares de \u201cInvas\u00e3o Zero\u201d<\/strong><\/p>\n\n\n\n<p class=\"has-text-align-right has-black-color has-text-color has-link-color wp-elements-1940dd6156cf7f9e04db55827a04f6a9\"><em>\u201cLas vallas de mi tierra,&nbsp;<\/em><em>ai ai<\/em><br><em>Nadie puede siquiera imaginar moverse,&nbsp;<\/em><em>ai ai,<\/em><br><em>Los cables est\u00e1n hechos de balas,&nbsp;<\/em><em>ai ai<\/em><br><em>y los&nbsp;<\/em><em>muros<\/em><em>&nbsp;de la cerca con rifles,&nbsp;<\/em><em>ai ai<\/em><em>\u201d.<\/em><\/p>\n\n\n\n<p class=\"has-text-align-right has-black-color has-text-color has-link-color wp-elements-88f79fadfe175daf722ce786c0240103\">(de la canci\u00f3n&nbsp;<em>Ladr\u00e3o de terra&nbsp;<\/em>, de Jac\u00f3 y Jacozinho)<\/p>\n\n\n\n<p class=\"has-black-color has-text-color has-link-color wp-elements-7394298dc92a8dc4d51f91a4abba44bb\">El movimiento bolsonarista \u201cInvas\u00e3o Zero\u201d llev\u00f3 a cabo otro de sus ataques terroristas contra las masas del campo. En varias regiones del pa\u00eds, este grupo paramilitar, financiado por terratenientes, con el apoyo pol\u00edtico de \u201cautoridades\u201d del viejo Estado y el apoyo militar de la Polic\u00eda Militar y la Polic\u00eda Civil, armados hasta los dientes, ha atacado las movilizaciones de los campesinos, quilombolas y pueblos ind\u00edgenas. En 2024, reuniendo un gran n\u00famero de camionetas con bandas armadas, la \u201cInvas\u00e3o Zero\u201d atac\u00f3 a campesinos desarmados en Par\u00e1, impidiendo una recuperaci\u00f3n justa de las tierras. En Bah\u00eda, con el apoyo del primer ministro del gobierno del PT, atac\u00f3 una movilizaci\u00f3n ind\u00edgena y asesin\u00f3 al compa\u00f1ero Nega Patax\u00f3. A principios de a\u00f1o, en Rond\u00f4nia, en el municipio de Machadinho D\u2019Oeste, m\u00e1s de 100 hombres armados sin bandera rodearon un campamento, capturaron a los campesinos, torturaron a varias personas y las entregaron a la Polic\u00eda Militar. Del mismo modo, ha atacado sistem\u00e1ticamente a los guaran\u00ed-kaiow\u00e1s en Mato Grosso do Sul y, el 9 de septiembre, la misma banda asesin\u00f3 al joven l\u00edder guaran\u00ed Neri Ramos da Silva, mientras la Fuerza Nacional de Seguridad, enviada por el gobierno de Luiz In\u00e1cio, no hizo nada para detener a los asesinos. Tambi\u00e9n en Paran\u00e1, en el municipio de Terra Roxa, donde los aw\u00e1-guaran\u00edes intentan retomar las tierras arrebatadas por la hacienda Brilhante, la misma \u201cInvasi\u00f3n Cero\u201d ante la mirada de la FNS incendi\u00f3 el almac\u00e9n de productos e hiri\u00f3 a cuatro ind\u00edgenas.<\/p>\n\n\n\n<p class=\"has-black-color has-text-color has-link-color wp-elements-845bdbac68fa25690875cba1185c8c4a\">El s\u00e1bado 28 de septiembre de 2024, este grupo reaccionario de extrema derecha atac\u00f3 la comunidad de Barro Branco en el municipio de Jaqueira, Zona da Mata en Pernambuco. Como de costumbre, reuni\u00f3 a un nutrido grupo de pistoleros y terratenientes, m\u00e1s de 50 delincuentes, en 14 camionetas. Estos cobardes contaron con el apoyo de m\u00e1s de 50 polic\u00edas militares del 10\u00b0 Batall\u00f3n de la Polic\u00eda Militar de Palmares, para brindar seguridad a su ataque criminal. Al frente de esta horda estaba el presidente estatal de \u201cInvas\u00e3o Zero\u201d, el terrateniente Jos\u00e9 Ant\u00f4nio Fonseca de Mello.<\/p>\n\n\n\n<p class=\"has-black-color has-text-color has-link-color wp-elements-f6df96f1019e7bd2a1a7b6b0fd031f36\">Este ataque criminal se produjo en la ma\u00f1ana, cuando la banda pretend\u00eda atacar la comunidad de Barro Branco, cuando la mayor\u00eda de sus habitantes se encontraban en el centro de Jaqueira, en el mercado semanal de la ciudad. Los objetivos de estos terroristas eran destruir la sede de la Asociaci\u00f3n Barro Branco y las viviendas de sus principales dirigentes. Sin embargo, esta vez, la banda paramilitar \u201cInvas\u00e3o Zero\u201d fue derrotada por las autodefensas de los ocupantes que lucharon en defensa de sus tierras de derecho y de hecho, en una feroz batalla que dur\u00f3 m\u00e1s de 6 horas, expulsando a los criminales.<\/p>\n\n\n\n<p class=\"has-black-color has-text-color has-link-color wp-elements-24cab94470391a39a0d8081c071e6e05\">La comunidad de Engenho Barro Branco est\u00e1 formada por cientos de familias que viven y trabajan en esas tierras desde hace m\u00e1s de 100 a\u00f1os. Todos all\u00ed eran residentes de la antigua Usina Frei Caneca y durante d\u00e9cadas estuvieron sometidos a relaciones semifeudales de explotaci\u00f3n por parte de este latifundio. Durante todo el a\u00f1o cultivaban peque\u00f1as parcelas de tierra alrededor de sus casas y, durante el per\u00edodo de siembra y corte de ca\u00f1a de az\u00facar, trabajaban por magros salarios diarios para la Usina. Esta forma de explotaci\u00f3n, extremadamente com\u00fan en la regi\u00f3n, siempre ha sido utilizada por los grandes terratenientes, ya que les permite tanto fijar su mano de obra en la tierra, tenerla disponible cuando necesitan un gran contingente de trabajadores, como bajar los salarios de los obreros principalmente durante el corte de ca\u00f1a de az\u00facar.<\/p>\n\n\n\n<p class=\"has-black-color has-text-color has-link-color wp-elements-c24b5846319adc581b281a294b7b263b\">A principios de la d\u00e9cada de 2000, la Usina Frei Caneca quebr\u00f3 y dej\u00f3 de moler ca\u00f1a y fabricar az\u00facar. En estas condiciones, los antiguos residentes se convirtieron en ocupantes libres de esas tierras, pudiendo as\u00ed incrementar su producci\u00f3n y creaci\u00f3n. La Usina nunca pag\u00f3 los derechos laborales impagados y mucho menos la compensaci\u00f3n a la que ten\u00edan derecho esas familias por las d\u00e9cadas de esa explotaci\u00f3n. La exigencia de que se quitaran todos los terrenos de la planta en quiebra y su entrega a los residentes y trabajadores durante d\u00e9cadas fue m\u00e1s que justa.<\/p>\n\n\n\n<p class=\"has-black-color has-text-color has-link-color wp-elements-1f426b3d1895836c90680c53edd785a9\">A partir de 2015, las tierras de los propietarios en quiebra comenzaron a ser arrendadas ilegalmente a grandes grupos de terratenientes para la cr\u00eda de ganado para el sacrificio y la exportaci\u00f3n de carne. Se inici\u00f3 una guerra no declarada contra los m\u00e1s de 5 mil ocupantes de esas tierras. Numerosos cr\u00edmenes fueron cometidos por estos grupos, en un proceso de expropiaci\u00f3n de posesiones campesinas que no se limit\u00f3 a la ciudad de Jaqueira, sino que abarc\u00f3 toda la regi\u00f3n de Mata Sul de Pernambuco. En Engenho Barro Branco, muchos campesinos fueron expulsados de sus hogares, y varias de ellos fueron derrumbadas e incluso enterradas por los esbirros del latifundio.<\/p>\n\n\n\n<p class=\"has-black-color has-text-color has-link-color wp-elements-8290d5e28b2ec1a36d582d53b55c3f84\">Con mucha resistencia y unidad, varias comunidades de ocupantes permanecieron dentro de las tierras, luchando y exigiendo por sus derechos. Los \u00f3rganos del viejo Estado, el poder judicial, el gobierno estatal, el INCRA&nbsp;<em>[Nota del traductor: Instituto Nacional de Colonizaci\u00f3n y Reforma Agraria]<\/em>, el ITERPE&nbsp;<em>[Nota del traductor: Instituto de Tierras y Reforma Agraria de Pernamburgo]<\/em>, etc., siempre han estado del lado de los terratenientes, es decir, de los propietarios quebrados y del grupo agroexportador. Como \u201csoluci\u00f3n\u201d al conflicto propusieron asentar a los campesinos en peque\u00f1as parcelas de tierra muy alejadas. Es decir, propusieron sacar a aquellas familias, que viv\u00edan all\u00ed desde hac\u00eda m\u00e1s de un siglo, para que el ganado se apoderara del lugar.<\/p>\n\n\n\n<p class=\"has-black-color has-text-color has-link-color wp-elements-824b2434108dd8a23f32d94074c6b83d\">Por supuesto, las familias de Engenho Barro Branco no aceptaron esta propuesta, y desde 2023, ya cansadas de los desprop\u00f3sitos de los organismos estatales y de las promesas nunca cumplidas de una soluci\u00f3n por parte del oportunismo, se unieron a la Liga de Campesinos Pobres para organizar su lucha con la movilizaci\u00f3n de las masas para la conquista de la tierra. El grupo terrateniente, propiedad del ladr\u00f3n de tierras p\u00fablicas Guilherme Maranh\u00e3o, que reinaba en la zona desde 2018, cometiendo impunemente todos los delitos contra campesinos, desafiando la ley y con la conveniente ceguera del poder judicial, comenz\u00f3 a enfrentarse a una resistencia m\u00e1s tenaz y organizada. A cada ataque del latifundio recibi\u00f3 una respuesta. Cort\u00f3 la valla de los ocupantes y ahora vio la destrucci\u00f3n de sus estructuras de gesti\u00f3n del ganado. Despu\u00e9s de todo, si no hay justicia a favor de los pobres en este pa\u00eds, lo \u00fanico que les queda es el viejo principio de&nbsp;<em>ojo por ojo, diente por diente<\/em>.<\/p>\n\n\n\n<p class=\"has-black-color has-text-color has-link-color wp-elements-e926fe07a6d5c461db5878dcd09a3a12\">El \u00faltimo ataque, el 28 de septiembre, fue el mayor que realizaron contra los ocupantes de Barro Branco. Tambi\u00e9n fue la mayor derrota que sufrieron. Alinearon sus camiones, con dos retroexcavadoras al frente y las tropas de la PM detr\u00e1s. Como siempre, acudieron con su arrogancia de coronelista, ordenando a los campesinos que se apartaran del camino, creyendo que esas masas aceptar\u00edan, una vez m\u00e1s, ver sus casas derribadas y enterradas. Esta vez se toparon con dos barricadas y mucho fuego en el camino. Acorralados por las piedras arrojadas y el fuego provocado por la resistencia, mostraron el alcance de su \u201cvalent\u00eda\u201d y como cobardes huyeron desesperados. El presidente estatal de \u201cInvas\u00e3o Zero\u201d estaba tan acostumbrado a golpear a los campesinos que \u00e9l y otro miembro de su grupo fueron recibidos con plomo caliente. Tambi\u00e9n fue destruida una retroexcavadora y uno de los perros Rottweiler tomados por los delincuentes para intimidar a los campesinos termin\u00f3 muerto en el fuego de las barricadas.<\/p>\n\n\n\n<p class=\"has-black-color has-text-color has-link-color wp-elements-1ccb9732d21f23f51015be7aa0c10895\">Dos campesinos y un estudiante de la UFPE resultaron heridos de bala. Una vez finalizada la batalla, los compa\u00f1eros heridos recibieron atenci\u00f3n m\u00e9dica y se encontraban bien, y todos regresaron victoriosos a Engenho Barro Branco. La reacci\u00f3n de los terratenientes bolsonarista, despu\u00e9s de varias derrotas impuestas por la LCP en Rond\u00f4nia, por lo que crearon, con el pleno apoyo del entonces Presidente de la Rep\u00fablica Bolsonaro, la fuerza paramilitar \u201cInvas\u00e3o Zero\u201d, que en poco tiempo de existencia ya cometi\u00f3 y sigue cometido tantos cr\u00edmenes por el pa\u00eds, en Barro Branco sufri\u00f3 su primera derrota. Es la primera de varias que ser\u00e1n amargas, a medida que cada vez m\u00e1s campesinos, ind\u00edgenas y quilombolas se den cuenta de que s\u00f3lo aumentando su autodefensa podr\u00e1n garantizar sus derechos. En 2023, en una declaraci\u00f3n p\u00fablica, la LCP advirti\u00f3 a los campesinos de todo el pa\u00eds y los llam\u00f3 a defender su derecho a la tierra con las armas en la mano. Esta horda paramilitar bolsonarista est\u00e1 llevando su guerra cobarde al campo, \u00a1y guerra es lo que van a tener!<\/p>\n\n\n\n<p class=\"has-black-color has-text-color has-link-color wp-elements-2a6a10abd264e7bbe117e8e934de79eb\">El viejo Estado brasile\u00f1o siempre ha estado del lado de los terratenientes, porque son sus creadores y uno de sus principales sostenedores junto al imperialismo, principalmente yanqui (norteamericano) y la gran burgues\u00eda local. Luego de esta acci\u00f3n criminal, adem\u00e1s de ilegal, que la reacci\u00f3n y los desprevenidos llamaron \u201crecuperaci\u00f3n\u201d, el aparato del Estado, como siempre, se volvi\u00f3 contra las organizaciones campesinas, buscando criminalizarlas. Para ser claros, el 28 de septiembre no hubo cumplimiento de \u201crecuperaci\u00f3n\u201d. Por el contrario, lo que ocurri\u00f3 fue un ataque de esta banda paramilitar desde el latifundio creado bajo el nombre de \u201cInvas\u00e3o Zero\u201d contra la posesi\u00f3n centenaria de los campesinos de Engenho Barro Branco. Las granjas de los campesinos fueron atacadas y parte de sus cultivos fueron destruidos. Estos bandidos quer\u00edan derribar las casas construidas hace d\u00e9cadas por los ocupantes, todas de mamposter\u00eda y revestidas de tejas, donde vivieron sus bisabuelos y abuelos, y donde hoy viven y trabajan. Pero estos ladrones de tierras fracasaron, ya que se enfrentaron a una intr\u00e9pida resistencia campesina y al valiente apoyo de estudiantes, profesores y otras organizaciones populares y democr\u00e1ticas, presentes en una Misi\u00f3n de Solidaridad.<\/p>\n\n\n\n<p class=\"has-black-color has-text-color has-link-color wp-elements-2aeeff4396534168223349fae6ec0594\">\u00c9ste es el viejo destino de los campesinos en Brasil. El poder judicial de este viejo Estado burgu\u00e9s-terrateniente s\u00f3lo reconoce el derecho \u201csagrado\u201d a la propiedad privada si esta propiedad pertenece al latifundio; cuando la propiedad o posesi\u00f3n pertenece a un campesino o a pueblos ind\u00edgenas y quilombolas, el derecho a la propiedad es simplemente pisoteado por las propias instituciones, ejecutoras de las leyes, de este Estado en descomposici\u00f3n, por su polic\u00eda y por bandas de pistoleros y paramilitares de los latifundios, que expulsan a los campesinos, les roban sus tierras y sus bienes. Cuando las tierras son p\u00fablicas, si un campesino toma posesi\u00f3n aunque sea del m\u00e1s m\u00ednimo pedazo, pronto ser\u00e1 expulsado y criminalizado; si es terrateniente entonces la historia es diferente, para este \u201cempresario\u201d habr\u00e1 todos los derechos y pronto su \u201cgrillo\u201d (escritura falsificada, falsa) de terreno p\u00fablico ser\u00e1 legalizado para el \u201cbien de la naci\u00f3n\u201d. As\u00ed es la ley en esta sociedad semifeudal como la nuestra: en la letra, todos son iguales ante la ley; en la pr\u00e1ctica, algunos son m\u00e1s iguales que otros. En otras palabras, los campesinos son menos ciudadanos que los terratenientes, en la pr\u00e1ctica sus derechos nunca son respetados, aunque sea el de \u201cpropiedad privada\u201d.<\/p>\n\n\n\n<p class=\"has-black-color has-text-color has-link-color wp-elements-94c14b9e0eb8ee2842b073b9d4c00678\">En estas condiciones, s\u00f3lo hay un camino para campesinos, ind\u00edgenas y quilombolas: es el camino de la Revoluci\u00f3n Agraria, como parte inseparable de la Revoluci\u00f3n de Nueva Democracia. S\u00f3lo revolucionando el campo, destruyendo el latifundio y su viejo Estado, podr\u00e1n las masas conquistar el derecho sagrado a la tierra para quienes viven y trabajan en ella. La revoluci\u00f3n agraria es la destrucci\u00f3n, en la pr\u00e1ctica, de estas relaciones de producci\u00f3n semifeudales que han existido en el campo desde el origen de la naci\u00f3n brasile\u00f1a (cinco siglos); hoy, adem\u00e1s, la revoluci\u00f3n agraria es la derrota pr\u00e1ctica de la extrema derecha. Como afirm\u00f3 el gran revolucionario peruano Mari\u00e1tegui, la lucha por la tierra es siempre violenta y por eso toca desde el principio la cuesti\u00f3n pol\u00edtica del Poder. Bajo el liderazgo de la clase obrera revolucionaria, el campesinado insurgente brasile\u00f1o avanza en cada lucha hacia la construcci\u00f3n de un Nuevo Poder.<\/p>\n\n\n\n<p class=\"has-black-color has-text-color has-link-color wp-elements-0cae2a5a506100b01e842e3a9e63ace7\">En agosto de 2024, en el comunicado con motivo de los 29 a\u00f1os de la Heroica Batalla Campesina Armada de Santa Elina, la Comisi\u00f3n Nacional de Ligas de Campesinos Pobres (LCP) volvi\u00f3 a llamar a los campesinos de todo el pa\u00eds a preparar la autodefensa armada contra la guerra de exterminio de campesinos, ind\u00edgenas y quilombolas que luchan por la tierra, llevado a cabo por hordas paramilitares bolsonaristas, organizados y financiados por el latifundio y en curso en el campo en todo el territorio nacional. El asesinato de M\u00e3e Bernadete, Nega Patax\u00f3 y los ind\u00edgenas guaran\u00ed-kaiow\u00e1s y decenas de otros ataques contra campesinos que luchan por la tierra y el asesinato de sus dirigentes demuestran que s\u00f3lo con resistencia armada los pobres del campo pueden vencer a esos par\u00e1sitos de la naci\u00f3n, los terratenientes ladrones de tierras de la Uni\u00f3n y de los campesinos, y a las hordas de pistoleros y paramilitares de la extrema derecha bolsonarista. Las condenas a este llamado de la LCP por parte de los oportunistas de turno no son m\u00e1s que s\u00edntomas de flojera y cobard\u00eda de la naturaleza enferma y en descomposici\u00f3n de estos enga\u00f1adores del pueblo.<\/p>\n\n\n\n<p class=\"has-black-color has-text-color has-link-color wp-elements-ada748116b54d62fdc3406e6bfe17186\">Recientemente, el presidente Luiz In\u00e1cio fue criticado p\u00fablicamente por un l\u00edder ind\u00edgena hist\u00f3rico por la total par\u00e1lisis de su gobierno en relaci\u00f3n con la demarcaci\u00f3n de los territorios ind\u00edgenas. Lula sinti\u00f3 el golpe y en una furiosa respuesta culp\u00f3 de la inacci\u00f3n de su gobierno a la mayor\u00eda reaccionaria que hoy domina el parlamento brasile\u00f1o. Se trata de una excusa poco convincente, ya que se trata de la decisi\u00f3n de su gobierno de centrar la pol\u00edtica econ\u00f3mica en el latifundio adornado con el nombre de \u201cagroindustria\u201d, en la desindustrializaci\u00f3n y desnacionalizaci\u00f3n de la econom\u00eda, bas\u00e1ndose en alianzas pol\u00edticas con fuerzas reaccionarias en nombre de enfrentar a la extrema derecha. Es decisi\u00f3n de Lu\u00edz In\u00e1cio adoptar una pol\u00edtica de apaciguamiento con los generales golpistas, de colaboraci\u00f3n y conciliaci\u00f3n de clases y de la ilusi\u00f3n de que el Tribunal Supremo (STF) de este viejo estado de gran burgues\u00eda y terratenientes, lacayos del imperialismo, especialmente del imperialismo yanqui, puede detener la ofensiva contrarrevolucionaria para impedir el inevitable levantamiento del pueblo y salvar este podrido sistema de opresi\u00f3n y explotaci\u00f3n de nuestro pueblo y sometimiento extranjero de nuestra patria y que durante diez a\u00f1os ha arrastrado al pa\u00eds a sucesivas crisis pol\u00edticas. S\u00f3lo con la movilizaci\u00f3n del pueblo en la lucha combativa y revolucionaria es posible reprimir toda esta ofensiva de la reacci\u00f3n y el fascismo. Esto es lo que nos ense\u00f1a la historia. Hoy en Brasil, s\u00f3lo la s\u00f3lida alianza obrero-campesina construida en la lucha revolucionaria por la destrucci\u00f3n del latifundio, por la tierra para quienes la trabajan y por la defensa de los derechos del pueblo, fuertemente unida a las mujeres del pueblo, los estudiantes y la juventud combatiente, con los profesores y otros intelectuales honestos, con los peque\u00f1os propietarios y con todas las fuerzas verdaderamente democr\u00e1ticas y progresistas, ser\u00e1 posible aplastar a toda la extrema derecha y a la derecha militarmente activa, paralizar a los conservadores y liberales sinceros para que no se unan a la contrarrevoluci\u00f3n, defender las libertades y conquistar una nueva democracia y un Brasil Nuevo.<\/p>\n\n\n\n<p class=\"has-black-color has-text-color has-link-color wp-elements-7c2f527c1463e5f701afb1bfe8651d91\">La feroz resistencia de los ocupantes de Engenho Barro Branco es la continuaci\u00f3n de la heroica lucha de los campesinos de Santa Elina, Eldorado dos Caraj\u00e1s, los guaran\u00edes, kaiowas, tupinamb\u00e1, caigangues, mundurucus, patax\u00f3s y muchos otros, el campo de Manoel Ribeiro y el lucha contra sangrientas masacres de campesinos de Tiago dos Santos, por nombrar algunos ejemplos de nuestra historia reciente. As\u00ed como tambi\u00e9n es la continuidad de todas las luchas combativas de nuestro pueblo como continuaci\u00f3n de la resistencia y rebeli\u00f3n ind\u00edgena de la Confederaci\u00f3n de Tamoios y de la guerra de m\u00e1s de 100 a\u00f1os de los Aimor\u00e9s, las luchas quilombolas contra la esclavitud y de los colonizados contra el yugo portugu\u00e9s, y el de todos estos tres pilares de nuestra raza contra el genocida Estado colonial\/semicolonial de se\u00f1ores de tierras y desclavos, Estado de grandes burgueses y terratenientes, lacayo del imperialismo; resistencia y guerra contra el latifundio durante m\u00e1s de de 5 siglos. Es, en definitiva, la \u00fanica manera a trav\u00e9s de la cual las masas rurales pueden conquistar sus tierras y crear las bases para levantar la Rep\u00fablica democr\u00e1tica popular, una tarea hist\u00f3rica, pendiente y atrasada.<\/p>\n\n\n\n<p class=\"has-black-color has-text-color has-link-color wp-elements-e5ee8792e2ad52688582ccb805e89377\">La saga hist\u00f3rica del camino democr\u00e1tico en nuestro pa\u00eds para derrotar el camino burocr\u00e1tico de los grandes burgueses y terratenientes lacayos del imperialismo, hoy se fusiona con la Heroica Resistencia Nacional Palestina que este 7 de octubre cumple un a\u00f1o de su audaz contraofensiva que resplandece para todo el mundo y llama a todos los oprimidos a levantarse contra el imperialismo caduco. El indomable pueblo palestino lleva 76 a\u00f1os luchando contra la ocupaci\u00f3n sionista de sus tierras milenarias. El Estado sionista terrorista de Israel es una entidad t\u00edtere apoyada y mantenida por el imperialismo yanqui, para subyugar a los pueblos \u00e1rabes y controlar sus fuentes de petr\u00f3leo y proyectar su poder militar \u201cgeopol\u00edtico\u201d. Financiado por el imperialismo yanqui, Israel tiene las armas m\u00e1s letales y contin\u00faa su crimen de genocidio sin sufrir ning\u00fan castigo de la llamada Comunidad Internacional, nada m\u00e1s que sanciones de la ONU convertidas en letra muerta, y ninguna ni siquiera de la Corte Penal Internacional. Los campesinos somos los palestinos de Brasil y luchamos contra un enemigo armado hasta los dientes \u00a1pero al igual que el pueblo palestino, nuestra lucha es justa e inevitablemente ganaremos! Hace exactamente 75 a\u00f1os, el pueblo chino, en m\u00e1s de 27 a\u00f1os de prolongada guerra popular, derrot\u00f3 a tres grandes enemigos que pesaban sobre el pueblo y la naci\u00f3n chinos: el imperialismo, el capitalismo burocr\u00e1tico y el latifundio feudal y semifeudal. De la misma manera, el pueblo palestino y el pueblo brasile\u00f1o asegurar\u00e1n su completa liberaci\u00f3n, aunque la lucha tarde mucho en completarse, \u00a1nuestra causa inevitablemente triunfar\u00e1!<\/p>\n\n\n\n<p class=\"has-black-color has-text-color has-link-color wp-elements-e5586a4d5a54376bf4691fdbd74cbe9d\">La Comisi\u00f3n Nacional de las Ligas de Campesinos Pobres y la LCP Nordeste convocan a todas las organizaciones que luchan por la tierra en el estado de Pernambuco, desde el Sert\u00e3o hasta el Litoral, y a los campesinos, ind\u00edgenas y quilombolas de todo el pa\u00eds, a movilizarse para enfrentar y derrotar a las hordas paramilitares bolsonaristas de extrema derecha \u201cInvas\u00e3o Zero\u201d, en cada situaci\u00f3n que se presente y a apoyar la lucha de los ocupantes de Barro Branco.<\/p>\n\n\n\n<p class=\"has-text-align-center has-black-color has-text-color has-link-color wp-elements-c963a14069f0a7fb14927aa0c2e9040f\"><strong>Comisi\u00f3n Nacional de las Ligas de&nbsp;<\/strong><strong>los&nbsp;<\/strong><strong>Campesinos Pobres \u2013 LCP<\/strong><br><strong>Liga de&nbsp;<\/strong><strong>los&nbsp;<\/strong><strong>Campesinos Pobres \u2013 LCP Nordeste<\/strong><\/p>\n\n\n\n<p class=\"has-black-color has-text-color has-link-color wp-elements-6a8d26ac0cc8c8686d5a819ab8aa09e4\">Engenho Barro Branco, Jaqueira, 1\u00ba deoctubre de 2024<\/p>\n","protected":false},"excerpt":{"rendered":"<p>\u00abLos campesinos somos los palestinos de Brasil y luchamos contra un enemigo armado hasta los dientes \u00a1pero al igual que el pueblo palestino, nuestra lucha es justa e inevitablemente ganaremos! Hace exactamente 75 a\u00f1os, el pueblo chino, en m\u00e1s de 27 a\u00f1os de prolongada guerra popular, derrot\u00f3 a tres grandes enemigos que pesaban sobre el pueblo y la naci\u00f3n chinos: el imperialismo, el capitalismo burocr\u00e1tico y el latifundio feudal y semifeudal. De la misma manera, el pueblo palestino y el pueblo brasile\u00f1o asegurar\u00e1n su completa liberaci\u00f3n, aunque la lucha tarde mucho en completarse, \u00a1nuestra causa inevitablemente triunfar\u00e1!\u00bb, declara la LCP.<\/p>\n","protected":false},"author":1,"featured_media":26905,"comment_status":"open","ping_status":"open","sticky":false,"template":"","format":"standard","meta":{"footnotes":""},"categories":[16,144],"tags":[],"class_list":["post-26903","post","type-post","status-publish","format-standard","has-post-thumbnail","hentry","category-carrusel","category-lucha-por-la-tierra"],"blocksy_meta":[],"_links":{"self":[{"href":"https:\/\/nuevademocracia.com.co\/index.php?rest_route=\/wp\/v2\/posts\/26903","targetHints":{"allow":["GET"]}}],"collection":[{"href":"https:\/\/nuevademocracia.com.co\/index.php?rest_route=\/wp\/v2\/posts"}],"about":[{"href":"https:\/\/nuevademocracia.com.co\/index.php?rest_route=\/wp\/v2\/types\/post"}],"author":[{"embeddable":true,"href":"https:\/\/nuevademocracia.com.co\/index.php?rest_route=\/wp\/v2\/users\/1"}],"replies":[{"embeddable":true,"href":"https:\/\/nuevademocracia.com.co\/index.php?rest_route=%2Fwp%2Fv2%2Fcomments&post=26903"}],"version-history":[{"count":5,"href":"https:\/\/nuevademocracia.com.co\/index.php?rest_route=\/wp\/v2\/posts\/26903\/revisions"}],"predecessor-version":[{"id":26941,"href":"https:\/\/nuevademocracia.com.co\/index.php?rest_route=\/wp\/v2\/posts\/26903\/revisions\/26941"}],"wp:featuredmedia":[{"embeddable":true,"href":"https:\/\/nuevademocracia.com.co\/index.php?rest_route=\/wp\/v2\/media\/26905"}],"wp:attachment":[{"href":"https:\/\/nuevademocracia.com.co\/index.php?rest_route=%2Fwp%2Fv2%2Fmedia&parent=26903"}],"wp:term":[{"taxonomy":"category","embeddable":true,"href":"https:\/\/nuevademocracia.com.co\/index.php?rest_route=%2Fwp%2Fv2%2Fcategories&post=26903"},{"taxonomy":"post_tag","embeddable":true,"href":"https:\/\/nuevademocracia.com.co\/index.php?rest_route=%2Fwp%2Fv2%2Ftags&post=26903"}],"curies":[{"name":"wp","href":"https:\/\/api.w.org\/{rel}","templated":true}]}}