{"id":26908,"date":"2024-10-21T18:30:00","date_gmt":"2024-10-21T23:30:00","guid":{"rendered":"https:\/\/nuevademocracia.com.co\/?p=26908"},"modified":"2024-10-23T11:12:53","modified_gmt":"2024-10-23T16:12:53","slug":"and-editorial-en-la-revolucion-cada-uno-debe-elegir-un-bando","status":"publish","type":"post","link":"https:\/\/nuevademocracia.com.co\/?p=26908","title":{"rendered":"Editorial AND \u2013 En la Revoluci\u00f3n cada uno debe elegir un bando"},"content":{"rendered":"\n<p class=\"has-black-color has-text-color has-link-color wp-elements-512d620e042c7c5cec15d173be2422ed\"><em>Reproducimos un editorial de la prensa democr\u00e1tica y popular,\u00a0<a href=\"https:\/\/anovademocracia.com.br\/editorial-na-revolucao-cada-um-deve-escolher-um-lado\/\"><mark style=\"background-color:rgba(0, 0, 0, 0)\" class=\"has-inline-color has-vivid-red-color\">A Nova Democracia<\/mark><\/a><\/em><\/p>\n\n\n\n<p class=\"has-black-color has-text-color has-link-color wp-elements-12fcabd02107ea9a676c67b792ea0a4e\">Hoy, los pobres del campo tienen un movimiento campesino revolucionario dotado de una estrategia, un programa revolucionario de car\u00e1cter proletario para transformar el campo y las formas de lucha que les permiten vencer y triunfar, incluso en una lucha prolongada y a pesar del enorme desequilibrio de fuerzas; y que esta organizaci\u00f3n est\u00e1 dando cada vez m\u00e1s direcci\u00f3n revolucionaria en la lucha por la tierra, ya sea directa o indirectamente<\/p>\n\n\n\n<hr class=\"wp-block-separator has-text-color has-vivid-red-color has-alpha-channel-opacity has-vivid-red-background-color has-background\"\/>\n\n\n\n<p class=\"has-black-color has-text-color has-link-color wp-elements-e6cbb8bb76a6506da23a31a902e11d20\">por&nbsp;<a href=\"https:\/\/anovademocracia.com.br\/author\/redacao-de-and\/\">Reda\u00e7\u00e3o de AND<\/a><\/p>\n\n\n\n<p class=\"has-black-color has-text-color has-link-color wp-elements-64c40f47628fa99dc579ddf2ca9d5be2\">16 de octubre de 2024<\/p>\n\n\n\n<figure class=\"wp-block-image aligncenter size-large is-resized\"><img loading=\"lazy\" decoding=\"async\" width=\"1024\" height=\"463\" src=\"https:\/\/nuevademocracia.com.co\/wp-content\/uploads\/2024\/10\/image-19-1024x463.png\" alt=\"\" class=\"wp-image-26910\" style=\"width:771px;height:auto\" srcset=\"https:\/\/nuevademocracia.com.co\/wp-content\/uploads\/2024\/10\/image-19-1024x463.png 1024w, https:\/\/nuevademocracia.com.co\/wp-content\/uploads\/2024\/10\/image-19-300x136.png 300w, https:\/\/nuevademocracia.com.co\/wp-content\/uploads\/2024\/10\/image-19-768x347.png 768w, https:\/\/nuevademocracia.com.co\/wp-content\/uploads\/2024\/10\/image-19-1536x694.png 1536w, https:\/\/nuevademocracia.com.co\/wp-content\/uploads\/2024\/10\/image-19.png 1700w\" sizes=\"auto, (max-width: 1024px) 100vw, 1024px\" \/><figcaption class=\"wp-element-caption\"><strong><em><mark style=\"background-color:rgba(0, 0, 0, 0)\" class=\"has-inline-color has-black-color\">Cientos de campesinos deciden en asamblea y realizan una marcha en honor del l\u00edder comunista Abimael Guzman, Presidente Gonzalo, tras su asesinato; 2021, Rond\u00f4nia. Foto: Banco de datos AND<\/mark><\/em><\/strong><\/figcaption><\/figure>\n\n\n\n<p class=\"has-black-color has-text-color has-link-color wp-elements-bf84f6604de826d094a752c3b0103d1b\">La declaraci\u00f3n p\u00fablica de la Liga de los Campesinos Pobres (LCP), esta semana, titulada \u201cAutodefensas campesinas enfrentan y derrotan ataque de las hordas paramilitares de \u201cInvas\u00e3o Zero\u201d, es en s\u00ed misma un acontecimiento pol\u00edtico importante. En \u00e9l, el movimiento campesino volvi\u00f3 a llamar a los pobres del campo a defender, con las armas en la mano, la posesi\u00f3n de la tierra para quienes viven y trabajan en ella; y tambi\u00e9n describi\u00f3 la derrota que los campesinos impusieron a la horda de paramilitares bolsonaristas de la \u201cInvas\u00e3o Zero\u201d en Barro Branco (Jaqueira, Pernambuco), enfrentamiento que dej\u00f3 cinco paramilitares bolsonaristas heridos, entre ellos, el presidente estatal de esa banda, golpeado por \u201cplomo caliente\u201d, como dec\u00eda LCP. Al concluir su comunicado, el movimiento grit\u00f3: \u201c\u00a1<em>Est\u00e1is llevando vuestra guerra cobarde a los pobres del campo, as\u00ed que es guerra lo que&nbsp;<\/em><em>tendr\u00e9is<\/em><em>!\u201d<\/em>.<\/p>\n\n\n\n<p class=\"has-black-color has-text-color has-link-color wp-elements-ad99d2e7fac444341e903da46eb96816\">Este es, en s\u00ed mismo, un gran acontecimiento, porque trae al p\u00fablico un gran enfrentamiento armado existente en el campo: por un lado, las hordas paramilitares de Bolsonaro, que a lo largo del gobierno de Bolsonaro, con su patrocinio pol\u00edtico y financiero, se han integrado en varios \u201cmovimientos\u201d paramilitares, entre los que destaca \u201cInvas\u00e3o Zero\u201d, que se han armado con cientos y miles de armas de guerra al amparo de miembros de clubes de cazadores y recolectores de armas; del otro lado, est\u00e1n los pobres del campo, los campesinos sin tierra o con poca tierra, los ind\u00edgenas y los quilombolas que luchan por la tierra, que no aceptan ser esclavos del latifundio ni mendigar en las ciudades y persisten en la lucha, recurriendo a diversas formas de autodefensa, condici\u00f3n para seguir avanzando en la lucha por la tierra y el territorio.<\/p>\n\n\n\n<p class=\"has-black-color has-text-color has-link-color wp-elements-78c85f91c47dd45491bb91c11bda9d76\">La Batalla Campesina de Barro Branco, al derrotar a las hordas paramilitares bolsonaristas de la \u201cInvas\u00e3o Zero\u201d y declarar, desde todos los rincones, que s\u00f3lo as\u00ed todos los pobres del campo podr\u00e1n conquistar la tierra a quienes la trabajan, tambi\u00e9n demostr\u00f3 cu\u00e1l es la \u00fanica manera de combatir a la extrema derecha. La colusi\u00f3n \u2013el camino elegido por el actual gobierno\u2013 con \u201cpartidarios moderados de Bolsonaro\u201d, como el se\u00f1or Arthur Lira y el se\u00f1or Jos\u00e9 M\u00facio (ambos vinculados a la \u201cInvas\u00e3o Zero\u201d), d\u00e1ndoles todo el poder pol\u00edtico, no ha impedido que las bandas latifundistas sigan matando, torturando y cometiendo todos los cr\u00edmenes posibles contra los pobres del campo: por el contrario, esto ha crecido, con el silencio ensordecedor de las \u201cautoridades\u201d que se autodenominan \u201cde izquierda\u201d. Si bien no son nuevos y siempre han sido reprimidos por los monopolios reaccionarios de la prensa, debemos preguntarnos: \u00bfqu\u00e9 har\u00e1n los se\u00f1ores \u201cprogresistas\u201d, algunos de ellos acostumbrados a la farsa y a la buena vida, en estos episodios en los que las masas campesinas toman la iniciativa? \u00bfLevantar las armas para defender sus tierras, sus familias y sus derechos, mientras los ind\u00edgenas y quilombolas tambi\u00e9n aumentan su resistencia? \u00bfSe solidarizar\u00e1n con los campesinos y alzar\u00e1n la voz contra los paramilitares bolsonaristas o se quitar\u00e1n la m\u00e1scara de falsos antifascistas? \u00bfDefender\u00e1n la justicia y la legitimidad de la marcha sagrada secular y tradicional de la lucha campesina por la tierra \u2013ya abandonada hace mucho tiempo por la direcci\u00f3n de los movimientos oportunistas y amarillos\u2013 y se unir\u00e1n a la Revoluci\u00f3n Agraria?<\/p>\n\n\n\n<p class=\"has-black-color has-text-color has-link-color wp-elements-6ae6d64185273e4d599a56da6adbc20d\">La autodefensa campesina armada no es un tab\u00fa en la historia del pa\u00eds; en muchos casos es un fen\u00f3meno espont\u00e1neo en la lucha por la tierra. Estas luchas y movimientos, que por muy lejos que lleguen, terminan o bien dispersos en el aislamiento de luchas en regiones distantes entre s\u00ed y procesados en diferentes momentos, o bien son conducidos a acuerdos con los terratenientes y sus gobiernos, acuerdos que nunca no se cumplieron ni se cumplir\u00e1n, en episodios en los que las masas terminan enga\u00f1adas por organizaciones oportunistas al servicio del sistema de explotaci\u00f3n, opresi\u00f3n del pueblo y sometimiento de la Naci\u00f3n al imperialismo. Estos tr\u00e1gicos resultados se debieron al hecho de que, en la mayor\u00eda de los casos a lo largo de nuestra historia colonial, los l\u00edderes no eran de las clases m\u00e1s pobres; y a lo largo de la historia de nuestra sociedad contempor\u00e1nea, se debi\u00f3 y se debe a la ausencia de una direcci\u00f3n y estrategia proletaria, apoyada por la alianza obrero-campesina y la direcci\u00f3n del partido revolucionario del proletariado que lidere la lucha por la conquista del Poder pol\u00edtico democr\u00e1tico, anti-feudal y antiimperialista, \u00fanica manera de asegurar definitivamente los intereses de los campesinos y otros pobres del campo, de los obreros y dem\u00e1s trabajadores y peque\u00f1os propietarios de la ciudad. Eso es un hecho.&nbsp;<strong>Sin embargo,&nbsp;<\/strong>lo que tal afirmaci\u00f3n vuelve a sacar a la luz, y esto no es natural ni fortuito, es que, hoy, los pobres del campo tienen un movimiento campesino revolucionario dotado de una estrategia, un programa revolucionario de car\u00e1cter proletario para transformar el campo y las formas de lucha que les permiten vencer y triunfar, incluso en una lucha prolongada y a pesar del enorme desequilibrio de fuerzas; y que esta organizaci\u00f3n est\u00e1 dando cada vez m\u00e1s direcci\u00f3n revolucionaria en la lucha por la tierra, ya sea directa o indirectamente, funcionando como propulsor de otras fuerzas populares y democr\u00e1ticas en la lucha por la tierra, de su direcci\u00f3n honesta, que existe y abarca a miles de millones de personas. campesinos en lucha, inst\u00e1ndolos a seguir tambi\u00e9n el camino de la Revoluci\u00f3n Agraria, lo que se refleja en el peso creciente de esta gran consigna en las protestas y manifestaciones populares en los grandes centros urbanos -que deben funcionar como caja de resonancia de esta lucha, donde la verdadera Revoluci\u00f3n se levanta y cobra fuerza.<\/p>\n\n\n\n<p class=\"has-black-color has-text-color has-link-color wp-elements-52f5bc3935548d37ac892fe680921ea0\">Esta es la lucha revolucionaria. Participemos, por tanto, en apoyo de los campesinos pobres, del proletariado, de los peque\u00f1os y medianos propietarios de la ciudad y del campo, de las mujeres del pueblo, de los estudiantes y de los intelectuales honestos.&nbsp;<strong>\u00a1Es la Revoluci\u00f3n Agraria!&nbsp;<\/strong>base y primera fase de la Revoluci\u00f3n de Nueva Democracia.<\/p>\n\n\n\n<p><\/p>\n","protected":false},"excerpt":{"rendered":"<p>Hoy, los pobres del campo tienen un movimiento campesino revolucionario dotado de una estrategia, un programa revolucionario de car\u00e1cter proletario para transformar el campo y las formas de lucha que les permiten vencer y triunfar, incluso en una lucha prolongada y a pesar del enorme desequilibrio de fuerzas; y que esta organizaci\u00f3n est\u00e1 dando cada vez m\u00e1s direcci\u00f3n revolucionaria en la lucha por la tierra, ya sea directa o indirectamente<\/p>\n","protected":false},"author":1,"featured_media":26910,"comment_status":"open","ping_status":"open","sticky":false,"template":"","format":"standard","meta":{"footnotes":""},"categories":[16,144],"tags":[],"class_list":["post-26908","post","type-post","status-publish","format-standard","has-post-thumbnail","hentry","category-carrusel","category-lucha-por-la-tierra"],"blocksy_meta":[],"_links":{"self":[{"href":"https:\/\/nuevademocracia.com.co\/index.php?rest_route=\/wp\/v2\/posts\/26908","targetHints":{"allow":["GET"]}}],"collection":[{"href":"https:\/\/nuevademocracia.com.co\/index.php?rest_route=\/wp\/v2\/posts"}],"about":[{"href":"https:\/\/nuevademocracia.com.co\/index.php?rest_route=\/wp\/v2\/types\/post"}],"author":[{"embeddable":true,"href":"https:\/\/nuevademocracia.com.co\/index.php?rest_route=\/wp\/v2\/users\/1"}],"replies":[{"embeddable":true,"href":"https:\/\/nuevademocracia.com.co\/index.php?rest_route=%2Fwp%2Fv2%2Fcomments&post=26908"}],"version-history":[{"count":7,"href":"https:\/\/nuevademocracia.com.co\/index.php?rest_route=\/wp\/v2\/posts\/26908\/revisions"}],"predecessor-version":[{"id":26940,"href":"https:\/\/nuevademocracia.com.co\/index.php?rest_route=\/wp\/v2\/posts\/26908\/revisions\/26940"}],"wp:featuredmedia":[{"embeddable":true,"href":"https:\/\/nuevademocracia.com.co\/index.php?rest_route=\/wp\/v2\/media\/26910"}],"wp:attachment":[{"href":"https:\/\/nuevademocracia.com.co\/index.php?rest_route=%2Fwp%2Fv2%2Fmedia&parent=26908"}],"wp:term":[{"taxonomy":"category","embeddable":true,"href":"https:\/\/nuevademocracia.com.co\/index.php?rest_route=%2Fwp%2Fv2%2Fcategories&post=26908"},{"taxonomy":"post_tag","embeddable":true,"href":"https:\/\/nuevademocracia.com.co\/index.php?rest_route=%2Fwp%2Fv2%2Ftags&post=26908"}],"curies":[{"name":"wp","href":"https:\/\/api.w.org\/{rel}","templated":true}]}}