{"id":26933,"date":"2024-10-23T11:05:38","date_gmt":"2024-10-23T16:05:38","guid":{"rendered":"https:\/\/nuevademocracia.com.co\/?p=26933"},"modified":"2024-10-23T11:10:54","modified_gmt":"2024-10-23T16:10:54","slug":"editorial-and-la-lucha-armada-del-pueblo-palestino-no-puede-ser-derrotada","status":"publish","type":"post","link":"https:\/\/nuevademocracia.com.co\/?p=26933","title":{"rendered":"Editorial AND \u2013 La lucha armada del pueblo palestino no puede ser derrotada"},"content":{"rendered":"\n<p class=\"has-black-color has-text-color has-link-color wp-elements-be5295d1c1631e6ee83c329531f2835b\"><em>Reproducimos un editorial de la prensa democr\u00e1tica y popular,\u00a0<a href=\"https:\/\/anovademocracia.com.br\/editorial-a-luta-armada-do-povo-palestino-nao-pode-ser-derrotada\/\"><mark style=\"background-color:rgba(0, 0, 0, 0)\" class=\"has-inline-color has-vivid-red-color\">A Nova Democracia<\/mark><\/a><\/em><\/p>\n\n\n\n<p class=\"has-black-color has-text-color has-link-color wp-elements-35c12e5db233803a90cd0cfe43ba8240\">En la Franja de Gaza, que hoy es un reducto de h\u00e9roes y hero\u00ednas, todo est\u00e1 en funci\u00f3n de la causa nacional y todo nace en torno a la lucha armada de liberaci\u00f3n nacional. Palestina es humanidad progresista reunida en una causa, en una guerra de liberaci\u00f3n, Sinwar es hoy, un h\u00e9roe de esa humanidad.<\/p>\n\n\n\n<hr class=\"wp-block-separator has-text-color has-vivid-red-color has-alpha-channel-opacity has-vivid-red-background-color has-background\"\/>\n\n\n\n<p class=\"has-black-color has-text-color has-link-color wp-elements-e6cbb8bb76a6506da23a31a902e11d20\">por&nbsp;<a href=\"https:\/\/anovademocracia.com.br\/author\/redacao-de-and\/\">Reda\u00e7\u00e3o de AND<\/a><\/p>\n\n\n\n<p class=\"has-black-color has-text-color has-link-color wp-elements-63f060e1f44e56cdd6559da433f36c11\">20 de octubre de 2024<\/p>\n\n\n\n<figure class=\"wp-block-image aligncenter size-full is-resized\"><img loading=\"lazy\" decoding=\"async\" width=\"1024\" height=\"680\" src=\"https:\/\/nuevademocracia.com.co\/wp-content\/uploads\/2024\/10\/image-20.png\" alt=\"\" class=\"wp-image-26935\" style=\"width:658px;height:auto\" srcset=\"https:\/\/nuevademocracia.com.co\/wp-content\/uploads\/2024\/10\/image-20.png 1024w, https:\/\/nuevademocracia.com.co\/wp-content\/uploads\/2024\/10\/image-20-300x199.png 300w, https:\/\/nuevademocracia.com.co\/wp-content\/uploads\/2024\/10\/image-20-768x510.png 768w\" sizes=\"auto, (max-width: 1024px) 100vw, 1024px\" \/><\/figure>\n\n\n\n<p><\/p>\n\n\n\n<p class=\"has-black-color has-text-color has-link-color wp-elements-1c6a219116eb70d79a18f4da247c3121\">La muerte en combate de Yahya Sinwar, jefe del Bur\u00f3 Pol\u00edtico de Hamas, en l\u00ednea de frente del la guerra de resistencia contra el invasor en el sur de la Franja de Gaza, no pondr\u00e1 fin y tampoco perturbara la continuidad de la lucha armada revolucionaria de liberaci\u00f3n de Palestina. Que lo dice el propio Hamas: \u201cEl martirio de nuestro hermano y jefe s\u00f3lo fortalecer\u00e1 a Hamas y a nuestra Resistencia, nos hace m\u00e1s determinados y firmes en seguir su camino, honrando su sangre y sacrificio\u201d.<\/p>\n\n\n\n<p class=\"has-black-color has-text-color has-link-color wp-elements-a2239fef7eb10fb75d51a5743e6f179f\">La vida de Sinwar tiene como trazo distintivo el hecho de estar vinculada a la lucha armada de liberaci\u00f3n nacional. Nunca renunci\u00f3 a eso, a pesar de haber pasado largos 20 a\u00f1os en centros de torturas sionistas (reconocidos por la \u201ccomunidad internacional\u201d imperialista como \u201cprisiones\u201d). Fue liberado en 2011, no por la clemencia de la bestia sionista ni por los \u201cavances de negociaciones de paz\u201d: fue suelto por la lucha armada, en un intercambio de prisioneros, en que fue cambiado por sionistas capturados por la Resistencia. Desde 2017, Sinwar cumpli\u00f3 su misi\u00f3n como jefe de Gaza, hasta asumir, en agosto, la responsabilidad de jefe del Bur\u00f3 Pol\u00edtico, con el asesinato de Ismail Haniyeh, en Teher\u00e1n. Fue uno de los responsables de la magistral operaci\u00f3n Diluvio de Al-Aqsa.<\/p>\n\n\n\n<p class=\"has-black-color has-text-color has-link-color wp-elements-95e6f90ea95e7ce46f07ab862016db11\">Sinwar es la expresi\u00f3n del acero incandescente que son los combatientes y guerrilleros palestinos: del jefe m\u00e1ximo de la Resistencia al guerrillero en sus primeros d\u00edas de lucha, todos son nacidos, educados y forjados en la lucha armada. En la Franja de Gaza, que hoy es un reducto de h\u00e9roes y hero\u00ednas, todo est\u00e1 en funci\u00f3n de la causa nacional y todo nace en torno a la lucha armada de liberaci\u00f3n nacional. Palestina es humanidad progresista reunida en una causa, en una guerra de liberaci\u00f3n, Sinwar es hoy, un h\u00e9roe de esa humanidad.<\/p>\n\n\n\n<p class=\"has-black-color has-text-color has-link-color wp-elements-d3e5ceab4f5faf626fef64a3f167ff68\">***<\/p>\n\n\n\n<p class=\"has-black-color has-text-color has-link-color wp-elements-ce2f070825285dfa51fd21ac80cac2ab\">Los \u201canalistas\u201d de los monopolios de los medios de comunicaci\u00f3n y los semi-intelectuales pro-imperialistas est\u00e1n todos decepcionados \u2013 reflejo de la frustraci\u00f3n inevitable del propio&nbsp;<em>establishment<\/em>&nbsp;sionista y del imperialismo yanqui. Como espadachines a sueldo de los servicios de inteligencia sionistas, todos hacen altisonantes previsiones de que, eliminado Sinwar, se producir\u00e1n las condiciones para el fin de la Resistencia armada. Harel Chorev, investigador experimentado de la Universidad de Tel Aviv, previ\u00f3 que la muerte de Sinwar ser\u00eda un \u201cgolpe fatal\u201d porque \u00e9l ejerc\u00eda una direcci\u00f3n centralizada sobre Hamas. Esta es una estupidez propia de aquellos que analizan los fen\u00f3menos del gabinete: las acciones guerrilleras multifaceticas de la Resistencia ser\u00edan imposibles si Sinwar ejerciese una centralizaci\u00f3n t\u00e1ctica de todas las operaciones singulares de la Resistencia, de modo que no ser\u00e1n afectadas y, por tanto, la situaci\u00f3n de las Tropas sionistas en el terreno no se volver\u00e1 m\u00e1s f\u00e1cil. Es, de todos modos, la centralizaci\u00f3n pol\u00edtica que atribuyen a Sinwar, fundamental para el \u00e9xito de los planes pol\u00edticos de la causa palestina, no significa en ninguna medida que la organizaci\u00f3n no est\u00e9 preparada para seguir en su ausencia \u2013 como la historia de las organizaciones palestinas y de tantas otras en la lucha armada comprueba, la eliminaci\u00f3n en combate del jefe m\u00e1ximo no es, en absoluto, una novedad, siendo imperativa la existencia de un plan de emergencia.<\/p>\n\n\n\n<p class=\"has-black-color has-text-color has-link-color wp-elements-850d15c12e1c695321cb9460f1d34635\">Los \u201can\u00e1lisis\u201d de los monopolios de prensa no son m\u00e1s que mera proyecci\u00f3n de los deseos: la realidad, la eliminaci\u00f3n f\u00edsica de Sinwar, siendo una perdida significativa para la Resistencia, no causar\u00e1 ning\u00fan cambio de rumbo o derrota. Adem\u00e1s que en el largo plazo y de la posibilidad de p\u00e9rdidas transitorias, Israel est\u00e1 condenado a la derrota, y el pueblo palestino triunfar\u00e1 inevitablemente.<\/p>\n\n\n\n<p class=\"has-black-color has-text-color has-link-color wp-elements-a9359a6623020267d896a157a9c58d04\">\u00a1Yahya Sinwar vive! \u00a1Palestina trinfuar\u00e1!<\/p>\n","protected":false},"excerpt":{"rendered":"<p>En la Franja de Gaza, que hoy es un reducto de h\u00e9roes y hero\u00ednas, todo est\u00e1 en funci\u00f3n de la causa nacional y todo nace en torno a la lucha armada de liberaci\u00f3n nacional. Palestina es humanidad progresista reunida en una causa, en una guerra de liberaci\u00f3n, Sinwar es hoy, un h\u00e9roe de esa humanidad.<\/p>\n","protected":false},"author":1,"featured_media":26935,"comment_status":"open","ping_status":"open","sticky":false,"template":"","format":"standard","meta":{"footnotes":""},"categories":[16,135],"tags":[],"class_list":["post-26933","post","type-post","status-publish","format-standard","has-post-thumbnail","hentry","category-carrusel","category-resistencia-palestina"],"blocksy_meta":[],"_links":{"self":[{"href":"https:\/\/nuevademocracia.com.co\/index.php?rest_route=\/wp\/v2\/posts\/26933","targetHints":{"allow":["GET"]}}],"collection":[{"href":"https:\/\/nuevademocracia.com.co\/index.php?rest_route=\/wp\/v2\/posts"}],"about":[{"href":"https:\/\/nuevademocracia.com.co\/index.php?rest_route=\/wp\/v2\/types\/post"}],"author":[{"embeddable":true,"href":"https:\/\/nuevademocracia.com.co\/index.php?rest_route=\/wp\/v2\/users\/1"}],"replies":[{"embeddable":true,"href":"https:\/\/nuevademocracia.com.co\/index.php?rest_route=%2Fwp%2Fv2%2Fcomments&post=26933"}],"version-history":[{"count":3,"href":"https:\/\/nuevademocracia.com.co\/index.php?rest_route=\/wp\/v2\/posts\/26933\/revisions"}],"predecessor-version":[{"id":26938,"href":"https:\/\/nuevademocracia.com.co\/index.php?rest_route=\/wp\/v2\/posts\/26933\/revisions\/26938"}],"wp:featuredmedia":[{"embeddable":true,"href":"https:\/\/nuevademocracia.com.co\/index.php?rest_route=\/wp\/v2\/media\/26935"}],"wp:attachment":[{"href":"https:\/\/nuevademocracia.com.co\/index.php?rest_route=%2Fwp%2Fv2%2Fmedia&parent=26933"}],"wp:term":[{"taxonomy":"category","embeddable":true,"href":"https:\/\/nuevademocracia.com.co\/index.php?rest_route=%2Fwp%2Fv2%2Fcategories&post=26933"},{"taxonomy":"post_tag","embeddable":true,"href":"https:\/\/nuevademocracia.com.co\/index.php?rest_route=%2Fwp%2Fv2%2Ftags&post=26933"}],"curies":[{"name":"wp","href":"https:\/\/api.w.org\/{rel}","templated":true}]}}