{"id":26948,"date":"2024-11-01T14:32:50","date_gmt":"2024-11-01T19:32:50","guid":{"rendered":"https:\/\/nuevademocracia.com.co\/?p=26948"},"modified":"2024-11-01T14:32:50","modified_gmt":"2024-11-01T19:32:50","slug":"cientos-de-familias-en-cali-son-desalojadas-por-el-gobierno","status":"publish","type":"post","link":"https:\/\/nuevademocracia.com.co\/?p=26948","title":{"rendered":"Cientos de familias en Cali son desalojadas por el gobierno"},"content":{"rendered":"\n<figure class=\"wp-block-image aligncenter size-full is-resized\"><img loading=\"lazy\" decoding=\"async\" width=\"919\" height=\"612\" src=\"https:\/\/nuevademocracia.com.co\/wp-content\/uploads\/2024\/11\/image.png\" alt=\"\" class=\"wp-image-26949\" style=\"width:650px;height:auto\" srcset=\"https:\/\/nuevademocracia.com.co\/wp-content\/uploads\/2024\/11\/image.png 919w, https:\/\/nuevademocracia.com.co\/wp-content\/uploads\/2024\/11\/image-300x200.png 300w, https:\/\/nuevademocracia.com.co\/wp-content\/uploads\/2024\/11\/image-768x511.png 768w\" sizes=\"auto, (max-width: 919px) 100vw, 919px\" \/><figcaption class=\"wp-element-caption\"><em><strong><mark style=\"background-color:rgba(0, 0, 0, 0)\" class=\"has-inline-color has-black-color\">Familias construyendo sus ranchos.<\/mark><\/strong><\/em><\/figcaption><\/figure>\n\n\n\n<p class=\"has-black-color has-text-color has-link-color wp-elements-ea65d1deff44e20fc1fbc6933fba59d1\">En la madrugada del pasado s\u00e1bado 26 de octubre, cientos de familias agrupadas como Minga Cali, intentaron resolver su necesidad de vivienda ingresando y ocupando la finca la Betulia, un lote de 48 hect\u00e1reas de la SAE (Sociedad de Activos Especiales). Luego de m\u00e1s de 12 horas de permanencia en el lote, en el que las familias realizaron la construcci\u00f3n de ranchos, carpas, letrinas, almac\u00e9n colectivo, etc., y siendo aproximadamente las 4pm, las fuerzas de represi\u00f3n estatal, polic\u00eda y antidisturbios, ingresaron al lote para desalojar violentamente a las familias.<\/p>\n\n\n\n<p class=\"has-vivid-red-color has-text-color has-link-color wp-elements-5b75d937e97703e7879937a115e0735f\"><strong>Antecedentes<\/strong><\/p>\n\n\n\n<p class=\"has-black-color has-text-color has-link-color wp-elements-c392eaebe42d22115056832343511053\">La Minga Social, Popular y Comunitaria de Cali (Minga Cali), es un espacio compuesto por 26 organizaciones agrupadas para- como lo indican en su Manifiesto por la tierra, el territorio y la vivienda digna- luchar por \u201cla Tierra, el Territorio, la Vivienda Digna, la Seguridad y Soberan\u00eda Alimentaria, y la Defensa de los Derechos Humanos Integrales para las personas, familias y comunidades m\u00e1s vulnerables y empobrecidas de nuestra sociedad.\u201d<\/p>\n\n\n\n<p class=\"has-black-color has-text-color has-link-color wp-elements-4d3cf8c6ad662e939f6d615775ed357a\">Desde hace varios a\u00f1os, vienen realizando acciones de protesta y denuncia que han derivado en mesas de negociaci\u00f3n con el gobierno local y nacional, donde han buscado, entre otras reivindicaciones, que el gobierno entregue un lote para que las familias puedan construir sus viviendas.<\/p>\n\n\n\n<p class=\"has-black-color has-text-color has-link-color wp-elements-0c5e45f03d8525a66aaed0fc4513b395\">Muchas de estas familias han sido desplazadas del campo, por diversos actores armados. Luego, una vez se instalan en la ciudad, nuevamente son v\u00edctimas de desalojo por parte del Estado, que impulsa megaproyectos al servicio del gran capital y el latifundio, atropellando los derechos de las familias pobres. Como los megaproyectos <em>Plan Jarill\u00f3n<\/em> y el <em>Tren de Cercan\u00edas<\/em>, de los cuales son v\u00edctimas una gran cantidad de familias que participaron de este proceso de lucha por la tierra.<\/p>\n\n\n\n<p class=\"has-black-color has-text-color has-link-color wp-elements-9a1295712db8752186f3a308a128fc36\">Cansadas de no tener un territorio, las familias de Minga Cali, han ido incrementando las acciones y los mecanismos de presi\u00f3n, para exigir el sagrado derecho a la tierra y la vivienda. Y gracias a la lucha, han obtenido importantes triunfos, como la suspensi\u00f3n o dilataci\u00f3n de algunos procesos de desalojo que actualmente se encuentran activos. Sin embargo, la exigencia de un lote para la vivienda no ha sido resuelta, y los compromisos del Estado se han quedado en meras promesas sin cumplir, o en actos simb\u00f3licos que no alivian el bolsillo de las masas, que cada mes tienen que dedicar la mayor parte de sus pocos ingresos, para el pago de arriendos, o que actualmente viven bajo la angustia de ser desalojadas y perder sus viviendas en cualquier momento.\u00a0 En ese contexto, cientos de familias de Minga Cali decidieron tomar por su propia cuenta un lote e iniciar la verdadera soluci\u00f3n de su problem\u00e1tica: tomar la tierra y construir sus viviendas. En un video-comunicado, publicado en las redes sociales de Minga Cali, explican las razones por las que deciden ocupar la finca la Betulia, algunas de las ideas expuestas, son: \u201cAnte la ineficacia de las burocracias de las instituciones, durante los m\u00e1s de 19 meses que llevamos en dialogo, y el temor de que sea entregado a privados y gente rica, y motivados por la necesidad urgente de un techo para nuestras familias, nos declaramos en asamblea permanente en estos predios, a la espera de que sean entregados a las familias de Minga Cali. [\u2026] Volver a la tierra es nuestro mandato, invitamos a todas las comunidades empobrecidas, a organizarse y volver a la tierra, seguimos en la lucha por la tierra, el territorio y la vivienda digna, con un pie en el di\u00e1logo, muchos pies en las calles, y ahora con nuestros corazones en la tierra\u201d.<a href=\"https:\/\/www.instagram.com\/reel\/DBljwCSupqu\/?utm_source=ig_embed&amp;utm_campaign=loading\" target=\"_blank\" rel=\"noreferrer noopener\"><\/a><a href=\"https:\/\/www.instagram.com\/reel\/DBljwCSupqu\/?utm_source=ig_embed&amp;utm_campaign=loading\" target=\"_blank\" rel=\"noreferrer noopener\"><\/a><a href=\"https:\/\/www.instagram.com\/reel\/DBljwCSupqu\/?utm_source=ig_embed&amp;utm_campaign=loading\" target=\"_blank\" rel=\"noreferrer noopener\"><\/a><\/p>\n\n\n\n<p class=\"has-vivid-red-color has-text-color has-link-color wp-elements-eb5b21ae979d764831fd5655930a624a\"><a href=\"https:\/\/www.instagram.com\/p\/DBljwCSupqu\/#\">https:\/\/www.instagram.com\/p\/DBljwCSupqu\/#<\/a><\/p>\n\n\n\n<p class=\"has-vivid-red-color has-text-color has-link-color wp-elements-3dfd22a70f3d93197487a5be88efb882\"><strong>La madrugada<\/strong><\/p>\n\n\n\n<figure class=\"wp-block-image aligncenter size-full is-resized\"><img loading=\"lazy\" decoding=\"async\" width=\"919\" height=\"612\" src=\"https:\/\/nuevademocracia.com.co\/wp-content\/uploads\/2024\/11\/image-1.png\" alt=\"\" class=\"wp-image-26950\" style=\"width:589px;height:auto\" srcset=\"https:\/\/nuevademocracia.com.co\/wp-content\/uploads\/2024\/11\/image-1.png 919w, https:\/\/nuevademocracia.com.co\/wp-content\/uploads\/2024\/11\/image-1-300x200.png 300w, https:\/\/nuevademocracia.com.co\/wp-content\/uploads\/2024\/11\/image-1-768x511.png 768w\" sizes=\"auto, (max-width: 919px) 100vw, 919px\" \/><figcaption class=\"wp-element-caption\"><em><strong><mark style=\"background-color:rgba(0, 0, 0, 0)\" class=\"has-inline-color has-black-color\">Familias ingresando al lote entre las 3am y las 5am en medio de la oscuridad.\u00a0<\/mark><\/strong><\/em><\/figcaption><\/figure>\n\n\n\n<p class=\"has-black-color has-text-color has-link-color wp-elements-97dbb89f79b5c97b36eb6e763daf573d\">Entre las 3am y 4am, empezaron a arribar al lote, buses y carros contratados colectivamente y que transportaban a las familias provenientes de distintas partes de la ciudad. Conocimos el caso de algunas familias, que estuvieron, en sus respectivos sitios de encuentro desde las 9pm, esperando el bus que les traer\u00eda al lote, porque no ten\u00edan c\u00f3mo pagar transporte a las 2am. Ah\u00ed entonces va quedando claro el bajo nivel de ingresos de estas familias, para quienes es impensable tomar un taxi o un Uber.<\/p>\n\n\n\n<p class=\"has-black-color has-text-color has-link-color wp-elements-4f5945ce20b4bcdd731a6ac995cc0d93\">El ingreso fue tranquilo, no hab\u00eda presencia en el lote de seguridad privada, en la parte alta no hab\u00eda ning\u00fan obst\u00e1culo que impidiera el acceso, mientras en la parte baja, un port\u00f3n y un candando no fueron problema.&nbsp;<\/p>\n\n\n\n<p class=\"has-black-color has-text-color has-link-color wp-elements-afbce8977b30423bac1dabf0f54c5567\">En medio de la oscuridad, se observaba una inmensa fila de personas, cargando todo tipo de pertenencias como maletas, bolsas, pl\u00e1sticos, ollas, carpas y algunos colchones desfilando monta\u00f1a abajo. De repente, sobresaliendo por encima de todas las cabezas, un mueble apareci\u00f3, causando algo de risa entre muchas personas, que dec\u00edan sorprendidas \u201cmir\u00e1 ve, ya empezaron a traer los muebles\u201d. El mueble pertenec\u00eda a una mayora, que, por su edad y problemas de movilidad, ni siquiera pod\u00eda caminar sola, entonces entre los mismos participantes de la toma, le iban ayudando a caminar, mientras su hijo cargaba el pesado mueble. Ante la pregunta de \u00bfpor qu\u00e9 hab\u00eda tra\u00eddo ese mueble tan grande? Ella, con total convicci\u00f3n y seguridad, contest\u00f3 \u201cporque hoy vamos a ganar\u201d. Nos cont\u00f3 que llevaba toda la vida trabajando para tener una casa, pero que nunca hab\u00eda podido comprarla, por eso, estaba decidida a luchar por la vivienda. A pesar de sus limitaciones f\u00edsicas, y lo dif\u00edcil que era caminar por el terreno, ella iluminaba el camino con su optimismo. En los m\u00e1s de 40min que tuvo que caminar, a su ritmo, con ayuda de otras personas, desde la entrada del lote, hasta el punto 3, nunca la escuchamos quejarse ni dar muestras de cansancio, estaba realmente feliz.<\/p>\n\n\n\n<p class=\"has-black-color has-text-color has-link-color wp-elements-5808f0a93dd07261c2f94984389cc5c0\">El punto 3 del terreno, era la parte m\u00e1s central, plana y amplia del lote, donde la mayor\u00eda de familias empezaron a instalar sus ranchos. Cerca de las 10am nos volvimos a encontrar con la abuela, estaba all\u00ed, sentada en su mueble con una gran sonrisa, junto a un garraf\u00f3n de agua de 20 litros, ofreciendo hidrataci\u00f3n a quien pasaba sediento.<\/p>\n\n\n\n<figure class=\"wp-block-image aligncenter size-full is-resized\"><img loading=\"lazy\" decoding=\"async\" width=\"919\" height=\"612\" src=\"https:\/\/nuevademocracia.com.co\/wp-content\/uploads\/2024\/11\/image-3.png\" alt=\"\" class=\"wp-image-26952\" style=\"width:586px;height:auto\" srcset=\"https:\/\/nuevademocracia.com.co\/wp-content\/uploads\/2024\/11\/image-3.png 919w, https:\/\/nuevademocracia.com.co\/wp-content\/uploads\/2024\/11\/image-3-300x200.png 300w, https:\/\/nuevademocracia.com.co\/wp-content\/uploads\/2024\/11\/image-3-768x511.png 768w\" sizes=\"auto, (max-width: 919px) 100vw, 919px\" \/><figcaption class=\"wp-element-caption\"><em><strong><mark style=\"background-color:rgba(0, 0, 0, 0)\" class=\"has-inline-color has-black-color\">Foto del punto 3 tomada desde el punto 1.<\/mark><\/strong><\/em><\/figcaption><\/figure>\n\n\n\n<p class=\"has-black-color has-text-color has-link-color wp-elements-6f8048bfa9f5fb10c01f0c61c8d445a1\">Eran 5 puntos a lo largo del lote donde se ten\u00edan diversas tareas. Los puntos extremos, es decir los ingresos al lote, eran los puntos m\u00e1s vulnerables a la agresi\u00f3n policial o privada, por lo tanto, las personas que all\u00ed se quedaron, eran las encargadas de impedir las tentativas de desalojo y esa era su tarea principal. Luego, en los puntos intermedios, las tareas eran la construcci\u00f3n y adecuaci\u00f3n del terreno para vivir en \u00e9l. La mayor\u00eda de familias iban preparadas y mentalizadas a quedarse all\u00ed indefinidamente.<\/p>\n\n\n\n<div class=\"wp-block-group is-nowrap is-layout-flex wp-container-core-group-is-layout-6c531013 wp-block-group-is-layout-flex\">\n<figure class=\"wp-block-image size-full is-resized\"><img loading=\"lazy\" decoding=\"async\" width=\"919\" height=\"612\" src=\"https:\/\/nuevademocracia.com.co\/wp-content\/uploads\/2024\/11\/image-4.png\" alt=\"\" class=\"wp-image-26953\" style=\"width:486px;height:auto\" srcset=\"https:\/\/nuevademocracia.com.co\/wp-content\/uploads\/2024\/11\/image-4.png 919w, https:\/\/nuevademocracia.com.co\/wp-content\/uploads\/2024\/11\/image-4-300x200.png 300w, https:\/\/nuevademocracia.com.co\/wp-content\/uploads\/2024\/11\/image-4-768x511.png 768w\" sizes=\"auto, (max-width: 919px) 100vw, 919px\" \/><figcaption class=\"wp-element-caption\"><em><strong><mark style=\"background-color:rgba(0, 0, 0, 0)\" class=\"has-inline-color has-black-color\">Punto 1. Acceso por la parte superior del lote.<\/mark><\/strong><\/em><\/figcaption><\/figure>\n\n\n\n<figure class=\"wp-block-image size-full is-resized\"><img loading=\"lazy\" decoding=\"async\" width=\"919\" height=\"612\" src=\"https:\/\/nuevademocracia.com.co\/wp-content\/uploads\/2024\/11\/image-5.png\" alt=\"\" class=\"wp-image-26954\" style=\"width:492px;height:auto\" srcset=\"https:\/\/nuevademocracia.com.co\/wp-content\/uploads\/2024\/11\/image-5.png 919w, https:\/\/nuevademocracia.com.co\/wp-content\/uploads\/2024\/11\/image-5-300x200.png 300w, https:\/\/nuevademocracia.com.co\/wp-content\/uploads\/2024\/11\/image-5-768x511.png 768w\" sizes=\"auto, (max-width: 919px) 100vw, 919px\" \/><figcaption class=\"wp-element-caption\"><em><strong><mark style=\"background-color:rgba(0, 0, 0, 0)\" class=\"has-inline-color has-black-color\">Punto 5. Acceso por la parte inferior del lote.<\/mark><\/strong><\/em><\/figcaption><\/figure>\n<\/div>\n\n\n\n<p class=\"has-vivid-red-color has-text-color has-link-color wp-elements-2376c25cd492571fe959e92974d28926\"><strong>El trascurso de la ma\u00f1ana y el inicio de las tensiones<\/strong><\/p>\n\n\n\n<p class=\"has-black-color has-text-color has-link-color wp-elements-837a01e4567aa766d69d0fa2edd3499b\">Cerca de las 8am, se empez\u00f3 a dar la disputa por el lote. Llegaron varias patrullas de polic\u00eda a indagar sobre lo que estaba ocurriendo. Tambi\u00e9n llegaron los supuestos due\u00f1os particulares del lote, exigiendo hablar con los voceros de la \u201cinvasi\u00f3n\u201d.&nbsp; Seg\u00fan escuchamos entre las personas, el lote es propiedad de la SAE, que es la instituci\u00f3n que administra los bienes que est\u00e1n bajo medidas cautelares o en procesos de extinci\u00f3n de dominio, incautados principalmente a narcotraficantes.&nbsp; Propiedades sobre las cuales, por lo general hay muchas disputas, corrupci\u00f3n, intereses privados, por eso, las masas ten\u00edan una gran desconfianza de los supuestos due\u00f1os que aparecieron, y no daban credibilidad a sus versiones. M\u00e1s a\u00fan cuando sus versiones se contradec\u00edan, uno de los due\u00f1os dijo que la mayor parte del lote era de la SAE, y una peque\u00f1a parte de ellos; luego horas m\u00e1s tarde, otro supuesto due\u00f1o dijo lo contrario, que la mayor\u00eda del lote era de privados y la parte de la SAE muy peque\u00f1a, se\u00f1alando que la parte de la SAE quedaba m\u00e1s arriba en la monta\u00f1a; y luego m\u00e1s tarde, el abogado de otro de los supuestos due\u00f1os dijo, que la parte de la SAE era al costado de la monta\u00f1a. As\u00ed pues, tres de los supuestos due\u00f1os con los que las masas interactuaron, ten\u00edan versiones muy diferentes de c\u00f3mo estaba dividido el lote, pero curiosamente, aunque ninguno ten\u00eda clara la distribuci\u00f3n del lote, todos coincid\u00edan en algo: que los sitios donde las masas se estaban instalando, no eran de la SAE sino de ellos. Aun as\u00ed, a pesar de la desconfianza, nunca se les trat\u00f3 mal, y las personas que interactuaron con ellos, les dejaron claro que, se deb\u00eda instalar una mesa de negociaci\u00f3n entre Minga Cali, el gobierno y ellos como supuestos due\u00f1os, y que, si all\u00ed ellos demostraban dicha propiedad, esta ser\u00eda respetada, pues las familias de Minga Cali, ven\u00edan por el lote de la SAE. Esta propuesta no les gust\u00f3, uno de los supuestos propietarios dijo que nadie ten\u00eda clara la divisi\u00f3n del lote.<\/p>\n\n\n\n<figure class=\"wp-block-image aligncenter size-full is-resized\"><img loading=\"lazy\" decoding=\"async\" width=\"919\" height=\"612\" src=\"https:\/\/nuevademocracia.com.co\/wp-content\/uploads\/2024\/11\/image-6.png\" alt=\"\" class=\"wp-image-26955\" style=\"width:603px;height:auto\" srcset=\"https:\/\/nuevademocracia.com.co\/wp-content\/uploads\/2024\/11\/image-6.png 919w, https:\/\/nuevademocracia.com.co\/wp-content\/uploads\/2024\/11\/image-6-300x200.png 300w, https:\/\/nuevademocracia.com.co\/wp-content\/uploads\/2024\/11\/image-6-768x511.png 768w\" sizes=\"auto, (max-width: 919px) 100vw, 919px\" \/><figcaption class=\"wp-element-caption\"><em><strong><mark style=\"background-color:rgba(0, 0, 0, 0)\" class=\"has-inline-color has-black-color\">Funcionario de la Alcald\u00eda que fue bastante grosero con la comunidad. En varios momentos las masas lo quer\u00edan golpear y la polic\u00eda tuvo que alejarlo.<\/mark><\/strong><\/em><\/figcaption><\/figure>\n\n\n\n<p class=\"has-black-color has-text-color has-link-color wp-elements-7e31d6e60d691cb89dbf27738888ec53\">Luego de varias horas de interlocuci\u00f3n, no se lleg\u00f3 a ning\u00fan acuerdo. Y cerca del mediod\u00eda, empezaron a llegar m\u00e1s efectivos de polic\u00eda, se dieron varios sobrevuelos de helic\u00f3ptero, aparecieron funcionarios de Bienestar Familiar y polic\u00eda de infancia, instituciones que, en estos casos de desalojos, siempre son una avanzadilla de la represi\u00f3n estatal, que cumplen la tarea de amenazar a las familias con quitarles los ni\u00f1os por estar en la invasi\u00f3n. A lo lejos, en una monta\u00f1a vecina, se empezaron a ver agentes del ESMAD. Unas horas despu\u00e9s se supo que LUIS MEJIA MOTATO, director de la SAE, sin ninguna intenci\u00f3n de di\u00e1logo solicit\u00f3 la intervenci\u00f3n de la polic\u00eda nacional, para sacar violentamente a las familias que estaban ocupando el predio.\u00a0 El ambiente se puso bastante tenso, las familias en los puntos de acceso al lote se pusieron en m\u00e1xima alerta, la amenaza de represi\u00f3n parec\u00eda cada vez m\u00e1s latente.<\/p>\n\n\n\n<figure class=\"wp-block-image aligncenter size-full is-resized\"><img loading=\"lazy\" decoding=\"async\" width=\"919\" height=\"612\" src=\"https:\/\/nuevademocracia.com.co\/wp-content\/uploads\/2024\/11\/image-7.png\" alt=\"\" class=\"wp-image-26956\" style=\"width:501px;height:auto\" srcset=\"https:\/\/nuevademocracia.com.co\/wp-content\/uploads\/2024\/11\/image-7.png 919w, https:\/\/nuevademocracia.com.co\/wp-content\/uploads\/2024\/11\/image-7-300x200.png 300w, https:\/\/nuevademocracia.com.co\/wp-content\/uploads\/2024\/11\/image-7-768x511.png 768w\" sizes=\"auto, (max-width: 919px) 100vw, 919px\" \/><\/figure>\n\n\n\n<p><\/p>\n\n\n\n<figure class=\"wp-block-image aligncenter size-full is-resized\"><img loading=\"lazy\" decoding=\"async\" width=\"919\" height=\"612\" src=\"https:\/\/nuevademocracia.com.co\/wp-content\/uploads\/2024\/11\/image-8.png\" alt=\"\" class=\"wp-image-26957\" style=\"width:498px;height:auto\" srcset=\"https:\/\/nuevademocracia.com.co\/wp-content\/uploads\/2024\/11\/image-8.png 919w, https:\/\/nuevademocracia.com.co\/wp-content\/uploads\/2024\/11\/image-8-300x200.png 300w, https:\/\/nuevademocracia.com.co\/wp-content\/uploads\/2024\/11\/image-8-768x511.png 768w\" sizes=\"auto, (max-width: 919px) 100vw, 919px\" \/><figcaption class=\"wp-element-caption\"><em><strong><mark style=\"background-color:rgba(0, 0, 0, 0)\" class=\"has-inline-color has-black-color\">Punto 1 cerca del mediod\u00eda, despu\u00e9s de las discusiones con los funcionarios de la Alcald\u00eda que no condujeron a ning\u00fan acuerdo.<\/mark><\/strong><\/em><\/figcaption><\/figure>\n\n\n\n<p class=\"has-vivid-red-color has-text-color has-link-color wp-elements-6de19cabe3f5911023211a5185fb2783\"><strong>La tarde y la agresi\u00f3n del Estado<\/strong><\/p>\n\n\n\n<p class=\"has-black-color has-text-color has-link-color wp-elements-f6e699bdf2c297b6025cc56c27e27c11\">Pasadas las 4pm, nos lleg\u00f3 la noticia de que el ESMAD hab\u00eda ingresado por la parte baja del lote y que decenas de personas estaban oponiendo resistencia. En la parte alta se sent\u00eda la angustia y la impotencia, muchos quer\u00edan bajar para fortalecer la resistencia, sin embargo, entre ambos puntos hab\u00eda un trayecto de aproximadamente 25 a 30min caminando por un terreno muy pedregoso e inclinado, por el que no pod\u00edan transitar ni motos ni carros de un punto a otro. As\u00ed que, moverse r\u00e1pidamente de un punto a otro, no era algo viable. Se escuchaban voces que dec\u00edan \u201c\u00a1bajemos, bajemos!\u201d, pero tambi\u00e9n se escuchaban otras \u201ctenemos que quedarnos, si dejamos aqu\u00ed solo, se nos meten por ac\u00e1\u201d. A unos 400mts del ingreso en la parte alta del lote, hab\u00eda dos grupos de antidisturbios esperando \u00f3rdenes. La situaci\u00f3n era adversa y complicada. Despu\u00e9s de las 5pm, luego de que las fuerzas de represi\u00f3n policial hubieron tomado la parte baja del lote, iniciaron su incursi\u00f3n por la parte alta, donde ya la orientaci\u00f3n para las familias, era replegarse hacia la parte baja, agruparse con el resto de personas, y salir todos juntos. La indignaci\u00f3n era total, algunos antidisturbios y funcionarios de la alcald\u00eda, fieles a su esp\u00edritu antipopular, llenos de desprecio por el pueblo pobre que lucha, se burlaban de las masas que trataban de salvar algunos pl\u00e1sticos.<\/p>\n\n\n\n<p class=\"has-black-color has-text-color has-link-color wp-elements-ee8577a8663c3a5f1eae8f22635c72b2\"><\/p>\n\n\n\n<figure class=\"wp-block-image aligncenter size-full is-resized\"><img loading=\"lazy\" decoding=\"async\" width=\"919\" height=\"612\" src=\"https:\/\/nuevademocracia.com.co\/wp-content\/uploads\/2024\/11\/image-9.png\" alt=\"\" class=\"wp-image-26964\" style=\"width:578px;height:auto\" srcset=\"https:\/\/nuevademocracia.com.co\/wp-content\/uploads\/2024\/11\/image-9.png 919w, https:\/\/nuevademocracia.com.co\/wp-content\/uploads\/2024\/11\/image-9-300x200.png 300w, https:\/\/nuevademocracia.com.co\/wp-content\/uploads\/2024\/11\/image-9-768x511.png 768w\" sizes=\"auto, (max-width: 919px) 100vw, 919px\" \/><figcaption class=\"wp-element-caption\"><em><strong><mark style=\"background-color:rgba(0, 0, 0, 0)\" class=\"has-inline-color has-black-color\">Llegada del ESMAD al punto 1 para iniciar la represi\u00f3n contra las familias.<\/mark><\/strong><\/em><\/figcaption><\/figure>\n\n\n\n<p class=\"has-black-color has-text-color has-link-color wp-elements-19cb060455c63b912f1e05bef53605fd\"><a href=\"https:\/\/www.instagram.com\/reel\/DBmqbcTR4ty\/?utm_source=ig_embed&amp;utm_campaign=loading\" target=\"_blank\" rel=\"noreferrer noopener\"><\/a><\/p>\n\n\n\n<figure class=\"wp-block-embed is-type-video is-provider-youtube wp-block-embed-youtube wp-embed-aspect-16-9 wp-has-aspect-ratio\"><div class=\"wp-block-embed__wrapper\">\n<iframe loading=\"lazy\" title=\"\u00a1Arremeten a gases y bolillo contra la comunidad con banderas blancas!\" width=\"1290\" height=\"726\" src=\"https:\/\/www.youtube.com\/embed\/DVSk1Xo9u0M?feature=oembed\" frameborder=\"0\" allow=\"accelerometer; autoplay; clipboard-write; encrypted-media; gyroscope; picture-in-picture; web-share\" referrerpolicy=\"strict-origin-when-cross-origin\" allowfullscreen><\/iframe>\n<\/div><figcaption class=\"wp-element-caption\"><em><strong><mark style=\"background-color:rgba(0, 0, 0, 0)\" class=\"has-inline-color has-black-color\">Momento en que la comunidad intenta resistir la agresi\u00f3n del Esmad. \u2013 Video tomado de Instagram Minga Cali.<\/mark><\/strong><\/em><\/figcaption><\/figure>\n\n\n\n<p class=\"has-vivid-red-color has-text-color has-link-color wp-elements-eb91e43a3bbf85c46d5224a921895cdf\"><strong>La noche y la lucha que contin\u00faa<\/strong><\/p>\n\n\n\n<p class=\"has-black-color has-text-color has-link-color wp-elements-925fc2623e622a10fbf2caa702478a31\">Cuando llegamos al punto 3, la parte central y principal del lote, ya hab\u00eda m\u00e1s de 50 antidisturbios, posicionados y con el control del terreno, observando y viendo pasar a los cientos de personas, adultos mayores, mujeres y hombres, adolescentes, ni\u00f1os y ni\u00f1as, etc., familias enteras, que estaban desarmando lo que con tanto esfuerzo hab\u00edan construido durante el d\u00eda. Los que ven\u00edan de la parte alta, pasaban con sus maletas, pl\u00e1sticos, colchones, etc. Mientras tanto, algunas mujeres gritaban todo tipo de insultos y consignas, llenas de odio, odio de clase, odio contra quienes osan levantar sus armas contra el pueblo trabajador para defender los intereses de las clases dominantes. \u201cAsesinos\u201d \u201clamebotas\u201d \u201clambones\u201d, \u201cque feo, que feo debe ser, reprimir al pueblo para poder comer\u201d, etc., les gritaban frente a frente, en la cara, a los polic\u00edas que las miraban pasar y sent\u00edan todo el desprecio del pueblo al que juraron defender.<\/p>\n\n\n\n<p class=\"has-black-color has-text-color has-link-color wp-elements-12f37586fa8bb243a1d20201a1ef7d70\">La abuela ya no se encontraba en aquel lugar, pero su mueble abandonado sobresal\u00eda en medio del lote rodeado de polic\u00edas, pobre abuela, esta vez no se pudo ganar, pero habi\u00e9ndola conocido con ese derroche de optimismo y convicci\u00f3n, seguramente estar\u00e1 en la pr\u00f3xima toma, a la cual el pueblo ir\u00e1 m\u00e1s fuerte y m\u00e1s preparado gracias a la experiencia adquirida.<\/p>\n\n\n\n<p class=\"has-black-color has-text-color has-link-color wp-elements-8306bc71b682ac38024f730ca5dff738\">En medio de la noche, por las calles de la ciudad aleda\u00f1as al lote, un rio de personas cargando todo tipo enseres, llamaba la atenci\u00f3n de los residentes. Los \u00e1nimos eran variados, por supuesto hab\u00eda personas bastante tristes y con mucha impotencia. \u00bfEn qu\u00e9 ir\u00edan pensando? Probablemente en el costo pagado, porque cada familia all\u00ed presente hab\u00eda hecho un gran esfuerzo econ\u00f3mico y f\u00edsico con la esperanza de conquistar un terreno para construir una vivienda. Se sent\u00eda la rabia en cada mirada, en cada suspiro. Se ve\u00edan rostros cabizbajos que se iban yendo para sus casas. El agotamiento f\u00edsico era notorio, sin embargo, tambi\u00e9n hab\u00eda en el ambiente muchos que quer\u00edan seguir luchando, se escuchaban muchas voces que dec\u00edan \u201cvamos para la COP, vamos a joderles la COP\u201d[1], otros preguntaban \u201c\u00bfqu\u00e9 vamos a hacer?\u201d y aguardaban orientaci\u00f3n, dispuestos a movilizarse inmediatamente. Varias compa\u00f1eras dirigentes intentaron gestionar transporte para movilizar m\u00e1s de 100 personas hacia el centro de la ciudad y realizar una protesta en la COP16, lamentablemente no se pudo gestionar transporte, y all\u00ed decidieron entonces, dar por finalizada la acci\u00f3n, regresar a sus casas, recargar energ\u00edas, reunirse pr\u00f3ximamente para definir el camino a continuar, la derrota fue amarga, pero el esp\u00edritu de lucha de estas personas, a\u00fan es demasiado grande.&nbsp;<\/p>\n\n\n\n<p class=\"has-vivid-red-color has-text-color has-link-color wp-elements-486ea3326b256d4282296ffcdf6e8dd9\"><strong>Los <\/strong><strong>d\u00edas posteriores<\/strong><\/p>\n\n\n\n<p class=\"has-black-color has-text-color has-link-color wp-elements-33ccde62dce9b8f7c4316f980cbadcb8\">El 28 de octubre, los compa\u00f1eros de Minga Cali, han publicado un pronunciamiento, exigiendo la destituci\u00f3n de Luis Mej\u00eda, funcionario de la SAE que, a trav\u00e9s de una querella, solicit\u00f3 a la polic\u00eda el desalojo violento de las familias. \u201cPor su talante antidemocr\u00e1tico, por el desconocimiento a las 7 comisiones interinstitucionales donde ha primado el incumplimiento, por no ofrecer soluciones concretas en t\u00e9rminos de vivienda digna para las familias de la Minga Cali, por negarse al di\u00e1logo y priorizar el env\u00edo del ESMAD para violentar las familias en el asentamiento pac\u00edfico de la Minga Cali en La Betulia, denunciamos a Luis Mej\u00eda y exigimos su renuncia o destituci\u00f3n inmediata como director de la regional sur occidente de la SAE\u201d [1]<\/p>\n\n\n\n<p class=\"has-vivid-red-color has-text-color has-link-color wp-elements-880f2379733d7c3243aac724e87d4783\"><a href=\"https:\/\/www.instagram.com\/p\/DBrH3VSOyHI\/?utm_source=ig_web_copy_link&amp;igsh=MzRlODBiNWFlZA==\"><mark style=\"background-color:rgba(0, 0, 0, 0)\" class=\"has-inline-color has-vivid-red-color\">https:\/\/www.instagram.com\/p\/DBrH3VSOyHI\/?utm_source=ig_web_copy_link&amp;igsh=MzRlODBiNWFlZA==<\/mark><\/a><\/p>\n\n\n\n<p class=\"has-black-color has-text-color has-link-color wp-elements-2804109a1df133d2d835b14c4e98dd53\">Tambi\u00e9n, ese mismo d\u00eda, decenas de familias se movilizaron a un evento de la SAE, donde se tomaron los micr\u00f3fonos y realizaron la denuncia del desalojo en La Betulia, exigieron la destituci\u00f3n de Luis Mej\u00eda, y que se cumplan las promesas de tierras que el gobierno ha hecho a las familias.&nbsp; As\u00ed pues, la lucha por la tierra de las familias de Minga Cali, contin\u00faa.<\/p>\n\n\n\n<p class=\"has-vivid-red-color has-text-color has-link-color wp-elements-fdc291ccbbc433f4492ecdc1790a8700\"><strong>Fotograf\u00edas<\/strong><\/p>\n\n\n\n<p class=\"has-black-color has-text-color has-link-color wp-elements-b26911166b7984be2ecd1d1a521d1819\">A continuaci\u00f3n, otras fotograf\u00edas de la jornada de lucha.<\/p>\n\n\n\n<div class=\"wp-block-group is-nowrap is-layout-flex wp-container-core-group-is-layout-6c531013 wp-block-group-is-layout-flex\">\n<figure class=\"wp-block-image size-full is-resized\"><img loading=\"lazy\" decoding=\"async\" width=\"919\" height=\"612\" src=\"https:\/\/nuevademocracia.com.co\/wp-content\/uploads\/2024\/11\/image-10.png\" alt=\"\" class=\"wp-image-26965\" style=\"width:473px;height:auto\" srcset=\"https:\/\/nuevademocracia.com.co\/wp-content\/uploads\/2024\/11\/image-10.png 919w, https:\/\/nuevademocracia.com.co\/wp-content\/uploads\/2024\/11\/image-10-300x200.png 300w, https:\/\/nuevademocracia.com.co\/wp-content\/uploads\/2024\/11\/image-10-768x511.png 768w\" sizes=\"auto, (max-width: 919px) 100vw, 919px\" \/><figcaption class=\"wp-element-caption\"><em><strong><mark style=\"background-color:rgba(0, 0, 0, 0)\" class=\"has-inline-color has-black-color\">Primeras patrullas de polic\u00eda llegando a punto 1.<\/mark><\/strong><\/em><\/figcaption><\/figure>\n\n\n\n<figure class=\"wp-block-image size-full is-resized\"><img loading=\"lazy\" decoding=\"async\" width=\"919\" height=\"612\" src=\"https:\/\/nuevademocracia.com.co\/wp-content\/uploads\/2024\/11\/image-11.png\" alt=\"\" class=\"wp-image-26966\" style=\"width:465px;height:auto\" srcset=\"https:\/\/nuevademocracia.com.co\/wp-content\/uploads\/2024\/11\/image-11.png 919w, https:\/\/nuevademocracia.com.co\/wp-content\/uploads\/2024\/11\/image-11-300x200.png 300w, https:\/\/nuevademocracia.com.co\/wp-content\/uploads\/2024\/11\/image-11-768x511.png 768w\" sizes=\"auto, (max-width: 919px) 100vw, 919px\" \/><figcaption class=\"wp-element-caption\"><em><strong><mark style=\"background-color:rgba(0, 0, 0, 0)\" class=\"has-inline-color has-black-color\">Dos integrantes de Minga Cali, observando hacia punto 3 y hacia la ciudad de Cali al fondo.<\/mark><\/strong><\/em><\/figcaption><\/figure>\n<\/div>\n\n\n\n<div class=\"wp-block-group is-nowrap is-layout-flex wp-container-core-group-is-layout-6c531013 wp-block-group-is-layout-flex\">\n<figure class=\"wp-block-image size-full is-resized\"><img loading=\"lazy\" decoding=\"async\" width=\"919\" height=\"612\" src=\"https:\/\/nuevademocracia.com.co\/wp-content\/uploads\/2024\/11\/image-12.png\" alt=\"\" class=\"wp-image-26967\" style=\"width:467px;height:auto\" srcset=\"https:\/\/nuevademocracia.com.co\/wp-content\/uploads\/2024\/11\/image-12.png 919w, https:\/\/nuevademocracia.com.co\/wp-content\/uploads\/2024\/11\/image-12-300x200.png 300w, https:\/\/nuevademocracia.com.co\/wp-content\/uploads\/2024\/11\/image-12-768x511.png 768w\" sizes=\"auto, (max-width: 919px) 100vw, 919px\" \/><\/figure>\n\n\n\n<figure class=\"wp-block-image size-full is-resized\"><img loading=\"lazy\" decoding=\"async\" width=\"919\" height=\"612\" src=\"https:\/\/nuevademocracia.com.co\/wp-content\/uploads\/2024\/11\/image-13.png\" alt=\"\" class=\"wp-image-26968\" style=\"width:472px;height:auto\" srcset=\"https:\/\/nuevademocracia.com.co\/wp-content\/uploads\/2024\/11\/image-13.png 919w, https:\/\/nuevademocracia.com.co\/wp-content\/uploads\/2024\/11\/image-13-300x200.png 300w, https:\/\/nuevademocracia.com.co\/wp-content\/uploads\/2024\/11\/image-13-768x511.png 768w\" sizes=\"auto, (max-width: 919px) 100vw, 919px\" \/><\/figure>\n<\/div>\n\n\n\n<p><\/p>\n\n\n\n<div class=\"wp-block-group is-nowrap is-layout-flex wp-container-core-group-is-layout-6c531013 wp-block-group-is-layout-flex\">\n<figure class=\"wp-block-image size-full is-resized\"><img loading=\"lazy\" decoding=\"async\" width=\"919\" height=\"612\" src=\"https:\/\/nuevademocracia.com.co\/wp-content\/uploads\/2024\/11\/image-14.png\" alt=\"\" class=\"wp-image-26969\" style=\"width:452px;height:auto\" srcset=\"https:\/\/nuevademocracia.com.co\/wp-content\/uploads\/2024\/11\/image-14.png 919w, https:\/\/nuevademocracia.com.co\/wp-content\/uploads\/2024\/11\/image-14-300x200.png 300w, https:\/\/nuevademocracia.com.co\/wp-content\/uploads\/2024\/11\/image-14-768x511.png 768w\" sizes=\"auto, (max-width: 919px) 100vw, 919px\" \/><\/figure>\n\n\n\n<figure class=\"wp-block-image size-full is-resized\"><img loading=\"lazy\" decoding=\"async\" width=\"919\" height=\"612\" src=\"https:\/\/nuevademocracia.com.co\/wp-content\/uploads\/2024\/11\/image-15.png\" alt=\"\" class=\"wp-image-26970\" style=\"width:454px;height:auto\" srcset=\"https:\/\/nuevademocracia.com.co\/wp-content\/uploads\/2024\/11\/image-15.png 919w, https:\/\/nuevademocracia.com.co\/wp-content\/uploads\/2024\/11\/image-15-300x200.png 300w, https:\/\/nuevademocracia.com.co\/wp-content\/uploads\/2024\/11\/image-15-768x511.png 768w\" sizes=\"auto, (max-width: 919px) 100vw, 919px\" \/><\/figure>\n<\/div>\n\n\n\n<p><\/p>\n\n\n\n<div class=\"wp-block-group is-nowrap is-layout-flex wp-container-core-group-is-layout-6c531013 wp-block-group-is-layout-flex\">\n<figure class=\"wp-block-image size-full is-resized\"><img loading=\"lazy\" decoding=\"async\" width=\"919\" height=\"612\" src=\"https:\/\/nuevademocracia.com.co\/wp-content\/uploads\/2024\/11\/image-16.png\" alt=\"\" class=\"wp-image-26971\" style=\"width:438px;height:auto\" srcset=\"https:\/\/nuevademocracia.com.co\/wp-content\/uploads\/2024\/11\/image-16.png 919w, https:\/\/nuevademocracia.com.co\/wp-content\/uploads\/2024\/11\/image-16-300x200.png 300w, https:\/\/nuevademocracia.com.co\/wp-content\/uploads\/2024\/11\/image-16-768x511.png 768w\" sizes=\"auto, (max-width: 919px) 100vw, 919px\" \/><\/figure>\n\n\n\n<figure class=\"wp-block-image size-full is-resized\"><img loading=\"lazy\" decoding=\"async\" width=\"919\" height=\"612\" src=\"https:\/\/nuevademocracia.com.co\/wp-content\/uploads\/2024\/11\/image-17.png\" alt=\"\" class=\"wp-image-26972\" style=\"width:439px;height:auto\" srcset=\"https:\/\/nuevademocracia.com.co\/wp-content\/uploads\/2024\/11\/image-17.png 919w, https:\/\/nuevademocracia.com.co\/wp-content\/uploads\/2024\/11\/image-17-300x200.png 300w, https:\/\/nuevademocracia.com.co\/wp-content\/uploads\/2024\/11\/image-17-768x511.png 768w\" sizes=\"auto, (max-width: 919px) 100vw, 919px\" \/><\/figure>\n<\/div>\n\n\n\n<p><\/p>\n\n\n\n<div class=\"wp-block-group is-nowrap is-layout-flex wp-container-core-group-is-layout-6c531013 wp-block-group-is-layout-flex\">\n<figure class=\"wp-block-image size-full is-resized\"><img loading=\"lazy\" decoding=\"async\" width=\"919\" height=\"612\" src=\"https:\/\/nuevademocracia.com.co\/wp-content\/uploads\/2024\/11\/image-18.png\" alt=\"\" class=\"wp-image-26973\" style=\"width:448px;height:auto\" srcset=\"https:\/\/nuevademocracia.com.co\/wp-content\/uploads\/2024\/11\/image-18.png 919w, https:\/\/nuevademocracia.com.co\/wp-content\/uploads\/2024\/11\/image-18-300x200.png 300w, https:\/\/nuevademocracia.com.co\/wp-content\/uploads\/2024\/11\/image-18-768x511.png 768w\" sizes=\"auto, (max-width: 919px) 100vw, 919px\" \/><figcaption class=\"wp-element-caption\"><em><strong><mark style=\"background-color:rgba(0, 0, 0, 0)\" class=\"has-inline-color has-black-color\">Punto 3. Punto principal del lote donde se instalaron la gran mayor\u00eda de familias.<\/mark><\/strong><\/em><\/figcaption><\/figure>\n\n\n\n<figure class=\"wp-block-image size-full is-resized\"><img loading=\"lazy\" decoding=\"async\" width=\"919\" height=\"612\" src=\"https:\/\/nuevademocracia.com.co\/wp-content\/uploads\/2024\/11\/image-19.png\" alt=\"\" class=\"wp-image-26974\" style=\"width:444px;height:auto\" srcset=\"https:\/\/nuevademocracia.com.co\/wp-content\/uploads\/2024\/11\/image-19.png 919w, https:\/\/nuevademocracia.com.co\/wp-content\/uploads\/2024\/11\/image-19-300x200.png 300w, https:\/\/nuevademocracia.com.co\/wp-content\/uploads\/2024\/11\/image-19-768x511.png 768w\" sizes=\"auto, (max-width: 919px) 100vw, 919px\" \/><figcaption class=\"wp-element-caption\"><em><strong><mark style=\"background-color:rgba(0, 0, 0, 0)\" class=\"has-inline-color has-black-color\">Incursi\u00f3n del ESMAD por punto 1.<\/mark><\/strong><\/em><\/figcaption><\/figure>\n<\/div>\n\n\n\n<p class=\"has-vivid-red-color has-text-color has-link-color wp-elements-12180acc16d900381b110cca4556d09c\"><strong>Notas<\/strong><\/p>\n\n\n\n<p class=\"has-black-color has-text-color has-link-color wp-elements-70a2da33086c0dfdc8ae1b48e7ab1d78\">[1] COP16. Es la Conferencia de las Naciones Unidas sobre Biodiversidad. Es un evento impulsado por las potencias imperialistas, la gran burgues\u00eda y los latifundistas colombianos, con el Estado colombiano gerenciado por Petro, realizado en la ciudad de Cali, con miles de delegados, funcionarios, periodistas, y algunos presidentes y ministros, de todo el mundo. Mientras el gobierno se llenaba la boca en la COP16 diciendo que las comunidades son las guardianas de la biodiversidad, al mismo tiempo estaban desalojando a cientos de familias de Minga Cali.<\/p>\n","protected":false},"excerpt":{"rendered":"<p>En la madrugada del pasado s\u00e1bado 26 de octubre, cientos de familias agrupadas como Minga Cali, intentaron resolver su necesidad de vivienda ingresando y ocupando la finca la Betulia, un lote de 48 hect\u00e1reas de la SAE (Sociedad de Activos Especiales). Luego de m\u00e1s de 12 horas de permanencia en el lote, en el que [&hellip;]<\/p>\n","protected":false},"author":1,"featured_media":26949,"comment_status":"open","ping_status":"open","sticky":false,"template":"","format":"standard","meta":{"footnotes":""},"categories":[16,4,144],"tags":[],"class_list":["post-26948","post","type-post","status-publish","format-standard","has-post-thumbnail","hentry","category-carrusel","category-colombia","category-lucha-por-la-tierra"],"blocksy_meta":[],"_links":{"self":[{"href":"https:\/\/nuevademocracia.com.co\/index.php?rest_route=\/wp\/v2\/posts\/26948","targetHints":{"allow":["GET"]}}],"collection":[{"href":"https:\/\/nuevademocracia.com.co\/index.php?rest_route=\/wp\/v2\/posts"}],"about":[{"href":"https:\/\/nuevademocracia.com.co\/index.php?rest_route=\/wp\/v2\/types\/post"}],"author":[{"embeddable":true,"href":"https:\/\/nuevademocracia.com.co\/index.php?rest_route=\/wp\/v2\/users\/1"}],"replies":[{"embeddable":true,"href":"https:\/\/nuevademocracia.com.co\/index.php?rest_route=%2Fwp%2Fv2%2Fcomments&post=26948"}],"version-history":[{"count":8,"href":"https:\/\/nuevademocracia.com.co\/index.php?rest_route=\/wp\/v2\/posts\/26948\/revisions"}],"predecessor-version":[{"id":26976,"href":"https:\/\/nuevademocracia.com.co\/index.php?rest_route=\/wp\/v2\/posts\/26948\/revisions\/26976"}],"wp:featuredmedia":[{"embeddable":true,"href":"https:\/\/nuevademocracia.com.co\/index.php?rest_route=\/wp\/v2\/media\/26949"}],"wp:attachment":[{"href":"https:\/\/nuevademocracia.com.co\/index.php?rest_route=%2Fwp%2Fv2%2Fmedia&parent=26948"}],"wp:term":[{"taxonomy":"category","embeddable":true,"href":"https:\/\/nuevademocracia.com.co\/index.php?rest_route=%2Fwp%2Fv2%2Fcategories&post=26948"},{"taxonomy":"post_tag","embeddable":true,"href":"https:\/\/nuevademocracia.com.co\/index.php?rest_route=%2Fwp%2Fv2%2Ftags&post=26948"}],"curies":[{"name":"wp","href":"https:\/\/api.w.org\/{rel}","templated":true}]}}