{"id":27002,"date":"2024-11-06T16:30:00","date_gmt":"2024-11-06T21:30:00","guid":{"rendered":"https:\/\/nuevademocracia.com.co\/?p=27002"},"modified":"2024-11-05T16:26:36","modified_gmt":"2024-11-05T21:26:36","slug":"masas-expulsan-visita-del-gobierno-y-el-rey-con-palos-piedras-y-barro-al-grito-de-asesinos","status":"publish","type":"post","link":"https:\/\/nuevademocracia.com.co\/?p=27002","title":{"rendered":"Masas expulsan visita del Gobierno y el Rey con palos, piedras y barro al grito de\u00a0\u201casesinos\u201d"},"content":{"rendered":"\n<p class=\"has-black-color has-text-color has-link-color wp-elements-4a6f27653d6df5262f0f88104af2174b\"><em>Reproducimos este art\u00edculo encontrado en el peri\u00f3dico revolucionario <a href=\"https:\/\/serviralpuebloperiodico.wordpress.com\/2024\/11\/03\/masas-expulsan-visita-del-gobierno-y-el-rey-con-palos-piedras-y-barro-al-grito-de-asesinos\/\">Servir al Pueblo<\/a><\/em><\/p>\n\n\n\n<figure class=\"wp-block-image aligncenter size-full is-resized\"><img loading=\"lazy\" decoding=\"async\" width=\"1024\" height=\"576\" src=\"https:\/\/nuevademocracia.com.co\/wp-content\/uploads\/2024\/11\/image-21.png\" alt=\"\" class=\"wp-image-27003\" style=\"width:570px;height:auto\" srcset=\"https:\/\/nuevademocracia.com.co\/wp-content\/uploads\/2024\/11\/image-21.png 1024w, https:\/\/nuevademocracia.com.co\/wp-content\/uploads\/2024\/11\/image-21-300x169.png 300w, https:\/\/nuevademocracia.com.co\/wp-content\/uploads\/2024\/11\/image-21-768x432.png 768w\" sizes=\"auto, (max-width: 1024px) 100vw, 1024px\" \/><\/figure>\n\n\n\n<p><\/p>\n\n\n\n<p class=\"has-text-align-right has-black-color has-text-color has-link-color wp-elements-6d0183dd0aff36eb92237ab296c312a5\">Art\u00edculo enviado por un colaborador<\/p>\n\n\n\n<p class=\"has-black-color has-text-color has-link-color wp-elements-75f985607cfcab3d8a751f791e6efd69\">El Rey Felipe VI, el Presidente del Gobierno Pedro S\u00e1nchez y el Presidente de la Generalitat Valenciana Carlos Maz\u00f3n, ten\u00edan una visita oficial prevista para hoy, domingo de 3 noviembre. La visita estaba programada para medio d\u00eda, e iban a acudir primero a Paiporta y luego a Chiva, dos pueblos muy afectados por la p\u00e9sima gesti\u00f3n del Estado de la DANA.<\/p>\n\n\n\n<p class=\"has-black-color has-text-color has-link-color wp-elements-da95b897e79c1dc6000cd16d193b9346\">La comitiva oficial ha sido recibida con abucheos e insultos que expresaban el profundo odio de clase de las masas. Con gritos de \u201casesino\u201d, \u201cdimisi\u00f3n\u201d e \u201chijos de puta\u201d, las masas han expulsado a las autoridades del gobierno, que ni siquiera han podido entrar en Paiporta. Nada m\u00e1s entrar en la primera rotonda del pueblo, han sido recibido con masas armadas nada m\u00e1s que con palos, piedras y barro.<\/p>\n\n\n\n<p><a href=\"https:\/\/twitter.com\/La_Directa\/status\/1853082157289292274\">https:\/\/twitter.com\/La_Directa\/status\/1853082157289292274<\/a><\/p>\n\n\n\n<figure class=\"wp-block-embed is-type-rich is-provider-twitter wp-block-embed-twitter\"><div class=\"wp-block-embed__wrapper\">\n<blockquote class=\"twitter-tweet\" data-width=\"550\" data-dnt=\"true\"><p lang=\"en\" dir=\"ltr\">People in Valencia attacked Prime Minister Pedro S\u00e1nchez and the Spanish Royal Family as they visited the region devastated by the deadly floods. <a href=\"https:\/\/t.co\/75bR6Gv8AJ\">pic.twitter.com\/75bR6Gv8AJ<\/a><\/p>&mdash; red. (@redstreamnet) <a href=\"https:\/\/twitter.com\/redstreamnet\/status\/1853071654110290007?ref_src=twsrc%5Etfw\">November 3, 2024<\/a><\/blockquote><script async src=\"https:\/\/platform.twitter.com\/widgets.js\" charset=\"utf-8\"><\/script>\n<\/div><\/figure>\n\n\n\n<p class=\"has-black-color has-text-color has-link-color wp-elements-e2cd1a2874ea79516777be335198a11d\">Pedro S\u00e1nchez ha sido atacado con un palazo por la espalda, y su grupo de seguridad le ha tenido que evacuar r\u00e1pidamente. Su coche ha sufrido tales da\u00f1os, que el equipo de seguridad ha tenido que precintar la luna trasera con cinta americana. Al Rey le han tirado multitud de objetos. Ha estado un rato m\u00e1s, pero finalmente ha tenido que regresar al coche despu\u00e9s de media hora de insultos y una lluvia constante de objetos contra su persona. A pesar de los paraguas y de las mochilas para protegerle, el barro que le lanzaban las masas le alcanz\u00f3 la cara. La Reina y Carlos Maz\u00f3n tambi\u00e9n han sido atacados. Poco despu\u00e9s, la Casa Real ha anunciado que cancela su visita a Paiporta y Chiva.<\/p>\n\n\n\n<p class=\"has-black-color has-text-color has-link-color wp-elements-25d40f5820c5fcb6cca391b8acd9b541\">Las masas han expulsado al Gobierno y al Rey. La prensa burguesa -especialmente la televisi\u00f3n- ha intentado maquillar los hechos, hablando de que era un n\u00famero reducido de radicales o \u201cmarginales\u201d (como ha dicho Pedro S\u00e1nchez), pero los vecinos han luchado con tanta fuerza que cualquiera que haya visto las im\u00e1genes en directo, identifica la burda manipulaci\u00f3n de la prensa burguesa. La Casa Real y la prensa burguesa han tratado de vender una foto y un relato que en nada se corresponde con la realidad que viven las masas afectadas, tanto en la jornada de hoy como en las anteriores.<\/p>\n\n\n\n<p class=\"has-black-color has-text-color has-link-color wp-elements-b4e593c7d692f35e32322fd0591aac88\">Esto es una evidencia m\u00e1s de c\u00f3mo las masas pueden expulsar a las m\u00e1ximas autoridades de la democracia burguesa solo con la fuerza de la organizaci\u00f3n y sus propias manos. Las masas no est\u00e1n dispuestas a permitir la humillaci\u00f3n de que los gestores del Estado burgu\u00e9s, que les han abandonado a su suerte, obtengan r\u00e9dito de la tragedia mientras ellos luchan por su vida y entierran a sus muertos. No pueden acallar la verdad y la voz de todo un pueblo, que durante d\u00e9cadas resonar\u00e1 en la memoria de las generaciones que han hecho gala de la solidaridad y dignidad frente a la barbarie e ignominia del Estado burgu\u00e9s.<\/p>\n","protected":false},"excerpt":{"rendered":"<p>Reproducimos este art\u00edculo encontrado en el peri\u00f3dico revolucionario Servir al Pueblo Art\u00edculo enviado por un colaborador El Rey Felipe VI, el Presidente del Gobierno Pedro S\u00e1nchez y el Presidente de la Generalitat Valenciana Carlos Maz\u00f3n, ten\u00edan una visita oficial prevista para hoy, domingo de 3 noviembre. La visita estaba programada para medio d\u00eda, e iban [&hellip;]<\/p>\n","protected":false},"author":1,"featured_media":27003,"comment_status":"open","ping_status":"open","sticky":false,"template":"","format":"standard","meta":{"footnotes":""},"categories":[31],"tags":[],"class_list":["post-27002","post","type-post","status-publish","format-standard","has-post-thumbnail","hentry","category-internacional"],"blocksy_meta":[],"_links":{"self":[{"href":"https:\/\/nuevademocracia.com.co\/index.php?rest_route=\/wp\/v2\/posts\/27002","targetHints":{"allow":["GET"]}}],"collection":[{"href":"https:\/\/nuevademocracia.com.co\/index.php?rest_route=\/wp\/v2\/posts"}],"about":[{"href":"https:\/\/nuevademocracia.com.co\/index.php?rest_route=\/wp\/v2\/types\/post"}],"author":[{"embeddable":true,"href":"https:\/\/nuevademocracia.com.co\/index.php?rest_route=\/wp\/v2\/users\/1"}],"replies":[{"embeddable":true,"href":"https:\/\/nuevademocracia.com.co\/index.php?rest_route=%2Fwp%2Fv2%2Fcomments&post=27002"}],"version-history":[{"count":3,"href":"https:\/\/nuevademocracia.com.co\/index.php?rest_route=\/wp\/v2\/posts\/27002\/revisions"}],"predecessor-version":[{"id":27006,"href":"https:\/\/nuevademocracia.com.co\/index.php?rest_route=\/wp\/v2\/posts\/27002\/revisions\/27006"}],"wp:featuredmedia":[{"embeddable":true,"href":"https:\/\/nuevademocracia.com.co\/index.php?rest_route=\/wp\/v2\/media\/27003"}],"wp:attachment":[{"href":"https:\/\/nuevademocracia.com.co\/index.php?rest_route=%2Fwp%2Fv2%2Fmedia&parent=27002"}],"wp:term":[{"taxonomy":"category","embeddable":true,"href":"https:\/\/nuevademocracia.com.co\/index.php?rest_route=%2Fwp%2Fv2%2Fcategories&post=27002"},{"taxonomy":"post_tag","embeddable":true,"href":"https:\/\/nuevademocracia.com.co\/index.php?rest_route=%2Fwp%2Fv2%2Ftags&post=27002"}],"curies":[{"name":"wp","href":"https:\/\/api.w.org\/{rel}","templated":true}]}}