{"id":27008,"date":"2024-11-15T16:40:43","date_gmt":"2024-11-15T21:40:43","guid":{"rendered":"https:\/\/nuevademocracia.com.co\/?p=27008"},"modified":"2024-11-15T16:40:43","modified_gmt":"2024-11-15T21:40:43","slug":"iniciativas-en-colombia-en-el-marco-del-impulso-de-la-liga-antiimperialista-internacional","status":"publish","type":"post","link":"https:\/\/nuevademocracia.com.co\/?p=27008","title":{"rendered":"Iniciativas en Colombia en el marco del impulso de la Liga Antiimperialista Internacional"},"content":{"rendered":"\n<p class=\"has-black-color has-text-color has-link-color wp-elements-635aa67163e4b20b0be14320eeaacfb9\">La semana pasada, se llevaron a cabo importantes actividades realizadas por diversas organizaciones, en el marco del impulso de una nueva organizaci\u00f3n internacional que promueva la lucha y organizaci\u00f3n antiimperialista a nivel mundial.<\/p>\n\n\n\n<p class=\"has-black-color has-text-color has-link-color wp-elements-05d228fc65f696322e96b39ed8d0612c\">En primer lugar, se realiz\u00f3 el foro \u201cImperialismo, vigencia de una realidad censurada\u201d. Varias organizaciones y personas expusieron ponencias que plantearon sus an\u00e1lisis sobre la situaci\u00f3n mundial y sobre el papel del imperialismo hoy en d\u00eda. Uno de los objetivos de este espacio, era volver a levantar las banderas de la lucha antiimperialista en el pa\u00eds; este permiti\u00f3 poner a la orden del d\u00eda importantes discusiones respecto al an\u00e1lisis cient\u00edfico (marxista), para comprender el sometimiento, saqueo, explotaci\u00f3n y agresiones por parte de las potencias imperialistas sobre los pueblos del tercer mundo.<\/p>\n\n\n\n<p class=\"has-black-color has-text-color has-link-color wp-elements-c5e26e916a0a56d1e3a0a9e8f47487a1\">All\u00ed se denunci\u00f3 el papel del imperialismo en las guerras de agresi\u00f3n a los pa\u00edses oprimidos, se enarbolo las resistencias de los pueblos por su liberaci\u00f3n, y se realizaron denuncias concretas de multinacionales y transnacionales a sus trabajadores, como por ejemplo, en Venezuela la empresa MASISA, que ha venido persiguiendo al trabajador Jean Mendoza por su activismo sindical.<\/p>\n\n\n\n<p class=\"has-black-color has-text-color has-link-color wp-elements-d67402010146983bfbd3bc54ce74c7d1\">El cierre del espacio se realiz\u00f3 con la presentaci\u00f3n musical de varios luchadores y activistas revolucionarios, que con canciones antimperialistas, democr\u00e1ticas y revolucionarias, llevaron la cultura nacional y popular para elevar el esp\u00edritu de lucha y resistencia.<\/p>\n\n\n\n<figure class=\"wp-block-image aligncenter size-full is-resized\"><img loading=\"lazy\" decoding=\"async\" width=\"421\" height=\"658\" src=\"https:\/\/nuevademocracia.com.co\/wp-content\/uploads\/2024\/11\/image-22.png\" alt=\"\" class=\"wp-image-27009\" style=\"width:347px;height:auto\" srcset=\"https:\/\/nuevademocracia.com.co\/wp-content\/uploads\/2024\/11\/image-22.png 421w, https:\/\/nuevademocracia.com.co\/wp-content\/uploads\/2024\/11\/image-22-192x300.png 192w\" sizes=\"auto, (max-width: 421px) 100vw, 421px\" \/><\/figure>\n\n\n\n<p><\/p>\n\n\n\n<div class=\"wp-block-group is-nowrap is-layout-flex wp-container-core-group-is-layout-6c531013 wp-block-group-is-layout-flex\">\n<figure class=\"wp-block-image size-large is-resized\"><img loading=\"lazy\" decoding=\"async\" width=\"1024\" height=\"683\" src=\"https:\/\/nuevademocracia.com.co\/wp-content\/uploads\/2024\/11\/Foro-Imperialismo-Relidad-Censurada-4-1024x683.jpg\" alt=\"\" class=\"wp-image-27011\" style=\"width:416px;height:auto\" srcset=\"https:\/\/nuevademocracia.com.co\/wp-content\/uploads\/2024\/11\/Foro-Imperialismo-Relidad-Censurada-4-1024x683.jpg 1024w, https:\/\/nuevademocracia.com.co\/wp-content\/uploads\/2024\/11\/Foro-Imperialismo-Relidad-Censurada-4-300x200.jpg 300w, https:\/\/nuevademocracia.com.co\/wp-content\/uploads\/2024\/11\/Foro-Imperialismo-Relidad-Censurada-4-768x512.jpg 768w, https:\/\/nuevademocracia.com.co\/wp-content\/uploads\/2024\/11\/Foro-Imperialismo-Relidad-Censurada-4.jpg 1380w\" sizes=\"auto, (max-width: 1024px) 100vw, 1024px\" \/><\/figure>\n\n\n\n<figure class=\"wp-block-image size-large is-resized\"><img loading=\"lazy\" decoding=\"async\" width=\"1024\" height=\"683\" src=\"https:\/\/nuevademocracia.com.co\/wp-content\/uploads\/2024\/11\/Foro-Imperialismo-Relidad-Censurada-11-1024x683.jpg\" alt=\"\" class=\"wp-image-27010\" style=\"width:415px;height:auto\" srcset=\"https:\/\/nuevademocracia.com.co\/wp-content\/uploads\/2024\/11\/Foro-Imperialismo-Relidad-Censurada-11-1024x683.jpg 1024w, https:\/\/nuevademocracia.com.co\/wp-content\/uploads\/2024\/11\/Foro-Imperialismo-Relidad-Censurada-11-300x200.jpg 300w, https:\/\/nuevademocracia.com.co\/wp-content\/uploads\/2024\/11\/Foro-Imperialismo-Relidad-Censurada-11-768x512.jpg 768w, https:\/\/nuevademocracia.com.co\/wp-content\/uploads\/2024\/11\/Foro-Imperialismo-Relidad-Censurada-11.jpg 1380w\" sizes=\"auto, (max-width: 1024px) 100vw, 1024px\" \/><\/figure>\n<\/div>\n\n\n\n<p><\/p>\n\n\n\n<div class=\"wp-block-group is-nowrap is-layout-flex wp-container-core-group-is-layout-6c531013 wp-block-group-is-layout-flex\">\n<figure class=\"wp-block-image size-large is-resized\"><img loading=\"lazy\" decoding=\"async\" width=\"1024\" height=\"683\" src=\"https:\/\/nuevademocracia.com.co\/wp-content\/uploads\/2024\/11\/Foro-Imperialismo-Relidad-Censurada-14-1024x683.jpg\" alt=\"\" class=\"wp-image-27017\" style=\"width:387px;height:auto\" srcset=\"https:\/\/nuevademocracia.com.co\/wp-content\/uploads\/2024\/11\/Foro-Imperialismo-Relidad-Censurada-14-1024x683.jpg 1024w, https:\/\/nuevademocracia.com.co\/wp-content\/uploads\/2024\/11\/Foro-Imperialismo-Relidad-Censurada-14-300x200.jpg 300w, https:\/\/nuevademocracia.com.co\/wp-content\/uploads\/2024\/11\/Foro-Imperialismo-Relidad-Censurada-14-768x512.jpg 768w, https:\/\/nuevademocracia.com.co\/wp-content\/uploads\/2024\/11\/Foro-Imperialismo-Relidad-Censurada-14.jpg 1380w\" sizes=\"auto, (max-width: 1024px) 100vw, 1024px\" \/><\/figure>\n\n\n\n<figure class=\"wp-block-image size-large is-resized\"><img loading=\"lazy\" decoding=\"async\" width=\"1024\" height=\"683\" src=\"https:\/\/nuevademocracia.com.co\/wp-content\/uploads\/2024\/11\/Foro-Imperialismo-Relidad-Censurada-15-1024x683.jpg\" alt=\"\" class=\"wp-image-27021\" style=\"width:378px;height:auto\" srcset=\"https:\/\/nuevademocracia.com.co\/wp-content\/uploads\/2024\/11\/Foro-Imperialismo-Relidad-Censurada-15-1024x683.jpg 1024w, https:\/\/nuevademocracia.com.co\/wp-content\/uploads\/2024\/11\/Foro-Imperialismo-Relidad-Censurada-15-300x200.jpg 300w, https:\/\/nuevademocracia.com.co\/wp-content\/uploads\/2024\/11\/Foro-Imperialismo-Relidad-Censurada-15-768x512.jpg 768w, https:\/\/nuevademocracia.com.co\/wp-content\/uploads\/2024\/11\/Foro-Imperialismo-Relidad-Censurada-15.jpg 1380w\" sizes=\"auto, (max-width: 1024px) 100vw, 1024px\" \/><\/figure>\n<\/div>\n\n\n\n<p><\/p>\n\n\n\n<div class=\"wp-block-group is-nowrap is-layout-flex wp-container-core-group-is-layout-6c531013 wp-block-group-is-layout-flex\">\n<figure class=\"wp-block-image size-large is-resized\"><img loading=\"lazy\" decoding=\"async\" width=\"1024\" height=\"683\" src=\"https:\/\/nuevademocracia.com.co\/wp-content\/uploads\/2024\/11\/Foro-Imperialismo-Relidad-Censurada-21-1024x683.jpg\" alt=\"\" class=\"wp-image-27012\" style=\"width:427px;height:auto\" srcset=\"https:\/\/nuevademocracia.com.co\/wp-content\/uploads\/2024\/11\/Foro-Imperialismo-Relidad-Censurada-21-1024x683.jpg 1024w, https:\/\/nuevademocracia.com.co\/wp-content\/uploads\/2024\/11\/Foro-Imperialismo-Relidad-Censurada-21-300x200.jpg 300w, https:\/\/nuevademocracia.com.co\/wp-content\/uploads\/2024\/11\/Foro-Imperialismo-Relidad-Censurada-21-768x512.jpg 768w, https:\/\/nuevademocracia.com.co\/wp-content\/uploads\/2024\/11\/Foro-Imperialismo-Relidad-Censurada-21.jpg 1380w\" sizes=\"auto, (max-width: 1024px) 100vw, 1024px\" \/><\/figure>\n\n\n\n<figure class=\"wp-block-image size-large is-resized\"><img loading=\"lazy\" decoding=\"async\" width=\"1024\" height=\"683\" src=\"https:\/\/nuevademocracia.com.co\/wp-content\/uploads\/2024\/11\/Foro-Imperialismo-Relidad-Censurada-25-1024x683.jpg\" alt=\"\" class=\"wp-image-27016\" style=\"width:425px;height:auto\" srcset=\"https:\/\/nuevademocracia.com.co\/wp-content\/uploads\/2024\/11\/Foro-Imperialismo-Relidad-Censurada-25-1024x683.jpg 1024w, https:\/\/nuevademocracia.com.co\/wp-content\/uploads\/2024\/11\/Foro-Imperialismo-Relidad-Censurada-25-300x200.jpg 300w, https:\/\/nuevademocracia.com.co\/wp-content\/uploads\/2024\/11\/Foro-Imperialismo-Relidad-Censurada-25-768x512.jpg 768w, https:\/\/nuevademocracia.com.co\/wp-content\/uploads\/2024\/11\/Foro-Imperialismo-Relidad-Censurada-25.jpg 1380w\" sizes=\"auto, (max-width: 1024px) 100vw, 1024px\" \/><\/figure>\n<\/div>\n\n\n\n<p><\/p>\n\n\n\n<div class=\"wp-block-group is-nowrap is-layout-flex wp-container-core-group-is-layout-6c531013 wp-block-group-is-layout-flex\">\n<figure class=\"wp-block-image size-large is-resized\"><img loading=\"lazy\" decoding=\"async\" width=\"1024\" height=\"683\" src=\"https:\/\/nuevademocracia.com.co\/wp-content\/uploads\/2024\/11\/Foro-Imperialismo-Relidad-Censurada-27-1024x683.jpg\" alt=\"\" class=\"wp-image-27015\" style=\"width:425px;height:auto\" srcset=\"https:\/\/nuevademocracia.com.co\/wp-content\/uploads\/2024\/11\/Foro-Imperialismo-Relidad-Censurada-27-1024x683.jpg 1024w, https:\/\/nuevademocracia.com.co\/wp-content\/uploads\/2024\/11\/Foro-Imperialismo-Relidad-Censurada-27-300x200.jpg 300w, https:\/\/nuevademocracia.com.co\/wp-content\/uploads\/2024\/11\/Foro-Imperialismo-Relidad-Censurada-27-768x512.jpg 768w, https:\/\/nuevademocracia.com.co\/wp-content\/uploads\/2024\/11\/Foro-Imperialismo-Relidad-Censurada-27.jpg 1380w\" sizes=\"auto, (max-width: 1024px) 100vw, 1024px\" \/><\/figure>\n\n\n\n<figure class=\"wp-block-image size-large is-resized\"><img loading=\"lazy\" decoding=\"async\" width=\"1024\" height=\"683\" src=\"https:\/\/nuevademocracia.com.co\/wp-content\/uploads\/2024\/11\/Foro-Imperialismo-Relidad-Censurada-29-1024x683.jpg\" alt=\"\" class=\"wp-image-27013\" style=\"width:426px;height:auto\" srcset=\"https:\/\/nuevademocracia.com.co\/wp-content\/uploads\/2024\/11\/Foro-Imperialismo-Relidad-Censurada-29-1024x683.jpg 1024w, https:\/\/nuevademocracia.com.co\/wp-content\/uploads\/2024\/11\/Foro-Imperialismo-Relidad-Censurada-29-300x200.jpg 300w, https:\/\/nuevademocracia.com.co\/wp-content\/uploads\/2024\/11\/Foro-Imperialismo-Relidad-Censurada-29-768x512.jpg 768w, https:\/\/nuevademocracia.com.co\/wp-content\/uploads\/2024\/11\/Foro-Imperialismo-Relidad-Censurada-29.jpg 1380w\" sizes=\"auto, (max-width: 1024px) 100vw, 1024px\" \/><\/figure>\n<\/div>\n\n\n\n<p><\/p>\n\n\n\n<div class=\"wp-block-group is-nowrap is-layout-flex wp-container-core-group-is-layout-6c531013 wp-block-group-is-layout-flex\">\n<figure class=\"wp-block-image size-large is-resized\"><img loading=\"lazy\" decoding=\"async\" width=\"1024\" height=\"683\" src=\"https:\/\/nuevademocracia.com.co\/wp-content\/uploads\/2024\/11\/Foro-Imperialismo-Relidad-Censurada-31-1024x683.jpg\" alt=\"\" class=\"wp-image-27020\" style=\"width:435px;height:auto\" srcset=\"https:\/\/nuevademocracia.com.co\/wp-content\/uploads\/2024\/11\/Foro-Imperialismo-Relidad-Censurada-31-1024x683.jpg 1024w, https:\/\/nuevademocracia.com.co\/wp-content\/uploads\/2024\/11\/Foro-Imperialismo-Relidad-Censurada-31-300x200.jpg 300w, https:\/\/nuevademocracia.com.co\/wp-content\/uploads\/2024\/11\/Foro-Imperialismo-Relidad-Censurada-31-768x512.jpg 768w, https:\/\/nuevademocracia.com.co\/wp-content\/uploads\/2024\/11\/Foro-Imperialismo-Relidad-Censurada-31.jpg 1380w\" sizes=\"auto, (max-width: 1024px) 100vw, 1024px\" \/><\/figure>\n\n\n\n<figure class=\"wp-block-image size-large is-resized\"><img loading=\"lazy\" decoding=\"async\" width=\"1024\" height=\"683\" src=\"https:\/\/nuevademocracia.com.co\/wp-content\/uploads\/2024\/11\/Foro-Imperialismo-Relidad-Censurada-32-1024x683.jpg\" alt=\"\" class=\"wp-image-27014\" style=\"width:454px;height:auto\" srcset=\"https:\/\/nuevademocracia.com.co\/wp-content\/uploads\/2024\/11\/Foro-Imperialismo-Relidad-Censurada-32-1024x683.jpg 1024w, https:\/\/nuevademocracia.com.co\/wp-content\/uploads\/2024\/11\/Foro-Imperialismo-Relidad-Censurada-32-300x200.jpg 300w, https:\/\/nuevademocracia.com.co\/wp-content\/uploads\/2024\/11\/Foro-Imperialismo-Relidad-Censurada-32-768x512.jpg 768w, https:\/\/nuevademocracia.com.co\/wp-content\/uploads\/2024\/11\/Foro-Imperialismo-Relidad-Censurada-32.jpg 1380w\" sizes=\"auto, (max-width: 1024px) 100vw, 1024px\" \/><\/figure>\n<\/div>\n\n\n\n<p><\/p>\n\n\n\n<div class=\"wp-block-group is-nowrap is-layout-flex wp-container-core-group-is-layout-6c531013 wp-block-group-is-layout-flex\">\n<figure class=\"wp-block-image size-large is-resized\"><img loading=\"lazy\" decoding=\"async\" width=\"1024\" height=\"683\" src=\"https:\/\/nuevademocracia.com.co\/wp-content\/uploads\/2024\/11\/Foro-Imperialismo-Relidad-Censurada-33-1024x683.jpg\" alt=\"\" class=\"wp-image-27019\" style=\"width:456px;height:auto\" srcset=\"https:\/\/nuevademocracia.com.co\/wp-content\/uploads\/2024\/11\/Foro-Imperialismo-Relidad-Censurada-33-1024x683.jpg 1024w, https:\/\/nuevademocracia.com.co\/wp-content\/uploads\/2024\/11\/Foro-Imperialismo-Relidad-Censurada-33-300x200.jpg 300w, https:\/\/nuevademocracia.com.co\/wp-content\/uploads\/2024\/11\/Foro-Imperialismo-Relidad-Censurada-33-768x512.jpg 768w, https:\/\/nuevademocracia.com.co\/wp-content\/uploads\/2024\/11\/Foro-Imperialismo-Relidad-Censurada-33.jpg 1380w\" sizes=\"auto, (max-width: 1024px) 100vw, 1024px\" \/><\/figure>\n\n\n\n<figure class=\"wp-block-image size-large is-resized\"><img loading=\"lazy\" decoding=\"async\" width=\"1024\" height=\"683\" src=\"https:\/\/nuevademocracia.com.co\/wp-content\/uploads\/2024\/11\/Foro-Imperialismo-Relidad-Censurada-13-1024x683.jpg\" alt=\"\" class=\"wp-image-27018\" style=\"width:461px;height:auto\" srcset=\"https:\/\/nuevademocracia.com.co\/wp-content\/uploads\/2024\/11\/Foro-Imperialismo-Relidad-Censurada-13-1024x683.jpg 1024w, https:\/\/nuevademocracia.com.co\/wp-content\/uploads\/2024\/11\/Foro-Imperialismo-Relidad-Censurada-13-300x200.jpg 300w, https:\/\/nuevademocracia.com.co\/wp-content\/uploads\/2024\/11\/Foro-Imperialismo-Relidad-Censurada-13-768x512.jpg 768w, https:\/\/nuevademocracia.com.co\/wp-content\/uploads\/2024\/11\/Foro-Imperialismo-Relidad-Censurada-13.jpg 1380w\" sizes=\"auto, (max-width: 1024px) 100vw, 1024px\" \/><\/figure>\n<\/div>\n\n\n\n<p><\/p>\n\n\n\n<p class=\"has-black-color has-text-color has-link-color wp-elements-dbf355f2c7363fe838609503e8339793\">Tambi\u00e9n, en el trascurso de la semana, fueron realizadas varias acciones de pintas antiimperialistas en la Universidad de Antioquia, instituci\u00f3n que actualmente vive un gran movimiento de lucha universitaria contra la desfinanciaci\u00f3n de la educaci\u00f3n superior p\u00fablica. En medio de las reivindicaciones universitarias, principalmente por plena financiaci\u00f3n de la universidad, algunos estudiantes han expresado la relaci\u00f3n de la problem\u00e1tica actual con las pol\u00edticas del imperialismo yanqui para Colombia, han levantado en alto la bandera del heroico pueblo palestino, y han agitado las consignas antiimperialistas en medio de la coyuntura universitaria.<\/p>\n\n\n\n<div class=\"wp-block-group is-nowrap is-layout-flex wp-container-core-group-is-layout-6c531013 wp-block-group-is-layout-flex\">\n<figure class=\"wp-block-image size-large is-resized\"><img loading=\"lazy\" decoding=\"async\" width=\"1024\" height=\"576\" src=\"https:\/\/nuevademocracia.com.co\/wp-content\/uploads\/2024\/11\/Arte-antiimperialista-1-1024x576.jpg\" alt=\"\" class=\"wp-image-27023\" style=\"width:448px;height:auto\" srcset=\"https:\/\/nuevademocracia.com.co\/wp-content\/uploads\/2024\/11\/Arte-antiimperialista-1-1024x576.jpg 1024w, https:\/\/nuevademocracia.com.co\/wp-content\/uploads\/2024\/11\/Arte-antiimperialista-1-300x169.jpg 300w, https:\/\/nuevademocracia.com.co\/wp-content\/uploads\/2024\/11\/Arte-antiimperialista-1-768x432.jpg 768w, https:\/\/nuevademocracia.com.co\/wp-content\/uploads\/2024\/11\/Arte-antiimperialista-1-1536x863.jpg 1536w, https:\/\/nuevademocracia.com.co\/wp-content\/uploads\/2024\/11\/Arte-antiimperialista-1-2048x1151.jpg 2048w\" sizes=\"auto, (max-width: 1024px) 100vw, 1024px\" \/><\/figure>\n\n\n\n<figure class=\"wp-block-image size-large is-resized\"><img loading=\"lazy\" decoding=\"async\" width=\"1024\" height=\"576\" src=\"https:\/\/nuevademocracia.com.co\/wp-content\/uploads\/2024\/11\/Arte-antiimperialista-2-1024x576.jpg\" alt=\"\" class=\"wp-image-27024\" style=\"width:451px;height:auto\" srcset=\"https:\/\/nuevademocracia.com.co\/wp-content\/uploads\/2024\/11\/Arte-antiimperialista-2-1024x576.jpg 1024w, https:\/\/nuevademocracia.com.co\/wp-content\/uploads\/2024\/11\/Arte-antiimperialista-2-300x169.jpg 300w, https:\/\/nuevademocracia.com.co\/wp-content\/uploads\/2024\/11\/Arte-antiimperialista-2-768x432.jpg 768w, https:\/\/nuevademocracia.com.co\/wp-content\/uploads\/2024\/11\/Arte-antiimperialista-2-1536x863.jpg 1536w, https:\/\/nuevademocracia.com.co\/wp-content\/uploads\/2024\/11\/Arte-antiimperialista-2-2048x1151.jpg 2048w\" sizes=\"auto, (max-width: 1024px) 100vw, 1024px\" \/><\/figure>\n<\/div>\n\n\n\n<p><\/p>\n\n\n\n<div class=\"wp-block-group is-nowrap is-layout-flex wp-container-core-group-is-layout-6c531013 wp-block-group-is-layout-flex\">\n<figure class=\"wp-block-image size-large is-resized\"><img loading=\"lazy\" decoding=\"async\" width=\"1024\" height=\"768\" src=\"https:\/\/nuevademocracia.com.co\/wp-content\/uploads\/2024\/11\/IMG-20241115-WA0143-1024x768.jpg\" alt=\"\" class=\"wp-image-27037\" style=\"width:363px;height:auto\" srcset=\"https:\/\/nuevademocracia.com.co\/wp-content\/uploads\/2024\/11\/IMG-20241115-WA0143-1024x768.jpg 1024w, https:\/\/nuevademocracia.com.co\/wp-content\/uploads\/2024\/11\/IMG-20241115-WA0143-300x225.jpg 300w, https:\/\/nuevademocracia.com.co\/wp-content\/uploads\/2024\/11\/IMG-20241115-WA0143-768x576.jpg 768w, https:\/\/nuevademocracia.com.co\/wp-content\/uploads\/2024\/11\/IMG-20241115-WA0143-1536x1152.jpg 1536w, https:\/\/nuevademocracia.com.co\/wp-content\/uploads\/2024\/11\/IMG-20241115-WA0143.jpg 1600w\" sizes=\"auto, (max-width: 1024px) 100vw, 1024px\" \/><\/figure>\n\n\n\n<figure class=\"wp-block-image size-large is-resized\"><img loading=\"lazy\" decoding=\"async\" width=\"1024\" height=\"768\" src=\"https:\/\/nuevademocracia.com.co\/wp-content\/uploads\/2024\/11\/IMG-20241115-WA0142-1024x768.jpg\" alt=\"\" class=\"wp-image-27040\" style=\"width:371px;height:auto\" srcset=\"https:\/\/nuevademocracia.com.co\/wp-content\/uploads\/2024\/11\/IMG-20241115-WA0142-1024x768.jpg 1024w, https:\/\/nuevademocracia.com.co\/wp-content\/uploads\/2024\/11\/IMG-20241115-WA0142-300x225.jpg 300w, https:\/\/nuevademocracia.com.co\/wp-content\/uploads\/2024\/11\/IMG-20241115-WA0142-768x576.jpg 768w, https:\/\/nuevademocracia.com.co\/wp-content\/uploads\/2024\/11\/IMG-20241115-WA0142-1536x1152.jpg 1536w, https:\/\/nuevademocracia.com.co\/wp-content\/uploads\/2024\/11\/IMG-20241115-WA0142.jpg 1600w\" sizes=\"auto, (max-width: 1024px) 100vw, 1024px\" \/><\/figure>\n<\/div>\n\n\n\n<p><\/p>\n\n\n\n<div class=\"wp-block-group is-nowrap is-layout-flex wp-container-core-group-is-layout-6c531013 wp-block-group-is-layout-flex\">\n<figure class=\"wp-block-image size-large is-resized\"><img loading=\"lazy\" decoding=\"async\" width=\"1024\" height=\"768\" src=\"https:\/\/nuevademocracia.com.co\/wp-content\/uploads\/2024\/11\/IMG-20241115-WA0145-1024x768.jpg\" alt=\"\" class=\"wp-image-27038\" style=\"width:353px;height:auto\" srcset=\"https:\/\/nuevademocracia.com.co\/wp-content\/uploads\/2024\/11\/IMG-20241115-WA0145-1024x768.jpg 1024w, https:\/\/nuevademocracia.com.co\/wp-content\/uploads\/2024\/11\/IMG-20241115-WA0145-300x225.jpg 300w, https:\/\/nuevademocracia.com.co\/wp-content\/uploads\/2024\/11\/IMG-20241115-WA0145-768x576.jpg 768w, https:\/\/nuevademocracia.com.co\/wp-content\/uploads\/2024\/11\/IMG-20241115-WA0145-1536x1152.jpg 1536w, https:\/\/nuevademocracia.com.co\/wp-content\/uploads\/2024\/11\/IMG-20241115-WA0145.jpg 1600w\" sizes=\"auto, (max-width: 1024px) 100vw, 1024px\" \/><\/figure>\n\n\n\n<figure class=\"wp-block-image size-large is-resized\"><img loading=\"lazy\" decoding=\"async\" width=\"1024\" height=\"768\" src=\"https:\/\/nuevademocracia.com.co\/wp-content\/uploads\/2024\/11\/IMG-20241115-WA0144-1024x768.jpg\" alt=\"\" class=\"wp-image-27039\" style=\"width:353px;height:auto\" srcset=\"https:\/\/nuevademocracia.com.co\/wp-content\/uploads\/2024\/11\/IMG-20241115-WA0144-1024x768.jpg 1024w, https:\/\/nuevademocracia.com.co\/wp-content\/uploads\/2024\/11\/IMG-20241115-WA0144-300x225.jpg 300w, https:\/\/nuevademocracia.com.co\/wp-content\/uploads\/2024\/11\/IMG-20241115-WA0144-768x576.jpg 768w, https:\/\/nuevademocracia.com.co\/wp-content\/uploads\/2024\/11\/IMG-20241115-WA0144-1536x1152.jpg 1536w, https:\/\/nuevademocracia.com.co\/wp-content\/uploads\/2024\/11\/IMG-20241115-WA0144.jpg 1600w\" sizes=\"auto, (max-width: 1024px) 100vw, 1024px\" \/><\/figure>\n<\/div>\n\n\n\n<p><\/p>\n\n\n\n<p class=\"has-black-color has-text-color has-link-color wp-elements-f16465e38a0921c1255ac08039a420ef\">Un tercer suceso, fue la realizaci\u00f3n de una importante reuni\u00f3n para avanzar en la conformaci\u00f3n de un Frente Popular Antiimperialista en el pa\u00eds. En ella participaron personas y organizaciones provenientes de diferentes regiones y ciudades como Santander, Bogot\u00e1, Medell\u00edn, Cali, y tambi\u00e9n del hermano pa\u00eds Ecuador. Hubo presencia de obreros y sindicalistas, estudiantes e intelectuales revolucionarios, organizaciones de mujeres, activistas de la lucha por la vivienda, procesos barriales, entre otros.<\/p>\n\n\n\n<p class=\"has-black-color has-text-color has-link-color wp-elements-1b185c2535b9a245ea3538a9235d3109\">En un primer momento, se discuti\u00f3 la base de unidad en torno a la cual, las organizaciones y personas all\u00ed agrupadas, comenzar\u00edan la construcci\u00f3n del Frente Popular Antiimperialista, y luego de varias horas de discusi\u00f3n, se lleg\u00f3 a unidad en 5 puntos:<\/p>\n\n\n\n<p class=\"has-black-color has-text-color has-link-color wp-elements-12276c12c003309b332f2533af0ebdb6\">1) Lucha por la defensa y la conquista de derechos para el pueblo.<\/p>\n\n\n\n<p class=\"has-black-color has-text-color has-link-color wp-elements-f1e324e02bc9b5514005f724ea1bac7f\">2) Lucha antiimperialista e internacionalismo proletario.<\/p>\n\n\n\n<p class=\"has-black-color has-text-color has-link-color wp-elements-5911fc90a050b0d6657da7067b3813d5\">3) Independencia del Estado, de los gobiernos de turno y de los distintos partidos electorales.<\/p>\n\n\n\n<p class=\"has-black-color has-text-color has-link-color wp-elements-7f2e6b1765d745bf2171bccc8cf4c415\">4) Posici\u00f3n clasista y asunci\u00f3n de la lucha de clases como motor de la historia.<\/p>\n\n\n\n<p class=\"has-black-color has-text-color has-link-color wp-elements-8a75f724af41504eb57f473c6288fcbf\">5) V\u00edas de hecho y movilizaci\u00f3n de las masas como forma principal de lucha.<\/p>\n\n\n\n<div class=\"wp-block-group is-nowrap is-layout-flex wp-container-core-group-is-layout-6c531013 wp-block-group-is-layout-flex\">\n<figure class=\"wp-block-image size-large is-resized\"><img loading=\"lazy\" decoding=\"async\" width=\"1024\" height=\"683\" src=\"https:\/\/nuevademocracia.com.co\/wp-content\/uploads\/2024\/11\/Reunion-Pro-Frente-Popular-2-1024x683.jpg\" alt=\"\" class=\"wp-image-27025\" style=\"width:383px;height:auto\" srcset=\"https:\/\/nuevademocracia.com.co\/wp-content\/uploads\/2024\/11\/Reunion-Pro-Frente-Popular-2-1024x683.jpg 1024w, https:\/\/nuevademocracia.com.co\/wp-content\/uploads\/2024\/11\/Reunion-Pro-Frente-Popular-2-300x200.jpg 300w, https:\/\/nuevademocracia.com.co\/wp-content\/uploads\/2024\/11\/Reunion-Pro-Frente-Popular-2-768x512.jpg 768w, https:\/\/nuevademocracia.com.co\/wp-content\/uploads\/2024\/11\/Reunion-Pro-Frente-Popular-2.jpg 1380w\" sizes=\"auto, (max-width: 1024px) 100vw, 1024px\" \/><\/figure>\n\n\n\n<figure class=\"wp-block-image size-large is-resized\"><img loading=\"lazy\" decoding=\"async\" width=\"1024\" height=\"683\" src=\"https:\/\/nuevademocracia.com.co\/wp-content\/uploads\/2024\/11\/Reunion-Pro-Frente-Popular-3-1024x683.jpg\" alt=\"\" class=\"wp-image-27026\" style=\"width:382px;height:auto\" srcset=\"https:\/\/nuevademocracia.com.co\/wp-content\/uploads\/2024\/11\/Reunion-Pro-Frente-Popular-3-1024x683.jpg 1024w, https:\/\/nuevademocracia.com.co\/wp-content\/uploads\/2024\/11\/Reunion-Pro-Frente-Popular-3-300x200.jpg 300w, https:\/\/nuevademocracia.com.co\/wp-content\/uploads\/2024\/11\/Reunion-Pro-Frente-Popular-3-768x512.jpg 768w, https:\/\/nuevademocracia.com.co\/wp-content\/uploads\/2024\/11\/Reunion-Pro-Frente-Popular-3.jpg 1380w\" sizes=\"auto, (max-width: 1024px) 100vw, 1024px\" \/><\/figure>\n<\/div>\n\n\n\n<p><\/p>\n\n\n\n<div class=\"wp-block-group is-nowrap is-layout-flex wp-container-core-group-is-layout-6c531013 wp-block-group-is-layout-flex\">\n<figure class=\"wp-block-image size-large is-resized\"><img loading=\"lazy\" decoding=\"async\" width=\"1024\" height=\"683\" src=\"https:\/\/nuevademocracia.com.co\/wp-content\/uploads\/2024\/11\/Reunion-Pro-Frente-Popular-8-1024x683.jpg\" alt=\"\" class=\"wp-image-27027\" style=\"width:383px;height:auto\" srcset=\"https:\/\/nuevademocracia.com.co\/wp-content\/uploads\/2024\/11\/Reunion-Pro-Frente-Popular-8-1024x683.jpg 1024w, https:\/\/nuevademocracia.com.co\/wp-content\/uploads\/2024\/11\/Reunion-Pro-Frente-Popular-8-300x200.jpg 300w, https:\/\/nuevademocracia.com.co\/wp-content\/uploads\/2024\/11\/Reunion-Pro-Frente-Popular-8-768x512.jpg 768w, https:\/\/nuevademocracia.com.co\/wp-content\/uploads\/2024\/11\/Reunion-Pro-Frente-Popular-8.jpg 1380w\" sizes=\"auto, (max-width: 1024px) 100vw, 1024px\" \/><\/figure>\n\n\n\n<figure class=\"wp-block-image size-large is-resized\"><img loading=\"lazy\" decoding=\"async\" width=\"1024\" height=\"683\" src=\"https:\/\/nuevademocracia.com.co\/wp-content\/uploads\/2024\/11\/Reunion-Pro-Frente-Popular-10-1024x683.jpg\" alt=\"\" class=\"wp-image-27030\" style=\"width:384px;height:auto\" srcset=\"https:\/\/nuevademocracia.com.co\/wp-content\/uploads\/2024\/11\/Reunion-Pro-Frente-Popular-10-1024x683.jpg 1024w, https:\/\/nuevademocracia.com.co\/wp-content\/uploads\/2024\/11\/Reunion-Pro-Frente-Popular-10-300x200.jpg 300w, https:\/\/nuevademocracia.com.co\/wp-content\/uploads\/2024\/11\/Reunion-Pro-Frente-Popular-10-768x512.jpg 768w, https:\/\/nuevademocracia.com.co\/wp-content\/uploads\/2024\/11\/Reunion-Pro-Frente-Popular-10.jpg 1380w\" sizes=\"auto, (max-width: 1024px) 100vw, 1024px\" \/><\/figure>\n<\/div>\n\n\n\n<p><\/p>\n\n\n\n<div class=\"wp-block-group is-nowrap is-layout-flex wp-container-core-group-is-layout-6c531013 wp-block-group-is-layout-flex\">\n<figure class=\"wp-block-image size-large is-resized\"><img loading=\"lazy\" decoding=\"async\" width=\"1024\" height=\"683\" src=\"https:\/\/nuevademocracia.com.co\/wp-content\/uploads\/2024\/11\/Reunion-Pro-Frente-Popular-12-1024x683.jpg\" alt=\"\" class=\"wp-image-27028\" style=\"width:382px;height:auto\" srcset=\"https:\/\/nuevademocracia.com.co\/wp-content\/uploads\/2024\/11\/Reunion-Pro-Frente-Popular-12-1024x683.jpg 1024w, https:\/\/nuevademocracia.com.co\/wp-content\/uploads\/2024\/11\/Reunion-Pro-Frente-Popular-12-300x200.jpg 300w, https:\/\/nuevademocracia.com.co\/wp-content\/uploads\/2024\/11\/Reunion-Pro-Frente-Popular-12-768x512.jpg 768w, https:\/\/nuevademocracia.com.co\/wp-content\/uploads\/2024\/11\/Reunion-Pro-Frente-Popular-12.jpg 1380w\" sizes=\"auto, (max-width: 1024px) 100vw, 1024px\" \/><\/figure>\n\n\n\n<figure class=\"wp-block-image size-large is-resized\"><img loading=\"lazy\" decoding=\"async\" width=\"1024\" height=\"683\" src=\"https:\/\/nuevademocracia.com.co\/wp-content\/uploads\/2024\/11\/Reunion-Pro-Frente-Popular-16-1024x683.jpg\" alt=\"\" class=\"wp-image-27029\" style=\"width:381px;height:auto\" srcset=\"https:\/\/nuevademocracia.com.co\/wp-content\/uploads\/2024\/11\/Reunion-Pro-Frente-Popular-16-1024x683.jpg 1024w, https:\/\/nuevademocracia.com.co\/wp-content\/uploads\/2024\/11\/Reunion-Pro-Frente-Popular-16-300x200.jpg 300w, https:\/\/nuevademocracia.com.co\/wp-content\/uploads\/2024\/11\/Reunion-Pro-Frente-Popular-16-768x512.jpg 768w, https:\/\/nuevademocracia.com.co\/wp-content\/uploads\/2024\/11\/Reunion-Pro-Frente-Popular-16.jpg 1380w\" sizes=\"auto, (max-width: 1024px) 100vw, 1024px\" \/><\/figure>\n<\/div>\n\n\n\n<p><\/p>\n\n\n\n<p class=\"has-black-color has-text-color has-link-color wp-elements-011e9393cfb564a0ef8e20235e250165\">En un segundo momento, se breg\u00f3 por plasmar la unidad alcanzada en tareas pr\u00e1cticas y concretas que dieran inicio a dicha construcci\u00f3n, como la creaci\u00f3n de un comit\u00e9 de impulso, establecer canales de comunicaci\u00f3n para las diferentes tareas, realizar acciones de apoyo a varias luchas reivindicativas y, acciones de agitaci\u00f3n y propaganda antiimperialista e internacionalista.<\/p>\n\n\n\n<p class=\"has-black-color has-text-color has-link-color wp-elements-664c83862cc5e47a72c6b802f0560449\">Dos de las acciones acordadas en la reuni\u00f3n, fueron la realizaci\u00f3n de dos videos: uno en apoyo al pueblo de Valencia, Espa\u00f1a, que actualmente vive una lucha por la atenci\u00f3n al desastre vivido a causa de las inundaciones, desastre que es plena responsabilidad del Estado espa\u00f1ol, y que, ante la negligencia del mismo, las masas de Espa\u00f1a se han unido para hacer frente a la dura situaci\u00f3n. Bajo la consigna de \u201csolo el pueblo salva al pueblo\u201d en las redes sociales abundan ejemplos de organizaci\u00f3n, solidaridad popular, rechazo y combate al viejo Estado, al que las masas han denunciado como asesino por su responsabilidad en las inundaciones. Tambi\u00e9n se acord\u00f3 otro video, en apoyo a la heroica resistencia del pueblo palestino, quien con su ejemplo de coraje ha plasmado en los hechos la lucha contra el imperialismo yanqui y su lacayo sionista Israel. Estos videos los compartimos a continuaci\u00f3n.<\/p>\n\n\n\n<figure class=\"wp-block-embed is-type-video is-provider-youtube wp-block-embed-youtube wp-embed-aspect-16-9 wp-has-aspect-ratio\"><div class=\"wp-block-embed__wrapper\">\n<iframe loading=\"lazy\" title=\"Saludo al pueblo de Valencia, Espa\u00f1a\" width=\"1290\" height=\"726\" src=\"https:\/\/www.youtube.com\/embed\/T4K_PiIhUdw?feature=oembed\" frameborder=\"0\" allow=\"accelerometer; autoplay; clipboard-write; encrypted-media; gyroscope; picture-in-picture; web-share\" referrerpolicy=\"strict-origin-when-cross-origin\" allowfullscreen><\/iframe>\n<\/div><\/figure>\n\n\n\n<p><\/p>\n\n\n\n<figure class=\"wp-block-embed is-type-video is-provider-youtube wp-block-embed-youtube wp-embed-aspect-16-9 wp-has-aspect-ratio\"><div class=\"wp-block-embed__wrapper\">\n<iframe loading=\"lazy\" title=\"Saludo a Palestina\" width=\"1290\" height=\"726\" src=\"https:\/\/www.youtube.com\/embed\/2Nn2w4gvgvI?feature=oembed\" frameborder=\"0\" allow=\"accelerometer; autoplay; clipboard-write; encrypted-media; gyroscope; picture-in-picture; web-share\" referrerpolicy=\"strict-origin-when-cross-origin\" allowfullscreen><\/iframe>\n<\/div><\/figure>\n\n\n\n<p><\/p>\n\n\n\n<p class=\"has-black-color has-text-color has-link-color wp-elements-9228bf2798b983510b7e68acbbc430e3\">Finalmente, en un tercer momento de la reuni\u00f3n, se inici\u00f3 la socializaci\u00f3n de la propuesta para la creaci\u00f3n de la Liga Antiimperialista Internacional, importante iniciativa para que los antiimperialistas del mundo se unan en torno a la misma lucha. Se dio un inicio al debate de la propuesta que desde hace meses fue puesta a consideraci\u00f3n por el comit\u00e9 impulsor, se estableci\u00f3 la necesidad de vincular la lucha por los derechos del pueblo en Colombia con la lucha antiimperialista mundial; y, quedo el compromiso de varios luchadores por concretar e impulsar esta organizaci\u00f3n en nuestro pa\u00eds.<\/p>\n\n\n\n<p><\/p>\n","protected":false},"excerpt":{"rendered":"<p>La semana pasada, se llevaron a cabo importantes actividades realizadas por diversas organizaciones, en el marco del impulso de una nueva organizaci\u00f3n internacional que promueva la lucha y organizaci\u00f3n antiimperialista a nivel mundial. En primer lugar, se realiz\u00f3 el foro \u201cImperialismo, vigencia de una realidad censurada\u201d. Varias organizaciones y personas expusieron ponencias que plantearon sus [&hellip;]<\/p>\n","protected":false},"author":1,"featured_media":27016,"comment_status":"open","ping_status":"open","sticky":false,"template":"","format":"standard","meta":{"footnotes":""},"categories":[16,4,31],"tags":[],"class_list":["post-27008","post","type-post","status-publish","format-standard","has-post-thumbnail","hentry","category-carrusel","category-colombia","category-internacional"],"blocksy_meta":[],"_links":{"self":[{"href":"https:\/\/nuevademocracia.com.co\/index.php?rest_route=\/wp\/v2\/posts\/27008","targetHints":{"allow":["GET"]}}],"collection":[{"href":"https:\/\/nuevademocracia.com.co\/index.php?rest_route=\/wp\/v2\/posts"}],"about":[{"href":"https:\/\/nuevademocracia.com.co\/index.php?rest_route=\/wp\/v2\/types\/post"}],"author":[{"embeddable":true,"href":"https:\/\/nuevademocracia.com.co\/index.php?rest_route=\/wp\/v2\/users\/1"}],"replies":[{"embeddable":true,"href":"https:\/\/nuevademocracia.com.co\/index.php?rest_route=%2Fwp%2Fv2%2Fcomments&post=27008"}],"version-history":[{"count":6,"href":"https:\/\/nuevademocracia.com.co\/index.php?rest_route=\/wp\/v2\/posts\/27008\/revisions"}],"predecessor-version":[{"id":27041,"href":"https:\/\/nuevademocracia.com.co\/index.php?rest_route=\/wp\/v2\/posts\/27008\/revisions\/27041"}],"wp:featuredmedia":[{"embeddable":true,"href":"https:\/\/nuevademocracia.com.co\/index.php?rest_route=\/wp\/v2\/media\/27016"}],"wp:attachment":[{"href":"https:\/\/nuevademocracia.com.co\/index.php?rest_route=%2Fwp%2Fv2%2Fmedia&parent=27008"}],"wp:term":[{"taxonomy":"category","embeddable":true,"href":"https:\/\/nuevademocracia.com.co\/index.php?rest_route=%2Fwp%2Fv2%2Fcategories&post=27008"},{"taxonomy":"post_tag","embeddable":true,"href":"https:\/\/nuevademocracia.com.co\/index.php?rest_route=%2Fwp%2Fv2%2Ftags&post=27008"}],"curies":[{"name":"wp","href":"https:\/\/api.w.org\/{rel}","templated":true}]}}