{"id":27063,"date":"2024-11-18T13:15:37","date_gmt":"2024-11-18T18:15:37","guid":{"rendered":"https:\/\/nuevademocracia.com.co\/?p=27063"},"modified":"2024-11-18T13:15:37","modified_gmt":"2024-11-18T18:15:37","slug":"estudiantes-realizan-gran-marcha-en-defensa-de-la-udea","status":"publish","type":"post","link":"https:\/\/nuevademocracia.com.co\/?p=27063","title":{"rendered":"Estudiantes realizan Gran Marcha en defensa de la UdeA"},"content":{"rendered":"\n<figure class=\"wp-block-image aligncenter size-full is-resized\"><img loading=\"lazy\" decoding=\"async\" width=\"921\" height=\"518\" src=\"https:\/\/nuevademocracia.com.co\/wp-content\/uploads\/2024\/11\/image-25.png\" alt=\"\" class=\"wp-image-27064\" style=\"width:634px;height:auto\" srcset=\"https:\/\/nuevademocracia.com.co\/wp-content\/uploads\/2024\/11\/image-25.png 921w, https:\/\/nuevademocracia.com.co\/wp-content\/uploads\/2024\/11\/image-25-300x169.png 300w, https:\/\/nuevademocracia.com.co\/wp-content\/uploads\/2024\/11\/image-25-768x432.png 768w\" sizes=\"auto, (max-width: 921px) 100vw, 921px\" \/><\/figure>\n\n\n\n<p><\/p>\n\n\n\n<p class=\"has-black-color has-text-color has-link-color wp-elements-9243a5a198401fa7250b5a52b35fcedb\">El pasado jueves 14 de noviembre, miles de estudiantes de la Universidad de Antioquia salieron a las calles a protestar contra la crisis presupuestal que atraviesa dicha instituci\u00f3n.<\/p>\n\n\n\n<p class=\"has-black-color has-text-color has-link-color wp-elements-d275bbe4d9badf5ab4482d1df5f80b20\">La concentraci\u00f3n comenz\u00f3 al interior del campus universitario desde las 10am. Poco a poco los estudiantes fueron agrup\u00e1ndose, y pasadas las 11am salieron a recorrer las calles de la ciudad de Medell\u00edn.<\/p>\n\n\n\n<div class=\"wp-block-group is-nowrap is-layout-flex wp-container-core-group-is-layout-6c531013 wp-block-group-is-layout-flex\">\n<figure class=\"wp-block-image size-large is-resized\"><img loading=\"lazy\" decoding=\"async\" width=\"1024\" height=\"575\" src=\"https:\/\/nuevademocracia.com.co\/wp-content\/uploads\/2024\/11\/Marcha-estudiantes-UdeA-nov14-1-1024x575.jpg\" alt=\"\" class=\"wp-image-27066\" style=\"width:418px;height:auto\" srcset=\"https:\/\/nuevademocracia.com.co\/wp-content\/uploads\/2024\/11\/Marcha-estudiantes-UdeA-nov14-1-1024x575.jpg 1024w, https:\/\/nuevademocracia.com.co\/wp-content\/uploads\/2024\/11\/Marcha-estudiantes-UdeA-nov14-1-300x169.jpg 300w, https:\/\/nuevademocracia.com.co\/wp-content\/uploads\/2024\/11\/Marcha-estudiantes-UdeA-nov14-1-768x432.jpg 768w, https:\/\/nuevademocracia.com.co\/wp-content\/uploads\/2024\/11\/Marcha-estudiantes-UdeA-nov14-1-1536x863.jpg 1536w, https:\/\/nuevademocracia.com.co\/wp-content\/uploads\/2024\/11\/Marcha-estudiantes-UdeA-nov14-1.jpg 1637w\" sizes=\"auto, (max-width: 1024px) 100vw, 1024px\" \/><\/figure>\n\n\n\n<figure class=\"wp-block-image size-large is-resized\"><img loading=\"lazy\" decoding=\"async\" width=\"1024\" height=\"575\" src=\"https:\/\/nuevademocracia.com.co\/wp-content\/uploads\/2024\/11\/Marcha-estudiantes-UdeA-nov14-3-1024x575.jpg\" alt=\"\" class=\"wp-image-27068\" style=\"width:421px;height:auto\" srcset=\"https:\/\/nuevademocracia.com.co\/wp-content\/uploads\/2024\/11\/Marcha-estudiantes-UdeA-nov14-3-1024x575.jpg 1024w, https:\/\/nuevademocracia.com.co\/wp-content\/uploads\/2024\/11\/Marcha-estudiantes-UdeA-nov14-3-300x169.jpg 300w, https:\/\/nuevademocracia.com.co\/wp-content\/uploads\/2024\/11\/Marcha-estudiantes-UdeA-nov14-3-768x432.jpg 768w, https:\/\/nuevademocracia.com.co\/wp-content\/uploads\/2024\/11\/Marcha-estudiantes-UdeA-nov14-3-1536x863.jpg 1536w, https:\/\/nuevademocracia.com.co\/wp-content\/uploads\/2024\/11\/Marcha-estudiantes-UdeA-nov14-3.jpg 1637w\" sizes=\"auto, (max-width: 1024px) 100vw, 1024px\" \/><\/figure>\n<\/div>\n\n\n\n<p><\/p>\n\n\n\n<figure class=\"wp-block-image aligncenter size-large is-resized\"><img loading=\"lazy\" decoding=\"async\" width=\"1024\" height=\"575\" src=\"https:\/\/nuevademocracia.com.co\/wp-content\/uploads\/2024\/11\/Marcha-estudiantes-UdeA-nov14-4-1024x575.jpg\" alt=\"\" class=\"wp-image-27067\" style=\"width:637px;height:auto\" srcset=\"https:\/\/nuevademocracia.com.co\/wp-content\/uploads\/2024\/11\/Marcha-estudiantes-UdeA-nov14-4-1024x575.jpg 1024w, https:\/\/nuevademocracia.com.co\/wp-content\/uploads\/2024\/11\/Marcha-estudiantes-UdeA-nov14-4-300x169.jpg 300w, https:\/\/nuevademocracia.com.co\/wp-content\/uploads\/2024\/11\/Marcha-estudiantes-UdeA-nov14-4-768x432.jpg 768w, https:\/\/nuevademocracia.com.co\/wp-content\/uploads\/2024\/11\/Marcha-estudiantes-UdeA-nov14-4-1536x863.jpg 1536w, https:\/\/nuevademocracia.com.co\/wp-content\/uploads\/2024\/11\/Marcha-estudiantes-UdeA-nov14-4.jpg 1637w\" sizes=\"auto, (max-width: 1024px) 100vw, 1024px\" \/><\/figure>\n\n\n\n<p><\/p>\n\n\n\n<p class=\"has-black-color has-text-color has-link-color wp-elements-f12a4a9fdc115c093e84b772c99034cb\">Actualmente la UdeA tiene un d\u00e9ficit presupuestal de m\u00e1s de $400 mil millones, e incluso en una reuni\u00f3n con administrativos realizada hace unas semanas, los estudiantes se enteraron que no estaban garantizados los recursos necesarios para finalizar el a\u00f1o 2024, lo cual encendi\u00f3 a\u00fan m\u00e1s las alarmas de la comunidad universitaria.<\/p>\n\n\n\n<p class=\"has-black-color has-text-color has-link-color wp-elements-721b7a6f7d0a060a0c959e59dd85b1eb\">En Asamblea Multiestamentaria realizada el pasado 6 de noviembre, los estudiantes, profesores y trabajadores se declararon en Asamblea Permanente e intensificaron los mecanismos de movilizaci\u00f3n y presi\u00f3n que ya ven\u00edan desde el mes de octubre. Esta marcha, hizo parte de la agenda de movilizaci\u00f3n programada por el espacio asambleario.<\/p>\n\n\n\n<div class=\"wp-block-group is-nowrap is-layout-flex wp-container-core-group-is-layout-6c531013 wp-block-group-is-layout-flex\">\n<figure class=\"wp-block-image size-large is-resized\"><img loading=\"lazy\" decoding=\"async\" width=\"1024\" height=\"575\" src=\"https:\/\/nuevademocracia.com.co\/wp-content\/uploads\/2024\/11\/Marcha-estudiantes-UdeA-nov14-5-1024x575.jpg\" alt=\"\" class=\"wp-image-27071\" style=\"width:482px;height:auto\" srcset=\"https:\/\/nuevademocracia.com.co\/wp-content\/uploads\/2024\/11\/Marcha-estudiantes-UdeA-nov14-5-1024x575.jpg 1024w, https:\/\/nuevademocracia.com.co\/wp-content\/uploads\/2024\/11\/Marcha-estudiantes-UdeA-nov14-5-300x169.jpg 300w, https:\/\/nuevademocracia.com.co\/wp-content\/uploads\/2024\/11\/Marcha-estudiantes-UdeA-nov14-5-768x432.jpg 768w, https:\/\/nuevademocracia.com.co\/wp-content\/uploads\/2024\/11\/Marcha-estudiantes-UdeA-nov14-5-1536x863.jpg 1536w, https:\/\/nuevademocracia.com.co\/wp-content\/uploads\/2024\/11\/Marcha-estudiantes-UdeA-nov14-5.jpg 1637w\" sizes=\"auto, (max-width: 1024px) 100vw, 1024px\" \/><\/figure>\n\n\n\n<figure class=\"wp-block-image size-large is-resized\"><img loading=\"lazy\" decoding=\"async\" width=\"1024\" height=\"575\" src=\"https:\/\/nuevademocracia.com.co\/wp-content\/uploads\/2024\/11\/Marcha-estudiantes-UdeA-nov14-6-1024x575.jpg\" alt=\"\" class=\"wp-image-27076\" style=\"width:455px;height:auto\" srcset=\"https:\/\/nuevademocracia.com.co\/wp-content\/uploads\/2024\/11\/Marcha-estudiantes-UdeA-nov14-6-1024x575.jpg 1024w, https:\/\/nuevademocracia.com.co\/wp-content\/uploads\/2024\/11\/Marcha-estudiantes-UdeA-nov14-6-300x169.jpg 300w, https:\/\/nuevademocracia.com.co\/wp-content\/uploads\/2024\/11\/Marcha-estudiantes-UdeA-nov14-6-768x432.jpg 768w, https:\/\/nuevademocracia.com.co\/wp-content\/uploads\/2024\/11\/Marcha-estudiantes-UdeA-nov14-6-1536x863.jpg 1536w, https:\/\/nuevademocracia.com.co\/wp-content\/uploads\/2024\/11\/Marcha-estudiantes-UdeA-nov14-6.jpg 1637w\" sizes=\"auto, (max-width: 1024px) 100vw, 1024px\" \/><\/figure>\n<\/div>\n\n\n\n<p><\/p>\n\n\n\n<div class=\"wp-block-group is-nowrap is-layout-flex wp-container-core-group-is-layout-6c531013 wp-block-group-is-layout-flex\">\n<figure class=\"wp-block-image size-large is-resized\"><img loading=\"lazy\" decoding=\"async\" width=\"1024\" height=\"575\" src=\"https:\/\/nuevademocracia.com.co\/wp-content\/uploads\/2024\/11\/Marcha-estudiantes-UdeA-nov14-7-1024x575.jpg\" alt=\"\" class=\"wp-image-27074\" style=\"width:463px;height:auto\" srcset=\"https:\/\/nuevademocracia.com.co\/wp-content\/uploads\/2024\/11\/Marcha-estudiantes-UdeA-nov14-7-1024x575.jpg 1024w, https:\/\/nuevademocracia.com.co\/wp-content\/uploads\/2024\/11\/Marcha-estudiantes-UdeA-nov14-7-300x169.jpg 300w, https:\/\/nuevademocracia.com.co\/wp-content\/uploads\/2024\/11\/Marcha-estudiantes-UdeA-nov14-7-768x432.jpg 768w, https:\/\/nuevademocracia.com.co\/wp-content\/uploads\/2024\/11\/Marcha-estudiantes-UdeA-nov14-7-1536x863.jpg 1536w, https:\/\/nuevademocracia.com.co\/wp-content\/uploads\/2024\/11\/Marcha-estudiantes-UdeA-nov14-7.jpg 1637w\" sizes=\"auto, (max-width: 1024px) 100vw, 1024px\" \/><\/figure>\n\n\n\n<figure class=\"wp-block-image size-large is-resized\"><img loading=\"lazy\" decoding=\"async\" width=\"1024\" height=\"575\" src=\"https:\/\/nuevademocracia.com.co\/wp-content\/uploads\/2024\/11\/Marcha-estudiantes-UdeA-nov14-8-1024x575.jpg\" alt=\"\" class=\"wp-image-27069\" style=\"width:461px;height:auto\" srcset=\"https:\/\/nuevademocracia.com.co\/wp-content\/uploads\/2024\/11\/Marcha-estudiantes-UdeA-nov14-8-1024x575.jpg 1024w, https:\/\/nuevademocracia.com.co\/wp-content\/uploads\/2024\/11\/Marcha-estudiantes-UdeA-nov14-8-300x169.jpg 300w, https:\/\/nuevademocracia.com.co\/wp-content\/uploads\/2024\/11\/Marcha-estudiantes-UdeA-nov14-8-768x432.jpg 768w, https:\/\/nuevademocracia.com.co\/wp-content\/uploads\/2024\/11\/Marcha-estudiantes-UdeA-nov14-8-1536x863.jpg 1536w, https:\/\/nuevademocracia.com.co\/wp-content\/uploads\/2024\/11\/Marcha-estudiantes-UdeA-nov14-8.jpg 1637w\" sizes=\"auto, (max-width: 1024px) 100vw, 1024px\" \/><\/figure>\n<\/div>\n\n\n\n<p><\/p>\n\n\n\n<div class=\"wp-block-group is-nowrap is-layout-flex wp-container-core-group-is-layout-6c531013 wp-block-group-is-layout-flex\">\n<figure class=\"wp-block-image size-large is-resized\"><img loading=\"lazy\" decoding=\"async\" width=\"1024\" height=\"575\" src=\"https:\/\/nuevademocracia.com.co\/wp-content\/uploads\/2024\/11\/Marcha-estudiantes-UdeA-nov14-9-1024x575.jpg\" alt=\"\" class=\"wp-image-27070\" style=\"width:469px;height:auto\" srcset=\"https:\/\/nuevademocracia.com.co\/wp-content\/uploads\/2024\/11\/Marcha-estudiantes-UdeA-nov14-9-1024x575.jpg 1024w, https:\/\/nuevademocracia.com.co\/wp-content\/uploads\/2024\/11\/Marcha-estudiantes-UdeA-nov14-9-300x169.jpg 300w, https:\/\/nuevademocracia.com.co\/wp-content\/uploads\/2024\/11\/Marcha-estudiantes-UdeA-nov14-9-768x432.jpg 768w, https:\/\/nuevademocracia.com.co\/wp-content\/uploads\/2024\/11\/Marcha-estudiantes-UdeA-nov14-9-1536x863.jpg 1536w, https:\/\/nuevademocracia.com.co\/wp-content\/uploads\/2024\/11\/Marcha-estudiantes-UdeA-nov14-9.jpg 1582w\" sizes=\"auto, (max-width: 1024px) 100vw, 1024px\" \/><\/figure>\n\n\n\n<figure class=\"wp-block-image size-large is-resized\"><img loading=\"lazy\" decoding=\"async\" width=\"1024\" height=\"575\" src=\"https:\/\/nuevademocracia.com.co\/wp-content\/uploads\/2024\/11\/Marcha-estudiantes-UdeA-nov14-10-1024x575.jpg\" alt=\"\" class=\"wp-image-27075\" style=\"width:472px;height:auto\" srcset=\"https:\/\/nuevademocracia.com.co\/wp-content\/uploads\/2024\/11\/Marcha-estudiantes-UdeA-nov14-10-1024x575.jpg 1024w, https:\/\/nuevademocracia.com.co\/wp-content\/uploads\/2024\/11\/Marcha-estudiantes-UdeA-nov14-10-300x169.jpg 300w, https:\/\/nuevademocracia.com.co\/wp-content\/uploads\/2024\/11\/Marcha-estudiantes-UdeA-nov14-10-768x432.jpg 768w, https:\/\/nuevademocracia.com.co\/wp-content\/uploads\/2024\/11\/Marcha-estudiantes-UdeA-nov14-10-1536x863.jpg 1536w, https:\/\/nuevademocracia.com.co\/wp-content\/uploads\/2024\/11\/Marcha-estudiantes-UdeA-nov14-10.jpg 1637w\" sizes=\"auto, (max-width: 1024px) 100vw, 1024px\" \/><\/figure>\n<\/div>\n\n\n\n<p><\/p>\n\n\n\n<div class=\"wp-block-group is-nowrap is-layout-flex wp-container-core-group-is-layout-6c531013 wp-block-group-is-layout-flex\">\n<figure class=\"wp-block-image size-large is-resized\"><img loading=\"lazy\" decoding=\"async\" width=\"1024\" height=\"575\" src=\"https:\/\/nuevademocracia.com.co\/wp-content\/uploads\/2024\/11\/Marcha-estudiantes-UdeA-nov14-11-1024x575.jpg\" alt=\"\" class=\"wp-image-27073\" style=\"width:464px;height:auto\" srcset=\"https:\/\/nuevademocracia.com.co\/wp-content\/uploads\/2024\/11\/Marcha-estudiantes-UdeA-nov14-11-1024x575.jpg 1024w, https:\/\/nuevademocracia.com.co\/wp-content\/uploads\/2024\/11\/Marcha-estudiantes-UdeA-nov14-11-300x169.jpg 300w, https:\/\/nuevademocracia.com.co\/wp-content\/uploads\/2024\/11\/Marcha-estudiantes-UdeA-nov14-11-768x432.jpg 768w, https:\/\/nuevademocracia.com.co\/wp-content\/uploads\/2024\/11\/Marcha-estudiantes-UdeA-nov14-11-1536x863.jpg 1536w, https:\/\/nuevademocracia.com.co\/wp-content\/uploads\/2024\/11\/Marcha-estudiantes-UdeA-nov14-11.jpg 1637w\" sizes=\"auto, (max-width: 1024px) 100vw, 1024px\" \/><\/figure>\n\n\n\n<figure class=\"wp-block-image size-large is-resized\"><img loading=\"lazy\" decoding=\"async\" width=\"1024\" height=\"575\" src=\"https:\/\/nuevademocracia.com.co\/wp-content\/uploads\/2024\/11\/Marcha-estudiantes-UdeA-nov14-12-1024x575.jpg\" alt=\"\" class=\"wp-image-27072\" style=\"width:468px;height:auto\" srcset=\"https:\/\/nuevademocracia.com.co\/wp-content\/uploads\/2024\/11\/Marcha-estudiantes-UdeA-nov14-12-1024x575.jpg 1024w, https:\/\/nuevademocracia.com.co\/wp-content\/uploads\/2024\/11\/Marcha-estudiantes-UdeA-nov14-12-300x169.jpg 300w, https:\/\/nuevademocracia.com.co\/wp-content\/uploads\/2024\/11\/Marcha-estudiantes-UdeA-nov14-12-768x432.jpg 768w, https:\/\/nuevademocracia.com.co\/wp-content\/uploads\/2024\/11\/Marcha-estudiantes-UdeA-nov14-12-1536x863.jpg 1536w, https:\/\/nuevademocracia.com.co\/wp-content\/uploads\/2024\/11\/Marcha-estudiantes-UdeA-nov14-12.jpg 1637w\" sizes=\"auto, (max-width: 1024px) 100vw, 1024px\" \/><\/figure>\n<\/div>\n\n\n\n<p><\/p>\n\n\n\n<figure class=\"wp-block-image aligncenter size-large is-resized\"><img loading=\"lazy\" decoding=\"async\" width=\"1024\" height=\"576\" src=\"https:\/\/nuevademocracia.com.co\/wp-content\/uploads\/2024\/11\/Marcha-estudiantes-UdeA-Nov14-16-1024x576.jpg\" alt=\"\" class=\"wp-image-27078\" style=\"width:507px;height:auto\" srcset=\"https:\/\/nuevademocracia.com.co\/wp-content\/uploads\/2024\/11\/Marcha-estudiantes-UdeA-Nov14-16-1024x576.jpg 1024w, https:\/\/nuevademocracia.com.co\/wp-content\/uploads\/2024\/11\/Marcha-estudiantes-UdeA-Nov14-16-300x169.jpg 300w, https:\/\/nuevademocracia.com.co\/wp-content\/uploads\/2024\/11\/Marcha-estudiantes-UdeA-Nov14-16-768x432.jpg 768w, https:\/\/nuevademocracia.com.co\/wp-content\/uploads\/2024\/11\/Marcha-estudiantes-UdeA-Nov14-16-1536x864.jpg 1536w, https:\/\/nuevademocracia.com.co\/wp-content\/uploads\/2024\/11\/Marcha-estudiantes-UdeA-Nov14-16.jpg 1636w\" sizes=\"auto, (max-width: 1024px) 100vw, 1024px\" \/><\/figure>\n\n\n\n<p><\/p>\n\n\n\n<p class=\"has-black-color has-text-color has-link-color wp-elements-0e36a1ea508efe9eb044c0282f70e2b1\">La marcha se caracteriz\u00f3 por la gran alegr\u00eda de los estudiantes, que, con centenares de pancartas, telas, consignas y pintas en las paredes, difundieron mensajes como: \u201cSOS UdeA\u201d \u201cUdeA en crisis\u201d \u201cP\u00fablica la recibimos, p\u00fablica la devolvemos\u201d. As\u00ed mismo, es evidente el descontento contra las entidades gubernamentales, a las cuales los estudiantes responsabilizan de la actual situaci\u00f3n presupuestal de la Universidad. Los estudiantes reclaman al Gobierno Nacional de Gustavo Petro y su Ministro de educaci\u00f3n Daniel Rojas, ya que, seg\u00fan la Ley 30, el Gobierno Nacional es el principal responsable del financiamiento de las Universidades P\u00fablicas de orden nacional, entre ellas la UdeA. Sin embargo, a pesar de la crisis, tanto Petro, como su ministro, no han generado ninguna propuesta concreta e inmediata para salvar la Universidad, solo promesas de una futura reforma a la Ley 30, y simplemente se han dedicado a chutarle la responsabilidad a otras instituciones.<\/p>\n\n\n\n<p class=\"has-black-color has-text-color has-link-color wp-elements-1d029a46c4be04c1476f6d2deef76f44\">Los estudiantes tambi\u00e9n responsabilizan a la Gobernaci\u00f3n de Antioquia de Juli\u00e1n Rend\u00f3n, que, seg\u00fan la misma Ley 30, es la segunda instituci\u00f3n que debe aportar econ\u00f3micamente, pero que tan solo aporta un 4% del presupuesto de la Universidad, y que, para colmo, la \u201csoluci\u00f3n\u201d que ha brindado a la actual crisis, es un cr\u00e9dito de $90 mil millones que, lejos de resolver el problema, lo profundiza, pues el pr\u00f3ximo a\u00f1o la universidad estar\u00e1 peor de endeudada. Adem\u00e1s, dicho cr\u00e9dito de la Gobernaci\u00f3n viene condicionado a implementar pol\u00edticas de austeridad como la solicitud de reducir el 50% de los profesores de c\u00e1tedra, entre otras medidas lesivas para los derechos laborales, el bienestar universitario y la calidad de la educaci\u00f3n.<\/p>\n\n\n\n<p class=\"has-black-color has-text-color has-link-color wp-elements-eec071afcc3b3206c91525436440ae0f\">Otra instituci\u00f3n involucrada es la Alcald\u00eda de Medell\u00edn de Federico Guti\u00e9rrez, frente a la cual los estudiantes argumentan que, aunque seg\u00fan la Ley 30, dicha instituci\u00f3n no es responsable del financiamiento de la UdeA, exigen que el municipio aporte, ya que la UdeA es la principal instituci\u00f3n de educaci\u00f3n superior de la ciudad.<\/p>\n\n\n\n<p class=\"has-black-color has-text-color has-link-color wp-elements-56bf1a81553f9942745fdcae8550fcec\">Y finalmente la administraci\u00f3n de la UdeA, encabezada por el rector John Jairo Arboleda, que lleva tres periodos al frente de la instituci\u00f3n y es el principal responsable de que esta crisis haya avanzado tanto, y que a penas este a\u00f1o, la comunidad universitaria, profesores, estudiantes, trabajadores, se enteraran de la magnitud de la misma. La comunidad universitaria tiene mucha indignaci\u00f3n con la actual administraci\u00f3n de la universidad y la culpan de una perversa gesti\u00f3n administrativa.<\/p>\n\n\n\n<figure class=\"wp-block-image aligncenter size-large is-resized\"><img loading=\"lazy\" decoding=\"async\" width=\"1024\" height=\"575\" src=\"https:\/\/nuevademocracia.com.co\/wp-content\/uploads\/2024\/11\/Marcha-estudiantes-UdeA-Nov14-17-1024x575.jpg\" alt=\"\" class=\"wp-image-27082\" style=\"width:490px;height:auto\" srcset=\"https:\/\/nuevademocracia.com.co\/wp-content\/uploads\/2024\/11\/Marcha-estudiantes-UdeA-Nov14-17-1024x575.jpg 1024w, https:\/\/nuevademocracia.com.co\/wp-content\/uploads\/2024\/11\/Marcha-estudiantes-UdeA-Nov14-17-300x169.jpg 300w, https:\/\/nuevademocracia.com.co\/wp-content\/uploads\/2024\/11\/Marcha-estudiantes-UdeA-Nov14-17-768x432.jpg 768w, https:\/\/nuevademocracia.com.co\/wp-content\/uploads\/2024\/11\/Marcha-estudiantes-UdeA-Nov14-17-1536x863.jpg 1536w, https:\/\/nuevademocracia.com.co\/wp-content\/uploads\/2024\/11\/Marcha-estudiantes-UdeA-Nov14-17.jpg 1637w\" sizes=\"auto, (max-width: 1024px) 100vw, 1024px\" \/><\/figure>\n\n\n\n<p><\/p>\n\n\n\n<figure class=\"wp-block-image aligncenter size-large is-resized\"><img loading=\"lazy\" decoding=\"async\" width=\"1024\" height=\"576\" src=\"https:\/\/nuevademocracia.com.co\/wp-content\/uploads\/2024\/11\/Marcha-estudiantes-UdeA-Nov14-14-1024x576.jpg\" alt=\"\" class=\"wp-image-27081\" style=\"width:492px;height:auto\" srcset=\"https:\/\/nuevademocracia.com.co\/wp-content\/uploads\/2024\/11\/Marcha-estudiantes-UdeA-Nov14-14-1024x576.jpg 1024w, https:\/\/nuevademocracia.com.co\/wp-content\/uploads\/2024\/11\/Marcha-estudiantes-UdeA-Nov14-14-300x169.jpg 300w, https:\/\/nuevademocracia.com.co\/wp-content\/uploads\/2024\/11\/Marcha-estudiantes-UdeA-Nov14-14-768x432.jpg 768w, https:\/\/nuevademocracia.com.co\/wp-content\/uploads\/2024\/11\/Marcha-estudiantes-UdeA-Nov14-14-1536x864.jpg 1536w, https:\/\/nuevademocracia.com.co\/wp-content\/uploads\/2024\/11\/Marcha-estudiantes-UdeA-Nov14-14.jpg 1636w\" sizes=\"auto, (max-width: 1024px) 100vw, 1024px\" \/><figcaption class=\"wp-element-caption\"><em><strong><mark style=\"background-color:rgba(0, 0, 0, 0)\" class=\"has-inline-color has-black-color\">Performance realizado por estudiantes de artes, denunciando al gobernador, al rector, al alcalde y al ministro de educaci\u00f3n nacional por la actual crisis de la UdeA. \u00a0<\/mark><\/strong><\/em><\/figcaption><\/figure>\n\n\n\n<p class=\"has-black-color has-text-color has-link-color wp-elements-81006343e8e9c3c8fd1500548bb55d2d\">Esta marcha aument\u00f3 la presi\u00f3n sobre las entidades antes mencionadas, los estudiantes realizaron varias acciones de presi\u00f3n que muestran su combatividad y decisi\u00f3n para salvar la Universidad. Una de las acciones, fue el ingreso, por sorpresa y en medio de forcejeos, por parte de un grupo de estudiantes a la Secretar\u00eda de Educaci\u00f3n de Medell\u00edn, para luego colgar tres telas en la fachada. Una de las telas que estuvo exhibida dec\u00eda \u201cGobierne quien gobierne, los derechos del pueblo se defienden\u201d, mensaje de gran importancia que llama al pueblo a no dejarse adormecer ni domesticar por un supuesto gobierno que se dice de \u201cizquierda\u201d o liberal reformista, sino a continuar luchando por los derechos del pueblo. Otras de las telas exhibidas dec\u00edan: \u201cSi en manos del pueblo est\u00e1, p\u00fablica siempre ser\u00e1\u201d y \u201cSi destruyen la universidad, los estudiantes har\u00e1n temblar las calles\u201d.<\/p>\n\n\n\n<div class=\"wp-block-group is-nowrap is-layout-flex wp-container-core-group-is-layout-6c531013 wp-block-group-is-layout-flex\">\n<figure class=\"wp-block-image size-large is-resized\"><img loading=\"lazy\" decoding=\"async\" width=\"1024\" height=\"575\" src=\"https:\/\/nuevademocracia.com.co\/wp-content\/uploads\/2024\/11\/Marcha-estudiantes-UdeA-Nov14-18-1-1024x575.jpg\" alt=\"\" class=\"wp-image-27087\" style=\"width:535px;height:auto\" srcset=\"https:\/\/nuevademocracia.com.co\/wp-content\/uploads\/2024\/11\/Marcha-estudiantes-UdeA-Nov14-18-1-1024x575.jpg 1024w, https:\/\/nuevademocracia.com.co\/wp-content\/uploads\/2024\/11\/Marcha-estudiantes-UdeA-Nov14-18-1-300x169.jpg 300w, https:\/\/nuevademocracia.com.co\/wp-content\/uploads\/2024\/11\/Marcha-estudiantes-UdeA-Nov14-18-1-768x432.jpg 768w, https:\/\/nuevademocracia.com.co\/wp-content\/uploads\/2024\/11\/Marcha-estudiantes-UdeA-Nov14-18-1-1536x863.jpg 1536w, https:\/\/nuevademocracia.com.co\/wp-content\/uploads\/2024\/11\/Marcha-estudiantes-UdeA-Nov14-18-1.jpg 1637w\" sizes=\"auto, (max-width: 1024px) 100vw, 1024px\" \/><\/figure>\n\n\n\n<figure class=\"wp-block-image size-large is-resized\"><img loading=\"lazy\" decoding=\"async\" width=\"1024\" height=\"768\" src=\"https:\/\/nuevademocracia.com.co\/wp-content\/uploads\/2024\/11\/IMG_20241114_132348-3-1024x768.jpg\" alt=\"\" class=\"wp-image-27089\" style=\"width:477px;height:auto\" srcset=\"https:\/\/nuevademocracia.com.co\/wp-content\/uploads\/2024\/11\/IMG_20241114_132348-3-1024x768.jpg 1024w, https:\/\/nuevademocracia.com.co\/wp-content\/uploads\/2024\/11\/IMG_20241114_132348-3-300x225.jpg 300w, https:\/\/nuevademocracia.com.co\/wp-content\/uploads\/2024\/11\/IMG_20241114_132348-3-768x576.jpg 768w, https:\/\/nuevademocracia.com.co\/wp-content\/uploads\/2024\/11\/IMG_20241114_132348-3-1536x1152.jpg 1536w, https:\/\/nuevademocracia.com.co\/wp-content\/uploads\/2024\/11\/IMG_20241114_132348-3-2048x1536.jpg 2048w\" sizes=\"auto, (max-width: 1024px) 100vw, 1024px\" \/><\/figure>\n<\/div>\n\n\n\n<p><\/p>\n\n\n\n<figure class=\"wp-block-embed is-type-video is-provider-youtube wp-block-embed-youtube wp-embed-aspect-16-9 wp-has-aspect-ratio\"><div class=\"wp-block-embed__wrapper\">\n<iframe loading=\"lazy\" title=\"Estudiantes cuelgan telas en la Secretaria de Educaci\u00f3n de Medell\u00edn\" width=\"1290\" height=\"726\" src=\"https:\/\/www.youtube.com\/embed\/Rrd3uk-n1PI?feature=oembed\" frameborder=\"0\" allow=\"accelerometer; autoplay; clipboard-write; encrypted-media; gyroscope; picture-in-picture; web-share\" referrerpolicy=\"strict-origin-when-cross-origin\" allowfullscreen><\/iframe>\n<\/div><\/figure>\n\n\n\n<p><\/p>\n\n\n\n<p class=\"has-black-color has-text-color has-link-color wp-elements-1a6a69fb156517a62cd2aa4e50295954\">Otra de las acciones, fue el ingreso de los estudiantes a la plazoleta central de La Alpujarra, sede de la Gobernaci\u00f3n de Antioquia y la Alcald\u00eda de Medell\u00edn, ingreso que fue logrado tumbando las vallas que custodian dichas instituciones. Normalmente, la polic\u00eda no permite que ninguna manifestaci\u00f3n ingrese a dicha plazoleta, sin embargo, los estudiantes perseveraron, tumbaron las vallas, y pasaron. Al instante llegaron refuerzos de los antidisturbios para custodiar la entrada de la Gobernaci\u00f3n y la Alcald\u00eda. Los estudiantes realizaron un plant\u00f3n en dicha plazoleta por cerca de una hora, donde cantaron consignas, realizaron declaraciones a medios de comunicaci\u00f3n, e izaron varias telas y banderas en las astas de la plazoleta, entre ellas, la bandera del heroico pueblo palestino, que onde\u00f3 vigorosa en medio de la lucha estudiantil, mostrando tambi\u00e9n el esp\u00edritu antiimperialista e internacionalista de los estudiantes. \u00a0<\/p>\n\n\n\n<div class=\"wp-block-group is-nowrap is-layout-flex wp-container-core-group-is-layout-6c531013 wp-block-group-is-layout-flex\">\n<figure class=\"wp-block-image size-large is-resized\"><img loading=\"lazy\" decoding=\"async\" width=\"1024\" height=\"575\" src=\"https:\/\/nuevademocracia.com.co\/wp-content\/uploads\/2024\/11\/Marcha-estudiantes-UdeA-nov14-13-1024x575.jpg\" alt=\"\" class=\"wp-image-27090\" style=\"width:454px;height:auto\" srcset=\"https:\/\/nuevademocracia.com.co\/wp-content\/uploads\/2024\/11\/Marcha-estudiantes-UdeA-nov14-13-1024x575.jpg 1024w, https:\/\/nuevademocracia.com.co\/wp-content\/uploads\/2024\/11\/Marcha-estudiantes-UdeA-nov14-13-300x169.jpg 300w, https:\/\/nuevademocracia.com.co\/wp-content\/uploads\/2024\/11\/Marcha-estudiantes-UdeA-nov14-13-768x432.jpg 768w, https:\/\/nuevademocracia.com.co\/wp-content\/uploads\/2024\/11\/Marcha-estudiantes-UdeA-nov14-13-1536x863.jpg 1536w, https:\/\/nuevademocracia.com.co\/wp-content\/uploads\/2024\/11\/Marcha-estudiantes-UdeA-nov14-13.jpg 1637w\" sizes=\"auto, (max-width: 1024px) 100vw, 1024px\" \/><\/figure>\n\n\n\n<figure class=\"wp-block-image size-large is-resized\"><img loading=\"lazy\" decoding=\"async\" width=\"1024\" height=\"575\" src=\"https:\/\/nuevademocracia.com.co\/wp-content\/uploads\/2024\/11\/Marcha-estudiantes-UdeA-Nov14-19-1024x575.jpg\" alt=\"\" class=\"wp-image-27095\" style=\"width:453px;height:auto\" srcset=\"https:\/\/nuevademocracia.com.co\/wp-content\/uploads\/2024\/11\/Marcha-estudiantes-UdeA-Nov14-19-1024x575.jpg 1024w, https:\/\/nuevademocracia.com.co\/wp-content\/uploads\/2024\/11\/Marcha-estudiantes-UdeA-Nov14-19-300x169.jpg 300w, https:\/\/nuevademocracia.com.co\/wp-content\/uploads\/2024\/11\/Marcha-estudiantes-UdeA-Nov14-19-768x432.jpg 768w, https:\/\/nuevademocracia.com.co\/wp-content\/uploads\/2024\/11\/Marcha-estudiantes-UdeA-Nov14-19-1536x863.jpg 1536w, https:\/\/nuevademocracia.com.co\/wp-content\/uploads\/2024\/11\/Marcha-estudiantes-UdeA-Nov14-19.jpg 1637w\" sizes=\"auto, (max-width: 1024px) 100vw, 1024px\" \/><\/figure>\n<\/div>\n\n\n\n<p><\/p>\n\n\n\n<div class=\"wp-block-group is-vertical is-layout-flex wp-container-core-group-is-layout-fe9cc265 wp-block-group-is-layout-flex\">\n<div class=\"wp-block-group is-nowrap is-layout-flex wp-container-core-group-is-layout-6c531013 wp-block-group-is-layout-flex\">\n<figure class=\"wp-block-image size-large is-resized\"><img loading=\"lazy\" decoding=\"async\" width=\"1024\" height=\"576\" src=\"https:\/\/nuevademocracia.com.co\/wp-content\/uploads\/2024\/11\/Marcha-estudiantes-UdeA-nov14-20-1024x576.jpg\" alt=\"\" class=\"wp-image-27092\" style=\"width:452px;height:auto\" srcset=\"https:\/\/nuevademocracia.com.co\/wp-content\/uploads\/2024\/11\/Marcha-estudiantes-UdeA-nov14-20-1024x576.jpg 1024w, https:\/\/nuevademocracia.com.co\/wp-content\/uploads\/2024\/11\/Marcha-estudiantes-UdeA-nov14-20-300x169.jpg 300w, https:\/\/nuevademocracia.com.co\/wp-content\/uploads\/2024\/11\/Marcha-estudiantes-UdeA-nov14-20-768x432.jpg 768w, https:\/\/nuevademocracia.com.co\/wp-content\/uploads\/2024\/11\/Marcha-estudiantes-UdeA-nov14-20-1536x864.jpg 1536w, https:\/\/nuevademocracia.com.co\/wp-content\/uploads\/2024\/11\/Marcha-estudiantes-UdeA-nov14-20.jpg 1636w\" sizes=\"auto, (max-width: 1024px) 100vw, 1024px\" \/><\/figure>\n\n\n\n<figure class=\"wp-block-image size-large is-resized\"><img loading=\"lazy\" decoding=\"async\" width=\"1024\" height=\"576\" src=\"https:\/\/nuevademocracia.com.co\/wp-content\/uploads\/2024\/11\/Marcha-estudiantes-UdeA-nov14-21-1024x576.jpg\" alt=\"\" class=\"wp-image-27094\" style=\"width:454px;height:auto\" srcset=\"https:\/\/nuevademocracia.com.co\/wp-content\/uploads\/2024\/11\/Marcha-estudiantes-UdeA-nov14-21-1024x576.jpg 1024w, https:\/\/nuevademocracia.com.co\/wp-content\/uploads\/2024\/11\/Marcha-estudiantes-UdeA-nov14-21-300x169.jpg 300w, https:\/\/nuevademocracia.com.co\/wp-content\/uploads\/2024\/11\/Marcha-estudiantes-UdeA-nov14-21-768x432.jpg 768w, https:\/\/nuevademocracia.com.co\/wp-content\/uploads\/2024\/11\/Marcha-estudiantes-UdeA-nov14-21-1536x864.jpg 1536w, https:\/\/nuevademocracia.com.co\/wp-content\/uploads\/2024\/11\/Marcha-estudiantes-UdeA-nov14-21.jpg 1636w\" sizes=\"auto, (max-width: 1024px) 100vw, 1024px\" \/><\/figure>\n<\/div>\n<\/div>\n\n\n\n<p><\/p>\n\n\n\n<figure class=\"wp-block-image aligncenter size-large is-resized\"><img loading=\"lazy\" decoding=\"async\" width=\"1024\" height=\"576\" src=\"https:\/\/nuevademocracia.com.co\/wp-content\/uploads\/2024\/11\/Marcha-estudiantes-UdeA-nov14-22-1024x576.jpg\" alt=\"\" class=\"wp-image-27093\" style=\"width:534px;height:auto\" srcset=\"https:\/\/nuevademocracia.com.co\/wp-content\/uploads\/2024\/11\/Marcha-estudiantes-UdeA-nov14-22-1024x576.jpg 1024w, https:\/\/nuevademocracia.com.co\/wp-content\/uploads\/2024\/11\/Marcha-estudiantes-UdeA-nov14-22-300x169.jpg 300w, https:\/\/nuevademocracia.com.co\/wp-content\/uploads\/2024\/11\/Marcha-estudiantes-UdeA-nov14-22-768x432.jpg 768w, https:\/\/nuevademocracia.com.co\/wp-content\/uploads\/2024\/11\/Marcha-estudiantes-UdeA-nov14-22-1536x864.jpg 1536w, https:\/\/nuevademocracia.com.co\/wp-content\/uploads\/2024\/11\/Marcha-estudiantes-UdeA-nov14-22.jpg 1636w\" sizes=\"auto, (max-width: 1024px) 100vw, 1024px\" \/><\/figure>\n\n\n\n<p><\/p>\n\n\n\n<p class=\"has-black-color has-text-color has-link-color wp-elements-5d6663096eafde47dbde0a6e3270bc44\">Finalmente, los estudiantes regresaron a la Universidad de Antioquia, donde una delegaci\u00f3n de estudiantes hab\u00eda realizado una olla comunitaria para alimentar a las personas que llegaban de la movilizaci\u00f3n y que esa noche se quedar\u00edan acampando en la universidad. Importante gesto que muestra el avance en la organizaci\u00f3n estudiantil durante la presente lucha por la financiaci\u00f3n de la UdeA.<\/p>\n\n\n\n<div class=\"wp-block-group is-nowrap is-layout-flex wp-container-core-group-is-layout-6c531013 wp-block-group-is-layout-flex\">\n<figure class=\"wp-block-image size-large is-resized\"><img loading=\"lazy\" decoding=\"async\" width=\"1024\" height=\"576\" src=\"https:\/\/nuevademocracia.com.co\/wp-content\/uploads\/2024\/11\/Marcha-estudiantes-UdeA-nov14-26-1024x576.jpg\" alt=\"\" class=\"wp-image-27099\" style=\"width:456px;height:auto\" srcset=\"https:\/\/nuevademocracia.com.co\/wp-content\/uploads\/2024\/11\/Marcha-estudiantes-UdeA-nov14-26-1024x576.jpg 1024w, https:\/\/nuevademocracia.com.co\/wp-content\/uploads\/2024\/11\/Marcha-estudiantes-UdeA-nov14-26-300x169.jpg 300w, https:\/\/nuevademocracia.com.co\/wp-content\/uploads\/2024\/11\/Marcha-estudiantes-UdeA-nov14-26-768x432.jpg 768w, https:\/\/nuevademocracia.com.co\/wp-content\/uploads\/2024\/11\/Marcha-estudiantes-UdeA-nov14-26-1536x864.jpg 1536w, https:\/\/nuevademocracia.com.co\/wp-content\/uploads\/2024\/11\/Marcha-estudiantes-UdeA-nov14-26.jpg 1636w\" sizes=\"auto, (max-width: 1024px) 100vw, 1024px\" \/><\/figure>\n\n\n\n<figure class=\"wp-block-image size-large is-resized\"><img loading=\"lazy\" decoding=\"async\" width=\"1024\" height=\"576\" src=\"https:\/\/nuevademocracia.com.co\/wp-content\/uploads\/2024\/11\/Marcha-estudiantes-UdeA-nov14-23-1024x576.jpg\" alt=\"\" class=\"wp-image-27096\" style=\"width:462px;height:auto\" srcset=\"https:\/\/nuevademocracia.com.co\/wp-content\/uploads\/2024\/11\/Marcha-estudiantes-UdeA-nov14-23-1024x576.jpg 1024w, https:\/\/nuevademocracia.com.co\/wp-content\/uploads\/2024\/11\/Marcha-estudiantes-UdeA-nov14-23-300x169.jpg 300w, https:\/\/nuevademocracia.com.co\/wp-content\/uploads\/2024\/11\/Marcha-estudiantes-UdeA-nov14-23-768x432.jpg 768w, https:\/\/nuevademocracia.com.co\/wp-content\/uploads\/2024\/11\/Marcha-estudiantes-UdeA-nov14-23-1536x864.jpg 1536w, https:\/\/nuevademocracia.com.co\/wp-content\/uploads\/2024\/11\/Marcha-estudiantes-UdeA-nov14-23.jpg 1636w\" sizes=\"auto, (max-width: 1024px) 100vw, 1024px\" \/><\/figure>\n<\/div>\n\n\n\n<p><\/p>\n\n\n\n<div class=\"wp-block-group is-nowrap is-layout-flex wp-container-core-group-is-layout-6c531013 wp-block-group-is-layout-flex\">\n<figure class=\"wp-block-image size-large is-resized\"><img loading=\"lazy\" decoding=\"async\" width=\"1024\" height=\"576\" src=\"https:\/\/nuevademocracia.com.co\/wp-content\/uploads\/2024\/11\/Marcha-estudiantes-UdeA-nov14-24-1024x576.jpg\" alt=\"\" class=\"wp-image-27097\" style=\"width:465px;height:auto\" srcset=\"https:\/\/nuevademocracia.com.co\/wp-content\/uploads\/2024\/11\/Marcha-estudiantes-UdeA-nov14-24-1024x576.jpg 1024w, https:\/\/nuevademocracia.com.co\/wp-content\/uploads\/2024\/11\/Marcha-estudiantes-UdeA-nov14-24-300x169.jpg 300w, https:\/\/nuevademocracia.com.co\/wp-content\/uploads\/2024\/11\/Marcha-estudiantes-UdeA-nov14-24-768x432.jpg 768w, https:\/\/nuevademocracia.com.co\/wp-content\/uploads\/2024\/11\/Marcha-estudiantes-UdeA-nov14-24-1536x864.jpg 1536w, https:\/\/nuevademocracia.com.co\/wp-content\/uploads\/2024\/11\/Marcha-estudiantes-UdeA-nov14-24.jpg 1636w\" sizes=\"auto, (max-width: 1024px) 100vw, 1024px\" \/><\/figure>\n\n\n\n<figure class=\"wp-block-image size-large is-resized\"><img loading=\"lazy\" decoding=\"async\" width=\"1024\" height=\"576\" src=\"https:\/\/nuevademocracia.com.co\/wp-content\/uploads\/2024\/11\/Marcha-estudiantes-UdeA-nov14-25-1024x576.jpg\" alt=\"\" class=\"wp-image-27098\" style=\"width:469px;height:auto\" srcset=\"https:\/\/nuevademocracia.com.co\/wp-content\/uploads\/2024\/11\/Marcha-estudiantes-UdeA-nov14-25-1024x576.jpg 1024w, https:\/\/nuevademocracia.com.co\/wp-content\/uploads\/2024\/11\/Marcha-estudiantes-UdeA-nov14-25-300x169.jpg 300w, https:\/\/nuevademocracia.com.co\/wp-content\/uploads\/2024\/11\/Marcha-estudiantes-UdeA-nov14-25-768x432.jpg 768w, https:\/\/nuevademocracia.com.co\/wp-content\/uploads\/2024\/11\/Marcha-estudiantes-UdeA-nov14-25-1536x864.jpg 1536w, https:\/\/nuevademocracia.com.co\/wp-content\/uploads\/2024\/11\/Marcha-estudiantes-UdeA-nov14-25.jpg 1636w\" sizes=\"auto, (max-width: 1024px) 100vw, 1024px\" \/><\/figure>\n<\/div>\n","protected":false},"excerpt":{"rendered":"<p>El pasado jueves 14 de noviembre, miles de estudiantes de la Universidad de Antioquia salieron a las calles a protestar contra la crisis presupuestal que atraviesa dicha instituci\u00f3n. La concentraci\u00f3n comenz\u00f3 al interior del campus universitario desde las 10am. Poco a poco los estudiantes fueron agrup\u00e1ndose, y pasadas las 11am salieron a recorrer las calles [&hellip;]<\/p>\n","protected":false},"author":1,"featured_media":27064,"comment_status":"open","ping_status":"open","sticky":false,"template":"","format":"standard","meta":{"footnotes":""},"categories":[16,4],"tags":[],"class_list":["post-27063","post","type-post","status-publish","format-standard","has-post-thumbnail","hentry","category-carrusel","category-colombia"],"blocksy_meta":[],"_links":{"self":[{"href":"https:\/\/nuevademocracia.com.co\/index.php?rest_route=\/wp\/v2\/posts\/27063","targetHints":{"allow":["GET"]}}],"collection":[{"href":"https:\/\/nuevademocracia.com.co\/index.php?rest_route=\/wp\/v2\/posts"}],"about":[{"href":"https:\/\/nuevademocracia.com.co\/index.php?rest_route=\/wp\/v2\/types\/post"}],"author":[{"embeddable":true,"href":"https:\/\/nuevademocracia.com.co\/index.php?rest_route=\/wp\/v2\/users\/1"}],"replies":[{"embeddable":true,"href":"https:\/\/nuevademocracia.com.co\/index.php?rest_route=%2Fwp%2Fv2%2Fcomments&post=27063"}],"version-history":[{"count":6,"href":"https:\/\/nuevademocracia.com.co\/index.php?rest_route=\/wp\/v2\/posts\/27063\/revisions"}],"predecessor-version":[{"id":27100,"href":"https:\/\/nuevademocracia.com.co\/index.php?rest_route=\/wp\/v2\/posts\/27063\/revisions\/27100"}],"wp:featuredmedia":[{"embeddable":true,"href":"https:\/\/nuevademocracia.com.co\/index.php?rest_route=\/wp\/v2\/media\/27064"}],"wp:attachment":[{"href":"https:\/\/nuevademocracia.com.co\/index.php?rest_route=%2Fwp%2Fv2%2Fmedia&parent=27063"}],"wp:term":[{"taxonomy":"category","embeddable":true,"href":"https:\/\/nuevademocracia.com.co\/index.php?rest_route=%2Fwp%2Fv2%2Fcategories&post=27063"},{"taxonomy":"post_tag","embeddable":true,"href":"https:\/\/nuevademocracia.com.co\/index.php?rest_route=%2Fwp%2Fv2%2Ftags&post=27063"}],"curies":[{"name":"wp","href":"https:\/\/api.w.org\/{rel}","templated":true}]}}