{"id":27110,"date":"2024-12-02T10:57:44","date_gmt":"2024-12-02T15:57:44","guid":{"rendered":"https:\/\/nuevademocracia.com.co\/?p=27110"},"modified":"2024-12-02T10:57:45","modified_gmt":"2024-12-02T15:57:45","slug":"25-de-noviembre-mujeres-exigen-justicia-y-castigo-para-los-feminicidas","status":"publish","type":"post","link":"https:\/\/nuevademocracia.com.co\/?p=27110","title":{"rendered":"25 de noviembre: Mujeres exigen justicia y castigo para los feminicidas"},"content":{"rendered":"\n<p class=\"has-black-color has-text-color has-link-color wp-elements-21647afaa116fd4f74e70e6abeb852c3\">El pasado 25 de noviembre se ha conmemorado el D\u00eda Internacional contra la violencia hacia las mujeres, cuyo origen rememora la digna lucha de las hermanas Mirabal asesinadas por el r\u00e9gimen militar de Rafael Le\u00f3nidas Trujillo y el imperialismo yanqui en Rep\u00fablica Dominicana un 25 de noviembre de 1960. Las hermanas Minerva, Patria y Mar\u00eda Teresa, conocidas tambi\u00e9n como \u201cLas Mariposas\u201d, fueron parte del movimiento revolucionario que exig\u00eda libertad, democracia y soberan\u00eda nacional para su pueblo, enfrentando a la tiran\u00eda y al colonialismo que finalmente las asesin\u00f3. <a><\/a><\/p>\n\n\n\n<p class=\"has-black-color has-text-color has-link-color wp-elements-d4d979ad92c90c563b3359eb21949e42\">As\u00ed como en diferentes partes del <a href=\"https:\/\/heraldorojo.org\/2024\/11\/29\/mas-acciones-por-el-25-de-noviembre\/\">mundo<\/a>, en Colombia el movimiento popular de mujeres sali\u00f3 a las calles a movilizarse en esta importante fecha. Una de las principales reivindicaciones de las mujeres populares es justicia y castigo para los feminicidas, violadores y abusadores. En Colombia, entre enero y octubre de 2024, seg\u00fan indica el reciente&nbsp;<a href=\"https:\/\/observatoriofeminicidioscolombia.org\/\">bolet\u00edn nacional del Observatorio Feminicidios Colombia<\/a>, 745 mujeres han sido v\u00edctimas de feminicidio, siendo Antioquia la regi\u00f3n donde se registran m\u00e1s casos.<\/p>\n\n\n\n<p class=\"has-black-color has-text-color has-link-color wp-elements-5a5736906cd72976093981d99600a524\">Las principales movilizaciones se realizaron en Bucaramanga, Bogot\u00e1 y Medell\u00edn. En las tres ciudades la marcha se caracteriz\u00f3 por tener un car\u00e1cter combativo. En Bucaramanga, las mujeres se dirigieron a la Fiscal\u00eda General de la Naci\u00f3n, all\u00ed pintaron las paredes con mensajes como \u201cFiscal\u00eda inepta y vendida\u201d, la jornada termin\u00f3 con una velat\u00f3n en homenaje a las mujeres que sufrieron violencias machistas.<\/p>\n\n\n\n<figure class=\"wp-block-image aligncenter size-large is-resized\"><img loading=\"lazy\" decoding=\"async\" width=\"1024\" height=\"765\" src=\"https:\/\/nuevademocracia.com.co\/wp-content\/uploads\/2024\/12\/Bucaramanga.limpio-1024x765.png\" alt=\"\" class=\"wp-image-27111\" style=\"width:396px;height:auto\" srcset=\"https:\/\/nuevademocracia.com.co\/wp-content\/uploads\/2024\/12\/Bucaramanga.limpio-1024x765.png 1024w, https:\/\/nuevademocracia.com.co\/wp-content\/uploads\/2024\/12\/Bucaramanga.limpio-300x224.png 300w, https:\/\/nuevademocracia.com.co\/wp-content\/uploads\/2024\/12\/Bucaramanga.limpio-768x574.png 768w, https:\/\/nuevademocracia.com.co\/wp-content\/uploads\/2024\/12\/Bucaramanga.limpio.png 1082w\" sizes=\"auto, (max-width: 1024px) 100vw, 1024px\" \/><\/figure>\n\n\n\n<p><\/p>\n\n\n\n<p class=\"has-black-color has-text-color has-link-color wp-elements-c4b4774c6e72e92833b7af250c7bad27\">En Bogot\u00e1, la marcha bloque\u00f3 importantes v\u00edas de la ciudad, tambi\u00e9n all\u00ed diferentes grupos de mujeres pintaron estaciones y buses de Transmilenio denunciando los abusos hacia las mujeres.<\/p>\n\n\n\n<figure class=\"wp-block-image aligncenter size-full is-resized\"><img loading=\"lazy\" decoding=\"async\" width=\"650\" height=\"488\" src=\"https:\/\/nuevademocracia.com.co\/wp-content\/uploads\/2024\/12\/Bogota.limpio.jpg\" alt=\"\" class=\"wp-image-27112\" style=\"width:399px;height:auto\" srcset=\"https:\/\/nuevademocracia.com.co\/wp-content\/uploads\/2024\/12\/Bogota.limpio.jpg 650w, https:\/\/nuevademocracia.com.co\/wp-content\/uploads\/2024\/12\/Bogota.limpio-300x225.jpg 300w\" sizes=\"auto, (max-width: 650px) 100vw, 650px\" \/><\/figure>\n\n\n\n<p><\/p>\n\n\n\n<p class=\"has-black-color has-text-color has-link-color wp-elements-4d3eb04502e2344fc62e14f3860d4010\">En Medell\u00edn una parte de la marcha sali\u00f3 de la Universidad de Antioquia hacia el centro de la ciudad. Despu\u00e9s la marcha se dirigi\u00f3 hacia el Parque Lleras (conocido por varios <a href=\"https:\/\/nuevademocracia.com.co\/?p=26206\">casos<\/a> de explotaci\u00f3n sexual infantil) para protestar en contra de la explotaci\u00f3n sexual que sufren mujeres, ni\u00f1os y ni\u00f1as. A lo largo de la marcha mujeres pintaron varias estaciones del Metropl\u00fas y otros lugares del gran capital con mensajes que denunciaban los feminicidios. La jornada cerr\u00f3 con una quema de rostros de algunos feminicidas y violadores y con varios discursos de mujeres llamando a seguir luchando por los derechos de las mujeres del pueblo.<\/p>\n\n\n\n<div class=\"wp-block-group is-nowrap is-layout-flex wp-container-core-group-is-layout-6c531013 wp-block-group-is-layout-flex\">\n<figure class=\"wp-block-image size-large is-resized\"><img loading=\"lazy\" decoding=\"async\" width=\"576\" height=\"1024\" src=\"https:\/\/nuevademocracia.com.co\/wp-content\/uploads\/2024\/12\/4.limpio-576x1024.jpeg\" alt=\"\" class=\"wp-image-27113\" style=\"width:296px;height:auto\" srcset=\"https:\/\/nuevademocracia.com.co\/wp-content\/uploads\/2024\/12\/4.limpio-576x1024.jpeg 576w, https:\/\/nuevademocracia.com.co\/wp-content\/uploads\/2024\/12\/4.limpio-169x300.jpeg 169w, https:\/\/nuevademocracia.com.co\/wp-content\/uploads\/2024\/12\/4.limpio-768x1365.jpeg 768w, https:\/\/nuevademocracia.com.co\/wp-content\/uploads\/2024\/12\/4.limpio-864x1536.jpeg 864w, https:\/\/nuevademocracia.com.co\/wp-content\/uploads\/2024\/12\/4.limpio.jpeg 900w\" sizes=\"auto, (max-width: 576px) 100vw, 576px\" \/><\/figure>\n\n\n\n<figure class=\"wp-block-image size-large is-resized\"><img loading=\"lazy\" decoding=\"async\" width=\"768\" height=\"1024\" src=\"https:\/\/nuevademocracia.com.co\/wp-content\/uploads\/2024\/12\/1.limpio-768x1024.jpeg\" alt=\"\" class=\"wp-image-27114\" style=\"width:391px;height:auto\" srcset=\"https:\/\/nuevademocracia.com.co\/wp-content\/uploads\/2024\/12\/1.limpio-768x1024.jpeg 768w, https:\/\/nuevademocracia.com.co\/wp-content\/uploads\/2024\/12\/1.limpio-225x300.jpeg 225w, https:\/\/nuevademocracia.com.co\/wp-content\/uploads\/2024\/12\/1.limpio-1152x1536.jpeg 1152w, https:\/\/nuevademocracia.com.co\/wp-content\/uploads\/2024\/12\/1.limpio.jpeg 1200w\" sizes=\"auto, (max-width: 768px) 100vw, 768px\" \/><\/figure>\n<\/div>\n\n\n\n<p><\/p>\n\n\n\n<div class=\"wp-block-group is-nowrap is-layout-flex wp-container-core-group-is-layout-6c531013 wp-block-group-is-layout-flex\">\n<figure class=\"wp-block-image size-large is-resized\"><img loading=\"lazy\" decoding=\"async\" width=\"768\" height=\"1024\" src=\"https:\/\/nuevademocracia.com.co\/wp-content\/uploads\/2024\/12\/2.limpio-768x1024.jpeg\" alt=\"\" class=\"wp-image-27115\" style=\"width:393px;height:auto\" srcset=\"https:\/\/nuevademocracia.com.co\/wp-content\/uploads\/2024\/12\/2.limpio-768x1024.jpeg 768w, https:\/\/nuevademocracia.com.co\/wp-content\/uploads\/2024\/12\/2.limpio-225x300.jpeg 225w, https:\/\/nuevademocracia.com.co\/wp-content\/uploads\/2024\/12\/2.limpio-1152x1536.jpeg 1152w, https:\/\/nuevademocracia.com.co\/wp-content\/uploads\/2024\/12\/2.limpio.jpeg 1200w\" sizes=\"auto, (max-width: 768px) 100vw, 768px\" \/><\/figure>\n\n\n\n<figure class=\"wp-block-image size-large is-resized\"><img loading=\"lazy\" decoding=\"async\" width=\"768\" height=\"1024\" src=\"https:\/\/nuevademocracia.com.co\/wp-content\/uploads\/2024\/12\/3.limpio-768x1024.jpeg\" alt=\"\" class=\"wp-image-27116\" style=\"width:392px;height:auto\" srcset=\"https:\/\/nuevademocracia.com.co\/wp-content\/uploads\/2024\/12\/3.limpio-768x1024.jpeg 768w, https:\/\/nuevademocracia.com.co\/wp-content\/uploads\/2024\/12\/3.limpio-225x300.jpeg 225w, https:\/\/nuevademocracia.com.co\/wp-content\/uploads\/2024\/12\/3.limpio-1152x1536.jpeg 1152w, https:\/\/nuevademocracia.com.co\/wp-content\/uploads\/2024\/12\/3.limpio.jpeg 1200w\" sizes=\"auto, (max-width: 768px) 100vw, 768px\" \/><\/figure>\n<\/div>\n\n\n\n<p><\/p>\n\n\n\n<figure class=\"wp-block-image aligncenter size-large is-resized\"><img loading=\"lazy\" decoding=\"async\" width=\"576\" height=\"1024\" src=\"https:\/\/nuevademocracia.com.co\/wp-content\/uploads\/2024\/12\/5.limpio-576x1024.jpeg\" alt=\"\" class=\"wp-image-27117\" style=\"width:391px;height:auto\" srcset=\"https:\/\/nuevademocracia.com.co\/wp-content\/uploads\/2024\/12\/5.limpio-576x1024.jpeg 576w, https:\/\/nuevademocracia.com.co\/wp-content\/uploads\/2024\/12\/5.limpio-169x300.jpeg 169w, https:\/\/nuevademocracia.com.co\/wp-content\/uploads\/2024\/12\/5.limpio-768x1365.jpeg 768w, https:\/\/nuevademocracia.com.co\/wp-content\/uploads\/2024\/12\/5.limpio-864x1536.jpeg 864w, https:\/\/nuevademocracia.com.co\/wp-content\/uploads\/2024\/12\/5.limpio.jpeg 900w\" sizes=\"auto, (max-width: 576px) 100vw, 576px\" \/><\/figure>\n\n\n\n<p><\/p>\n\n\n\n<figure class=\"wp-block-video\"><video height=\"480\" style=\"aspect-ratio: 848 \/ 480;\" width=\"848\" controls src=\"https:\/\/nuevademocracia.com.co\/wp-content\/uploads\/2024\/12\/Pinta.mp4\"><\/video><\/figure>\n\n\n\n<p><\/p>\n\n\n\n<figure class=\"wp-block-video\"><video height=\"848\" style=\"aspect-ratio: 480 \/ 848;\" width=\"480\" controls src=\"https:\/\/nuevademocracia.com.co\/wp-content\/uploads\/2024\/12\/Quema.mp4\"><\/video><\/figure>\n","protected":false},"excerpt":{"rendered":"<p>El pasado 25 de noviembre se ha conmemorado el D\u00eda Internacional contra la violencia hacia las mujeres, cuyo origen rememora la digna lucha de las hermanas Mirabal asesinadas por el r\u00e9gimen militar de Rafael Le\u00f3nidas Trujillo y el imperialismo yanqui en Rep\u00fablica Dominicana un 25 de noviembre de 1960. Las hermanas Minerva, Patria y Mar\u00eda [&hellip;]<\/p>\n","protected":false},"author":1,"featured_media":27114,"comment_status":"open","ping_status":"open","sticky":false,"template":"","format":"standard","meta":{"footnotes":""},"categories":[16,115],"tags":[],"class_list":["post-27110","post","type-post","status-publish","format-standard","has-post-thumbnail","hentry","category-carrusel","category-mujer"],"blocksy_meta":[],"_links":{"self":[{"href":"https:\/\/nuevademocracia.com.co\/index.php?rest_route=\/wp\/v2\/posts\/27110","targetHints":{"allow":["GET"]}}],"collection":[{"href":"https:\/\/nuevademocracia.com.co\/index.php?rest_route=\/wp\/v2\/posts"}],"about":[{"href":"https:\/\/nuevademocracia.com.co\/index.php?rest_route=\/wp\/v2\/types\/post"}],"author":[{"embeddable":true,"href":"https:\/\/nuevademocracia.com.co\/index.php?rest_route=\/wp\/v2\/users\/1"}],"replies":[{"embeddable":true,"href":"https:\/\/nuevademocracia.com.co\/index.php?rest_route=%2Fwp%2Fv2%2Fcomments&post=27110"}],"version-history":[{"count":2,"href":"https:\/\/nuevademocracia.com.co\/index.php?rest_route=\/wp\/v2\/posts\/27110\/revisions"}],"predecessor-version":[{"id":27121,"href":"https:\/\/nuevademocracia.com.co\/index.php?rest_route=\/wp\/v2\/posts\/27110\/revisions\/27121"}],"wp:featuredmedia":[{"embeddable":true,"href":"https:\/\/nuevademocracia.com.co\/index.php?rest_route=\/wp\/v2\/media\/27114"}],"wp:attachment":[{"href":"https:\/\/nuevademocracia.com.co\/index.php?rest_route=%2Fwp%2Fv2%2Fmedia&parent=27110"}],"wp:term":[{"taxonomy":"category","embeddable":true,"href":"https:\/\/nuevademocracia.com.co\/index.php?rest_route=%2Fwp%2Fv2%2Fcategories&post=27110"},{"taxonomy":"post_tag","embeddable":true,"href":"https:\/\/nuevademocracia.com.co\/index.php?rest_route=%2Fwp%2Fv2%2Ftags&post=27110"}],"curies":[{"name":"wp","href":"https:\/\/api.w.org\/{rel}","templated":true}]}}