{"id":27152,"date":"2024-12-12T13:39:08","date_gmt":"2024-12-12T18:39:08","guid":{"rendered":"https:\/\/nuevademocracia.com.co\/?p=27152"},"modified":"2026-03-28T00:33:19","modified_gmt":"2026-03-28T05:33:19","slug":"el-papel-de-las-mujeres-en-la-batalla-feroz-de-barro-branco-en-pernambuco-brasil","status":"publish","type":"post","link":"https:\/\/nuevademocracia.com.co\/?p=27152","title":{"rendered":"MFP Brasil &#8211; El papel de las mujeres en la Batalla Feroz de Barro Branco, en Pernambuco"},"content":{"rendered":"\n<hr class=\"wp-block-separator has-text-color has-vivid-red-color has-alpha-channel-opacity has-vivid-red-background-color has-background\"\/>\n\n\n\n<p class=\"has-vivid-red-color has-text-color has-link-color wp-elements-f6b88630f08ddc33af25c44edb1bab4b\"><em>Reproducimos traducci\u00f3n no oficial de un art\u00edculo del <a href=\"https:\/\/movimentofemininopopular.com.br\/2024\/11\/21\/o-papel-das-mulheres-na-batalha-feroz-de-barro-branco-em-pernambuco\/\">Movimiento Femenino Popular &#8211; Brasil<\/a> (MFP)<\/em><\/p>\n\n\n\n<p class=\"has-black-color has-text-color has-link-color wp-elements-1828d287b986c9e6412af7d18941d9de\">El 28 de septiembre, los ocupantes de Barro Branco, Jaqueira-PE, enfrentaron la invasi\u00f3n de 50 pistoleros armados acompa\u00f1ados de 3 retroexcavadoras, que ingresaron en la tierras de los campesinos en un intento de destruir sus viviendas y la sede de la Asociaci\u00f3n Engenho Barro Branco y continuar el proceso de acaparamiento de tierras iniciado hace 9 a\u00f1os por el terrateniente ladr\u00f3n de tierras Guilherme Maranhao. La audaz resistencia de los ocupantes, junto con estudiantes y campesinos de zonas vecinas, aliados en su lucha, obligaron a los delincuentes a retroceder, huyendo por la parte trasera, avergonzados de su atroz derrota frente a la ferocidad de los campesinos.<\/p>\n\n\n\n<p class=\"has-black-color has-text-color has-link-color wp-elements-4aa46c59d133adf61e09fcca739e9a8e\">La victoria de la resistencia campesina est\u00e1 asegurada por el papel desempe\u00f1ado por las mujeres del pueblo, quienes forman la primera l\u00ednea en el enfrentamiento y organizaci\u00f3n de la lucha campesina, liderando comit\u00e9s de trabajo y realizando con excelencia las arduas tareas para derrotar al latifundio. La expresi\u00f3n integral de la defensa del justo derecho de los pueblos a la tierra en la que viven y trabajan, que se presenta diariamente por las campesinas de Barro Branco, revela el papel esencial de las mujeres del campo para impulsar la Revoluci\u00f3n Agraria en nuestro pa\u00eds.<\/p>\n\n\n\n<figure class=\"wp-block-image aligncenter size-full is-resized\"><img loading=\"lazy\" decoding=\"async\" width=\"720\" height=\"478\" src=\"https:\/\/nuevademocracia.com.co\/wp-content\/uploads\/2024\/12\/image-11.png\" alt=\"\" class=\"wp-image-27154\" style=\"width:523px;height:auto\" srcset=\"https:\/\/nuevademocracia.com.co\/wp-content\/uploads\/2024\/12\/image-11.png 720w, https:\/\/nuevademocracia.com.co\/wp-content\/uploads\/2024\/12\/image-11-300x199.png 300w\" sizes=\"auto, (max-width: 720px) 100vw, 720px\" \/><figcaption class=\"wp-element-caption\"><em><strong><mark style=\"background-color:rgba(0, 0, 0, 0)\" class=\"has-inline-color has-black-color\">Campesinos y estudiantes en la Batalla Feroz de Barro Branco.<\/mark><\/strong><\/em><\/figcaption><\/figure>\n\n\n\n<p class=\"has-vivid-red-color has-text-color has-link-color wp-elements-ff94902e18742a1733d69f8d83d783f3\"><strong>El Engenho Barro Branco<\/strong><\/p>\n\n\n\n<p class=\"has-black-color has-text-color has-link-color wp-elements-defac4e75b8641694243ff3c55ee19f2\">En el municipio de Jaqueira, Pernambuco, funcion\u00f3 hasta finales de la d\u00e9cada de 1990 la Usina Frei Caneca, que se remonta a la \u00e9poca de la esclavitud, de la propiedad de la familia Jardim. Despu\u00e9s de su quiebra, la oligarqu\u00eda agraria de la familia Jardim ya acumulaba millones de reales en deuda con el Estado de Pernambuco, la Uni\u00f3n y los cientos de obreros de la planta, que estaban en un sistema de servidumbre durante su funcionamiento. Las deudas millonarias nunca fueron pagadas y las familias que viv\u00edan en la zona permanecieron en las tierras, convirti\u00e9ndose en ocupantes de Barro Branco. En 2019, la familia Jardim arrend\u00f3 m\u00e1s de 5 mil hect\u00e1reas de terreno a la empresa Agropecu\u00e1ria Mata Sul S\/A, del terrateniente Guilherme Maranh\u00e3o, siendo estos terrenos ya ocupados por cientos de familias ocupantes. En un intento por expulsarlos de las tierras para ampliar la cr\u00eda de ganado para la exportaci\u00f3n, Maranh\u00e3o lleva a cabo varios ataques contra los campesinos. El terrateniente env\u00eda frecuentemente pistoleros para amenazarlos de muerte, vierte veneno en las fuentes de agua que abastecen no s\u00f3lo a Barro Branco, sino a todo el municipio de Jaqueira, deja que el ganado defeque en estas fuentes, destruye las plantaciones de los ocupantes, intenta repetidamente desalojar a las familias ilegalmente, entre muchas otras cobard\u00edas cometidas contra los campesinos.<\/p>\n\n\n\n<figure class=\"wp-block-image aligncenter size-full is-resized\"><img loading=\"lazy\" decoding=\"async\" width=\"638\" height=\"480\" src=\"https:\/\/nuevademocracia.com.co\/wp-content\/uploads\/2024\/12\/image-12.png\" alt=\"\" class=\"wp-image-27155\" style=\"width:517px;height:auto\" srcset=\"https:\/\/nuevademocracia.com.co\/wp-content\/uploads\/2024\/12\/image-12.png 638w, https:\/\/nuevademocracia.com.co\/wp-content\/uploads\/2024\/12\/image-12-300x226.png 300w\" sizes=\"auto, (max-width: 638px) 100vw, 638px\" \/><figcaption class=\"wp-element-caption\"><em><strong><mark style=\"background-color:rgba(0, 0, 0, 0)\" class=\"has-inline-color has-black-color\">Campesinos denuncian los cr\u00edmenes del latifundio.<\/mark><\/strong><\/em><\/figcaption><\/figure>\n\n\n\n<p class=\"has-black-color has-text-color has-link-color wp-elements-a3cb780ed2595b763a2acbba8290ced0\">En esta coyuntura, los ocupantes comenzaron a organizarse hace m\u00e1s de una d\u00e9cada para garantizar su justa permanencia en el terreno donde han vivido durante generaciones y hoy, bajo la direcci\u00f3n de la LCP (Liga de los Campesinos Pobres), han ido levantando cada vez m\u00e1s alto la gloriosa bandera de la Revoluci\u00f3n Agraria por la conquista de todas las tierras y el fin del latifundio, usurpador de las tierras del pueblo. Los campesinos utilizan numerosas t\u00e1cticas de lucha, organizan actos, repartos de panfletos, asambleas populares, exigen a los organismos responsables el debido registro legal de propiedad de sus tierras, y difunden a nuestro pueblo el aguerrido esp\u00edritu de resistencia, y as\u00ed superan las limitaciones derivadas de las persecuciones de los polic\u00edas locales corruptos y grupos paramilitares del latifundio, que intenta criminalizar su lucha revolucionaria.<\/p>\n\n\n\n<p class=\"has-vivid-red-color has-text-color has-link-color wp-elements-8aa5b0c78b0176951e794c14d195ab2d\"><strong>La valerosa actuaci\u00f3n de las campesinas en la defensa de las tierras de Barro Branco<\/strong><\/p>\n\n\n\n<p class=\"has-black-color has-text-color has-link-color wp-elements-ddf58670df36c90ef5a222d790bdae54\">La lucha de los ocupantes de Barro Branco tambi\u00e9n pertenece a las campesinas de estas tierras y es m\u00e1s que necesario organizar a las mujeres del campo para que puedan asumir tareas por la Revoluci\u00f3n Agraria y por los movimientos revolucionarios de todo el pueblo. El MFP asume esta tarea inmediatamente despu\u00e9s de la llegada de la LCP al Engenho como movimiento aliado y, desde entonces, ha sostenido valiosos encuentros con los ocupantes y act\u00faa en la organizaci\u00f3n de tareas para impulsar aun m\u00e1s el desarrollo de estas mujeres campesinas.<\/p>\n\n\n\n<div class=\"wp-block-group is-nowrap is-layout-flex wp-container-core-group-is-layout-6c531013 wp-block-group-is-layout-flex\">\n<figure class=\"wp-block-image size-full is-resized\"><img loading=\"lazy\" decoding=\"async\" width=\"640\" height=\"480\" src=\"https:\/\/nuevademocracia.com.co\/wp-content\/uploads\/2024\/12\/image-13.png\" alt=\"\" class=\"wp-image-27156\" style=\"width:451px;height:auto\" srcset=\"https:\/\/nuevademocracia.com.co\/wp-content\/uploads\/2024\/12\/image-13.png 640w, https:\/\/nuevademocracia.com.co\/wp-content\/uploads\/2024\/12\/image-13-300x225.png 300w\" sizes=\"auto, (max-width: 640px) 100vw, 640px\" \/><figcaption class=\"wp-element-caption\"><strong><em><mark style=\"background-color:rgba(0, 0, 0, 0)\" class=\"has-inline-color has-black-color\">Plenario del MFP con mujeres campesinas.<\/mark><\/em><\/strong><\/figcaption><\/figure>\n\n\n\n<figure class=\"wp-block-image size-full is-resized\"><img loading=\"lazy\" decoding=\"async\" width=\"640\" height=\"480\" src=\"https:\/\/nuevademocracia.com.co\/wp-content\/uploads\/2024\/12\/image-14.png\" alt=\"\" class=\"wp-image-27157\" style=\"width:457px;height:auto\" srcset=\"https:\/\/nuevademocracia.com.co\/wp-content\/uploads\/2024\/12\/image-14.png 640w, https:\/\/nuevademocracia.com.co\/wp-content\/uploads\/2024\/12\/image-14-300x225.png 300w\" sizes=\"auto, (max-width: 640px) 100vw, 640px\" \/><figcaption class=\"wp-element-caption\"><strong><em><mark style=\"background-color:rgba(0, 0, 0, 0)\" class=\"has-inline-color has-black-color\">Plenario del MFP con mujeres campesinas.<\/mark><\/em><\/strong><\/figcaption><\/figure>\n<\/div>\n\n\n\n<p class=\"has-black-color has-text-color has-link-color wp-elements-be2d549233334cac287561ed3d17b85f\">Es habitual que las mujeres campesinas sean las m\u00e1s presentes en la regi\u00f3n durante todo el d\u00eda, conformando un escenario oportuno para que, hist\u00f3ricamente, \u00e9stas se hayan lanzado al frente en enfrentamientos con pistoleros y de la Polic\u00eda local por la defensa decidida de las tierras del Barro Branco. Por ello, es evidente que las hijas de estas tierras ya encarnan la furia revolucionaria de la mujer y siempre se han lanzado a la feroz lucha contra el latifundio.<\/p>\n\n\n\n<p class=\"has-black-color has-text-color has-link-color wp-elements-bda9443b53c03ee4fad0ffbbd3c6b488\"><br>Clara*, nacida y criada en estas tierras, relat\u00f3 los frecuentes ataques que sufre, como cuando su casa fue invadida arbitrariamente por la polic\u00eda bajo el mando del latifundio, quienes la acosaron y destrozaron algunas de sus pertenencias. En todos estos momentos de conflicto, la campesina realiz\u00f3 una audaz defensa de su hogar, de su familia y de su dignidad. La notoria combatividad y perseverancia de Clara se manifiesta en todas sus hermanas en lucha, como afirm\u00f3 una compa\u00f1era en una reuni\u00f3n del MFP: \u201cNinguna de nosotras debe abandonar la lucha, somos como una corriente, una pasando fuerza para la otra\u00bb.<\/p>\n\n\n\n<p class=\"has-black-color has-text-color has-link-color wp-elements-2d087d8bda3a884f1fb01df457bd7bae\">Este aspecto se expresa en la participaci\u00f3n activa de las compa\u00f1eras en todos los \u00e1mbitos de la movimiento campesino de Barro Branco. Es fundamental realizar bien las tareas cotidianas para poder desarrollar la preparaci\u00f3n ideol\u00f3gica y material para los momentos de mayor intensificaci\u00f3n de la lucha contra el latifundio. Estas tareas son realizadas por las compa\u00f1eras, ocupando un puesto de liderazgo en comit\u00e9s de salud, alimentaci\u00f3n, agitaci\u00f3n y propaganda, en el levantamiento de cercas, en la preparaci\u00f3n quincenal del<em>&nbsp;p\u00e9 de moleque<\/em>&nbsp;para recaudar fondos para la Asociaci\u00f3n Engenho Barro Branco \u2013 se utiliza para gastos de asambleas, viajes, alimentaci\u00f3n, etc., poni\u00e9ndose en practica el segundo principio del MFP de \u201cmantener nuestra independencia en la lucha, apoy\u00e1ndonos siempre en nuestras propias fuerzas\u201d\u2014, en el combate diario contra la polic\u00eda local y los pistoleros y, principalmente, elevando ideol\u00f3gicamente la lucha de Barro Branco.<\/p>\n\n\n\n<p class=\"has-black-color has-text-color has-link-color wp-elements-d3443fd579e1de4469212327d4e43435\"><br>Las mujeres estuvieron a la vanguardia del izado de la bandera palestina al comprender el internacionalismo de la lucha de clases y las similitudes entre las resistencias heroicas de los pueblos de diferentes lugares bajo la violencia del imperialismo. Como afirma Elizabete \u2013 l\u00edder campesina excepcional, que siempre se propone promover la lucha de todo el pueblo de Barro Branco y m\u00e1s a\u00fan de sus compa\u00f1eras, recordando el proceso para lograr esta gran haza\u00f1a- : \u201cAntes de levantarse, en primer lugar conocimos c\u00f3mo era el regimiento y c\u00f3mo se izaba, tanto la bandera de la Liga como la bandera de Palestina. Entonces se hizo una asamblea, que tuvo muchos votos, m\u00e1s de 130 personas levantaron la mano en apoyo a las banderas. Eso es lo que digo que fue un firmamento para el que cambi\u00f3 la historia de Barro Branco, la poblaci\u00f3n junto con la Liga, y hoy ya no es el Barro Branco atrasado que era antes\u201d.<\/p>\n\n\n\n<p class=\"has-black-color has-text-color has-link-color wp-elements-2c9960b86598838951c12ce0fb636ee6\"><\/p>\n\n\n\n<figure class=\"wp-block-image aligncenter size-full is-resized\"><img loading=\"lazy\" decoding=\"async\" width=\"720\" height=\"480\" src=\"https:\/\/nuevademocracia.com.co\/wp-content\/uploads\/2024\/12\/image-15.png\" alt=\"\" class=\"wp-image-27158\" style=\"width:433px;height:auto\" srcset=\"https:\/\/nuevademocracia.com.co\/wp-content\/uploads\/2024\/12\/image-15.png 720w, https:\/\/nuevademocracia.com.co\/wp-content\/uploads\/2024\/12\/image-15-300x200.png 300w\" sizes=\"auto, (max-width: 720px) 100vw, 720px\" \/><figcaption class=\"wp-element-caption\"><em><strong><mark style=\"background-color:rgba(0, 0, 0, 0)\" class=\"has-inline-color has-black-color\">Mujeres izan en alto la bandera palestina.<\/mark><\/strong><\/em><\/figcaption><\/figure>\n\n\n\n<p class=\"has-vivid-red-color has-text-color has-link-color wp-elements-7c6e5eeecbc826505e475cc2c10a8339\"><strong>La Batalla Feroz de Barro Branco<\/strong><\/p>\n\n\n\n<p class=\"has-black-color has-text-color has-link-color wp-elements-9e750e0c4dd2eb0443eb6f6807fca535\">El 28 de septiembre, 50 hombres armados en 14 camionetas, acompa\u00f1ados por 3 retroexcavadoras, invadieron las tierras de los ocupantes en un claro intento de desalojar a las familias de manera ilegal y con el apoyo de polic\u00edas militares de diferentes ciudades de la regi\u00f3n. Los pistoleros, contratados por Agropecu\u00e1ria Mata Sul S\/A, destruyeron dos fincas campesinas e instalaron una cerca el\u00e9ctrica en una de las tierras.<\/p>\n\n\n\n<p class=\"has-black-color has-text-color has-link-color wp-elements-376b9420eed08c21c1f8c71595a4f518\">Los ocupantes prepararon su autodefensa prontamente, resistiendo firmemente con hoces, azadones, palos y piedras contra los cobardes secuaces del latifundio. Se improvisaron barricadas para acorralar a los pistoleros e impedir el avance de este ataque. La llegada de estudiantes, activistas y campesinos de tierras vecinas, que se encontraban en Misi\u00f3n de Solidaridad en apoyo a los ocupantes, se uni\u00f3 a las filas de la resistencia contra los mercenarios, levantando las banderas rojas y haciendo eco de canciones y consignas revolucionarias para asustar a los enemigos del pueblo.<\/p>\n\n\n\n<p class=\"has-black-color has-text-color has-link-color wp-elements-9c6446ef082892e66a384e955dc368c7\"><\/p>\n\n\n\n<figure class=\"wp-block-image aligncenter size-full is-resized\"><img loading=\"lazy\" decoding=\"async\" width=\"720\" height=\"480\" src=\"https:\/\/nuevademocracia.com.co\/wp-content\/uploads\/2024\/12\/image-16.png\" alt=\"\" class=\"wp-image-27159\" style=\"width:564px;height:auto\" srcset=\"https:\/\/nuevademocracia.com.co\/wp-content\/uploads\/2024\/12\/image-16.png 720w, https:\/\/nuevademocracia.com.co\/wp-content\/uploads\/2024\/12\/image-16-300x200.png 300w\" sizes=\"auto, (max-width: 720px) 100vw, 720px\" \/><figcaption class=\"wp-element-caption\"><strong><em><mark style=\"background-color:rgba(0, 0, 0, 0)\" class=\"has-inline-color has-black-color\">Pancarta de \u201cEl riesgo que corre el palo, lo corre el hacha\u201d extendida durante la Batalla Feroz de Barro Branco.<\/mark><\/em><\/strong><\/figcaption><\/figure>\n\n\n\n<p class=\"has-black-color has-text-color has-link-color wp-elements-03815615434499058e99123deb390b47\">La fe revolucionaria de las compa\u00f1eras las empuj\u00f3 a la l\u00ednea del frente de la batalla. Do\u00f1a Sandra no lo pens\u00f3 dos veces antes de meterse en las trincheras de la lucha por la tierra y mezclarse con la multitud de campesinos y estudiantes. Al narrar su viaje al campo de batalla, Sandra dijo: \u201cBaj\u00e9<br>solo con la guada\u00f1a en la mano, baj\u00e9 sola y con Dios. Entonces mi viejo dijo \u2018\u00bft\u00fa vas por ah\u00ed sola, en este mont\u00f3n de gente arriba y abajo? \u00a1Por el amor de Dios, vuelve!\u2019 Y yo digo \u2018no, no voy a volver\u2019, me puse la guada\u00f1a en la espalda y me fui\u201d, y concluy\u00f3 con el momento despu\u00e9s de unirse con sus compa\u00f1eros y toparse con los polic\u00edas atemorizados: \u201cEllos [la polic\u00eda militar] corriendo<br>dentro de las plantaciones de pl\u00e1tanos y detr\u00e1s de la iglesia, uno me dijo que guardara la guada\u00f1a y entrara, le dije \u2018\u00bfcrees que soy como vosotros, \u00bfeh? Que os escond\u00e9is por miedo a que os disparen. me quedar\u00e9 con los dem\u00e1s j\u00f3venes de all\u00ed, el pueblo, que si me muero, morir\u00e9 muy satisfecha. \u00a1Voy a derramar mi sangre en la lucha!\u201d.<\/p>\n\n\n\n<p class=\"has-black-color has-text-color has-link-color wp-elements-9252c3388d51a77ecb753763b43cad36\"><br>Alrededor de las 2 de la tarde, los pistoleros se escabulleron por la parte trasera, aterrorizados por la intr\u00e9pida resistencia de campesinos y estudiantes. Entre los cobardes estaba el presidente del Movimiento Invas\u00e3o Zero en Pernambuco, Jos\u00e9 Ant\u00f4nio Fonseca de Mello, quien fue baleado en el vientre durante el enfrentamiento. Uno de sus secuaces tambi\u00e9n recibi\u00f3 un disparo y otros diez resultaron heridos. Esto fue la primera acci\u00f3n armada del grupo paramilitar en el estado de Pernambuco y la valent\u00eda de los campesinos ya ha salido victoriosa contra sus enemigos, mostrando la importancia de organizar al pueblo de forma independiente, clasista, combativa y revolucionaria para conquistar todos sus derechos. Durante la batalla, dos campesinos y una estudiante de pedagog\u00eda de la UFPE (Universidad Federal de Pernambuco) fueron heridos, que se est\u00e1n recuperando bien.<\/p>\n\n\n\n<p class=\"has-black-color has-text-color has-link-color wp-elements-8bb6e3622efd46486bc343c2973f61f8\"><br>La campesina baleada viv\u00eda en una zona vecina, pero se encontraba cerca del lugar para visitar a un amiga cuando la dispararon en el hombro. \u201cAntes de llegar, me dispararon. Ellos no quer\u00edan saber qui\u00e9n era, qui\u00e9n estaba en el frente era para morir y la polic\u00eda no hizo nada, est\u00e1n a favor de ellos [los pistoleros]\u201d, dijo la campesina al Comit\u00e9 de Apoyo a la Lucha de los Ocupantes de Barro Branco. A pesar de su lesi\u00f3n, despu\u00e9s del tratamiento en el hospital de Jaqueira, condujo a casa, una postura com\u00fan entre los campesinos, que no se deprimen por la lucha y se mantienen orgullosos frente a los peores ataques.<\/p>\n\n\n\n<p class=\"has-black-color has-text-color has-link-color wp-elements-ee8577a8663c3a5f1eae8f22635c72b2\"><\/p>\n\n\n\n<figure class=\"wp-block-image aligncenter size-full is-resized\"><img loading=\"lazy\" decoding=\"async\" width=\"478\" height=\"598\" src=\"https:\/\/nuevademocracia.com.co\/wp-content\/uploads\/2024\/12\/image-17.png\" alt=\"\" class=\"wp-image-27160\" style=\"width:327px;height:auto\" srcset=\"https:\/\/nuevademocracia.com.co\/wp-content\/uploads\/2024\/12\/image-17.png 478w, https:\/\/nuevademocracia.com.co\/wp-content\/uploads\/2024\/12\/image-17-240x300.png 240w\" sizes=\"auto, (max-width: 478px) 100vw, 478px\" \/><figcaption class=\"wp-element-caption\"><em><strong><mark style=\"background-color:rgba(0, 0, 0, 0)\" class=\"has-inline-color has-black-color\">Herida causada por disparo de arma de fuego en el hombro de la campesina<\/mark><\/strong>.<\/em><\/figcaption><\/figure>\n\n\n\n<p class=\"has-black-color has-text-color has-link-color wp-elements-e133b00704d6c4d684c8d80294a43c1f\">La relaci\u00f3n entre estudiantes y campesinos ha sido estrecha desde mucho antes de la batalla. La juventud m\u00e1s combativa de Recife entienden su deber de clase en esta uni\u00f3n del pueblo por<br>la revoluci\u00f3n y no s\u00f3lo reafirman su apoyo a la lucha de los ocupantes de Barro Branco, sino que tambi\u00e9n est\u00e1n dispuestos activamente a llevar a cabo las tareas necesarias para su avance. Como relatan sonrientes las campesinas sobre este v\u00ednculo, por ejemplo Sandra, cuando dice que \u201cla primera vez que ustedes [los estudiantes] vinieron aqu\u00ed, trajeron ese aire, esa fuerza, le dio coraje a todo el mundo, nos hemos apegado a vosotros de tal manera que ahora no hay nadie que nos saque de aqu\u00ed\u201d. Nacida de esta uni\u00f3n, la estudiante de pedagog\u00eda Ana Cec\u00edlia se sum\u00f3 a las filas de la batalla feroz sin miedo. Luego de recibir un disparo en el pie derecho, Cec\u00edlia fue trasladada al hospital para recibir la debida atenci\u00f3n m\u00e9dica y, cuando se le pregunt\u00f3 sobre su regreso a Recife, donde vive actualmente, la estudiante propuso regresar a Barro Branco y quedarse hasta el final de la misi\u00f3n con sus colegas y campesinos. Este acto heroico de Cec\u00edlia inspira a toda la juventud combativa a dedicarse a servir al pueblo de todo coraz\u00f3n y permanecer firmes en las trincheras de la lucha de clases incluso en caminos m\u00e1s tortuosos, porque nuestra victoria contra el enemigo es segura, y la unidad del pueblo, su mayor escudo.<\/p>\n\n\n\n<figure class=\"wp-block-image aligncenter size-full is-resized\"><img loading=\"lazy\" decoding=\"async\" width=\"1024\" height=\"576\" src=\"https:\/\/nuevademocracia.com.co\/wp-content\/uploads\/2024\/12\/image-18.png\" alt=\"\" class=\"wp-image-27161\" style=\"width:489px;height:auto\" srcset=\"https:\/\/nuevademocracia.com.co\/wp-content\/uploads\/2024\/12\/image-18.png 1024w, https:\/\/nuevademocracia.com.co\/wp-content\/uploads\/2024\/12\/image-18-300x169.png 300w, https:\/\/nuevademocracia.com.co\/wp-content\/uploads\/2024\/12\/image-18-768x432.png 768w\" sizes=\"auto, (max-width: 1024px) 100vw, 1024px\" \/><figcaption class=\"wp-element-caption\"><em><strong><mark style=\"background-color:rgba(0, 0, 0, 0)\" class=\"has-inline-color has-black-color\">Herida a causa de un disparo en el pie de la estudiante.<\/mark><\/strong><\/em><\/figcaption><\/figure>\n\n\n\n<p class=\"has-black-color has-text-color has-link-color wp-elements-e7963db1e2da1ea596fb5bbec1835fff\">La compa\u00f1era Elizabete expuso su certera lectura del enfrentamiento del d\u00eda 28: \u201c\u00a1Fue una gran batalla, porque ganamos! Con la organizaci\u00f3n que el pueblo ten\u00eda, con los compa\u00f1eros que estuvieron all\u00ed s\u00f3lo con machetes, hoces, palos, \u00a1ganamos! Ellos con armas pesadas, m\u00e1s de cincuenta hombres, todos armados, no pudieron irse por el lugar por donde entraron, se fueron por otro lugar, todos se fueron asustados\u201d. Tambi\u00e9n se dio cuenta de los beneficios de esta victoria: \u201cEsa batalla que la gente enfrent\u00f3 nos ayud\u00f3 a ser m\u00e1s firmes, m\u00e1s fuertes, m\u00e1s preparados, a no bajar nuestra cabeza! No s\u00f3lo yo, sino todos mis compa\u00f1eras, siempre que estemos juntas, la gente dice \u2018\u00a1vamos a seguir al frente, vamos a juntarnos, vamos a estar m\u00e1s unidas!\u2019\u201d<\/p>\n\n\n\n<p class=\"has-black-color has-text-color has-link-color wp-elements-3a7a410162c815ed1de39e0577c7cc2e\"><br>Despu\u00e9s de la batalla, la persecuci\u00f3n policial continu\u00f3, con el env\u00edo de drones de vigilancia, intimidando a los residentes con rondas e incluso con un campamento de la polic\u00eda militar en la Escuela Municipal dentro del \u00e1rea del Engenho, utilizando esto para intimidar con frecuencia a los ni\u00f1os y acosar a sus familias. Los campesinos rechazan con vehemencia la presencia de la polic\u00eda, destacando la posici\u00f3n de madres y abuelas de la comunidad quienes constantemente discuten y denuncian la cobard\u00eda practicada contra los hijos del pueblo que, incluso, esperaban con ansias las pijamadas organizadas por la profesora de esa escuela. Eso no sucedi\u00f3 porque la polic\u00eda dorm\u00eda en las aulas.<\/p>\n\n\n\n<p class=\"has-black-color has-text-color has-link-color wp-elements-19da6e7598f9d71418dd71d2b4aaaaf6\"><br>Los agentes de polic\u00eda tambi\u00e9n fueron sorprendidos caminando por la escuela en ropa interior. Sobre este episodio, la compa\u00f1era Rosa, indignada por la frustraci\u00f3n causada a sus hijos, reclam\u00f3: \u201c\u00a1\u00bfLos ni\u00f1os no pueden pasar la noche en pijama y los polic\u00edas pueden pasar el d\u00eda en ropa interior?!\u201d La lucha contra este asedio ordenado se extiende a situaciones diversas, lo que ha hecho ver a las pocas personas que a\u00fan cre\u00eda en la protecci\u00f3n de la polic\u00eda, que es un aparato de reacci\u00f3n y debe ser derrotado inseparablemente del latifundio, como lo demuestran las pancartas pintadas por campesinas y colocadas por toda la zona con lemas como \u201c\u00a1La polic\u00eda es para los ladrones, fuera batallones!\u201d<\/p>\n\n\n\n<p class=\"has-black-color has-text-color has-link-color wp-elements-5f903610fa0130c2926ea3b9b4eef6fa\"><br>La Revoluci\u00f3n Agraria ech\u00f3 profundas ra\u00edces en Barro Branco y demostr\u00f3 ser la verdadera soluci\u00f3n a los problemas del pueblo. El futuro luminoso de la infalible victoria de las clases populares se percibe e irradia en el esp\u00edritu efervescente de las campesinas y estudiantes, hermanas involucradas en esta lucha. Con toda la fe que posee, Isabel finaliz\u00f3 la entrevista describiendo el destino seguro de los ocupantes de Barro Branco: \u201cVeo mi futuro, no s\u00f3lo el m\u00edo, sino el de mis compa\u00f1eras, con mi tierra, produciendo, cosechando y viviendo de ella. Todos nosotros aqu\u00ed con nuestras tierras, de las que tenemos ganas, ansiamos tener\u201d. \u00a1Este es el destino de todos los oprimidos del campo que, organiz\u00e1ndose y utilizando la violencia revolucionaria, conquistar\u00e1n todas las tierras para servir a quienes all\u00ed viven y trabajan!<\/p>\n\n\n\n<p class=\"has-black-color has-text-color has-link-color wp-elements-b353976c0a722ea226514e7b5a134706\"><br>*nombres ficticios para proteger la identidad de las ocupantes<\/p>\n","protected":false},"excerpt":{"rendered":"<p>La victoria de la resistencia campesina est\u00e1 asegurada por el papel desempe\u00f1ado por las mujeres del pueblo, quienes forman la primera l\u00ednea en el enfrentamiento y organizaci\u00f3n de la lucha campesina, liderando comit\u00e9s de trabajo y realizando con excelencia las arduas tareas para derrotar al latifundio.<\/p>\n","protected":false},"author":1,"featured_media":27156,"comment_status":"open","ping_status":"open","sticky":false,"template":"","format":"standard","meta":{"footnotes":""},"categories":[16,31,115,144],"tags":[],"class_list":["post-27152","post","type-post","status-publish","format-standard","has-post-thumbnail","hentry","category-carrusel","category-internacional","category-mujer","category-lucha-por-la-tierra"],"blocksy_meta":[],"_links":{"self":[{"href":"https:\/\/nuevademocracia.com.co\/index.php?rest_route=\/wp\/v2\/posts\/27152","targetHints":{"allow":["GET"]}}],"collection":[{"href":"https:\/\/nuevademocracia.com.co\/index.php?rest_route=\/wp\/v2\/posts"}],"about":[{"href":"https:\/\/nuevademocracia.com.co\/index.php?rest_route=\/wp\/v2\/types\/post"}],"author":[{"embeddable":true,"href":"https:\/\/nuevademocracia.com.co\/index.php?rest_route=\/wp\/v2\/users\/1"}],"replies":[{"embeddable":true,"href":"https:\/\/nuevademocracia.com.co\/index.php?rest_route=%2Fwp%2Fv2%2Fcomments&post=27152"}],"version-history":[{"count":6,"href":"https:\/\/nuevademocracia.com.co\/index.php?rest_route=\/wp\/v2\/posts\/27152\/revisions"}],"predecessor-version":[{"id":29088,"href":"https:\/\/nuevademocracia.com.co\/index.php?rest_route=\/wp\/v2\/posts\/27152\/revisions\/29088"}],"wp:featuredmedia":[{"embeddable":true,"href":"https:\/\/nuevademocracia.com.co\/index.php?rest_route=\/wp\/v2\/media\/27156"}],"wp:attachment":[{"href":"https:\/\/nuevademocracia.com.co\/index.php?rest_route=%2Fwp%2Fv2%2Fmedia&parent=27152"}],"wp:term":[{"taxonomy":"category","embeddable":true,"href":"https:\/\/nuevademocracia.com.co\/index.php?rest_route=%2Fwp%2Fv2%2Fcategories&post=27152"},{"taxonomy":"post_tag","embeddable":true,"href":"https:\/\/nuevademocracia.com.co\/index.php?rest_route=%2Fwp%2Fv2%2Ftags&post=27152"}],"curies":[{"name":"wp","href":"https:\/\/api.w.org\/{rel}","templated":true}]}}