{"id":27208,"date":"2025-01-16T16:00:00","date_gmt":"2025-01-16T21:00:00","guid":{"rendered":"https:\/\/nuevademocracia.com.co\/?p=27208"},"modified":"2026-03-28T00:25:33","modified_gmt":"2026-03-28T05:25:33","slug":"alcaldia-de-medellin-pretende-ocultar-los-crimenes-contra-el-pueblo-con-pintura-gris","status":"publish","type":"post","link":"https:\/\/nuevademocracia.com.co\/?p=27208","title":{"rendered":"Alcald\u00eda de Medell\u00edn pretende ocultar los cr\u00edmenes contra el pueblo con pintura gris"},"content":{"rendered":"\n<hr class=\"wp-block-separator has-text-color has-vivid-red-color has-alpha-channel-opacity has-vivid-red-background-color has-background\"\/>\n\n\n\n<figure class=\"wp-block-image aligncenter size-large is-resized\"><img loading=\"lazy\" decoding=\"async\" width=\"1024\" height=\"576\" src=\"https:\/\/nuevademocracia.com.co\/wp-content\/uploads\/2025\/01\/las_cuchas_tenian_razon_el_mural_de_la_discordia_en_medellin_0-1024x576.jpg\" alt=\"\" class=\"wp-image-27210\" style=\"width:627px;height:auto\" srcset=\"https:\/\/nuevademocracia.com.co\/wp-content\/uploads\/2025\/01\/las_cuchas_tenian_razon_el_mural_de_la_discordia_en_medellin_0-1024x576.jpg 1024w, https:\/\/nuevademocracia.com.co\/wp-content\/uploads\/2025\/01\/las_cuchas_tenian_razon_el_mural_de_la_discordia_en_medellin_0-300x169.jpg 300w, https:\/\/nuevademocracia.com.co\/wp-content\/uploads\/2025\/01\/las_cuchas_tenian_razon_el_mural_de_la_discordia_en_medellin_0-768x432.jpg 768w, https:\/\/nuevademocracia.com.co\/wp-content\/uploads\/2025\/01\/las_cuchas_tenian_razon_el_mural_de_la_discordia_en_medellin_0.jpg 1280w\" sizes=\"auto, (max-width: 1024px) 100vw, 1024px\" \/><\/figure>\n\n\n\n<p><\/p>\n\n\n\n<p class=\"has-black-color has-text-color has-link-color wp-elements-21094e63a1b99e5f718a5e746d297b42\">El pasado 12 de enero, un grupo de artistas populares junto a activistas y organizaciones sociales de Medell\u00edn se reunieron para realizar un mural con el mensaje de \u201cLas cuchas tienen raz\u00f3n\u201d en homenaje a la lucha de las madres que no han parado de buscar a sus hijos y familiares desaparecidos durante la Operaci\u00f3n Ori\u00f3n. Tambi\u00e9n este mural se hace en el marco del hallazgo de restos humanos en La Escombrera, lugar ubicado en la Comuna 13 de Medell\u00edn, reconocido porque estas madres llevan d\u00e9cadas denunciando que dicho lugar es una fosa com\u00fan creada por paramilitares, polic\u00eda y ej\u00e9rcito para desaparecer luchadores populares.&nbsp;<\/p>\n\n\n\n<p class=\"has-black-color has-text-color has-link-color wp-elements-db9b1c9d3654dc45bc133ae6fabe0b5c\">Unas horas despu\u00e9s de la realizaci\u00f3n del mural, la Alcald\u00eda de Medell\u00edn lo borr\u00f3 con pintura gris. Esta acci\u00f3n se da luego de que el alcalde de Medell\u00edn, Federico Guti\u00e9rrez escribiera en la red social X: \u201cUna cosa es el grafiti como expresi\u00f3n art\u00edstica (\u2026) Otra cosa muy diferente es el desorden y quienes simplemente quieren generar caos y poner fea y sucia la ciudad.\u201d Adem\u00e1s, los activistas sociales denuncian que esta es una acci\u00f3n de censura y que hace parte del discurso que han mantenido las clases dominantes de negar los cr\u00edmenes contra el pueblo y mantener en la impunidad a los responsables.<\/p>\n\n\n\n<figure class=\"wp-block-image aligncenter size-full is-resized\"><img loading=\"lazy\" decoding=\"async\" width=\"747\" height=\"420\" src=\"https:\/\/nuevademocracia.com.co\/wp-content\/uploads\/2025\/01\/murales-medellin-1.png\" alt=\"\" class=\"wp-image-27212\" style=\"width:541px;height:auto\" srcset=\"https:\/\/nuevademocracia.com.co\/wp-content\/uploads\/2025\/01\/murales-medellin-1.png 747w, https:\/\/nuevademocracia.com.co\/wp-content\/uploads\/2025\/01\/murales-medellin-1-300x169.png 300w\" sizes=\"auto, (max-width: 747px) 100vw, 747px\" \/><\/figure>\n\n\n\n<p><\/p>\n\n\n\n<p class=\"has-black-color has-text-color has-link-color wp-elements-b47b2b637d333692a6ded9c7a6f7b3bd\">Esta acci\u00f3n de censura despert\u00f3 la indignaci\u00f3n de distintos luchadores populares que empezaron difundir publicaciones, fotos, videos e ilustraciones sobre el mural. As\u00ed mismo, m\u00e1s de 20 activistas se reunieron para realizar una empapelada en algunos sitios de la ciudad, con carteles con la frase de \u201cLas cuchas tienen raz\u00f3n\u201d. El mural fue realizado nuevamente el d\u00eda 14 de enero, esta vez participaron alrededor de 200 personas y en esta ocasi\u00f3n se hizo el mural m\u00e1s grande, ocupando dos paredes y con el mismo mensaje.<\/p>\n\n\n\n<figure class=\"wp-block-image aligncenter size-large is-resized\"><img loading=\"lazy\" decoding=\"async\" width=\"1024\" height=\"576\" src=\"https:\/\/nuevademocracia.com.co\/wp-content\/uploads\/2025\/01\/2ACLNO43P5B5BO6AENQ24KPA2M-1024x576.jpg\" alt=\"\" class=\"wp-image-27209\" style=\"width:617px;height:auto\" srcset=\"https:\/\/nuevademocracia.com.co\/wp-content\/uploads\/2025\/01\/2ACLNO43P5B5BO6AENQ24KPA2M-1024x576.jpg 1024w, https:\/\/nuevademocracia.com.co\/wp-content\/uploads\/2025\/01\/2ACLNO43P5B5BO6AENQ24KPA2M-300x169.jpg 300w, https:\/\/nuevademocracia.com.co\/wp-content\/uploads\/2025\/01\/2ACLNO43P5B5BO6AENQ24KPA2M-768x432.jpg 768w, https:\/\/nuevademocracia.com.co\/wp-content\/uploads\/2025\/01\/2ACLNO43P5B5BO6AENQ24KPA2M-1536x864.jpg 1536w, https:\/\/nuevademocracia.com.co\/wp-content\/uploads\/2025\/01\/2ACLNO43P5B5BO6AENQ24KPA2M.jpg 1599w\" sizes=\"auto, (max-width: 1024px) 100vw, 1024px\" \/><\/figure>\n\n\n\n<p><\/p>\n\n\n\n<p class=\"has-black-color has-text-color has-link-color wp-elements-d1a2a1c4f2694c700f6724b935fad108\">No es la primera vez que esto ocurre, recientemente por iniciativa del concejal del Centro Democr\u00e1tico, Andr\u00e9s Gury, se borr\u00f3 el mural que dec\u00eda, \u201cNos est\u00e1n matando\u201d que denunciaba el asesinato de j\u00f3venes y l\u00edderes sociales en el pa\u00eds. En este caso, los artistas y activistas tambi\u00e9n volvieron a realizar el mural, pero con el mensaje de \u201cEl arte no se calla\u201d.<\/p>\n\n\n\n<figure class=\"wp-block-image aligncenter size-large is-resized\"><img loading=\"lazy\" decoding=\"async\" width=\"1024\" height=\"376\" src=\"https:\/\/nuevademocracia.com.co\/wp-content\/uploads\/2025\/01\/Gg8DQnDXkAAr0yC-1024x376.jpg\" alt=\"\" class=\"wp-image-27213\" style=\"width:648px;height:auto\" srcset=\"https:\/\/nuevademocracia.com.co\/wp-content\/uploads\/2025\/01\/Gg8DQnDXkAAr0yC-1024x376.jpg 1024w, https:\/\/nuevademocracia.com.co\/wp-content\/uploads\/2025\/01\/Gg8DQnDXkAAr0yC-300x110.jpg 300w, https:\/\/nuevademocracia.com.co\/wp-content\/uploads\/2025\/01\/Gg8DQnDXkAAr0yC-768x282.jpg 768w, https:\/\/nuevademocracia.com.co\/wp-content\/uploads\/2025\/01\/Gg8DQnDXkAAr0yC-1536x564.jpg 1536w, https:\/\/nuevademocracia.com.co\/wp-content\/uploads\/2025\/01\/Gg8DQnDXkAAr0yC.jpg 1600w\" sizes=\"auto, (max-width: 1024px) 100vw, 1024px\" \/><\/figure>\n\n\n\n<p><\/p>\n\n\n\n<p class=\"has-black-color has-text-color has-link-color wp-elements-d7a314c16a263d8cc94ca96736b3d41f\">Diferentes organizaciones populares, l\u00edderes sociales y medios independientes, durante d\u00e9cadas han denunciado la responsabilidad del uribismo en los cr\u00edmenes contra el pueblo durante la Operaci\u00f3n Ori\u00f3n. El actual alcalde Federico Guti\u00e9rrez es ficha del uribismo, de ah\u00ed su acci\u00f3n diligente para silenciar cualquier voz al respecto de dicha Operaci\u00f3n o sobre la responsabilidad del expresidente \u00c1lvaro Uribe. La acci\u00f3n de borrar el mural de \u201cLas cuchas tienen raz\u00f3n\u201d por parte de la Alcald\u00eda de Federico Guti\u00e9rrez no es por una cuesti\u00f3n de est\u00e9tica o limpieza de la ciudad, sino por una pol\u00edtica de mantener la impunidad y ocultar los cr\u00edmenes del Estado y sus fuerzas militares y paramilitares.<\/p>\n\n\n\n<figure class=\"wp-block-image aligncenter size-full is-resized\"><img loading=\"lazy\" decoding=\"async\" width=\"975\" height=\"984\" src=\"https:\/\/nuevademocracia.com.co\/wp-content\/uploads\/2025\/01\/image-11.png\" alt=\"\" class=\"wp-image-27214\" style=\"width:481px;height:auto\" srcset=\"https:\/\/nuevademocracia.com.co\/wp-content\/uploads\/2025\/01\/image-11.png 975w, https:\/\/nuevademocracia.com.co\/wp-content\/uploads\/2025\/01\/image-11-297x300.png 297w, https:\/\/nuevademocracia.com.co\/wp-content\/uploads\/2025\/01\/image-11-150x150.png 150w, https:\/\/nuevademocracia.com.co\/wp-content\/uploads\/2025\/01\/image-11-768x775.png 768w\" sizes=\"auto, (max-width: 975px) 100vw, 975px\" \/><\/figure>\n","protected":false},"excerpt":{"rendered":"<p>La acci\u00f3n de borrar el mural de \u201cLas cuchas tienen raz\u00f3n\u201d por parte de la Alcald\u00eda de Federico Guti\u00e9rrez no es por una cuesti\u00f3n de est\u00e9tica o limpieza de la ciudad, sino por una pol\u00edtica de mantener la impunidad y ocultar los cr\u00edmenes del Estado y sus fuerzas militares y paramilitares.<\/p>\n","protected":false},"author":1,"featured_media":27209,"comment_status":"open","ping_status":"open","sticky":false,"template":"","format":"standard","meta":{"footnotes":""},"categories":[16,4,134],"tags":[],"class_list":["post-27208","post","type-post","status-publish","format-standard","has-post-thumbnail","hentry","category-carrusel","category-colombia","category-nueva-cultura"],"blocksy_meta":[],"_links":{"self":[{"href":"https:\/\/nuevademocracia.com.co\/index.php?rest_route=\/wp\/v2\/posts\/27208","targetHints":{"allow":["GET"]}}],"collection":[{"href":"https:\/\/nuevademocracia.com.co\/index.php?rest_route=\/wp\/v2\/posts"}],"about":[{"href":"https:\/\/nuevademocracia.com.co\/index.php?rest_route=\/wp\/v2\/types\/post"}],"author":[{"embeddable":true,"href":"https:\/\/nuevademocracia.com.co\/index.php?rest_route=\/wp\/v2\/users\/1"}],"replies":[{"embeddable":true,"href":"https:\/\/nuevademocracia.com.co\/index.php?rest_route=%2Fwp%2Fv2%2Fcomments&post=27208"}],"version-history":[{"count":2,"href":"https:\/\/nuevademocracia.com.co\/index.php?rest_route=\/wp\/v2\/posts\/27208\/revisions"}],"predecessor-version":[{"id":29081,"href":"https:\/\/nuevademocracia.com.co\/index.php?rest_route=\/wp\/v2\/posts\/27208\/revisions\/29081"}],"wp:featuredmedia":[{"embeddable":true,"href":"https:\/\/nuevademocracia.com.co\/index.php?rest_route=\/wp\/v2\/media\/27209"}],"wp:attachment":[{"href":"https:\/\/nuevademocracia.com.co\/index.php?rest_route=%2Fwp%2Fv2%2Fmedia&parent=27208"}],"wp:term":[{"taxonomy":"category","embeddable":true,"href":"https:\/\/nuevademocracia.com.co\/index.php?rest_route=%2Fwp%2Fv2%2Fcategories&post=27208"},{"taxonomy":"post_tag","embeddable":true,"href":"https:\/\/nuevademocracia.com.co\/index.php?rest_route=%2Fwp%2Fv2%2Ftags&post=27208"}],"curies":[{"name":"wp","href":"https:\/\/api.w.org\/{rel}","templated":true}]}}