{"id":27217,"date":"2025-01-17T07:00:00","date_gmt":"2025-01-17T12:00:00","guid":{"rendered":"https:\/\/nuevademocracia.com.co\/?p=27217"},"modified":"2025-01-16T13:03:46","modified_gmt":"2025-01-16T18:03:46","slug":"la-resistencia-palestina-consigue-un-alto-el-fuego-y-las-masas-lo-celebran-en-gaza","status":"publish","type":"post","link":"https:\/\/nuevademocracia.com.co\/?p=27217","title":{"rendered":"La resistencia palestina consigue un alto el fuego y las masas lo celebran en Gaza"},"content":{"rendered":"\n<p class=\"has-black-color has-text-color has-link-color wp-elements-7e057d71c84dd13f97ad1c713e1ec1c8\"><em>Reproducimos una traducci\u00f3n no oficial de este art\u00edculo de la prensa democr\u00e1tica y popular,\u00a0<a href=\"https:\/\/anovademocracia.com.br\/resistencia-palestina-cessar-fogo-massas\/\"><mark style=\"background-color:rgba(0, 0, 0, 0)\" class=\"has-inline-color has-vivid-red-color\">A Nova Democracia<\/mark><\/a><\/em><\/p>\n\n\n\n<p class=\"has-black-color has-text-color has-link-color wp-elements-34658e193eeff57495a2554dbf9f20fd\">Los t\u00e9rminos confirman la iniciativa de la Resistencia Nacional Palestina sobre el acuerdo. El alto el fuego, aunque sea violado por el Estado sionista, permite a las fuerzas de la Resistencia Nacional reorganizarse, impone la retirada de las tropas sionistas del territorio palestino y engrosa las filas de la Resistencia, ya sea mediante el apoyo popular de los palestinos de Gaza o de los palestinos reci\u00e9n liberados, o mediante la adhesi\u00f3n de facto a organizaciones patri\u00f3ticas.<\/p>\n\n\n\n<hr class=\"wp-block-separator has-text-color has-vivid-red-color has-alpha-channel-opacity has-vivid-red-background-color has-background\"\/>\n\n\n\n<p class=\"has-black-color has-text-color has-link-color wp-elements-e6cbb8bb76a6506da23a31a902e11d20\">por&nbsp;<a href=\"https:\/\/anovademocracia.com.br\/author\/redacao-de-and\/\">Reda\u00e7\u00e3o de AND<\/a><\/p>\n\n\n\n<p class=\"has-black-color has-text-color has-link-color wp-elements-26ca8948a19e66f99558ec444ea982d6\">15 de enerode 2025<\/p>\n\n\n\n<figure class=\"wp-block-image aligncenter size-full is-resized\"><img loading=\"lazy\" decoding=\"async\" width=\"900\" height=\"600\" src=\"https:\/\/nuevademocracia.com.co\/wp-content\/uploads\/2025\/01\/image-12.png\" alt=\"\" class=\"wp-image-27219\" style=\"width:570px;height:auto\" srcset=\"https:\/\/nuevademocracia.com.co\/wp-content\/uploads\/2025\/01\/image-12.png 900w, https:\/\/nuevademocracia.com.co\/wp-content\/uploads\/2025\/01\/image-12-300x200.png 300w, https:\/\/nuevademocracia.com.co\/wp-content\/uploads\/2025\/01\/image-12-768x512.png 768w\" sizes=\"auto, (max-width: 900px) 100vw, 900px\" \/><\/figure>\n\n\n\n<p><\/p>\n\n\n\n<p class=\"has-black-color has-text-color has-link-color wp-elements-7f4975b11d58963717a090a971a51dd1\">Miles de palestinos empezaron a celebrar hoy (15 de enero) el alto el fuego despu\u00e9s de que la Autoridad de Radiodifusi\u00f3n israel\u00ed anunciara que el Estado nazi-sionista de Israel hab\u00eda aceptado el acuerdo. Ham\u00e1s ya hab\u00eda anunciado su aceptaci\u00f3n. El acuerdo cumple el objetivo t\u00e1ctico de impulsar la organizaci\u00f3n de la resistencia y fue apoyado por otras organizaciones, como la Yihad Isl\u00e1mica Palestina. El derrotado Benjamin Netanyahu, que inicialmente lo neg\u00f3, se vio obligado a aceptar el acuerdo.<\/p>\n\n\n\n<p class=\"has-black-color has-text-color has-link-color wp-elements-c763699c21c8baf738e3b3ee2fb47630\">El alto el fuego deber\u00eda comenzar en dos o tres d\u00edas, seg\u00fan fuentes qatar\u00edes. Las directrices firmadas en el acuerdo por Ham\u00e1s incluyen un alto el fuego de seis semanas, la retirada total de las fuerzas de ocupaci\u00f3n israel\u00edes del centro de Gaza, el retorno de la poblaci\u00f3n desplazada por la agresi\u00f3n sionista al norte del enclave y la liberaci\u00f3n de m\u00e1s de mil prisioneros palestinos, incluidos palestinos condenados a cadena perpetua. A cambio, la resistencia entregar\u00e1 inicialmente a 33 cautivos israel\u00edes.<\/p>\n\n\n\n<p class=\"has-black-color has-text-color has-link-color wp-elements-5bd25c99944ab93a6b1737d559395573\">Los t\u00e9rminos confirman la iniciativa de la Resistencia Nacional Palestina sobre el acuerdo. El alto el fuego, aunque sea violado por el Estado sionista, permite a las fuerzas de la Resistencia Nacional reorganizarse, impone la retirada de las tropas sionistas del territorio palestino y engrosa las filas de la Resistencia, ya sea mediante el apoyo popular de los palestinos de Gaza o de los palestinos reci\u00e9n liberados, ya sea mediante la adhesi\u00f3n de facto a organizaciones patri\u00f3ticas.<\/p>\n\n\n\n<p class=\"has-black-color has-text-color has-link-color wp-elements-b2da87ffbb5c551aab344e43245386f3\">Adem\u00e1s, la Resistencia Nacional Palestina ha demostrado que un pueblo puede destruir a los ej\u00e9rcitos m\u00e1s poderosos aplicando los m\u00e9todos correctos de lucha armada, construyendo sus propias fuerzas armadas y apoy\u00e1ndose en las masas populares.<\/p>\n\n\n\n<p class=\"has-black-color has-text-color has-link-color wp-elements-31967304bdff1eaa7e71067afd8fefbd\">\u00abEl acuerdo para detener la agresi\u00f3n contra Gaza es un logro para nuestro pueblo, nuestra resistencia, nuestra naci\u00f3n y los pueblos libres del mundo. Marca una etapa fundamental en la lucha en curso contra el enemigo, allanando el camino para alcanzar los objetivos de la liberaci\u00f3n y el retorno de nuestro pueblo\u00bb, declar\u00f3 Ham\u00e1s en un comunicado oficial.<\/p>\n\n\n\n<p class=\"has-black-color has-text-color has-link-color wp-elements-6a1aec844cd5eb6e700ae063388c9c89\">El ambiente en la Franja de Gaza es festivo. Miles de palestinos salieron a la calle con banderas de las organizaciones de la Resistencia Nacional. Un periodista fue levantado a hombros por la gente mientras anunciaba el alto el fuego.<\/p>\n\n\n\n<p><a href=\"https:\/\/www.instagram.com\/reel\/DE22robJsmb\/?utm_source=ig_embed&amp;ig_rid=fed92a98-cb76-4c8d-b231-bcfcba8fb717\">https:\/\/www.instagram.com\/reel\/DE22robJsmb\/?utm_source=ig_embed&amp;ig_rid=fed92a98-cb76-4c8d-b231-bcfcba8fb717<\/a><\/p>\n\n\n\n<p class=\"has-vivid-red-color has-text-color has-link-color wp-elements-9a49ad42472ee3a03b396008f2bb4a02\"><strong>Netanyahu en apuros<\/strong><\/p>\n\n\n\n<p class=\"has-black-color has-text-color has-link-color wp-elements-9c4d0c73a49676c139655561585ff821\">Al mismo tiempo, en el bando de la ocupaci\u00f3n sionista, las manifestaciones condenaron el retraso del primer ministro nazi, Benjamin Netanyahu, en aceptar el acuerdo. Inicialmente, Netanyahu neg\u00f3 la posibilidad de firmar el alto el fuego, pero ante el inminente riesgo de colapso interno en Israel, se vio obligado a aceptar las condiciones, seg\u00fan analistas del portal Al Jazeera.<\/p>\n\n\n\n<p class=\"has-black-color has-text-color has-link-color wp-elements-c011df44ea8ace20b855b955c13c270a\">Netanyahu, que prometi\u00f3 \u00abponer fin a la guerra con la \u00fanica condici\u00f3n de la completa destrucci\u00f3n de Ham\u00e1s\u00bb, acab\u00f3 con una completa derrota pol\u00edtica y militar. El Estado de Israel se encuentra en un nivel de aislamiento internacional sin precedentes, con condenas al Estado y a sus representantes en tribunales internacionales. Boicots, sabotajes y protestas condenan al sionismo en todo el mundo. Israel ha fracasado en su intento de realizar una Segunda Nakba, de llevar a cabo una limpieza \u00e9tnica y de destruir la Resistencia Nacional Palestina.<\/p>\n\n\n\n<p class=\"has-black-color has-text-color has-link-color wp-elements-0edd1ceb75cadd9f9762eba600e68980\">El imperialismo yanqui ha presionado para lograr un acuerdo en sus propios t\u00e9rminos, que ha sido echado por tierra por la resistencia. El reaccionario secretario de Estado estadounidense, Antony Blinken, abog\u00f3 por que la colaboracionista \u00abAutoridad Palestina\u00bb gobernara la Franja de Gaza tras el acuerdo. Sin embargo, el hecho es que Ham\u00e1s es el principal organizador del pueblo palestino en Gaza.<\/p>\n","protected":false},"excerpt":{"rendered":"<p>Reproducimos una traducci\u00f3n no oficial de este art\u00edculo de la prensa democr\u00e1tica y popular,\u00a0A Nova Democracia Los t\u00e9rminos confirman la iniciativa de la Resistencia Nacional Palestina sobre el acuerdo. El alto el fuego, aunque sea violado por el Estado sionista, permite a las fuerzas de la Resistencia Nacional reorganizarse, impone la retirada de las tropas [&hellip;]<\/p>\n","protected":false},"author":1,"featured_media":27219,"comment_status":"open","ping_status":"open","sticky":false,"template":"","format":"standard","meta":{"footnotes":""},"categories":[16,135],"tags":[],"class_list":["post-27217","post","type-post","status-publish","format-standard","has-post-thumbnail","hentry","category-carrusel","category-resistencia-palestina"],"blocksy_meta":[],"_links":{"self":[{"href":"https:\/\/nuevademocracia.com.co\/index.php?rest_route=\/wp\/v2\/posts\/27217","targetHints":{"allow":["GET"]}}],"collection":[{"href":"https:\/\/nuevademocracia.com.co\/index.php?rest_route=\/wp\/v2\/posts"}],"about":[{"href":"https:\/\/nuevademocracia.com.co\/index.php?rest_route=\/wp\/v2\/types\/post"}],"author":[{"embeddable":true,"href":"https:\/\/nuevademocracia.com.co\/index.php?rest_route=\/wp\/v2\/users\/1"}],"replies":[{"embeddable":true,"href":"https:\/\/nuevademocracia.com.co\/index.php?rest_route=%2Fwp%2Fv2%2Fcomments&post=27217"}],"version-history":[{"count":3,"href":"https:\/\/nuevademocracia.com.co\/index.php?rest_route=\/wp\/v2\/posts\/27217\/revisions"}],"predecessor-version":[{"id":27223,"href":"https:\/\/nuevademocracia.com.co\/index.php?rest_route=\/wp\/v2\/posts\/27217\/revisions\/27223"}],"wp:featuredmedia":[{"embeddable":true,"href":"https:\/\/nuevademocracia.com.co\/index.php?rest_route=\/wp\/v2\/media\/27219"}],"wp:attachment":[{"href":"https:\/\/nuevademocracia.com.co\/index.php?rest_route=%2Fwp%2Fv2%2Fmedia&parent=27217"}],"wp:term":[{"taxonomy":"category","embeddable":true,"href":"https:\/\/nuevademocracia.com.co\/index.php?rest_route=%2Fwp%2Fv2%2Fcategories&post=27217"},{"taxonomy":"post_tag","embeddable":true,"href":"https:\/\/nuevademocracia.com.co\/index.php?rest_route=%2Fwp%2Fv2%2Ftags&post=27217"}],"curies":[{"name":"wp","href":"https:\/\/api.w.org\/{rel}","templated":true}]}}