{"id":27225,"date":"2025-01-21T17:40:26","date_gmt":"2025-01-21T22:40:26","guid":{"rendered":"https:\/\/nuevademocracia.com.co\/?p=27225"},"modified":"2025-01-21T17:40:58","modified_gmt":"2025-01-21T22:40:58","slug":"youtube-censura-el-canal-de-la-prensa-democratica-y-popular-de-brasil-a-nova-democracia","status":"publish","type":"post","link":"https:\/\/nuevademocracia.com.co\/?p=27225","title":{"rendered":"Youtube censura el canal de A Nova Democracia,  prensa democr\u00e1tica y popular de Brasil"},"content":{"rendered":"\n<p class=\"has-black-color has-text-color has-link-color wp-elements-c8250253fbc9ef9ff97ec15ee0cddd59\">A continuaci\u00f3n compartimos la denuncia realizada por la prensa democr\u00e1tica y popular <a href=\"https:\/\/anovademocracia.com.br\/canal-and-youtube-encerrado-acao-arbitraria\/\">A Nova Democracia- AND <\/a> contra la plataforma monopolista de Youtube, que el d\u00eda 15 de enero les cerr\u00f3 el canal y les impidi\u00f3 el acceso al material period\u00edstico que all\u00ed ten\u00edan. Tambi\u00e9n expresamos nuestro rechazo a la censura sionista contra AND y nos sumamos a la campa\u00f1a de solidaridad con la prensa democr\u00e1tica y popular de Brasil.<\/p>\n\n\n\n<hr class=\"wp-block-separator has-text-color has-vivid-red-color has-alpha-channel-opacity has-vivid-red-background-color has-background\"\/>\n\n\n\n<p class=\"has-black-color has-text-color has-link-color wp-elements-7597c7d092dd0f948c310ce4ec5c5dd9\"><br>por&nbsp;<a href=\"https:\/\/anovademocracia.com.br\/author\/redacao-de-and\/\">Reda\u00e7\u00e3o de AND<\/a><\/p>\n\n\n\n<p class=\"has-black-color has-text-color has-link-color wp-elements-f62c89cc2939ae9bb8c6f392c46af741\">15 de enero de 2025<\/p>\n\n\n\n<figure class=\"wp-block-image aligncenter size-large is-resized\"><img loading=\"lazy\" decoding=\"async\" width=\"1024\" height=\"1024\" src=\"https:\/\/nuevademocracia.com.co\/wp-content\/uploads\/2025\/01\/image-14-1024x1024.png\" alt=\"\" class=\"wp-image-27227\" style=\"width:554px;height:auto\" srcset=\"https:\/\/nuevademocracia.com.co\/wp-content\/uploads\/2025\/01\/image-14-1024x1024.png 1024w, https:\/\/nuevademocracia.com.co\/wp-content\/uploads\/2025\/01\/image-14-300x300.png 300w, https:\/\/nuevademocracia.com.co\/wp-content\/uploads\/2025\/01\/image-14-150x150.png 150w, https:\/\/nuevademocracia.com.co\/wp-content\/uploads\/2025\/01\/image-14-768x768.png 768w, https:\/\/nuevademocracia.com.co\/wp-content\/uploads\/2025\/01\/image-14.png 1080w\" sizes=\"auto, (max-width: 1024px) 100vw, 1024px\" \/><figcaption class=\"wp-element-caption\"><strong><em><mark style=\"background-color:rgba(0, 0, 0, 0)\" class=\"has-inline-color has-black-color\">Foto: A Nova Democracia<\/mark><\/em><\/strong><\/figcaption><\/figure>\n\n\n\n<p class=\"has-black-color has-text-color has-link-color wp-elements-c6b4d26da2945642fbdf4f727cd6b6f6\">Un d\u00eda despu\u00e9s de que Youtube desmonetizara el canal de A Nova Democracia, la plataforma de v\u00eddeo ha decidido hoy (15\/1), sin previo aviso, cerrar todo el canal de nuestra tribuna alegando que nuestra valiente cobertura period\u00edstica revolucionaria hab\u00eda violado supuestamente las reaccionarias directrices de seguridad de la plataforma.<\/p>\n\n\n\n<p class=\"has-black-color has-text-color has-link-color wp-elements-c862101611ab7c2eb38b0f098e801478\">La prohibici\u00f3n de Youtube impide a AND descargar su archivo period\u00edstico. La AND ha producido m\u00e1s de 15 a\u00f1os de material audiovisual, incluyendo coberturas exclusivas de los cr\u00edmenes del viejo Estado brasile\u00f1o contra el pueblo y momentos hist\u00f3ricos de la lucha de las masas de nuestro pa\u00eds.<\/p>\n\n\n\n<p class=\"has-black-color has-text-color has-link-color wp-elements-2f2345deff1da767a3d7c803e59bc091\">Seg\u00fan YouTube, AND infringi\u00f3 la \u00abPol\u00edtica sobre organizaciones criminales violentas\u00bb, que establece que \u00abno se pueden publicar contenidos en YouTube que apoyen, promuevan o ayuden a organizaciones criminales violentas o extremistas. Estas entidades no pueden utilizar YouTube para ning\u00fan fin, incluido el reclutamiento\u00bb.<\/p>\n\n\n\n<p class=\"has-black-color has-text-color has-link-color wp-elements-35e37d7d9933ec39306bc98a576bed7c\">YouTube s\u00f3lo tiene una oportunidad de impugnar la decisi\u00f3n de cerrar el canal. AND presentar\u00e1 una solicitud en breve.<\/p>\n\n\n\n<p class=\"has-vivid-red-color has-text-color has-link-color wp-elements-076738588dd198c1ae6bbd743d051308\"><strong>Directrices reaccionarias<\/strong><\/p>\n\n\n\n<p class=\"has-black-color has-text-color has-link-color wp-elements-b5688fe234f329bcee782ddea9cc0606\">Para la redacci\u00f3n de AND, s\u00f3lo cabe suponer que Youtube tendr\u00e1 en cuenta la cobertura hist\u00f3rica de nuestra tribuna sobre la guerra revolucionaria campesina librada en los rincones de Brasil, en la que campesinos, ind\u00edgenas y quilombolas se enfrentan audazmente a los cr\u00edmenes de las bandas paramilitares del latifundio (como en la cobertura de los Campamentos Manoel Ribeiro y Tiago Campinas), que los ind\u00edgenas y quilombolas enfrenten audazmente los cr\u00edmenes de las bandas paramilitares del latifundio (como en la cobertura de la lucha campesina en los Campamentos Manoel Ribeiro y Tiago Campin dos Santos en 2021 y 2022, o la lucha Guaran\u00ed-Kaiow\u00e1 en Douradina en 2024) como una violaci\u00f3n de las directrices reaccionarias; o, del mismo modo, que la plataforma considere una violaci\u00f3n de las directrices sionistas la cobertura por parte de AND de la guerra de liberaci\u00f3n nacional del pueblo palestino, que siempre ha incluido la emisi\u00f3n de v\u00eddeos de la Resistencia Nacional Palestina, en los que guerrilleros \u00e1rabes barren la ocupaci\u00f3n sionista de sus territorios con audaces acciones militares.<\/p>\n\n\n\n<p class=\"has-black-color has-text-color has-link-color wp-elements-60a801029cf6bed83d1fb7a15acf1818\">El 14 de enero, Youtube desmonetiz\u00f3 el canal de AND con la misma justificaci\u00f3n. Seg\u00fan Youtube, la edici\u00f3n del programa Plant\u00e3o Palestina con el t\u00edtulo \u00abEditor de la BBC colabora con el Mossad y la CIA\/Houthis lanzan 40 misiles\u00bb violaba la \u00abPol\u00edtica contra organizaciones extremistas violentas o criminales\u00bb de Youtube. La desmonetizaci\u00f3n tambi\u00e9n se produjo sin previo aviso: el equipo s\u00f3lo se enter\u00f3 de la sanci\u00f3n porque, en el \u00e1rea de monetizaci\u00f3n del canal, la plataforma de v\u00eddeo les inform\u00f3 de que \u00abUsted no es elegible para la monetizaci\u00f3n\u00bb. Antes de que el v\u00eddeo fuera censurado, el canal de AND recib\u00eda monetizaci\u00f3n de adsense, clubes de miembros y otras fuentes de ingresos de Youtube.<\/p>\n\n\n\n<p class=\"has-vivid-red-color has-text-color has-link-color wp-elements-b1cbb85e38cbd49d6092951330d313c9\"><strong>Reconocimiento internacional<\/strong><\/p>\n\n\n\n<p class=\"has-black-color has-text-color has-link-color wp-elements-5336b4235c68ba76b9ee47277e878119\">El canal de YouTube de AND fue reconocido internacionalmente por su audaz cobertura de las masacres policiales en las favelas (grabadas codo con codo con los residentes, en el coraz\u00f3n de las favelas, y no desde helic\u00f3pteros, como es el caso del monopolio de la prensa) y en el campo (como el documental de 2017 Terra e Sangue, sobre la masacre de Pau D&#8217;Arco).<\/p>\n\n\n\n<p class=\"has-black-color has-text-color has-link-color wp-elements-7c927ab796d4be3a13e112e5a8eef773\">AND tambi\u00e9n era mundialmente conocida por su cobertura de la lucha popular. Los v\u00eddeos de AND de las Jornadas de 2013 y 2014 registraron en exclusiva momentos \u00fanicos de las protestas. Adem\u00e1s, AND cubri\u00f3 de cerca varios de los desalojos de favelas en R\u00edo de Janeiro que tuvieron lugar en preparaci\u00f3n para el Mundial de F\u00fatbol de 2014 y los Juegos Ol\u00edmpicos de 2016. Todav\u00eda se pueden encontrar reproducciones de algunas de estas coberturas en otros canales de YouTube:<\/p>\n\n\n\n<figure class=\"wp-block-embed is-type-video is-provider-youtube wp-block-embed-youtube wp-embed-aspect-16-9 wp-has-aspect-ratio\"><div class=\"wp-block-embed__wrapper\">\n<iframe loading=\"lazy\" title=\"Favela da TELERJ by Jornal A Nova Democracia [English Subtitles]\" width=\"1290\" height=\"726\" src=\"https:\/\/www.youtube.com\/embed\/SNQ7BXJfUxM?feature=oembed\" frameborder=\"0\" allow=\"accelerometer; autoplay; clipboard-write; encrypted-media; gyroscope; picture-in-picture; web-share\" referrerpolicy=\"strict-origin-when-cross-origin\" allowfullscreen><\/iframe>\n<\/div><\/figure>\n\n\n\n<p><\/p>\n\n\n\n<figure class=\"wp-block-embed is-type-video is-provider-youtube wp-block-embed-youtube wp-embed-aspect-16-9 wp-has-aspect-ratio\"><div class=\"wp-block-embed__wrapper\">\n<iframe loading=\"lazy\" title=\"A Nova Democracia - Manifesta\u00e7\u00e3o 01\/04\/14 - Recife\" width=\"1290\" height=\"726\" src=\"https:\/\/www.youtube.com\/embed\/HJ3dL5yzQAY?feature=oembed\" frameborder=\"0\" allow=\"accelerometer; autoplay; clipboard-write; encrypted-media; gyroscope; picture-in-picture; web-share\" referrerpolicy=\"strict-origin-when-cross-origin\" allowfullscreen><\/iframe>\n<\/div><\/figure>\n\n\n\n<p><\/p>\n\n\n\n<figure class=\"wp-block-embed is-type-video is-provider-youtube wp-block-embed-youtube wp-embed-aspect-16-9 wp-has-aspect-ratio\"><div class=\"wp-block-embed__wrapper\">\n<iframe loading=\"lazy\" title=\"Jornalismo colaborativo: manifesta\u00e7\u00e3o em apoio \u00e0 educa\u00e7\u00e3o acaba em viol\u00eancia.\" width=\"1290\" height=\"726\" src=\"https:\/\/www.youtube.com\/embed\/FQQstxrPbK8?feature=oembed\" frameborder=\"0\" allow=\"accelerometer; autoplay; clipboard-write; encrypted-media; gyroscope; picture-in-picture; web-share\" referrerpolicy=\"strict-origin-when-cross-origin\" allowfullscreen><\/iframe>\n<\/div><\/figure>\n\n\n\n<p><\/p>\n\n\n\n<p class=\"has-black-color has-text-color has-link-color wp-elements-cebb9c9b19a48301fd59763c03511ac7\">Desde 2023, AND ha dado un salto adelante en su producci\u00f3n audiovisual, con la puesta en marcha de programas informativos diarios para tratar la situaci\u00f3n pol\u00edtica nacional e internacional. Ese mismo a\u00f1o, tras el lanzamiento de la Operaci\u00f3n Diluvio Al-Aqsa el 7 de octubre, AND inaugur\u00f3 Plant\u00e3o Palestina el 9 de octubre, inicialmente como parte de A Prop\u00f3sito y despu\u00e9s como programa independiente. Desde que se separaron los dos programas se han realizado m\u00e1s de 200 ediciones de Plant\u00e3o Palestina.<\/p>\n\n\n\n<p class=\"has-vivid-red-color has-text-color has-link-color wp-elements-5a8d5f58f58139ff825c9a1d477105ea\"><strong>Decenas de entrevistas<\/strong><\/p>\n\n\n\n<p class=\"has-black-color has-text-color has-link-color wp-elements-aacbe54da8908a8808da4742572f073d\">AND tambi\u00e9n entrevist\u00f3 a decenas de personas, entre ellas activistas implicados en luchas populares e importantes personalidades progresistas y democr\u00e1ticas. S\u00f3lo sobre el tema de Palestina, AND realiz\u00f3 entrevistas: con el redactor jefe del portal Palestine Chronicle y autor de m\u00e1s de 6 libros sobre Palestina, Dr. Ramzy Baroud; con el redactor jefe de The Cradle, Esteban Carillo; con la destacada periodista Lucia Helena Issa; con el palestino extraditado de Brasil y profesor universitario en Malasia, Muslim Ajaar (la \u00fanica entrevista audiovisual que le hizo un peri\u00f3dico brasile\u00f1o); con el presidente del Instituto Brasil-Palestina, Ahmad Shehada; con el presidente de la Federaci\u00f3n \u00c1rabe Palestina de Brasil, Ualid Rabah y otros.<\/p>\n\n\n\n<p class=\"has-black-color has-text-color has-link-color wp-elements-23d82094adbcb5d5eecd8c440873fd95\">Otra serie de entrevistas se realizaron en 2024 para conmemorar los 60 a\u00f1os del golpe militar de 1964. Personalidades como la profesora Ana Paula Goulart, de la Facultad de Comunicaci\u00f3n de la UFRJ, la profesora Joana D&#8217;arc, de la Universidad Federal Fluminense, la activista y hermana del guerrillero de Araguaia Jo\u00e3o Carlos Haas Sobrinho, Sonia Haas, y el activista y sobrino del revolucionario Mario Alves, Leo Alves, fueron entrevistados por la AND en v\u00eddeos que ya se han perdido.<\/p>\n\n\n\n<p class=\"has-vivid-red-color has-text-color has-link-color wp-elements-2d9216a4da67de458f76b5514975c9fe\"><strong>Los ataques nunca detuvieron la producci\u00f3n<\/strong><\/p>\n\n\n\n<p class=\"has-black-color has-text-color has-link-color wp-elements-e80b7899866b1d990bdb46fd3120b59c\">No es la primera vez que AND es objeto de ataques. En los m\u00e1s de 20 a\u00f1os de historia de nuestro peri\u00f3dico, AND ya ha sufrido el sabotaje de la red el\u00e9ctrica de su sede principal, el incendio y la invasi\u00f3n de una oficina del Comit\u00e9 de Apoyo, nuestra redacci\u00f3n se ha enfrentado a redadas y nuestros corresponsales han sido blanco de detenciones durante las protestas. Aun as\u00ed, el ritmo de producci\u00f3n nunca ha deca\u00eddo.<\/p>\n\n\n\n<p class=\"has-black-color has-text-color has-link-color wp-elements-a1eaf1439c5de2efa1842f07d325cf1d\">La Redacci\u00f3n de AND reafirma que la censura reaccionaria de Youtube no impedir\u00e1 ni reducir\u00e1 en modo alguno la labor period\u00edstica revolucionaria de A Nova Democracia. Como comentamos en nuestra entrevista con Esteban Carillo, tras preguntarle por la prohibici\u00f3n de The Cradle en Instagram, \u00abesto es una muestra de buen periodismo, periodismo al servicio del pueblo\u00bb.<\/p>\n\n\n\n<p class=\"has-black-color has-text-color has-link-color wp-elements-d461258492e5d3e47a5e011bb1ec7949\">En el mismo sentido, instamos a todos los amigos, simpatizantes, lectores, televidentes y colaboradores de AND a compartir al m\u00e1ximo la denuncia de la prohibici\u00f3n de nuestro canal y a apoyar financieramente a AND como una forma de responder a la acci\u00f3n sionista que pretende, mediante la desmonetizaci\u00f3n y prohibici\u00f3n del canal, impedir el trabajo de la prensa revolucionaria. El apoyo se puede dar a trav\u00e9s de la Tienda AND, a trav\u00e9s de nuestra Catarse, a la que se puede acceder en este <a href=\"https:\/\/www.catarse.me\/apoieoand\">enlace<\/a>, o a trav\u00e9s de pix admin@anovademocracia.com.br.<\/p>\n\n\n\n<p class=\"has-black-color has-text-color has-link-color wp-elements-e6747d8889945f8b31301f3732e67187\">Pronto daremos a conocer m\u00e1s formas de apoyar a nuestra tribuna. A Nova Democracia no descansar\u00e1 en su lucha por recuperar m\u00e1s de 15 a\u00f1os de producci\u00f3n period\u00edstica revolucionaria al servicio del pueblo.<\/p>\n\n\n\n<hr class=\"wp-block-separator has-text-color has-vivid-red-color has-alpha-channel-opacity has-vivid-red-background-color has-background\"\/>\n\n\n\n<p class=\"has-black-color has-text-color has-link-color wp-elements-bcbbe487a06cf18637726d31f326012e\">Por \u00faltimo compartimos el canal del Programa <a href=\"https:\/\/www.youtube.com\/@ProgramaAProposito\/featured\">A Proposito<\/a> realizado por AND y que empezara a transmitir sus en vivos por este medio, a partir del 22 de enero. <\/p>\n\n\n\n<figure class=\"wp-block-embed is-type-video is-provider-youtube wp-block-embed-youtube wp-embed-aspect-16-9 wp-has-aspect-ratio\"><div class=\"wp-block-embed__wrapper\">\n<iframe loading=\"lazy\" title=\"\u00c9 HOJE \u00e0s 19hrs! ESTREIA AO VIVO! NO CANAL DO @JornalANovaDemocracia\" width=\"1290\" height=\"726\" src=\"https:\/\/www.youtube.com\/embed\/2Q0kZdAlpfg?feature=oembed\" frameborder=\"0\" allow=\"accelerometer; autoplay; clipboard-write; encrypted-media; gyroscope; picture-in-picture; web-share\" referrerpolicy=\"strict-origin-when-cross-origin\" allowfullscreen><\/iframe>\n<\/div><\/figure>\n","protected":false},"excerpt":{"rendered":"<p>A continuaci\u00f3n compartimos la denuncia realizada por la prensa democr\u00e1tica y popular A Nova Democracia- AND contra la plataforma monopolista de Youtube, que el d\u00eda 15 de enero les cerr\u00f3 el canal y les impidi\u00f3 el acceso al material period\u00edstico que all\u00ed ten\u00edan. Tambi\u00e9n expresamos nuestro rechazo a la censura sionista contra AND y nos [&hellip;]<\/p>\n","protected":false},"author":1,"featured_media":27226,"comment_status":"open","ping_status":"open","sticky":false,"template":"","format":"standard","meta":{"footnotes":""},"categories":[16,116,31],"tags":[],"class_list":["post-27225","post","type-post","status-publish","format-standard","has-post-thumbnail","hentry","category-carrusel","category-imperialismo","category-internacional"],"blocksy_meta":[],"_links":{"self":[{"href":"https:\/\/nuevademocracia.com.co\/index.php?rest_route=\/wp\/v2\/posts\/27225","targetHints":{"allow":["GET"]}}],"collection":[{"href":"https:\/\/nuevademocracia.com.co\/index.php?rest_route=\/wp\/v2\/posts"}],"about":[{"href":"https:\/\/nuevademocracia.com.co\/index.php?rest_route=\/wp\/v2\/types\/post"}],"author":[{"embeddable":true,"href":"https:\/\/nuevademocracia.com.co\/index.php?rest_route=\/wp\/v2\/users\/1"}],"replies":[{"embeddable":true,"href":"https:\/\/nuevademocracia.com.co\/index.php?rest_route=%2Fwp%2Fv2%2Fcomments&post=27225"}],"version-history":[{"count":5,"href":"https:\/\/nuevademocracia.com.co\/index.php?rest_route=\/wp\/v2\/posts\/27225\/revisions"}],"predecessor-version":[{"id":27233,"href":"https:\/\/nuevademocracia.com.co\/index.php?rest_route=\/wp\/v2\/posts\/27225\/revisions\/27233"}],"wp:featuredmedia":[{"embeddable":true,"href":"https:\/\/nuevademocracia.com.co\/index.php?rest_route=\/wp\/v2\/media\/27226"}],"wp:attachment":[{"href":"https:\/\/nuevademocracia.com.co\/index.php?rest_route=%2Fwp%2Fv2%2Fmedia&parent=27225"}],"wp:term":[{"taxonomy":"category","embeddable":true,"href":"https:\/\/nuevademocracia.com.co\/index.php?rest_route=%2Fwp%2Fv2%2Fcategories&post=27225"},{"taxonomy":"post_tag","embeddable":true,"href":"https:\/\/nuevademocracia.com.co\/index.php?rest_route=%2Fwp%2Fv2%2Ftags&post=27225"}],"curies":[{"name":"wp","href":"https:\/\/api.w.org\/{rel}","templated":true}]}}