{"id":27244,"date":"2025-02-04T13:29:41","date_gmt":"2025-02-04T18:29:41","guid":{"rendered":"https:\/\/nuevademocracia.com.co\/?p=27244"},"modified":"2026-03-28T00:14:28","modified_gmt":"2026-03-28T05:14:28","slug":"editorial-la-arremetida-yanqui-no-se-derrota-con-demagogia","status":"publish","type":"post","link":"https:\/\/nuevademocracia.com.co\/?p=27244","title":{"rendered":"Editorial &#8211; La arremetida yanqui no se derrota con demagogia"},"content":{"rendered":"\n<hr class=\"wp-block-separator has-text-color has-vivid-red-color has-alpha-channel-opacity has-vivid-red-background-color has-background\"\/>\n\n\n\n<figure class=\"wp-block-image aligncenter size-large is-resized\"><img loading=\"lazy\" decoding=\"async\" width=\"1024\" height=\"710\" src=\"https:\/\/nuevademocracia.com.co\/wp-content\/uploads\/2025\/02\/Imagen2-1-1024x710.png\" alt=\"\" class=\"wp-image-27315\" style=\"width:649px;height:auto\" srcset=\"https:\/\/nuevademocracia.com.co\/wp-content\/uploads\/2025\/02\/Imagen2-1-1024x710.png 1024w, https:\/\/nuevademocracia.com.co\/wp-content\/uploads\/2025\/02\/Imagen2-1-300x208.png 300w, https:\/\/nuevademocracia.com.co\/wp-content\/uploads\/2025\/02\/Imagen2-1-768x532.png 768w, https:\/\/nuevademocracia.com.co\/wp-content\/uploads\/2025\/02\/Imagen2-1.png 1281w\" sizes=\"auto, (max-width: 1024px) 100vw, 1024px\" \/><\/figure>\n\n\n\n<p class=\"has-black-color has-text-color has-link-color wp-elements-87089b9a718d29d8d3a28018df5bb591\">La llamada \u201ccrisis diplom\u00e1tica\u201d entre EEUU y Colombia dur\u00f3 solo 20 horas. Comenz\u00f3 la madrugada del domingo cuando el presidente de Colombia trin\u00f3 en la red X: \u201cLos Estados Unidos no pueden tratar como delincuentes a los migrantes colombianos, desautorizo la entrada de aviones norteamericanos con migrantes colombianos a nuestro territorio, EEUU debe establecer un protocolo de tratamiento digno a los migrantes antes de que los recibamos nosotros\u201d.<\/p>\n\n\n\n<p class=\"has-black-color has-text-color has-link-color wp-elements-dde0f21079795424b6f6fb45dc7fca98\">Horas m\u00e1s tarde Trump dijo que ante la negativa del gobierno de Colombia de recibir \u201cun gran n\u00famero de criminales ilegales\u201d, impondr\u00eda inmediatamente aranceles del 25% a todos los productos colombianos que ingresen a los EEUU y en una semana los elevar\u00eda al 50%, revocar\u00eda visas, har\u00eda controles exhaustivos a las personas y mercanc\u00edas colombianas y aplicar\u00eda la IEEPA (Ley de poderes econ\u00f3micos de emergencia internacional).<\/p>\n\n\n\n<p class=\"has-black-color has-text-color has-link-color wp-elements-152ac67e445b1860a7876b583db89bb8\">A esto Petro respondi\u00f3 diciendo: \u201cle ordeno al ministro de comercio exterior elevar los aranceles de importaciones de los EEUU en un 25%\u201d. Todos los gremios econ\u00f3micos y los representantes de los partidos politiqueros pusieron el grito en el cielo, argumentando que esto llevar\u00eda a una hecatombe por la dependencia comercial del pa\u00eds con Estados Unidos. Pero en la noche de ese mismo domingo, luego de largas conversaciones diplom\u00e1ticas entre funcionarios de los dos gobiernos, la casa Blanca emiti\u00f3 el siguiente comunicado: \u201cel gobierno de Colombia ha acordado todas las condiciones del presidente Trump, incluida la aceptaci\u00f3n sin restricciones de todos los inmigrantes ilegales de Colombia retornados desde Estados Unidos, incluidos los que lleguen en aviones militares, sin limitaciones ni dilaci\u00f3n\u201d.<\/p>\n\n\n\n<p class=\"has-black-color has-text-color has-link-color wp-elements-56020d17554cc6c843cc1ece1cae8953\">Esta \u201ccrisis diplom\u00e1tica\u201d ha dado mucho de qu\u00e9 hablar al respecto de Trump, de los migrantes y de la relaci\u00f3n entre Estados Unidos y Colombia.<\/p>\n\n\n\n<p class=\"has-vivid-red-color has-text-color has-link-color wp-elements-3c8186dd200f405425bb2ac0fec19bc7\"><strong>El humillante trato a los migrantes indocumentados<\/strong><\/p>\n\n\n\n<p class=\"has-black-color has-text-color has-link-color wp-elements-756b63c95ea98724b5a0c755d3147a99\">A causa de la permanente situaci\u00f3n de pobreza, desempleo e informalidad en los pa\u00edses del tercer mundo, situaci\u00f3n agravada por la mayor profundizaci\u00f3n de la crisis general del imperialismo en los \u00faltimos a\u00f1os, todos los d\u00edas miles de personas intentan ingresar ilegalmente a los Estados Unidos en busca de un trabajo y una vida mejor. El a\u00f1o 2023 alrededor de 170.000 colombianos (\u00a1casi 500 por d\u00eda!) fueron detenidos cuando intentaban ingresar a Estados Unidos de manera ilegal, un aumento del 30% frente al 2022.<\/p>\n\n\n\n<figure class=\"wp-block-image aligncenter size-full is-resized\"><img loading=\"lazy\" decoding=\"async\" width=\"1020\" height=\"862\" src=\"https:\/\/nuevademocracia.com.co\/wp-content\/uploads\/2025\/02\/Ed-Migran.png\" alt=\"\" class=\"wp-image-27245\" style=\"width:614px;height:auto\" srcset=\"https:\/\/nuevademocracia.com.co\/wp-content\/uploads\/2025\/02\/Ed-Migran.png 1020w, https:\/\/nuevademocracia.com.co\/wp-content\/uploads\/2025\/02\/Ed-Migran-300x254.png 300w, https:\/\/nuevademocracia.com.co\/wp-content\/uploads\/2025\/02\/Ed-Migran-768x649.png 768w\" sizes=\"auto, (max-width: 1020px) 100vw, 1020px\" \/><figcaption class=\"wp-element-caption\"><strong><em><mark style=\"background-color:rgba(0, 0, 0, 0)\" class=\"has-inline-color has-black-color\">La \u00faltima escalada de la migraci\u00f3n irregular se dio a partir de 2019 y coincide con el agravamiento de la crisis mundial del imperialismo y del capitalismo burocr\u00e1tico en los pa\u00edses del tercer mundo, que se expres\u00f3 en grandes explosiones de lucha de masas. Foto: La Silla Vac\u00eda.<\/mark><\/em><\/strong><\/figcaption><\/figure>\n\n\n\n<p class=\"has-black-color has-text-color has-link-color wp-elements-6d9a91fba87f013885181e7a57b00d2e\">En Estados Unidos, 1 de cada 4 extranjeros es un migrante indocumentado. M\u00e1s de 11 millones de personas residen irregularmente en el pa\u00eds. Aunque la econom\u00eda yanqui se beneficia de esta \u201cmano de obra barata\u201d, todos los gobiernos gringos persiguen a los inmigrantes que no tienen la documentaci\u00f3n en regla. Obama, llamado por algunas organizaciones sociales como el \u201cdeportador jefe\u201d, en cada uno de sus dos periodos de gobierno, deport\u00f3 m\u00e1s personas que en el tiempo de Biden y que en el primer gobierno de Trump. Aunque Biden deport\u00f3 a m\u00e1s de 270 mil personas en un periodo de 12 meses hasta septiembre, el dato anual m\u00e1s alto en una d\u00e9cada.&nbsp;<\/p>\n\n\n\n<p class=\"has-black-color has-text-color has-link-color wp-elements-f7d4a9503cb9f2ed2e70e16d03b748f0\">El actual gobierno yanqui prometi\u00f3 en campa\u00f1a \u201cla deportaci\u00f3n masiva m\u00e1s grande\u201d de la historia de los Estados Unidos y lleg\u00f3 a decir que \u201clos inmigrantes envenenan la sangre de nuestro pa\u00eds\u201d. En la primera semana de su gobierno, Trump ha firmado m\u00e1s de una docena de ordenes ejecutivas sobre inmigraci\u00f3n, ha llevado adelante redadas contra los inmigrantes con un promedio de 710 arrestos diarios, frente a la media diaria de 311 en un periodo de 12 meses hasta el pasado septiembre durante el periodo de Biden. Si mantiene este ritmo de represi\u00f3n, superar\u00eda el record previo establecido por Obama, con un promedio de 636 arrestos diarios en 2013. Trump les ha exigido a las patrullas represivas unas cuotas m\u00ednimas de arrestos, las redadas se generalizan y se siembra as\u00ed terror en las calles y escuelas de varias ciudades estadounidenses.<\/p>\n\n\n\n<p class=\"has-black-color has-text-color has-link-color wp-elements-396ed0f8f48ee3c5de8ebc2280cd2405\">El trato dado a los inmigrantes ilegales detenidos en los EEUU siempre ha sido humillante y con el gobierno de Trump lo es a\u00fan m\u00e1s. La experiencia nazi muestra que cuando el imperialismo entra en crisis y se prepara para la guerra, entre otras medidas, se recrudece el nacionalismo reaccionario y la xenofobia. Trump ha intensificado las redadas indiscriminadas y llama a todos los detenidos \u201cdelincuentes\u201d. Como contaban los colombianos deportados esta semana, las fuerzas represivas yanquis les daban comida da\u00f1ada, se burlaban constantemente de ellos, los manten\u00edan atados por la cintura y esposados de manos, a muchos les quitaron sus pertenencias, no les permit\u00edan comunicarse con familiares, no los dejaron ba\u00f1ar por varios d\u00edas, etc.<\/p>\n\n\n\n<figure class=\"wp-block-image aligncenter size-full is-resized\"><img loading=\"lazy\" decoding=\"async\" width=\"800\" height=\"450\" src=\"https:\/\/nuevademocracia.com.co\/wp-content\/uploads\/2025\/02\/image-5.png\" alt=\"\" class=\"wp-image-27247\" style=\"width:492px;height:auto\" srcset=\"https:\/\/nuevademocracia.com.co\/wp-content\/uploads\/2025\/02\/image-5.png 800w, https:\/\/nuevademocracia.com.co\/wp-content\/uploads\/2025\/02\/image-5-300x169.png 300w, https:\/\/nuevademocracia.com.co\/wp-content\/uploads\/2025\/02\/image-5-768x432.png 768w\" sizes=\"auto, (max-width: 800px) 100vw, 800px\" \/><\/figure>\n\n\n\n<p><\/p>\n\n\n\n<p class=\"has-vivid-red-color has-text-color has-link-color wp-elements-c2c14bd5d59d6629d5683078562d41ea\"><strong>Las amenazas de Trump<\/strong><\/p>\n\n\n\n<p class=\"has-black-color has-text-color has-link-color wp-elements-e8c1fe36d2ec9a359b92f3d1ac8a5d6c\">Ante la negativa de Petro a recibir los aviones con los deportados, Trump despleg\u00f3 una bater\u00eda de castigos para Colombia: aranceles de hasta el 50%, revocatoria de visas, refuerzo de inspecci\u00f3n de pasajeros y mercanc\u00edas y aplicaci\u00f3n de la Ley IEEPA contra tesorer\u00eda, banca y finanzas.<\/p>\n\n\n\n<p class=\"has-black-color has-text-color has-link-color wp-elements-efbdeba5d78020c6d643dc312e1e5cb5\">Por supuesto que no es la primera vez que Estados Unidos amenaza con estas medidas. El gobierno norteamericano, sin importar el partido de la gran burgues\u00eda que lo presida, Dem\u00f3crata o Republicano, lleva muchos a\u00f1os aplicando estas y otras sanciones econ\u00f3micas a quienes no se sometan a sus designios o a quienes puedan amenazar su condici\u00f3n de superpotencia hegem\u00f3nica. Con la profundizaci\u00f3n de la crisis del imperialismo en general y el declive de la hegemon\u00eda yanqui en particular, estas armas aparecen cada vez m\u00e1s dentro del arsenal al que recurre el imperialismo yanqui en sus conflictos por doquier; ah\u00ed es donde entra Trump, que con su estilo arrogante y pendenciero deja m\u00e1s en evidencia la crisis y el declive yanquis, as\u00ed como que la bestia imperialista ya no puede conjurar su decadencia con \u201cbuenos modales\u201d: se le cae cada vez m\u00e1s su ra\u00edda careta de defensor de la libertad!<\/p>\n\n\n\n<p class=\"has-black-color has-text-color has-link-color wp-elements-fcc400531e0d8faafb1db6727685e93f\">Como hemos visto, estas y otras medidas de represi\u00f3n econ\u00f3mica son usadas en Latinoam\u00e9rica, por ejemplo, contra los pueblos cubano y venezolano. Estos dos pa\u00edses han sido sometidos por los yanquis a bloqueos econ\u00f3micos asfixiantes para sus pueblos. Tambi\u00e9n son usadas contra otros pa\u00edses imperialistas, como por ejemplo recientemente contra Rusia, como parte de la Guerra en Ucrania, y contra China, potencia imperialista cuyo avance amenaza la hegemon\u00eda del imperialismo yanqui.<\/p>\n\n\n\n<p class=\"has-black-color has-text-color has-link-color wp-elements-c0b025186a6185c15fec427b80e7ec92\">La \u00faltima medida con la que Trump amenaz\u00f3 a Colombia fue con la aplicaci\u00f3n de la IEEPA. Esta ley permite al gobierno gringo sancionar o bloquear actividades econ\u00f3micas extranjeras en su pa\u00eds y tambi\u00e9n en el exterior pues los yanquis como potencia imperialista hegem\u00f3nica act\u00faan como gendarme mundial y dominan el sistema internacional de transacciones financieras a tal punto que el 90% de las transferencias del mundo pasan por los bancos de Estados Unidos. Esta es la ley que acaba de invocar para imponer aranceles a M\u00e9xico, Canad\u00e1 (de 25%) y China (de 10%).&nbsp;<\/p>\n\n\n\n<p class=\"has-black-color has-text-color has-link-color wp-elements-a1e15ade7811dcd49c65de63dfc87332\">Por ser Colombia una naci\u00f3n dominada por el imperialismo yanqui, en donde este desde hace un siglo impuls\u00f3 y mantiene un capitalismo monopolista y a su servicio, su econom\u00eda es dependiente de la norteamericana. As\u00ed que, en las actuales circunstancias estas medidas golpear\u00edan significativamente la econom\u00eda del pa\u00eds. El 30% de lo que Colombia exporta va a Estados Unidos y el 25% de lo que importa viene de all\u00ed. USA es la potencia que m\u00e1s invierte capitales en Colombia. Cientos de miles de personas trabajan directa o indirectamente en la producci\u00f3n de bienes de exportaci\u00f3n hacia EEUU (caf\u00e9, flores, etc.) o en industrias cuyas materias primas, como el ma\u00edz o el gas, se importan principalmente de EEUU. Casi 2 millones de colombianos viven en Estados Unidos, y muchas familias en Colombia dependen econ\u00f3micamente del dinero que ellos env\u00edan (las llamadas remesas). Por supuesto que estas medidas tambi\u00e9n tendr\u00edan un efecto en la econom\u00eda de EEUU, pero este ser\u00eda significativamente menor por su condici\u00f3n de gran potencia imperialista con tent\u00e1culos por todo el mundo.<\/p>\n\n\n\n<p class=\"has-vivid-red-color has-text-color has-link-color wp-elements-bb1868f06aac6e025e0a564b271ba23e\"><strong>La respuesta de las clases dominantes locales y el \u201cacuerdo\u201d con los gringos<\/strong><\/p>\n\n\n\n<p class=\"has-black-color has-text-color has-link-color wp-elements-b3068e18bcb0ae821b5f50948ff076c2\">Los principales representantes de la ultraderecha (Centro Democr\u00e1tico y Cambio Radical) y de la derecha (Partido Liberal, Partido Conservador y Partido de la U) lanzaron sonoros alaridos ante un posible debilitamiento de la relaci\u00f3n entre Colombia y Estados Unidos. Ellos son los tradicionales representantes de los grandes burgueses y terratenientes, cuyos negocios y poder dependen de su condici\u00f3n de lacayos del imperialismo, principalmente yanqui. La ultraderecha hab\u00eda celebrado el triunfo de Trump y orgullosamente public\u00f3 en redes que fueron los \u00fanicos invitados del pa\u00eds a su posesi\u00f3n. La derecha, m\u00e1s simpatizante del gobierno Biden y en general del Partido Dem\u00f3crata gringo, no celebr\u00f3 el triunfo de Trump, pero en la actual pol\u00e9mica tambi\u00e9n grito asustada y sac\u00f3 de nuevo su argumento vendepatria de que Estados Unidos es un \u201camigo y socio estrat\u00e9gico que hay que cuidar\u201d.<\/p>\n\n\n\n<p class=\"has-black-color has-text-color has-link-color wp-elements-d08b49be29bbf30c80fb3f8d0890ce85\">El gobierno colombiano, que representa a la falsa izquierda (El Partido Comunista de Colombia, el Polo Democr\u00e1tico Alternativo, la Uni\u00f3n Patri\u00f3tica\u2026), act\u00fao muy a su estilo oportunista: mientras Petro, virtualmente, en X, se mostraba (y se muestra hasta hoy) como un antimperialista ind\u00f3mito: \u201cno nos dominar\u00e1s nunca\u201d, \u201csu bloqueo no me asusta\u201d, \u201cnuestra posici\u00f3n es no ser pe\u00f3n de nadie\u201d, etc., realmente, en los hechos, daba a sus funcionarios toda la potestad para hablar con los gringos y solucionar la crisis generada, lo que en pocas horas lograron. El comunicado de la Casa Blanca es muy diciente del \u201cacuerdo\u201d alcanzado y contrasta con el altivo discurso que a\u00fan contin\u00faa profiriendo Petro en sus redes para enga\u00f1ar incautos. Dice as\u00ed:<\/p>\n\n\n\n<p class=\"has-black-color has-text-color has-link-color wp-elements-13ff266b544bf9462e5f29022130607c\"><em>\u201cel gobierno de Colombia ha acordado <u>todas las condiciones del presidente Trump<\/u>, incluida la <u>aceptaci\u00f3n sin restricciones<\/u> de todos los inmigrantes ilegales de Colombia retornados desde Estados Unidos, incluidos los que lleguen en aviones militares, <u>sin limitaciones ni dilaci\u00f3n<\/u>\u201d. La imposici\u00f3n de sanciones queda aplazada \u201ca menos que Colombia no cumpla con el acuerdo\u201d. Y m\u00e1s adelante agrega: \u201clos eventos de hoy dejan claro al mundo que <u>Am\u00e9rica es respetada de nuevo<\/u>\u201d.<\/em><\/p>\n\n\n\n<p class=\"has-black-color has-text-color has-link-color wp-elements-3ac59e11bcf0deb809815ac8298f81b8\">En este prop\u00f3sito de ratificar ser \u201cpeones\u201d del imperialismo yanqui, de \u201crespetar\u201d al amo, no particip\u00f3 solo Petro con sus funcionarios, \u00a1no! Como lo dijo un periodista de <em>El Pa\u00eds<\/em>, alguien cercano a Petro confes\u00f3 que este \u201cacuerdo\u201d se logr\u00f3 gracias a \u201cuna especie de unidad nacional\u201d con \u201cUribe, Santos y la \u00e9lite empresarial\u201d. Ellos fueron consultados y se les pidi\u00f3 que, usando la l\u00ednea directa que tienen con funcionarios del gobierno estadounidense (de cada vendepatria con su amo), ayudaran a solucionar la \u201ccrisis diplom\u00e1tica\u201d.<\/p>\n\n\n\n<p class=\"has-black-color has-text-color has-link-color wp-elements-522d79ce81b6961ec33f97f756df53c3\">Esta unidad de todos los grupos de las clases dominantes para \u201caceptar irrestrictamente\u201d \u201csin l\u00edmites y demoras\u201d \u201ctodas las condiciones\u201d del amo yanqui, esto es, para aceptar toda la explotaci\u00f3n y humillaci\u00f3n a que son sometidos nuestros hermanos por parte de los yanquis, no puede ser catalogada sino como una unidad antinacional, una muestra del car\u00e1cter lacayo del Estado colombiano y todos sus gobiernos de turno.<\/p>\n\n\n\n<p class=\"has-black-color has-text-color has-link-color wp-elements-871c2a7c67668e50111a32cf3e3bb7c2\">Para casi todo el movimiento popular es f\u00e1cil ver que la ultraderecha en Colombia y su jefe m\u00e1ximo, Uribe, son fieles lacayos del imperialismo yanqui. No hace dos semanas este aprendiz de Fuhrer pidi\u00f3 una \u201cintervenci\u00f3n militar internacional\u201d (l\u00e9ase invasi\u00f3n yanqui) a Venezuela. Sus dos periodos presidenciales fueron de guerra contra el pueblo colombiano dirigida por los gringos, a trav\u00e9s del Plan Colombia. A\u00f1os de genocidio, de \u201cfalsos positivos\u201d, de negaci\u00f3n y arrebato de libertades y derechos del pueblo. Como las cuchas lo saben: \u00a1Uribe dio la orden!, pero en Colombia, porque la orden superior \u00a1la dio su amo el imperialismo yanqui!<\/p>\n\n\n\n<p class=\"has-black-color has-text-color has-link-color wp-elements-d29b7ac371e8a8c04131b24cd21bd0ab\">Es menos f\u00e1cil reconocer el car\u00e1cter vendepatria de la derecha y de su todav\u00eda principal l\u00edder hoy: Santos. Aunque este fue ministro de defensa del gobierno de Uribe con el Plan Colombia y los miles de \u201cfalsos positivos\u201d, en general la derecha, que estuvo alineada con Uribe en sus dos mandatos, intent\u00f3 desmarcarse en el gobierno de Santos. Su lenguaje es m\u00e1s \u201cmoderado\u201d, hablan m\u00e1s de la paz, y son supuestamente defensores de la libertad. Claro que el pueblo, especialmente el campesinado, comprob\u00f3 en esos a\u00f1os la verdad amarga de que cuando hablan de libertad todo se trata simplemente de la libertad \u201cde comercio\u201d plasmada en numerosos y da\u00f1inos TLCs, entre ellos el peor: con Estados Unidos (2012), que casi 13 a\u00f1os despu\u00e9s arroja un balance perverso para la naci\u00f3n colombiana y excelente para los yanquis.&nbsp;<\/p>\n\n\n\n<p class=\"has-black-color has-text-color has-link-color wp-elements-a386526152266b81584958ede54fee8c\">Pero ver el car\u00e1cter vendepatria de la falsa izquierda, es m\u00e1s dif\u00edcil, sencillamente porque, a diferencia de los otros grupos de las clases dominantes, se viste de izquierda, medra dentro del movimiento popular, se atribuye la vocer\u00eda del pueblo en sus luchas, usa lenguaje antimperialista y olig\u00e1rquico y adem\u00e1s, nunca hab\u00eda llegado a gerenciar el viejo Estado, as\u00ed que el pueblo no hab\u00eda visto su actuar all\u00ed.<\/p>\n\n\n\n<p class=\"has-black-color has-text-color has-link-color wp-elements-32a494f22748897d9cb89f67a66c21aa\">Sin embargo, no solo este acuerdo antinacional que lider\u00f3 muestra su car\u00e1cter vendepatria. Todo el mundo reconoce que Petro tuvo una \u201cexcelente\u201d relaci\u00f3n con el gobierno Biden, contin\u00faa la construcci\u00f3n de varias bases militares gringas en Colombia, colabor\u00f3 estrechamente con Laura Richardson jefe del Comando Sur en el gobierno anterior, ha pedido a los gringos hacer una OTAN para la Amazon\u00eda, les ha ofrecido invertir sus grandes capitales en agricultura en la Altillanura y en energ\u00edas renovables, contin\u00faa la guerra contrainsurgente bajo mando yanqui, repite el estribillo de que Colombia y EEUU son socios y amigos\u2026estos y un largo etc\u00e9tera de hechos (ver Editorial <a href=\"https:\/\/nuevademocracia.com.co\/?p=26698\">\u201cUn balance de 2 a\u00f1os del \u201cgobierno del cambio\u201d<\/a>) muestran el servilismo del actual gobierno al imperialismo yanqui.&nbsp;<\/p>\n\n\n\n<p class=\"has-black-color has-text-color has-link-color wp-elements-5bf8b588114607b7eb542b1a3e1d6558\">Sin embargo, toda esta obediencia quiere ser tapada por Petro, demagogo de profesi\u00f3n, que contin\u00faa intentando mostrarse como un patriota, enga\u00f1ando con mil artima\u00f1as (y poes\u00eda) al pueblo colombiano, m\u00e1s a\u00fan cuando entramos a \u00e9pocas preelectorales y su gobierno acumula fracaso tras fracaso y algunos sectores del movimiento popular, ayer ilusionados, hoy empiezan a reconocer que el tal cambio no fue ni ser\u00e1.<\/p>\n\n\n\n<p class=\"has-black-color has-text-color has-link-color wp-elements-bf0f997ba81cbab4e4e6a290508458fe\">Partamos por algunas verdades hist\u00f3ricas. Estados Unidos no es socio, ni amigo de Colombia. Es socio, amo y amigo de sus clases dominantes. Estados Unidos es un pa\u00eds imperialista, que oprime a otras naciones, y Colombia es una naci\u00f3n oprimida, oprimida por el imperialismo, principalmente yanqui. El robo de Panam\u00e1, el impulso del paramilitarismo, el genocida Plan Colombia, el TLC, los falsos acuerdos de paz, etc., no son actos de un socio y amigo, son actos de dominio del Estado yanqui (con dem\u00f3cratas o republicanos a la cabeza) sobre el pueblo colombiano a trav\u00e9s de las clases dominantes cipayas.<\/p>\n\n\n\n<p class=\"has-black-color has-text-color has-link-color wp-elements-bf21d6519ef832cc20ddb7ee1cb34962\">Por eso Petro enga\u00f1a al pueblo cuando dice que Estados Unidos no nos \u201cdominar\u00e1 nunca\u201d y que \u201cla estatua de la libertad ya no alumbra\u201d, etc. Con estas y otras expresiones intenta negar el dominio imperialista de EEUU sobre Colombia y decir que el problema es solo Trump. \u00c9l piensa que, as\u00ed como en las pasadas elecciones le dio r\u00e9ditos electorales mostrarse como el adalid de la lucha contra la ultraderecha, contra el \u201cfascismo\u201d, ahora le va a dar tambi\u00e9n los mismos frutos. Pero ya no ser\u00e1 lo mismo. En ese entonces fue una ilusi\u00f3n de las masas -que acababan de vivir el Gran Levantamiento Popular- de ver cumplidos sus anhelos de cambio por el primer gobierno de \u201cizquierda\u201d en la historia del pa\u00eds, que adem\u00e1s se mostraba como el m\u00e1s f\u00e9rreo luchador contra la ultraderecha, esto es, contra el uribismo que gran parte del pueblo odia con sobrada raz\u00f3n. Hoy, aunque el gobierno agite su antiuribismo y antitrumpismo, sus derrotas se acumulan, la desilusi\u00f3n entre el pueblo crece y sus antiguos aliados (PL, PC, U) abandonan el barco que se hunde.<\/p>\n\n\n\n<p class=\"has-black-color has-text-color has-link-color wp-elements-43fc5f160a176a38c58c56b28d793bcd\">En un reciente mensaje de Petro puede verse incluso cu\u00e1n ajeno es el duro mundo que viven las masas populares para estos politiqueros charlatanes, que hasta se atreven a pedirles a los colombianos indocumentados en EEUU \u201cdejar sus trabajos de inmediato en ese pa\u00eds y retornar lo m\u00e1s pronto posible a Colombia\u201d pues el gobierno \u201cbuscar\u00e1 entregar cr\u00e9ditos productivos a quienes retornados se inscriban en sus programas\u201d. \u00a1Incre\u00edble! Pedir a nuestros hermanos que pasaron inefables dificultades para llegar a EEUU, que ahora tienen un trabajo con que vivir y ayudar a los suyos en Colombia, dejar su \u00fanica fuente de ingresos, \u00bfa cambio de qu\u00e9? \u00a1de una promesa de cr\u00e9ditos! Y toda esta indignante \u201csolicitud\u201d justificada adem\u00e1s con frases demag\u00f3gicas del estilo: \u201cla riqueza la produce solo el pueblo trabajador\u201d, \u201cconstruyamos riqueza social en Colombia\u201d, todo para enga\u00f1ar al movimiento popular y seguir cabalgando sobre \u00e9l.<\/p>\n\n\n\n<p class=\"has-vivid-red-color has-text-color has-link-color wp-elements-c144bdffa2040f90d6b9f5063029290e\"><strong>Por una Colombia libre y soberana<\/strong><\/p>\n\n\n\n<p class=\"has-black-color has-text-color has-link-color wp-elements-d114995e2309a086d468ea692cfb0a50\">La llegada de Trump a la Casa Blanca es otro s\u00edntoma de la profundizaci\u00f3n de la crisis del imperialismo y el declive de la hegemon\u00eda yanqui. La oligarqu\u00eda financiera gringa que sue\u00f1a con detener su declive y \u201chacer grande a Am\u00e9rica de nuevo\u201d necesita mayor concentraci\u00f3n de Poder en el ejecutivo, promover el chovinismo y la xenofobia y profundizar la pugna por el tercer mundo (y su patio trasero: Am\u00e9rica Latina) contra las dem\u00e1s potencias imperialistas, poniendo en el centro de ataque a China, principal potencia que amenaza la hegemon\u00eda yanqui.&nbsp;&nbsp;<\/p>\n\n\n\n<p class=\"has-black-color has-text-color has-link-color wp-elements-14237a43e7ce339a0544f69aa97a71aa\">Todas estas medidas y declaraciones arrogantes y ultrareaccionarias de Trump muestran m\u00e1s claramente a los pueblos que el imperialismo es opresi\u00f3n nacional, reacci\u00f3n en toda la l\u00ednea, guerras por doquier. Los pa\u00edses del tercer mundo somos el bot\u00edn principal en disputa.<\/p>\n\n\n\n<p class=\"has-black-color has-text-color has-link-color wp-elements-1472a38fd97e5ecdf8520d0d7c60145d\">Esta reciente arremetida del imperialismo yanqui bregando por conjurar el declive de su hegemon\u00eda, no se puede combatir con demagogia y politiquer\u00eda. Como Lenin ense\u00f1ara: \u201cla lucha contra el imperialismo, si no se halla ligada indisolublemente a la lucha contra el oportunismo, es una frase vac\u00eda y falsa\u201d. La lucha contra el oportunismo es condici\u00f3n indispensable para lograr la unidad del pueblo en nuestro pa\u00eds y de todos los pueblos para conformar combativos frentes antimperialistas a nivel nacional e internacional que puedan hacer frente al imperialismo. El frente de resistencia Palestina, que ha propinando contundentes derrotas al sinoismo y su amo yanqui, es un inspirador ejemplo para los pueblos del mundo. Felizmente el a\u00f1o pasado se comenz\u00f3 a formar un frente independiente, popular y antimperialista en nuestro pa\u00eds y tambi\u00e9n organizaciones populares de varios pa\u00edses del mundo han convocado a la formaci\u00f3n de la Liga antimperialista mundial el presente a\u00f1o. La verdadera \u201cunidad nacional\u201d, slogan manoseado por los de arriba, se construye desde abajo, con las principales fuerzas de la naci\u00f3n: las masas trabajadoras. El pueblo colombiano en su gloriosa historia de lucha ha dado grandes muestras de heroicidad, combatividad y entrega revolucionaria, especialmente el campesinado en lucha por la tierra y en la lucha guerrillera. Saludamos y apoyamos estos frentes de lucha combativa contra el imperialismo y sus lacayos, seguros de que servir\u00e1n a que el pueblo se agrupe y encamine por la Revoluci\u00f3n de Nueva Democracia.<\/p>\n\n\n\n<p><\/p>\n","protected":false},"excerpt":{"rendered":"<p>Esta reciente arremetida del imperialismo yanqui bregando por conjurar el declive de su hegemon\u00eda, no se puede combatir con demagogia y politiquer\u00eda. Como Lenin ense\u00f1ara: \u201cla lucha contra el imperialismo, si no se halla ligada indisolublemente a la lucha contra el oportunismo, es una frase vac\u00eda y falsa\u201d. La lucha contra el oportunismo es condici\u00f3n indispensable para lograr la unidad del pueblo en nuestro pa\u00eds y de todos los pueblos para conformar combativos frentes antimperialistas a nivel nacional e internacional que puedan hacer frente al imperialismo.<\/p>\n","protected":false},"author":1,"featured_media":27315,"comment_status":"open","ping_status":"open","sticky":false,"template":"","format":"standard","meta":{"footnotes":""},"categories":[16,10],"tags":[],"class_list":["post-27244","post","type-post","status-publish","format-standard","has-post-thumbnail","hentry","category-carrusel","category-editorial"],"blocksy_meta":[],"_links":{"self":[{"href":"https:\/\/nuevademocracia.com.co\/index.php?rest_route=\/wp\/v2\/posts\/27244","targetHints":{"allow":["GET"]}}],"collection":[{"href":"https:\/\/nuevademocracia.com.co\/index.php?rest_route=\/wp\/v2\/posts"}],"about":[{"href":"https:\/\/nuevademocracia.com.co\/index.php?rest_route=\/wp\/v2\/types\/post"}],"author":[{"embeddable":true,"href":"https:\/\/nuevademocracia.com.co\/index.php?rest_route=\/wp\/v2\/users\/1"}],"replies":[{"embeddable":true,"href":"https:\/\/nuevademocracia.com.co\/index.php?rest_route=%2Fwp%2Fv2%2Fcomments&post=27244"}],"version-history":[{"count":4,"href":"https:\/\/nuevademocracia.com.co\/index.php?rest_route=\/wp\/v2\/posts\/27244\/revisions"}],"predecessor-version":[{"id":29057,"href":"https:\/\/nuevademocracia.com.co\/index.php?rest_route=\/wp\/v2\/posts\/27244\/revisions\/29057"}],"wp:featuredmedia":[{"embeddable":true,"href":"https:\/\/nuevademocracia.com.co\/index.php?rest_route=\/wp\/v2\/media\/27315"}],"wp:attachment":[{"href":"https:\/\/nuevademocracia.com.co\/index.php?rest_route=%2Fwp%2Fv2%2Fmedia&parent=27244"}],"wp:term":[{"taxonomy":"category","embeddable":true,"href":"https:\/\/nuevademocracia.com.co\/index.php?rest_route=%2Fwp%2Fv2%2Fcategories&post=27244"},{"taxonomy":"post_tag","embeddable":true,"href":"https:\/\/nuevademocracia.com.co\/index.php?rest_route=%2Fwp%2Fv2%2Ftags&post=27244"}],"curies":[{"name":"wp","href":"https:\/\/api.w.org\/{rel}","templated":true}]}}