{"id":27254,"date":"2025-02-11T09:43:48","date_gmt":"2025-02-11T14:43:48","guid":{"rendered":"https:\/\/nuevademocracia.com.co\/?p=27254"},"modified":"2026-03-28T00:35:00","modified_gmt":"2026-03-28T05:35:00","slug":"a-20-anos-de-su-muerte-paula-y-magaly-siguen-siendo-un-simbolo-de-resistencia","status":"publish","type":"post","link":"https:\/\/nuevademocracia.com.co\/?p=27254","title":{"rendered":"A 20 a\u00f1os de su muerte, Paula y Magaly siguen siendo un s\u00edmbolo de resistencia"},"content":{"rendered":"\n<hr class=\"wp-block-separator has-text-color has-vivid-red-color has-alpha-channel-opacity has-vivid-red-background-color has-background\"\/>\n\n\n\n<figure class=\"wp-block-image aligncenter size-large is-resized\"><img loading=\"lazy\" decoding=\"async\" width=\"768\" height=\"1024\" src=\"https:\/\/nuevademocracia.com.co\/wp-content\/uploads\/2025\/02\/IMG_20250210_180926-1-768x1024.jpg\" alt=\"\" class=\"wp-image-27256\" style=\"width:391px;height:auto\" srcset=\"https:\/\/nuevademocracia.com.co\/wp-content\/uploads\/2025\/02\/IMG_20250210_180926-1-768x1024.jpg 768w, https:\/\/nuevademocracia.com.co\/wp-content\/uploads\/2025\/02\/IMG_20250210_180926-1-225x300.jpg 225w, https:\/\/nuevademocracia.com.co\/wp-content\/uploads\/2025\/02\/IMG_20250210_180926-1-1152x1536.jpg 1152w, https:\/\/nuevademocracia.com.co\/wp-content\/uploads\/2025\/02\/IMG_20250210_180926-1-1536x2048.jpg 1536w, https:\/\/nuevademocracia.com.co\/wp-content\/uploads\/2025\/02\/IMG_20250210_180926-1-scaled.jpg 1920w\" sizes=\"auto, (max-width: 768px) 100vw, 768px\" \/><figcaption class=\"wp-element-caption\"><strong>Foto<\/strong>: <em><strong><mark style=\"background-color:rgba(0, 0, 0, 0)\" class=\"has-inline-color has-black-color\">Mural realizado en la UdeA<\/mark><\/strong><\/em><\/figcaption><\/figure>\n\n\n\n<p><\/p>\n\n\n\n<p class=\"has-black-color has-text-color has-link-color wp-elements-4f2621ecbb2fa37f3cf005e6b0069dc9\">Cada 10 de febrero el Movimiento Estudiantil, principalmente en Medell\u00edn, rinde homenaje a las compa\u00f1eras Paula Ospina y Magaly Betancur, estudiantes de la Universidad Nacional, que murieron debido a una explosi\u00f3n, la cual hasta hoy se desconoce su causa, en medio de un tropel en la Universidad de Antioquia (UdeA), en el marco de las protestas contra el Tratado Libre de Comercio &#8211; TLC que quer\u00eda imponer el imperialismo yanqui en nuestro pa\u00eds. Este 2025 se conmemoran 20 a\u00f1os de su muerte.<\/p>\n\n\n\n<p class=\"has-black-color has-text-color has-link-color wp-elements-08d97260ea7263b19f2248888783f935\">En el 2005 se viv\u00eda un auge del paramilitarismo y de la guerra contrainsurgente encabezada por \u00c1lvaro Uribe V\u00e9lez (presidente en ese momento); el Movimiento Popular estaba recibiendo grandes golpes por cuenta de la represi\u00f3n y asesinato a varios de sus l\u00edderes m\u00e1s rebeldes. Adem\u00e1s, con su pol\u00edtica vendepatria, el gobierno estaba adelantando unos \u201cdi\u00e1logos\u201d para establecer un TLC con los Estados Unidos, que aparte de quebrar a los campesinos, seg\u00fan denunciaban los estudiantes, atacaba la independencia de la universidad imponiendo cambios en las mallas curriculares para ponerlas al servicio de las necesidades del imperialismo yanqui. Junto a esto algunos rectores, como el de la Universidad Nacional, Marco Palacios, implementaban medidas represivas (como seguridad privada dentro de la universidad) para frenar la lucha estudiantil.<\/p>\n\n\n\n<p class=\"has-black-color has-text-color has-link-color wp-elements-eb0ff80adf7cd607f10dbcf0c88ae107\">Es en este contexto en que Paula y Magaly se hab\u00edan involucrado en la lucha por los derechos del pueblo. Paula era una activista estudiantil muy comprometida, a ella se le ve\u00eda repartiendo volantes, llamando a participar de actividades y denunciando las injusticias que sufre el pueblo. Magaly tambi\u00e9n fue activista estudiantil pero su participaci\u00f3n pol\u00edtica fue principalmente en barrios populares de la ciudad. Ambas fueron j\u00f3venes rebeldes y comprometidas con la lucha del pueblo. Este sentimiento, de rechazo a esta injusta sociedad y a los responsables de la opresi\u00f3n, las llevo a que el 10 de febrero se unieran a las protestas antimperialistas contra el TLC que se hab\u00edan convocado en la UdeA. Aquel d\u00eda participaron alrededor de 100 personas lo que reflejaba un fuerte sentimiento antimperialista.<\/p>\n\n\n\n<p class=\"has-black-color has-text-color has-link-color wp-elements-4a76fa36f09524d5a5ab3a7d959b269c\">Despu\u00e9s de la muerte de Paula y Magaly, el Estado realiza la operaci\u00f3n Algebra II, dirigida por Rub\u00e9n Dar\u00edo Carrillo comandante de la Polic\u00eda que ten\u00eda cercan\u00eda con jefes paramilitares, con el objetivo de investigar y capturar a los estudiantes supuestamente involucrados en ese hecho. Producto de dicha operaci\u00f3n varios estudiantes fueron perseguidos, amenazados por los paramilitares y 14 de ellos fueron encarcelados. Ese mismo a\u00f1o las protestas contra el TLC continuaron y varios estudiantes y organizaciones estudiantiles realizaron murales para conmemorar a Paula y Magaly.<\/p>\n\n\n\n<p class=\"has-black-color has-text-color has-link-color wp-elements-8663d6e36ffa1edac01b8d0d0ed5b21d\">Paula y Magaly se han convertido en un s\u00edmbolo de resistencia y de lucha, as\u00ed como un ejemplo de rebeld\u00eda, de combatividad, de amor por el pueblo, de rechazo a los opresores y de un gran esp\u00edritu antimperialista para las nuevas generaciones de estudiantes democr\u00e1ticos y revolucionarios que se vienen organizando para fortalecer la lucha estudiantil y la lucha del pueblo en general.<\/p>\n","protected":false},"excerpt":{"rendered":"<p>Paula y Magaly se han convertido en un s\u00edmbolo de resistencia y de lucha, as\u00ed como un ejemplo de rebeld\u00eda, de combatividad, de amor por el pueblo, de rechazo a los opresores y de un gran esp\u00edritu antimperialista para las nuevas generaciones de estudiantes democr\u00e1ticos y revolucionarios que se vienen organizando para fortalecer la lucha estudiantil y la lucha del pueblo en general.<\/p>\n","protected":false},"author":1,"featured_media":27256,"comment_status":"open","ping_status":"open","sticky":false,"template":"","format":"standard","meta":{"footnotes":""},"categories":[16,4,115],"tags":[],"class_list":["post-27254","post","type-post","status-publish","format-standard","has-post-thumbnail","hentry","category-carrusel","category-colombia","category-mujer"],"blocksy_meta":[],"_links":{"self":[{"href":"https:\/\/nuevademocracia.com.co\/index.php?rest_route=\/wp\/v2\/posts\/27254","targetHints":{"allow":["GET"]}}],"collection":[{"href":"https:\/\/nuevademocracia.com.co\/index.php?rest_route=\/wp\/v2\/posts"}],"about":[{"href":"https:\/\/nuevademocracia.com.co\/index.php?rest_route=\/wp\/v2\/types\/post"}],"author":[{"embeddable":true,"href":"https:\/\/nuevademocracia.com.co\/index.php?rest_route=\/wp\/v2\/users\/1"}],"replies":[{"embeddable":true,"href":"https:\/\/nuevademocracia.com.co\/index.php?rest_route=%2Fwp%2Fv2%2Fcomments&post=27254"}],"version-history":[{"count":3,"href":"https:\/\/nuevademocracia.com.co\/index.php?rest_route=\/wp\/v2\/posts\/27254\/revisions"}],"predecessor-version":[{"id":29089,"href":"https:\/\/nuevademocracia.com.co\/index.php?rest_route=\/wp\/v2\/posts\/27254\/revisions\/29089"}],"wp:featuredmedia":[{"embeddable":true,"href":"https:\/\/nuevademocracia.com.co\/index.php?rest_route=\/wp\/v2\/media\/27256"}],"wp:attachment":[{"href":"https:\/\/nuevademocracia.com.co\/index.php?rest_route=%2Fwp%2Fv2%2Fmedia&parent=27254"}],"wp:term":[{"taxonomy":"category","embeddable":true,"href":"https:\/\/nuevademocracia.com.co\/index.php?rest_route=%2Fwp%2Fv2%2Fcategories&post=27254"},{"taxonomy":"post_tag","embeddable":true,"href":"https:\/\/nuevademocracia.com.co\/index.php?rest_route=%2Fwp%2Fv2%2Ftags&post=27254"}],"curies":[{"name":"wp","href":"https:\/\/api.w.org\/{rel}","templated":true}]}}