{"id":27258,"date":"2025-02-11T10:00:00","date_gmt":"2025-02-11T15:00:00","guid":{"rendered":"https:\/\/nuevademocracia.com.co\/?p=27258"},"modified":"2025-02-11T09:50:55","modified_gmt":"2025-02-11T14:50:55","slug":"algunos-apuntes-sobre-la-guerra-en-el-este-de-congo","status":"publish","type":"post","link":"https:\/\/nuevademocracia.com.co\/?p=27258","title":{"rendered":"Algunos apuntes sobre la guerra en el este de Congo"},"content":{"rendered":"\n<figure class=\"wp-block-image aligncenter size-full is-resized\"><img loading=\"lazy\" decoding=\"async\" width=\"800\" height=\"450\" src=\"https:\/\/nuevademocracia.com.co\/wp-content\/uploads\/2025\/02\/image-8.png\" alt=\"\" class=\"wp-image-27259\" style=\"width:593px;height:auto\" srcset=\"https:\/\/nuevademocracia.com.co\/wp-content\/uploads\/2025\/02\/image-8.png 800w, https:\/\/nuevademocracia.com.co\/wp-content\/uploads\/2025\/02\/image-8-300x169.png 300w, https:\/\/nuevademocracia.com.co\/wp-content\/uploads\/2025\/02\/image-8-768x432.png 768w\" sizes=\"auto, (max-width: 800px) 100vw, 800px\" \/><figcaption class=\"wp-element-caption\"><em><strong><mark style=\"background-color:rgba(0, 0, 0, 0)\" class=\"has-inline-color has-black-color\">Manifestantes chocan con la polic\u00eda frente a la embajada francesa en Kinshasha, Rep\u00fablica Democr\u00e1tica del Congo. Fuente: REUTERS\/Benoit Nyem.<\/mark><\/strong><\/em><\/figcaption><\/figure>\n\n\n\n<p class=\"has-black-color has-text-color has-link-color wp-elements-422aa6e9e788d837e1cd486a50d482ed\"><em>Compartimos este art\u00edculo de <a href=\"https:\/\/heraldorojo.org\/2025\/02\/07\/notas-sobre-la-guerra-en-el-este-de-congo\/\">El Heraldo Rojo<\/a><\/em><\/p>\n\n\n\n<p class=\"has-black-color has-text-color has-link-color wp-elements-ad46bbf9f1c6a0289c9d06040b1d0bbc\">El&nbsp;<a href=\"https:\/\/apnews.com\/article\/congo-rwanda-m23-rebels-peacekeepers-ccb80a43e102737dbf0ed2fc78a188d9\">lunes 27 de enero<\/a>, el grupo \u201cMovimiento M23\u201d, o \u201cMovimiento del 23 de Marzo\u201d afirm\u00f3 haber capturado Goma, la ciudad m\u00e1s grande del este de la Rep\u00fablica Democr\u00e1tica del Congo (RDC). El M23&nbsp;<a href=\"https:\/\/www.theguardian.com\/world\/2012\/nov\/20\/congo-rebel-m23-take-goma\">ya tom\u00f3 el poder en Goma<\/a>&nbsp;\u201csin apenas resistencia\u201d en 2012. Actualmente hay una gran constelaci\u00f3n de m\u00e1s de 100 grupos armados en la regi\u00f3n, siendo el M23 el m\u00e1s activo y predominante. En 2022 el grupo hizo conquistas territoriales significativas contra las fuerzas de la RDC y las \u201cfuerzas de paz\u201d de las Naciones Unidas (ONU). Entre otros territorios, el M23 controla&nbsp;<a href=\"https:\/\/www.theguardian.com\/world\/2025\/jan\/27\/who-are-m23-rebels-fighting-in-eastern-drc-congo\">Rubaya<\/a>, un pueblo minero del colt\u00e1n.<\/p>\n\n\n\n<p class=\"has-black-color has-text-color has-link-color wp-elements-281f410a9ca2f0235da99724a97e4e14\">M\u00e1s de 100.000 personas huyeron de la zona del norte de Kivu&nbsp;<a href=\"https:\/\/www.lemonde.fr\/afrique\/article\/2025\/01\/08\/conflit-dans-l-est-de-la-rdc-plus-de-100-000-personnes-deplacees-en-une-semaine-selon-l-onu_6487786_3212.html\">en s\u00f3lo una semana<\/a>&nbsp;y ya hay 1 mill\u00f3n de desplazados en Goma. Las llamadas \u201cfuerzas de paz\u201d de las Naciones Unidas&nbsp;<a href=\"https:\/\/www.lemonde.fr\/afrique\/article\/2025\/01\/24\/republique-democratique-du-congo-les-casques-bleus-engages-dans-des-combats-intenses-contre-le-m23-les-etats-unis-appellent-leurs-ressortissants-a-quitter-goma_6514499_3212.html\">han chocado&nbsp;<\/a>con las tropas del M23, pero han sido derrotadas y han sufrido bajas, siendo al menos 13 de ellos eliminados durante la semana pasada. En medio de alegaciones de apoyo por parte de Ruanda al Movimiento M23, la RDC ha cortado relaciones con este pa\u00eds. Supuestamente hay miles de soldados ruandeses sobre el terreno, as\u00ed como un continuo equipamiento y apoyo de muchos tipos al M23 por parte de Ruanda. De acuerdo con las Naciones Unidas,&nbsp;<a href=\"https:\/\/www.theguardian.com\/world\/2025\/feb\/01\/at-least-770-killed-in-goma-east-drc-in-fighting-with-rwanda-backed-m23\">773 personas murieron y 2.880 fueron heridas<\/a>&nbsp;en Goma durante esta semana de combate.<\/p>\n\n\n\n<figure class=\"wp-block-image aligncenter size-full is-resized\"><img loading=\"lazy\" decoding=\"async\" width=\"791\" height=\"1024\" src=\"https:\/\/nuevademocracia.com.co\/wp-content\/uploads\/2025\/02\/image-9.png\" alt=\"\" class=\"wp-image-27260\" style=\"width:435px;height:auto\" srcset=\"https:\/\/nuevademocracia.com.co\/wp-content\/uploads\/2025\/02\/image-9.png 791w, https:\/\/nuevademocracia.com.co\/wp-content\/uploads\/2025\/02\/image-9-232x300.png 232w, https:\/\/nuevademocracia.com.co\/wp-content\/uploads\/2025\/02\/image-9-768x994.png 768w\" sizes=\"auto, (max-width: 791px) 100vw, 791px\" \/><figcaption class=\"wp-element-caption\"><em><strong><mark style=\"background-color:rgba(0, 0, 0, 0)\" class=\"has-inline-color has-black-color\">Fuente: Institute of Studies of War (ISW)<\/mark><\/strong><\/em><\/figcaption><\/figure>\n\n\n\n<p class=\"has-black-color has-text-color has-link-color wp-elements-238b53bdbb33b03cb739f416c389b424\">El Movimiento M23 ha hecho progresos territoriales significativos a lo largo de la frontera de Congo con Ruanda en las semanas recientes desde el inicio de una serie de ofensivas y contraofensivas contra fuerzas congole\u00f1as, que empez\u00f3 en\u00a0<a href=\"https:\/\/www.understandingwar.org\/backgrounder\/africa-file-special-edition-m23-march-threatens-expanded-conflict-dr-congo-and-regional\">diciembre de 2024<\/a>\u00a0despu\u00e9s de meses de negociaciones y varias ofensivas en a\u00f1os anteriores. La ofensiva del Movimiento M23 contin\u00faa hacia el sur,\u00a0<a href=\"https:\/\/www.lemonde.fr\/afrique\/article\/2025\/01\/31\/guerre-en-rdc-le-m23-progresse-dans-l-est-apres-goma-l-ouganda-annonce-un-renforcement-de-ses-defenses-a-la-frontiere_6525359_3212.html\">a Kivu del Sur, relativamente cerca de Bukavu<\/a>, que tambi\u00e9n es una regi\u00f3n rica en recursos minerales. Los \u201crebeldes\u201d han declarado que se dirigir\u00e1n tambi\u00e9n hacia la capital, Kinshasha. Toda el \u00e1rea en disputa entre la RDC y el M23 es una zona minera, as\u00ed como lo es el Congo en general, en particular la regi\u00f3n de Kivu, muy rica en muchos recursos diferentes. Respecto a la riqueza mineral de la RDC, fuentes estadounidenses\u00a0<a href=\"https:\/\/www.washingtonexaminer.com\/opinion\/2583329\/if-the-us-is-serious-about-countering-china-why-does-it-ignore-africa\/\">declaran<\/a>\u00a0que \u201c<em>Sus recursos minerales son gigantes, con un valor estimado de 24 billones de d\u00f3lares.<\/em>\u201d<\/p>\n\n\n\n<figure class=\"wp-block-image aligncenter size-full is-resized\"><img loading=\"lazy\" decoding=\"async\" width=\"770\" height=\"770\" src=\"https:\/\/nuevademocracia.com.co\/wp-content\/uploads\/2025\/02\/image-10.png\" alt=\"\" class=\"wp-image-27261\" style=\"width:521px;height:auto\" srcset=\"https:\/\/nuevademocracia.com.co\/wp-content\/uploads\/2025\/02\/image-10.png 770w, https:\/\/nuevademocracia.com.co\/wp-content\/uploads\/2025\/02\/image-10-300x300.png 300w, https:\/\/nuevademocracia.com.co\/wp-content\/uploads\/2025\/02\/image-10-150x150.png 150w, https:\/\/nuevademocracia.com.co\/wp-content\/uploads\/2025\/02\/image-10-768x768.png 768w\" sizes=\"auto, (max-width: 770px) 100vw, 770px\" \/><figcaption class=\"wp-element-caption\"><em><strong><mark style=\"background-color:rgba(0, 0, 0, 0)\" class=\"has-inline-color has-black-color\">Fuente: Al Jazeera<br><\/mark><\/strong><\/em><\/figcaption><\/figure>\n\n\n\n<figure class=\"wp-block-image aligncenter size-full is-resized\"><img loading=\"lazy\" decoding=\"async\" width=\"791\" height=\"1024\" src=\"https:\/\/nuevademocracia.com.co\/wp-content\/uploads\/2025\/02\/image-11.png\" alt=\"\" class=\"wp-image-27262\" style=\"width:539px;height:auto\" srcset=\"https:\/\/nuevademocracia.com.co\/wp-content\/uploads\/2025\/02\/image-11.png 791w, https:\/\/nuevademocracia.com.co\/wp-content\/uploads\/2025\/02\/image-11-232x300.png 232w, https:\/\/nuevademocracia.com.co\/wp-content\/uploads\/2025\/02\/image-11-768x994.png 768w\" sizes=\"auto, (max-width: 791px) 100vw, 791px\" \/><figcaption class=\"wp-element-caption\"><em><strong><mark style=\"background-color:rgba(0, 0, 0, 0)\" class=\"has-inline-color has-black-color\">Fuente: ISW<br><\/mark><\/strong><\/em><\/figcaption><\/figure>\n\n\n\n<p class=\"has-black-color has-text-color has-link-color wp-elements-c3c6dc027600f2e5a2bf397f39e66122\">La riqueza de Congo no conlleva ning\u00fan tipo de bienestar para su pueblo, sino lo contrario: guerra, opresi\u00f3n y subyugaci\u00f3n imperialista ya que los imperialistas se benefician de estos recursos. La historia de la regi\u00f3n est\u00e1 marcada por la subyugaci\u00f3n colonial e imperialista y la explotaci\u00f3n de los recursos. Desde el siglo XIX, el Congo fue saqueado debido a su caucho y marfil, y se enfrent\u00f3 a un brutal genocidio, cometido por el colonialismo belga. Despu\u00e9s la explotaci\u00f3n continu\u00f3, y tras la independencia formal del Congo en junio de 1960, se convirti\u00f3 en un campo de batalla y una zona de saqueo. Los imperialistas orquestaron golpes de estado, usaron mercenarios y apoyaron movimientos separatistas para asegurar el saqueo de la riqueza congole\u00f1a. Hemos&nbsp;<a href=\"https:\/\/heraldorojo.org\/2024\/05\/22\/intento-fallido-de-golpe-de-estado-en-congo\/\">informado<\/a>&nbsp;sobre el \u00faltimo intento de esta pol\u00edtica de desestabilizaci\u00f3n, que ocurri\u00f3 el a\u00f1o pasado cuando lo que claramente era un lacayo del imperialismo yanqui, Christian Malanga, intent\u00f3 llevar a cabo un golpe, pero claramente fall\u00f3.&nbsp;<a href=\"https:\/\/www.france24.com\/fr\/afrique\/20250128-rd-congo-rwanda-trois-d%C3%A9cennies-de-tensions-et-d-instabilit%C3%A9-chronique-dans-le-nord-kivu\">Desde los a\u00f1os 90<\/a>&nbsp;han estallado varias guerras en Congo, siendo una de las masivas y mortal en el continente. El n\u00famero de fallecidos desde las dos guerras del Congo es de alrededor de 6 millones de personas. Estas guerras y la inestabilidad en la regi\u00f3n est\u00e1n estrechamente conectadas con el genocidio sobre los tutsis en Ruanda en 1994, el cu\u00e1l no s\u00f3lo caus\u00f3 cientos de miles de asesinatos sino tambi\u00e9n un \u00e9xodo masivo al este del Congo y poco despu\u00e9s, dos guerras estallaron, de 1996 a 2003.<\/p>\n\n\n\n<p class=\"has-black-color has-text-color has-link-color wp-elements-85761076604f5cc26cf7fbd52b1073ef\">Diferencias \u00e9tnicas y tribales, ya que los procesos de naciones en formaci\u00f3n fueron usadas para crear divisi\u00f3n en el pueblo, marcaron la historia de la zona no s\u00f3lo pero especialmente desde la independencia formal de la RDC y Ruanda, y han sido usadas como herramienta para separar regiones y provincias de pa\u00edses y balcanizar la regi\u00f3n, para que los monopolios sean capaces de continuar el saqueo de los recursos. Grupos armados \u2018\u00e9tnicos\u2019, afirmando defender los intereses de los hutus o tutsis u otros grupos en la zona, pasaron a la acci\u00f3n y chocaron con otros grupos opuestos a ellos. Pero el sentido de estos grupos y su lucha por el territorio es que son usualmente controlados por monopolios o al menos se nutren de pa\u00edses imperialistas para poder pasar de contrabando recursos a trav\u00e9s de los territorios que controlan y as\u00ed alimentar a los monopolios. Los Estados burocr\u00e1tico-terratenientes hicieron lo mismo y tambi\u00e9n afirmaron intervenir en conflictos para defender su \u201cseguridad nacional\u201d o defender sus tribus o etnias que pueden ser mayor\u00eda en sus pa\u00edses, pero minor\u00eda en los pa\u00edses vecinos. Este caos y fragmentaci\u00f3n fueron causados por los imperialistas para continuar robando los recursos de los pueblos de la regi\u00f3n. El genocidio de Ruanda de 1994 marca una de las mayores cumbres de esta pol\u00edtica siniestra de visi\u00f3n y genocidio dirigida por los imperialistas.&nbsp;<a href=\"https:\/\/theconversation.com\/pourquoi-les-debats-sur-le-role-de-la-france-au-rwanda-demeurent-ils-aussi-sensibles-225917\">El imperialismo franc\u00e9s tuvo un papel infame<\/a>&nbsp;al respecto de ello e intervino directamente, arm\u00f3 y protegi\u00f3 al gobierno de Ruanda el cu\u00e1l estaba llevando a cabo el genocidio contra su propio pueblo.<\/p>\n\n\n\n<p class=\"has-black-color has-text-color has-link-color wp-elements-be0417991693fe89f06f20e6134337a0\">A pesar de la tremenda riqueza del pa\u00eds, el pueblo congole\u00f1o se hunde en una profunda miseria. Las consecuencias de la guerra y el saqueo son desastrosas: m\u00e1s de&nbsp;<a href=\"http:\/\/v\/\">7 millones de personas<\/a>&nbsp;internamente desplazadas, con casi 5 millones viviendo con otras familias; atrocidades muy extendidas incluyendo masacres y violencia sexual. La ONU ha&nbsp;<a href=\"https:\/\/www.ohchr.org\/en\/press-releases\/2024\/07\/drc-alarming-increase-trafficking-sexual-exploitation-say-experts\">alertado<\/a>&nbsp;sobre el incremento en la trata de personas para explotaci\u00f3n y esclavismo sexual; tambi\u00e9n sobre la hambre aguda que est\u00e1 golpeando la RDC, afectando&nbsp;<a href=\"https:\/\/news.un.org\/en\/story\/2024\/11\/1157271\">a 25,6 millones de personas<\/a>. Las masas congole\u00f1as se enfrentan a tales condiciones de vida protestando ferozmente contra la ocupaci\u00f3n y subyugaci\u00f3n de su territorio. Como&nbsp;<a href=\"https:\/\/heraldorojo.org\/2023\/09\/12\/congo-aumentan-a-100-el-numero-de-asesinados-en-la-manifestacion-contra-la-operacion-de-naciones-unidas\/\">informamos<\/a>, las masas pagaron el precio derramando su sangre, no s\u00f3lo por grupos armados locales o Estados vecinos, sino por parte de las tropas de la ONU, las llamadas \u201cfuerzas de paz\u201d de la ONU, quienes afirman estar en el territorio para mantener la paz, imponer la calma y para evitar nuevos genocidios y masacres. Pero han revelado su papel criminal: estas tropas de la ONU asesinaron a m\u00e1s de 100 personas cuando dispararon contra una manifestaci\u00f3n que protestaba contra la subyugaci\u00f3n y los abusos. Estas masacres no han frenado al pueblo congole\u00f1o, que contin\u00faan protestando, tomando las calles y luchando contra la opresi\u00f3n. Es habitual que las masas lleven a cabo protestas con un claro car\u00e1cter antiimperialista, denunciando el saqueo hecho principalmente por los imperialismos franc\u00e9s, belga y estadounidense, entre otros, frente a sus embajadas. Recientemente miles de congole\u00f1os&nbsp;<a href=\"https:\/\/www.lemonde.fr\/afrique\/article\/2025\/01\/28\/en-rdc-la-ville-de-goma-toujours-sous-les-tirs-plusieurs-ambassades-attaquees-a-kinshasa_6519926_3212.html\">asaltaron varias embajadas<\/a>, como las de Ruanda, Francia, B\u00e9lgica, Kenia y Estados Unidos. La embajada francesa fue ferozmente atacada e incendiada.<\/p>\n\n\n\n<div class=\"wp-block-group is-nowrap is-layout-flex wp-container-core-group-is-layout-6c531013 wp-block-group-is-layout-flex\">\n<figure class=\"wp-block-image size-full is-resized\"><img loading=\"lazy\" decoding=\"async\" width=\"658\" height=\"433\" src=\"https:\/\/nuevademocracia.com.co\/wp-content\/uploads\/2025\/02\/image-12.png\" alt=\"\" class=\"wp-image-27263\" style=\"width:452px;height:auto\" srcset=\"https:\/\/nuevademocracia.com.co\/wp-content\/uploads\/2025\/02\/image-12.png 658w, https:\/\/nuevademocracia.com.co\/wp-content\/uploads\/2025\/02\/image-12-300x197.png 300w\" sizes=\"auto, (max-width: 658px) 100vw, 658px\" \/><figcaption class=\"wp-element-caption\"><em><strong><mark style=\"background-color:rgba(0, 0, 0, 0)\" class=\"has-inline-color has-black-color\">Fuente: SAMY NTUMBA SHAMBUYI\/AP<br><\/mark><\/strong><\/em><\/figcaption><\/figure>\n\n\n\n<figure class=\"wp-block-image size-full is-resized\"><img loading=\"lazy\" decoding=\"async\" width=\"658\" height=\"433\" src=\"https:\/\/nuevademocracia.com.co\/wp-content\/uploads\/2025\/02\/image-13.png\" alt=\"\" class=\"wp-image-27264\" style=\"width:449px;height:auto\" srcset=\"https:\/\/nuevademocracia.com.co\/wp-content\/uploads\/2025\/02\/image-13.png 658w, https:\/\/nuevademocracia.com.co\/wp-content\/uploads\/2025\/02\/image-13-300x197.png 300w\" sizes=\"auto, (max-width: 658px) 100vw, 658px\" \/><figcaption class=\"wp-element-caption\"><em><strong><mark style=\"background-color:rgba(0, 0, 0, 0)\" class=\"has-inline-color has-black-color\">Fuente: SAMY NTUMBA SHAMBUYI\/AP<br><\/mark><\/strong><\/em><\/figcaption><\/figure>\n<\/div>\n\n\n\n<p class=\"has-black-color has-text-color has-link-color wp-elements-8a14e6d091679c2a403d5bae6d4f91dd\"><a href=\"https:\/\/www.aljazeera.com\/news\/2024\/2\/21\/a-guide-to-the-decades-long-conflict-in-dr-congo\">A d\u00eda de hoy<\/a>&nbsp;varios pa\u00edses est\u00e1n realizando actividades mineras de forma oficial en la RDC, en asociaci\u00f3n con compa\u00f1\u00edas mineras estatales. Las clases dominantes congole\u00f1as&nbsp;<a href=\"https:\/\/www.cfr.org\/global-conflict-tracker\/conflict\/violence-democratic-republic-congo\">se han movido cada vez m\u00e1s hacia el socialimperialismo chino<\/a>, que ha adquirido una gran mayor\u00eda de las concesiones mineras oficiales, iniciando proyectos de infraestructuras y tambi\u00e9n arma a las tropas congole\u00f1as para combatir a los grupos \u201crebeldes\u201d. El socialimperialismo chino domina entre otros pa\u00edses que est\u00e1n realizando actividades mineras en la RDC, con sus compa\u00f1\u00edas teniendo el control de 15 de las 17 minas de cobalto, de acuerdo con el Instituto de Pol\u00edtica Estrat\u00e9gica de Australia. El monopolio suizo Glencore tambi\u00e9n posee dos minas de cobre y cobalto. Emiratos \u00c1rabes Unidos (vinculado al capital yanqui) firm\u00f3 un acuerdo de 1.900 millones de d\u00f3lares con una compa\u00f1\u00eda minera estatal en julio de 2023 para desarrollar cuatro minas de esta\u00f1o, t\u00e1ntalo, wolframio y el oro en las provincias del este de Kivu y Maniema.<\/p>\n\n\n\n<p class=\"has-black-color has-text-color has-link-color wp-elements-c2780349f2ffa9edbd7946e900878223\">Ruanda, dirigida por el lacayo de los imperialistas, Paul Kagame, act\u00faa como una punta de lanza de los imperialistas en la regi\u00f3n lanzando y apoyando iniciativas armadas que est\u00e1n desestabilizando la zona y facilitando el saqueo de la riqueza mineral de la RDC. El papel de Ruanda puede ser claramente visto ya que no posee grandes recursos minerales, pero es&nbsp;<a href=\"https:\/\/www.capmad.com\/mining-en\/rwanda-to-overtake-drc-as-coltan-exporter-in-2023\/\">uno de los mayores exportadores de colt\u00e1n<\/a>. Se ha reportado y probado ampliamente que&nbsp;<a href=\"https:\/\/press.un.org\/en\/2001\/sc7057.doc.htm\">hay una explotaci\u00f3n ilegal de la riqueza minera<\/a>&nbsp;del pueblo congole\u00f1o. Algunas fuerzas imperialistas compiten en la zona y muchas de ellas no est\u00e1n satisfechas con s\u00f3lo lo que han pasado de contrabando, sino que quieren m\u00e1s, y esta guerra sirve exactamente a este prop\u00f3sito.<\/p>\n\n\n\n<p class=\"has-black-color has-text-color has-link-color wp-elements-a7b6447e06725048870d1111a4a41ef8\">El papel de Ruanda es de gran importancia para los imperialistas quienes financian las acciones del pa\u00eds y compran los minerales pasados de contrabando, al mismo tiempo Ruanda arma y apoya al grupo M23. Esto \u00faltimo no ha sido admitido oficialmente ni por el M23 ni por Ruanda, pero&nbsp;<a href=\"https:\/\/www.bbc.com\/news\/articles\/ckgyzl1mlkvo\">es obvio<\/a>&nbsp;ya que el M23 tiene materiales sofisticados y ha recibido apoyo de muchos tipos, as\u00ed como refugio. Tambi\u00e9n hay soldados ruandeses sobre suelo congole\u00f1o. Tanto Ruanda como el M23 est\u00e1n armados de forma directa por los imperialistas que buscan apoderarse de toda la riqueza de la regi\u00f3n, por ejemplo de 2001 a 2022, s\u00f3lo Estados Unidos&nbsp;<a href=\"https:\/\/data.usaid.gov\/Administration-and-Oversight\/U-S-Overseas-Loans-and-Grants-Greenbook-Data\/7cnw-pw8v\/about_data\">provey\u00f3<\/a>&nbsp;m\u00e1s de 3.900 millones de d\u00f3lares en ayuda econ\u00f3mica a Ruanda y esper\u00f3 hasta octubre de 2023 para poner a Ruanda en la lista negra de pa\u00edses para recibir ayuda militar por violar la Ley de Prevenci\u00f3n de Ni\u00f1os Soldados debido al apoyo de Ruanda al M23, que recluta \u201cni\u00f1os soldado\u201d.&nbsp;<a href=\"https:\/\/www.msn.com\/en-za\/politics\/international-relations\/uk-signals-potential-aid-cuts-to-rwanda-amid-escalating-violence-in-dr-congo\/ar-AA1y7GpJ\">De acuerdo&nbsp;<\/a>con el Ministro de Finanzas del Reino Unido, Ruanda recibe m\u00e1s de 1.000 millones de d\u00f3lares de \u201cayudas de todo el mundo\u201d al a\u00f1o.<\/p>\n\n\n\n<p class=\"has-black-color has-text-color has-link-color wp-elements-52c47659e0d627b2fe4076025fcaa6dc\">Ruanda y el M23 no se mueven de forma aut\u00f3noma o no s\u00f3lo debido a sus propios deseos. Qui\u00e9n est\u00e1 generando una mayor divisi\u00f3n y guerra en la regi\u00f3n son las potencias imperialistas y principalmente la superpotencia imperialista hegem\u00f3nica \u00fanica, el imperialismo yanqui, que es clave. El inter\u00e9s del imperialismo yanqui en la zona y sus recursos son bien conocidos y&nbsp;<a href=\"https:\/\/www.atlanticcouncil.org\/blogs\/new-atlanticist\/how-the-us-can-build-better-strategic-partnerships-in-africa-to-secure-critical-minerals\/\">expresados<\/a>&nbsp;de forma abierta: \u201c<em>La siguiente revoluci\u00f3n industrial se anclar\u00e1 en minerales cr\u00edticos y de tierras raras, y porque la mayor\u00eda de las tecnolog\u00edas modernas se relaci\u00f3n con el sector de la defensa, muchos de estos minerales son minerales estrat\u00e9gicos. Tecnolog\u00edas actuales como los semiconductores, memorias usb, fibras \u00f3pticas, sat\u00e9lites, equipos de escaneo CAT, bater\u00edas de veh\u00edculos el\u00e9ctricos y tel\u00e9fonos m\u00f3viles no existir\u00edan sin esos minerales. Y estas tecnolog\u00edas no existir\u00edan en los n\u00fameros que lo hacen hoy sin pa\u00edses como la Rep\u00fablica Democr\u00e1tica del Congo (RDC),&nbsp;<\/em><em>Zimbabue,&nbsp;<\/em><em>Sud\u00e1frica<\/em><em>, Nigeria, Ghana,&nbsp;<\/em><em>y<\/em><em>&nbsp;Namibia.<\/em>\u201d<\/p>\n\n\n\n<p class=\"has-black-color has-text-color has-link-color wp-elements-de4291c2767ed61d19de9bfcee78a4fb\">Una de las ambiciones del imperialismo yanqui en \u00c1frica ha sido crear el \u201c<a href=\"https:\/\/www.dw.com\/en\/lobito-corridor-hoping-to-break-chinas-grip-on-african-ore\/a-68201444\">Corredor de Lobito<\/a>\u201d, como una forma de romper con el creciente dominio del socialimperialismo chino en las regiones centrales y sur de \u00c1frica. Durante una de las \u00faltimas visitas al extranjero de Joe Biden, fue a Angola en&nbsp;<a href=\"https:\/\/www.atlanticcouncil.org\/blogs\/africasource\/what-to-know-about-the-lobito-corridor-and-how-it-may-change-how-minerals-move\/\">diciembre<\/a>&nbsp;para prometer 600 millones de d\u00f3lares adicionales al proyecto del Corredor de Lobito. El nombre de este corredor es debido a un puerto clave en Angola, Lobito. Este proyecto costar\u00eda m\u00e1s de 1.000 millones de d\u00f3lares y los imperialistas dentro de la Uni\u00f3n Europea (UE), en colusi\u00f3n y pugna dentro de su alianza, tambi\u00e9n apoyaron el proyecto, en colusi\u00f3n con el imperialismo estadounidense. Este proyecto vincular\u00eda el Cintur\u00f3n del Cobre con el Oc\u00e9ano Atl\u00e1ntico, transportando los recursos minerales saqueados de la RDC, desde la ciudad minera clave de Kolwezi a Lobito en Angola. Aunque el socialimperialismo chino se podr\u00eda beneficiar de este proyecto usando esta nueva l\u00ednea de transporte, este megaproyecto abrir\u00eda la posibilidad para una mayor explotaci\u00f3n de los recursos minerales congole\u00f1os por parte de los monopolios estadounidenses y de pa\u00edses europeos y facilitar\u00eda el transporte y exportaci\u00f3n de estos recursos a gran escala, As\u00ed como facilitar\u00eda m\u00e1s proyectos del imperialismo yanqui en la regi\u00f3n y una acci\u00f3n m\u00e1s firme contra el socialimperialismo chino ofreciendo una \u201calternativa\u201d a la Iniciativa del&nbsp;<em>Belt and Road<\/em>&nbsp;de China, fortaleciendo as\u00ed el dominio del imperialismo yanqui sobre la regi\u00f3n, principalmente sobre la RDC, Angola y Zambia. Esto es algo que incluso el \u201c<em>think tank<\/em>\u201d imperialista yanqui,&nbsp;<em>Atlantic Council<\/em>, se\u00f1ala.<\/p>\n\n\n\n<p class=\"has-black-color has-text-color has-link-color wp-elements-bdc457d4cb93973b5adcb89fccbba0ff\">Como hemos visto, los demonios imperialistas de la vieja Europa act\u00faan en colusi\u00f3n con el imperialismo yanqui. El a\u00f1o pasado la UE firm\u00f3 un \u201c<a href=\"https:\/\/www.politico.eu\/article\/eu-rwanda-minerals-agreement-coltan-ore-mining-conflict-smuggling-rubaya-democratic-republic-of-the-congo-paul-kagame\/\">acuerdo de minerales estrat\u00e9gicos<\/a>\u201d con Ruanda, creando un marco casi perfecto para los minerales de contrabando del este del Congo, ya que, de acuerdo con la Comisi\u00f3n Europea, Ruanda es un \u201cactor de calado en la extracci\u00f3n de t\u00e1ntalo en el mundo\u201d as\u00ed como apunt\u00f3 la importancia de sus \u201cextracciones de esta\u00f1o, wolframio, oro y niobio\u201d. Sin embargo, los expertos responden a esta declaraci\u00f3n: \u201cs\u00f3lo una fracci\u00f3n, una proporci\u00f3n indefinida, de las exportaciones de Ruanda, provienen de la propia Ruanda\u201d, y \u201cel trato justifica\u2026 y formaliza el comercio il\u00edcito\u201d. Mientras tanto los imperialistas de Europa quieren cubrir sus cr\u00edmenes y por lo tanto la Comisi\u00f3n Europea de la UE aprob\u00f3 el&nbsp;<a href=\"https:\/\/www.sudinfo.be\/id945503\/article\/2025-01-28\/violences-dans-lest-de-la-rdc-lunion-europeenne-debloque-une-aide-humanitaire-de\">lunes<\/a>&nbsp;27 de enero, un paquete de \u201cayuda humanitaria\u201d de 60 millones de euros para ser enviado a la RDC. Esto hace un total de 272 millones de euros enviados como \u201cayuda humanitaria\u201d al pa\u00eds.<\/p>\n\n\n\n<p class=\"has-black-color has-text-color has-link-color wp-elements-bc229a7d4e59eb3779a1d9bd9daaac33\">Potencias imperialistas como Francia y B\u00e9lgica han mostrado su hipocres\u00eda en repetidas ocasiones al respecto de la situaci\u00f3n en la RDC y la regi\u00f3n de Kivu: el Ministro de Asuntos Exteriores de Francia ha&nbsp;<a href=\"https:\/\/www.lemonde.fr\/afrique\/article\/2025\/01\/30\/crise-en-rdc-le-chef-de-la-diplomatie-francaise-en-visite-a-kinshasa_6522792_3213.html\">declarado<\/a>&nbsp;que las fuerzas ruandeses deben \u201cabandonar de inmediato\u201d el este de Congo; y que la \u201csoberan\u00eda e integridad territorial de la RDC no son negociables\u201d. \u00a1Qu\u00e9 cinismo tan brutal! La realidad muestra que el imperialismo franc\u00e9s es uno de los perpetradores de las guerras en la regi\u00f3n y uno de los que se beneficia de ellos. La RDC&nbsp;<a href=\"https:\/\/www.trtafrika.com\/business\/drc-sues-apple-in-france-belgium-over-conflict-minerals-18244318\">ha denunciado<\/a>&nbsp;a Francia y B\u00e9lgica debido a que afirma que e ambos pa\u00edses Apple usa minerales robados del Congo.<\/p>\n\n\n\n<p class=\"has-black-color has-text-color has-link-color wp-elements-514d6023c5ebf801a6ab22dfc3d4c4fc\">Representantes pol\u00edticos del imperialismo belga, como por ejemplo el Primer Ministro Alexander De Croo&nbsp;<a href=\"https:\/\/www.sudinfo.be\/id946399\/article\/2025-01-30\/alexander-de-croo-evoque-la-situation-dans-lest-de-la-rdc-ces-violences-sont\">declar\u00f3<\/a>&nbsp;que la \u201cIntegridad territorial de la RDC debe ser respetada\u201d y que las \u201ctropas ruandesas deben abandonar el pa\u00eds\u201d. Pero al mismo tiempo,&nbsp;<em>think tanks<\/em>&nbsp;belgas como Egmont, el Instituto Real para Relaciones Internacionales, pone&nbsp;<a href=\"https:\/\/www.egmontinstitute.be\/whats-wrong-with-the-drc-constitution\/\">muchos esfuerzos<\/a>&nbsp;en denunciar como el Presidente de la RDC, F\u00e9lix Tshisekedi es corrupto y c\u00f3mo llev\u00f3 a cabo elecciones fraudulentas en 2023. Pero la mayor prueba del cinismo e hipocres\u00eda imperialistas es&nbsp;<a href=\"https:\/\/deskeco.com\/2025\/01\/30\/dc-pour-lambassadeur-congolais-en-belgique-la-convention-signee-entre-la-belgique-et-le-rwanda-sur\">el acuerdo firmado por B\u00e9lgica con Ruanda<\/a>&nbsp;para importar cobre, cobalto y colt\u00e1n de \u00c1frica. Ruanda no tiene ninguno de estos recursos, por lo que son obviamente robados de \u00e1reas tomadas por los \u201crebeldes\u201d en el este del Congo.<\/p>\n\n\n\n<p class=\"has-black-color has-text-color has-link-color wp-elements-48bc30e3174224746835fd880bc3e71c\">Obviamente hay regulaciones en la UE as\u00ed como en EE.UU., contra el contrabando, robo y uso de minerales provenientes de zonas de guerra, pero por supuesto tales regulaciones son completamente ignoradas si no concuerdan con los intereses imperialistas. Por otra parte, aunque la RDC haya realizando quejas y denuncias contra potencias imperialistas por este contrabando y por apoyar a grupos \u201crebeldes\u201d, tambi\u00e9n las clases dominantes locales en el poder est\u00e1n vendiendo el pa\u00eds a otras fuerzas imperialistas, por ejemplo la enorme mayor\u00eda de recursos minerales al socialimperialismo chino.<\/p>\n\n\n\n<p class=\"has-black-color has-text-color has-link-color wp-elements-ea1ab8d09219b4c5cdfc2ff2ff581ca0\">Bajo el imperialismo los vastos recursos minerales de Congo son una pesada carga para su pueblo, que junto con otros pueblos de la regi\u00f3n, es usado como carne de ca\u00f1\u00f3n y esclavos por parte de los imperialistas en su guerra de saqueo en el pa\u00eds en general, y en el este del pa\u00eds en particular. A pesar de la inmensa riqueza de los pa\u00edses de la regi\u00f3n, y especialmente de la RDC, estos son algunos de los pa\u00edses m\u00e1s pobres del mundo ya que el capitalismo burocr\u00e1tico se desenvuelve en ellos, y la subyugaci\u00f3n imperialista no conlleva desarrollo, sino miseria, guerra y saqueo. Aunque los lacayos de los imperialistas y sus amos se llenan sus bocas con discursos y deseos sobre la \u201cpaz\u201d, \u201ccalma\u201d e \u201cintegridad territorial\u201d, lo que realmente desean sedientos de sangre es \u201cguerra\u201d, \u201cescalada\u201d y \u201cmayor divisi\u00f3n\u201d. Esto es lo que encaja con sus necesidades y prop\u00f3sitos, ya que si no son capaces de mantener el \u201corden\u201d, ya que la regi\u00f3n es inestable, muchos grupos armados operan all\u00ed y los Estados son incapaces de controlar sus territorios, la riqueza ser\u00e1 m\u00e1s f\u00e1cilmente robada y el desarrollo de los pa\u00edses y la consecuci\u00f3n de su formaci\u00f3n nacional completa, que s\u00f3lo se puede lograr mediante una revoluci\u00f3n democr\u00e1tica victoriosa, ser\u00e1 obstaculizada.<\/p>\n\n\n\n<p class=\"has-black-color has-text-color has-link-color wp-elements-6c1d461e3cbd06d1c60b3ab05d9a5718\">Los congole\u00f1os y los otros pueblos de la regi\u00f3n no pueden aguantar m\u00e1s esta carga y son muy conscientes de ello, las protestas son continuas y apuntan de forma creciente a la fuente del mal: el imperialismo. M\u00e1s y m\u00e1s manifestantes apuntan a instituciones, representantes y edificios de los imperialistas y les culpan del saqueo y la guerra. Y lo que cada vez tambi\u00e9n est\u00e1 m\u00e1s clara es la necesidad de tomar ventaja de las enormes experiencias y poder de los pueblos, canaliz\u00e1ndolos en la direcci\u00f3n de los verdaderos intereses del pueblo, la Revoluci\u00f3n de Nueva Democracia, para expulsar a los extranjeros, \u201cfuerzas de paz\u201d, ONG\u2019s, monopolios y sus lacayos, para liberar y finalizar la formaci\u00f3n de las naciones y dirigir a las masas a un nuevo y brillante futuro que ser\u00e1 completamente diferente del que hay bajo el horrible dominio del imperialismo.<\/p>\n\n\n\n<p><\/p>\n","protected":false},"excerpt":{"rendered":"<p>Compartimos este art\u00edculo de El Heraldo Rojo El&nbsp;lunes 27 de enero, el grupo \u201cMovimiento M23\u201d, o \u201cMovimiento del 23 de Marzo\u201d afirm\u00f3 haber capturado Goma, la ciudad m\u00e1s grande del este de la Rep\u00fablica Democr\u00e1tica del Congo (RDC). El M23&nbsp;ya tom\u00f3 el poder en Goma&nbsp;\u201csin apenas resistencia\u201d en 2012. Actualmente hay una gran constelaci\u00f3n de [&hellip;]<\/p>\n","protected":false},"author":1,"featured_media":27259,"comment_status":"open","ping_status":"open","sticky":false,"template":"","format":"standard","meta":{"footnotes":""},"categories":[16,116,31],"tags":[],"class_list":["post-27258","post","type-post","status-publish","format-standard","has-post-thumbnail","hentry","category-carrusel","category-imperialismo","category-internacional"],"blocksy_meta":[],"_links":{"self":[{"href":"https:\/\/nuevademocracia.com.co\/index.php?rest_route=\/wp\/v2\/posts\/27258","targetHints":{"allow":["GET"]}}],"collection":[{"href":"https:\/\/nuevademocracia.com.co\/index.php?rest_route=\/wp\/v2\/posts"}],"about":[{"href":"https:\/\/nuevademocracia.com.co\/index.php?rest_route=\/wp\/v2\/types\/post"}],"author":[{"embeddable":true,"href":"https:\/\/nuevademocracia.com.co\/index.php?rest_route=\/wp\/v2\/users\/1"}],"replies":[{"embeddable":true,"href":"https:\/\/nuevademocracia.com.co\/index.php?rest_route=%2Fwp%2Fv2%2Fcomments&post=27258"}],"version-history":[{"count":2,"href":"https:\/\/nuevademocracia.com.co\/index.php?rest_route=\/wp\/v2\/posts\/27258\/revisions"}],"predecessor-version":[{"id":27266,"href":"https:\/\/nuevademocracia.com.co\/index.php?rest_route=\/wp\/v2\/posts\/27258\/revisions\/27266"}],"wp:featuredmedia":[{"embeddable":true,"href":"https:\/\/nuevademocracia.com.co\/index.php?rest_route=\/wp\/v2\/media\/27259"}],"wp:attachment":[{"href":"https:\/\/nuevademocracia.com.co\/index.php?rest_route=%2Fwp%2Fv2%2Fmedia&parent=27258"}],"wp:term":[{"taxonomy":"category","embeddable":true,"href":"https:\/\/nuevademocracia.com.co\/index.php?rest_route=%2Fwp%2Fv2%2Fcategories&post=27258"},{"taxonomy":"post_tag","embeddable":true,"href":"https:\/\/nuevademocracia.com.co\/index.php?rest_route=%2Fwp%2Fv2%2Ftags&post=27258"}],"curies":[{"name":"wp","href":"https:\/\/api.w.org\/{rel}","templated":true}]}}