{"id":27268,"date":"2025-02-12T14:07:47","date_gmt":"2025-02-12T19:07:47","guid":{"rendered":"https:\/\/nuevademocracia.com.co\/?p=27268"},"modified":"2026-03-28T00:36:49","modified_gmt":"2026-03-28T05:36:49","slug":"estudiantes-reparten-volantes-reivindicando-a-paula-y-magaly-como-ejemplo-de-mujeres-combativas","status":"publish","type":"post","link":"https:\/\/nuevademocracia.com.co\/?p=27268","title":{"rendered":"Estudiantes reparten volantes reivindicando a  Paula y Magaly como ejemplo de mujeres combativas"},"content":{"rendered":"\n<hr class=\"wp-block-separator has-text-color has-vivid-red-color has-alpha-channel-opacity has-vivid-red-background-color has-background\"\/>\n\n\n\n<figure class=\"wp-block-image aligncenter size-large is-resized\"><img loading=\"lazy\" decoding=\"async\" width=\"819\" height=\"1024\" src=\"https:\/\/nuevademocracia.com.co\/wp-content\/uploads\/2025\/02\/Paula-y-Magaly-3-819x1024.jpeg\" alt=\"\" class=\"wp-image-27269\" style=\"width:378px;height:auto\" srcset=\"https:\/\/nuevademocracia.com.co\/wp-content\/uploads\/2025\/02\/Paula-y-Magaly-3-819x1024.jpeg 819w, https:\/\/nuevademocracia.com.co\/wp-content\/uploads\/2025\/02\/Paula-y-Magaly-3-240x300.jpeg 240w, https:\/\/nuevademocracia.com.co\/wp-content\/uploads\/2025\/02\/Paula-y-Magaly-3-768x960.jpeg 768w, https:\/\/nuevademocracia.com.co\/wp-content\/uploads\/2025\/02\/Paula-y-Magaly-3.jpeg 1080w\" sizes=\"auto, (max-width: 819px) 100vw, 819px\" \/><figcaption class=\"wp-element-caption\"><em><strong><mark style=\"background-color:rgba(0, 0, 0, 0)\" class=\"has-inline-color has-black-color\">Volante realizado por la Oficina estudiantil<\/mark><\/strong><\/em><\/figcaption><\/figure>\n\n\n\n<p class=\"has-black-color has-text-color has-link-color wp-elements-1a65249e73867cbf1456e9c505f6630b\">En el marco de las inducciones de inicio de semestre de la Facultad de Derecho y Ciencias Pol\u00edticas de la Universidad de Antioquia -un espacio que impulsa la instituci\u00f3n con el fin de que los nuevos estudiantes se integren y conozcan la vida acad\u00e9mica- compa\u00f1eros de la Oficina Estudiantil de dicha facultad, participaron d\u00e1ndole un car\u00e1cter pol\u00edtico y de lucha a la bienvenida de sus nuevos compa\u00f1eros, explicando algunas de las luchas hist\u00f3ricas del movimiento estudiantil y llamando al compromiso del estudiante con el pueblo trabajador; tambi\u00e9n elaboraron y repartieron volantes en el marco de la conmemoraci\u00f3n de los 20 a\u00f1os de la muerte de las compa\u00f1eras Paula y Magaly, reivindicando a las compa\u00f1eras como s\u00edmbolo de las mujeres combativas y de la lucha contra la dominaci\u00f3n de las pol\u00edticas imperialistas a las que es sometida nuestra naci\u00f3n y especialmente el campesinado. Adem\u00e1s, recordaron las palabras del gran revolucionario Colombiano Camilo Torres Restrepo en su \u00abMensaje a los Estudiantes\u00bb donde llama a desarrollar un profundo compromiso de los intelectuales con las causas de su pueblo y su naci\u00f3n, algo que debe recuperar y promover el movimiento estudiantil en la actualidad.<\/p>\n\n\n\n<div class=\"wp-block-group is-nowrap is-layout-flex wp-container-core-group-is-layout-6c531013 wp-block-group-is-layout-flex\">\n<figure class=\"wp-block-image size-large is-resized\"><img loading=\"lazy\" decoding=\"async\" width=\"768\" height=\"1024\" src=\"https:\/\/nuevademocracia.com.co\/wp-content\/uploads\/2025\/02\/Paula-y-Magaly-1-768x1024.jpeg\" alt=\"\" class=\"wp-image-27270\" style=\"width:387px;height:auto\" srcset=\"https:\/\/nuevademocracia.com.co\/wp-content\/uploads\/2025\/02\/Paula-y-Magaly-1-768x1024.jpeg 768w, https:\/\/nuevademocracia.com.co\/wp-content\/uploads\/2025\/02\/Paula-y-Magaly-1-225x300.jpeg 225w, https:\/\/nuevademocracia.com.co\/wp-content\/uploads\/2025\/02\/Paula-y-Magaly-1-1152x1536.jpeg 1152w, https:\/\/nuevademocracia.com.co\/wp-content\/uploads\/2025\/02\/Paula-y-Magaly-1.jpeg 1200w\" sizes=\"auto, (max-width: 768px) 100vw, 768px\" \/><\/figure>\n\n\n\n<figure class=\"wp-block-image size-large is-resized\"><img loading=\"lazy\" decoding=\"async\" width=\"768\" height=\"1024\" src=\"https:\/\/nuevademocracia.com.co\/wp-content\/uploads\/2025\/02\/Paula-y-Magaly-2-768x1024.jpeg\" alt=\"\" class=\"wp-image-27271\" style=\"width:386px;height:auto\" srcset=\"https:\/\/nuevademocracia.com.co\/wp-content\/uploads\/2025\/02\/Paula-y-Magaly-2-768x1024.jpeg 768w, https:\/\/nuevademocracia.com.co\/wp-content\/uploads\/2025\/02\/Paula-y-Magaly-2-225x300.jpeg 225w, https:\/\/nuevademocracia.com.co\/wp-content\/uploads\/2025\/02\/Paula-y-Magaly-2-1152x1536.jpeg 1152w, https:\/\/nuevademocracia.com.co\/wp-content\/uploads\/2025\/02\/Paula-y-Magaly-2.jpeg 1200w\" sizes=\"auto, (max-width: 768px) 100vw, 768px\" \/><\/figure>\n<\/div>\n","protected":false},"excerpt":{"rendered":"<p>En el marco de las inducciones de inicio de semestre de la Facultad de Derecho y Ciencias Pol\u00edticas de la Universidad de Antioquia -un espacio que impulsa la instituci\u00f3n con el fin de que los nuevos estudiantes se integren y conozcan la vida acad\u00e9mica- compa\u00f1eros de la Oficina Estudiantil de dicha facultad, participaron d\u00e1ndole un car\u00e1cter pol\u00edtico y de lucha a la bienvenida de sus nuevos compa\u00f1eros, explicando algunas de las luchas hist\u00f3ricas del movimiento estudiantil y llamando al compromiso del estudiante con el pueblo trabajador<\/p>\n","protected":false},"author":1,"featured_media":27269,"comment_status":"open","ping_status":"open","sticky":false,"template":"","format":"standard","meta":{"footnotes":""},"categories":[4,115],"tags":[],"class_list":["post-27268","post","type-post","status-publish","format-standard","has-post-thumbnail","hentry","category-colombia","category-mujer"],"blocksy_meta":[],"_links":{"self":[{"href":"https:\/\/nuevademocracia.com.co\/index.php?rest_route=\/wp\/v2\/posts\/27268","targetHints":{"allow":["GET"]}}],"collection":[{"href":"https:\/\/nuevademocracia.com.co\/index.php?rest_route=\/wp\/v2\/posts"}],"about":[{"href":"https:\/\/nuevademocracia.com.co\/index.php?rest_route=\/wp\/v2\/types\/post"}],"author":[{"embeddable":true,"href":"https:\/\/nuevademocracia.com.co\/index.php?rest_route=\/wp\/v2\/users\/1"}],"replies":[{"embeddable":true,"href":"https:\/\/nuevademocracia.com.co\/index.php?rest_route=%2Fwp%2Fv2%2Fcomments&post=27268"}],"version-history":[{"count":3,"href":"https:\/\/nuevademocracia.com.co\/index.php?rest_route=\/wp\/v2\/posts\/27268\/revisions"}],"predecessor-version":[{"id":29094,"href":"https:\/\/nuevademocracia.com.co\/index.php?rest_route=\/wp\/v2\/posts\/27268\/revisions\/29094"}],"wp:featuredmedia":[{"embeddable":true,"href":"https:\/\/nuevademocracia.com.co\/index.php?rest_route=\/wp\/v2\/media\/27269"}],"wp:attachment":[{"href":"https:\/\/nuevademocracia.com.co\/index.php?rest_route=%2Fwp%2Fv2%2Fmedia&parent=27268"}],"wp:term":[{"taxonomy":"category","embeddable":true,"href":"https:\/\/nuevademocracia.com.co\/index.php?rest_route=%2Fwp%2Fv2%2Fcategories&post=27268"},{"taxonomy":"post_tag","embeddable":true,"href":"https:\/\/nuevademocracia.com.co\/index.php?rest_route=%2Fwp%2Fv2%2Ftags&post=27268"}],"curies":[{"name":"wp","href":"https:\/\/api.w.org\/{rel}","templated":true}]}}