{"id":27281,"date":"2025-02-18T15:07:49","date_gmt":"2025-02-18T20:07:49","guid":{"rendered":"https:\/\/nuevademocracia.com.co\/?p=27281"},"modified":"2025-02-18T15:32:26","modified_gmt":"2025-02-18T20:32:26","slug":"en-usa-trabajadores-inmigrantes-se-movilizan-contra-amenazas-del-reaccionario-trump","status":"publish","type":"post","link":"https:\/\/nuevademocracia.com.co\/?p=27281","title":{"rendered":"En USA, trabajadores inmigrantes se movilizan contra amenazas del reaccionario Trump"},"content":{"rendered":"\n<p class=\"has-black-color has-text-color has-link-color wp-elements-94360f2907f254c06f9a91b39a79a08f\">Durante la primera semana de febrero de 2025, miles de trabajadores inmigrantes y estadounidenses se movilizaron en respuesta a las amenazas del ultraderechista Donald Trump, actual presidente de Estados Unidos, de realizar \u201cla mayor operaci\u00f3n de deportaci\u00f3n en la historia\u201d del pa\u00eds.<\/p>\n\n\n\n<p class=\"has-black-color has-text-color has-link-color wp-elements-c5ad81215782d42c2d415e5544d0a24c\">Uno de los actos masivos tuvo lugar el domingo 2 de febrero en Los \u00c1ngeles, California, en donde miles de manifestantes recorrieron puntos estrat\u00e9gicos de la ciudad, como la Olvera Street, el City Hall y la U.S. 101, una de las autopistas principales de la metr\u00f3polis.<\/p>\n\n\n\n<p class=\"has-black-color has-text-color has-link-color wp-elements-f320b92c0085489f7f56ffcf1e6c9a51\">Las protestas causaron un impacto medi\u00e1tico y alertaron a las fuerzas represivas. La polic\u00eda de carretera, Highway Patrol, hizo presencia, generando un cord\u00f3n alrededor de los protestantes, sin lograr desarticularlos sino hasta cinco horas despu\u00e9s, cuando los manifestantes decidieron finalizar el acto.<\/p>\n\n\n\n<figure class=\"wp-block-image size-large\"><img loading=\"lazy\" decoding=\"async\" width=\"1024\" height=\"683\" src=\"https:\/\/nuevademocracia.com.co\/wp-content\/uploads\/2025\/02\/Migrantes-USA-1024x683.png\" alt=\"\" class=\"wp-image-27282\" srcset=\"https:\/\/nuevademocracia.com.co\/wp-content\/uploads\/2025\/02\/Migrantes-USA-1024x683.png 1024w, https:\/\/nuevademocracia.com.co\/wp-content\/uploads\/2025\/02\/Migrantes-USA-300x200.png 300w, https:\/\/nuevademocracia.com.co\/wp-content\/uploads\/2025\/02\/Migrantes-USA-768x512.png 768w, https:\/\/nuevademocracia.com.co\/wp-content\/uploads\/2025\/02\/Migrantes-USA-1536x1024.png 1536w, https:\/\/nuevademocracia.com.co\/wp-content\/uploads\/2025\/02\/Migrantes-USA.png 1920w\" sizes=\"auto, (max-width: 1024px) 100vw, 1024px\" \/><figcaption class=\"wp-element-caption\"><em>Los protestantes enarbolaron banderas de sus nacionalidades de origen y fueron hostigados, golpeados y detenidos por las fuerzas represivas. Foto tomada de Joel Angel Juarez, REUTERS<\/em><\/figcaption><\/figure>\n\n\n\n<p class=\"has-text-align-left has-black-color has-text-color has-link-color wp-elements-b656fe3aca93594c57f6003c691ed2c9\">Otras ciudades del mismo estado, como Riverside, al suroeste de Los \u00c1ngeles, fueron escenario de movilizaci\u00f3n de grupos de inmigrantes y solidarios. La poblaci\u00f3n que no era parte del acto, por su parte, alentaba a los protestantes con pitos y arengas. Lo mismo sucedi\u00f3 en la ciudad de San Diego, que est\u00e1 cerca de la frontera sur de Estados Unidos, y en Santa Ana, tambi\u00e9n al sur de California.<\/p>\n\n\n\n<p class=\"has-black-color has-text-color has-link-color wp-elements-7f44617daf1e22446fd1c7ff2fd6623f\">Al siguiente d\u00eda, adem\u00e1s de continuar las marchas, millones de inmigrantes alrededor del pa\u00eds participaron del boicot \u201cUn D\u00eda sin Inmigrantes\u201d. Este consisti\u00f3 en que, por un d\u00eda, los migrantes no ir\u00edan a trabajar y se abstendr\u00edan de salir, especialmente de comprar, en las grandes cadenas de supermercados del pa\u00eds, algunas de las cuales apoyaron la elecci\u00f3n del actual presidente, como el monopolio Walmart.<\/p>\n\n\n\n<p class=\"has-black-color has-text-color has-link-color wp-elements-bd93d56ba241f3e64f0d9bf4b63f7e14\">Due\u00f1os de peque\u00f1os negocios en ciudades importantes del pa\u00eds cerraron por un d\u00eda para unirse a las protestas por la causa. Con esto, los movimientos de inmigrantes quer\u00edan que fuese visible su importancia para la vida social y econ\u00f3mica de los Estados Unidos.<br>Se esperan m\u00e1s protestas y acciones de boicot a lo largo del mes.<\/p>\n\n\n\n<h2 class=\"wp-block-heading has-vivid-red-color has-text-color has-link-color has-medium-font-size wp-elements-f9fc9ebaedc50217d9aff11c405aa52e\"><strong>Los inmigrantes son victoriosos<\/strong><\/h2>\n\n\n\n<p class=\"has-black-color has-text-color has-link-color wp-elements-888aad930657998d7d91255646b4210d\">Las comunidades de trabajadores del pa\u00eds est\u00e1n combatiendo la acci\u00f3n del ICE \u2014U.S. Immigration and Customs Enforcement\u2014, la agencia (creada por el criminal de guerra Barack Obama) que act\u00faa, en conjunto con otras fuerzas represivas, con el objetivo de amedrentar, perseguir y detener a las familias migrantes. Como ha sido denunciado por las masas, la actividad de esta fuerza represiva se basa en el perfilamiento racial de trabajadores no blancos, lo cual ha causado el hostigamiento, incluso, de personas de naciones ind\u00edgenas dentro de Estados Unidos, cuya historia en el territorio se remonta a mucho antes de la colonizaci\u00f3n europea.<\/p>\n\n\n\n<p class=\"has-black-color has-text-color has-link-color wp-elements-e2939e6a78d2c15340e0e81157b8fcf1\">Grupos de activistas han estado difundiendo, a trav\u00e9s de redes sociales y volanteos, informaciones importantes para la autodefensa de las familias en peligro de ser detenidas. Han instruido a los migrantes en el derecho a exigir \u00f3rdenes de detenci\u00f3n firmadas por un juez; a no abrir la puerta de sus hogares a los agentes; a guardar silencio ante preguntas tramposas sobre su estatus migratorio, entre otras medidas. En una entrevista de prensa, el rid\u00edculamente proclamado \u201czar de la frontera\u201d Tom Homan confes\u00f3 que su trabajo de perseguir migrantes est\u00e1 siendo muy dif\u00edcil debido a que las masas est\u00e1n \u201cmuy educadas, han sido educadas en c\u00f3mo desafiar al ICE, c\u00f3mo esconderse del ICE\u2026 ellos lo llaman: \u2018Conoce tus derechos\u2019. Yo lo llamo: c\u00f3mo evitar ser arrestado\u201d.<\/p>\n\n\n\n<h2 class=\"wp-block-heading has-vivid-red-color has-text-color has-link-color has-medium-font-size wp-elements-e3afd16edbf8dc044fddb3243117f8aa\"><strong>El imperialismo fracasa<\/strong><\/h2>\n\n\n\n<p class=\"has-black-color has-text-color has-link-color wp-elements-eba029f9a98330a49b4d4f27768f4b1a\">En los \u00faltimos a\u00f1os, el ambiente ha estado agitado para las clases dominantes yanquis, quienes ahora, en cabeza del reaccionario Trump, invocan una \u201cinvasi\u00f3n\u201d al pa\u00eds, queriendo alienar a los trabajadores estadounidenses para que confundan a sus enemigos. Por eso, la pol\u00edtica actual no solo busca \u201ccombatir la migraci\u00f3n ilegal\u201d actual, sino ilegalizar a muchos m\u00e1s inmigrantes presentes en el territorio, como lo demostr\u00f3 el gobierno al remover varios mecanismos como el TPS \u2014Temporary Protection Status\u2014 o la aplicaci\u00f3n CBP One, que, antes de esta administraci\u00f3n, hab\u00edan sido provistos a millones de inmigrantes en aras de su regularizaci\u00f3n.<\/p>\n\n\n\n<p class=\"has-black-color has-text-color has-link-color wp-elements-a751ac575bca9a685482202aa589dcf3\">En el marco de la lucha de clases, el objetivo real es, pues, colocar a estos trabajadores de todo el mundo, principalmente provenientes de naciones oprimidas, presentes en el pa\u00eds, en una situaci\u00f3n m\u00e1s vulnerable en t\u00e9rminos de derechos para, as\u00ed, favorecer su hiperexplotaci\u00f3n por parte de la burgues\u00eda imperialista. Burgues\u00eda que se ve acosada, en su propio pa\u00eds y a lo largo del globo, por el r\u00e1pido desmoronamiento del capitalismo imperialista y la inteligencia, fuerza y valent\u00eda de los pueblos del mundo luchando por sus derechos, visionando un futuro sin explotaci\u00f3n y opresi\u00f3n.<\/p>\n\n\n\n<p><\/p>\n","protected":false},"excerpt":{"rendered":"<p>El objetivo real es colocar a estos trabajadores de todo el mundo en una situaci\u00f3n m\u00e1s vulnerable en t\u00e9rminos de derechos.<\/p>\n","protected":false},"author":1,"featured_media":27282,"comment_status":"open","ping_status":"open","sticky":false,"template":"","format":"standard","meta":{"footnotes":""},"categories":[16,31],"tags":[148,147,149,32,151,146,18,41],"class_list":["post-27281","post","type-post","status-publish","format-standard","has-post-thumbnail","hentry","category-carrusel","category-internacional","tag-deportaciones","tag-donal-trump","tag-ee-uu","tag-imperialismo","tag-latinos-en-usa","tag-migrantes","tag-protestas","tag-represion-estatal"],"blocksy_meta":[],"_links":{"self":[{"href":"https:\/\/nuevademocracia.com.co\/index.php?rest_route=\/wp\/v2\/posts\/27281","targetHints":{"allow":["GET"]}}],"collection":[{"href":"https:\/\/nuevademocracia.com.co\/index.php?rest_route=\/wp\/v2\/posts"}],"about":[{"href":"https:\/\/nuevademocracia.com.co\/index.php?rest_route=\/wp\/v2\/types\/post"}],"author":[{"embeddable":true,"href":"https:\/\/nuevademocracia.com.co\/index.php?rest_route=\/wp\/v2\/users\/1"}],"replies":[{"embeddable":true,"href":"https:\/\/nuevademocracia.com.co\/index.php?rest_route=%2Fwp%2Fv2%2Fcomments&post=27281"}],"version-history":[{"count":4,"href":"https:\/\/nuevademocracia.com.co\/index.php?rest_route=\/wp\/v2\/posts\/27281\/revisions"}],"predecessor-version":[{"id":27297,"href":"https:\/\/nuevademocracia.com.co\/index.php?rest_route=\/wp\/v2\/posts\/27281\/revisions\/27297"}],"wp:featuredmedia":[{"embeddable":true,"href":"https:\/\/nuevademocracia.com.co\/index.php?rest_route=\/wp\/v2\/media\/27282"}],"wp:attachment":[{"href":"https:\/\/nuevademocracia.com.co\/index.php?rest_route=%2Fwp%2Fv2%2Fmedia&parent=27281"}],"wp:term":[{"taxonomy":"category","embeddable":true,"href":"https:\/\/nuevademocracia.com.co\/index.php?rest_route=%2Fwp%2Fv2%2Fcategories&post=27281"},{"taxonomy":"post_tag","embeddable":true,"href":"https:\/\/nuevademocracia.com.co\/index.php?rest_route=%2Fwp%2Fv2%2Ftags&post=27281"}],"curies":[{"name":"wp","href":"https:\/\/api.w.org\/{rel}","templated":true}]}}