{"id":27294,"date":"2025-02-20T10:00:00","date_gmt":"2025-02-20T15:00:00","guid":{"rendered":"https:\/\/nuevademocracia.com.co\/?p=27294"},"modified":"2025-02-24T13:34:32","modified_gmt":"2025-02-24T18:34:32","slug":"avanza-en-varios-paises-el-impulso-de-la-liga-antiimperialista","status":"publish","type":"post","link":"https:\/\/nuevademocracia.com.co\/?p=27294","title":{"rendered":"Avanza en varios pa\u00edses el impulso de la Liga Antiimperialista"},"content":{"rendered":"\n<figure class=\"wp-block-image size-large\"><img loading=\"lazy\" decoding=\"async\" width=\"1024\" height=\"606\" src=\"https:\/\/nuevademocracia.com.co\/wp-content\/uploads\/2025\/02\/Collage-Impulso-LAI-1024x606.png\" alt=\"\" class=\"wp-image-27295\" srcset=\"https:\/\/nuevademocracia.com.co\/wp-content\/uploads\/2025\/02\/Collage-Impulso-LAI-1024x606.png 1024w, https:\/\/nuevademocracia.com.co\/wp-content\/uploads\/2025\/02\/Collage-Impulso-LAI-300x178.png 300w, https:\/\/nuevademocracia.com.co\/wp-content\/uploads\/2025\/02\/Collage-Impulso-LAI-768x454.png 768w, https:\/\/nuevademocracia.com.co\/wp-content\/uploads\/2025\/02\/Collage-Impulso-LAI-1536x909.png 1536w, https:\/\/nuevademocracia.com.co\/wp-content\/uploads\/2025\/02\/Collage-Impulso-LAI.png 1962w\" sizes=\"auto, (max-width: 1024px) 100vw, 1024px\" \/><figcaption class=\"wp-element-caption\"><em>Collage realizado con im\u00e1genes tomadas de www.heraldorojo.org<\/em><\/figcaption><\/figure>\n\n\n\n<p class=\"has-black-color has-text-color has-link-color wp-elements-1e40b4ba8d486c1b7d4f85f1032e339e\">En diciembre de 2023, en el evento conmemorativo por los 130 a\u00f1os del natalicio del revolucionario chino Mao Tsetung, evento celebrado en Medell\u00edn (Colombia), compa\u00f1eros de Partizan (Turqu\u00eda) presentaron ante todos los asistentes (provenientes de varios pa\u00edses), la idea de construir una Liga Antiimperialista (LAI), que articule e impulse la lucha de los pueblos del mundo contra las diferentes formas de agresi\u00f3n por parte del imperialismo. Durante el 2024, han hecho p\u00fablica una propuesta de programa y principios para la LAI, as\u00ed como otros documentos. El objetivo es que revolucionarios y dem\u00f3cratas en todo el mundo discutan y comenten los documentos para alcanzar una unidad b\u00e1sica para la acci\u00f3n antiimperialista.<\/p>\n\n\n\n<p class=\"has-black-color has-text-color has-link-color wp-elements-330117adcd0e0a20d417674ecd93879a\">En junio de 2024 se registraron reuniones en Francia, donde se expuso el prop\u00f3sito y perspectiva de la LAI. Luego en octubre, en Finlandia, se realiz\u00f3 el evento \u201c\u00bfQu\u00e9 es el imperialismo?\u201d. En varias ciudades de Noruega tambi\u00e9n hay reporte de reuniones donde se ha socializado la LAI. Dicho mes, la LAI hizo el llamamiento a realizar acciones con motivo del primer a\u00f1o del heroico 7 de octubre, d\u00eda en que la Resistencia Nacional Palestina lanz\u00f3 el gran ataque sin precedentes contra el Estado sionista de Israel; muchos revolucionarios en el mundo atendieron el llamado y realizaron diversos tipos de actividades.<\/p>\n\n\n\n<p class=\"has-black-color has-text-color has-link-color wp-elements-7c39014cdc6b8d28ff418ba6173a6c99\">En noviembre, en Colombia se realiz\u00f3 el foro \u201cImperialismo, vigencia de una realidad censurada\u201d, donde a partir de diversas ponencias se retomaron las discusiones acerca del imperialismo en la actualidad, y se hizo el llamado a recuperar el car\u00e1cter antiimperialista del movimiento popular y a la unidad de los antiimperialistas a nivel nacional e internacional. En diciembre, en Austria se realiz\u00f3 la presentaci\u00f3n de la LAI bajo el eslogan \u201c\u00a1Adelante con la construcci\u00f3n de la Liga Antiimperialista!\u201d<\/p>\n\n\n\n<p class=\"has-black-color has-text-color has-link-color wp-elements-b45ba0cd68f167e8eaba744e2187671d\">Este a\u00f1o 2025 las actividades contin\u00faan. En enero se reportaron reuniones en varias ciudades de Alemania, destacamos la movilizaci\u00f3n Lenin-Liebknecht-Luxemburgo, la cual se realiz\u00f3 bajo la consigna \u201cAdelante en la construcci\u00f3n de la Liga Antiimperialista (LAI)\u201d. La polic\u00eda agredi\u00f3 la movilizaci\u00f3n con gas pimienta y detenciones, sin embargo, gracias a la resistencia de los manifestantes la polic\u00eda se retir\u00f3 y la movilizaci\u00f3n continu\u00f3. Estas son algunas informaciones que tomamos del sitio web Heraldo Rojo, las cuales muestran el avance que est\u00e1 teniendo la construcci\u00f3n de la Liga Antiimperialista. Lo anterior en el contexto de crisis general del sistema imperialista, que conlleva a mayor explotaci\u00f3n y opresi\u00f3n sobre los pueblos mundo; por lo tanto, mayor rebeld\u00eda de las masas trabajadoras, principalmente en el tercer mundo, pero tambi\u00e9n en las propias potencias imperialistas; y mayor agudizaci\u00f3n de las contradicciones entre las mismas potencias imperialistas que se alistan para la guerra. En ese contexto, corresponde que los antiimperialistas del mundo se unan firmemente para luchar por un programa com\u00fan y para realizar acciones conjuntas de combate contra el imperialismo y sus lacayos en cada pa\u00eds.<\/p>\n","protected":false},"excerpt":{"rendered":"<p>En ese contexto, corresponde que los antiimperialistas del mundo se unan firmemente para luchar por un programa com\u00fan y para realizar acciones conjuntas de combate contra el imperialismo y sus lacayos en cada pa\u00eds.<\/p>\n","protected":false},"author":1,"featured_media":27295,"comment_status":"open","ping_status":"open","sticky":false,"template":"","format":"standard","meta":{"footnotes":""},"categories":[16,31],"tags":[157,158,159,160],"class_list":["post-27294","post","type-post","status-publish","format-standard","has-post-thumbnail","hentry","category-carrusel","category-internacional","tag-antiimperialismo","tag-liga-antiimperialista","tag-mao-tsetung","tag-partizan-turquia"],"blocksy_meta":[],"_links":{"self":[{"href":"https:\/\/nuevademocracia.com.co\/index.php?rest_route=\/wp\/v2\/posts\/27294","targetHints":{"allow":["GET"]}}],"collection":[{"href":"https:\/\/nuevademocracia.com.co\/index.php?rest_route=\/wp\/v2\/posts"}],"about":[{"href":"https:\/\/nuevademocracia.com.co\/index.php?rest_route=\/wp\/v2\/types\/post"}],"author":[{"embeddable":true,"href":"https:\/\/nuevademocracia.com.co\/index.php?rest_route=\/wp\/v2\/users\/1"}],"replies":[{"embeddable":true,"href":"https:\/\/nuevademocracia.com.co\/index.php?rest_route=%2Fwp%2Fv2%2Fcomments&post=27294"}],"version-history":[{"count":2,"href":"https:\/\/nuevademocracia.com.co\/index.php?rest_route=\/wp\/v2\/posts\/27294\/revisions"}],"predecessor-version":[{"id":27321,"href":"https:\/\/nuevademocracia.com.co\/index.php?rest_route=\/wp\/v2\/posts\/27294\/revisions\/27321"}],"wp:featuredmedia":[{"embeddable":true,"href":"https:\/\/nuevademocracia.com.co\/index.php?rest_route=\/wp\/v2\/media\/27295"}],"wp:attachment":[{"href":"https:\/\/nuevademocracia.com.co\/index.php?rest_route=%2Fwp%2Fv2%2Fmedia&parent=27294"}],"wp:term":[{"taxonomy":"category","embeddable":true,"href":"https:\/\/nuevademocracia.com.co\/index.php?rest_route=%2Fwp%2Fv2%2Fcategories&post=27294"},{"taxonomy":"post_tag","embeddable":true,"href":"https:\/\/nuevademocracia.com.co\/index.php?rest_route=%2Fwp%2Fv2%2Ftags&post=27294"}],"curies":[{"name":"wp","href":"https:\/\/api.w.org\/{rel}","templated":true}]}}