{"id":27299,"date":"2025-02-21T17:30:25","date_gmt":"2025-02-21T22:30:25","guid":{"rendered":"https:\/\/nuevademocracia.com.co\/?p=27299"},"modified":"2026-03-28T00:19:44","modified_gmt":"2026-03-28T05:19:44","slug":"21-de-febrero-dia-de-la-lucha-campesina","status":"publish","type":"post","link":"https:\/\/nuevademocracia.com.co\/?p=27299","title":{"rendered":"21 de febrero: d\u00eda de la lucha campesina"},"content":{"rendered":"\n<hr class=\"wp-block-separator has-text-color has-vivid-red-color has-alpha-channel-opacity has-vivid-red-background-color has-background\"\/>\n\n\n\n<h2 class=\"wp-block-heading has-vivid-red-color has-text-color has-link-color has-medium-font-size wp-elements-36951c9e0fb6aa91151f6c76306d1287\"><strong>\u00a1A tomar todas las tierras del Latifundio!<\/strong><\/h2>\n\n\n\n<p class=\"has-black-color has-text-color has-link-color wp-elements-36692f8d7dd2dcfc508404de55b1832e\">En 1961, el presidente Liberal Lleras Restrepo impuls\u00f3 una \u201creforma agraria\u201d con discursos pomposos a favor de los campesinos y en contra de los terratenientes. Esta, lejos de ser una verdadera reforma agraria pensada para el progreso del pa\u00eds, se trataba de una reforma ordenada por el imperialismo Yanqui como parte de la llamada \u201cAlianza para el Progreso\u201d en su af\u00e1n de contener la lucha de los campesinos por tierra.<\/p>\n\n\n\n<p class=\"has-black-color has-text-color has-link-color wp-elements-e99049270f64dc7c965bb2c40cfbdd02\">En 1967 como parte de la reforma agraria, Lleras cre\u00f3 la Asociaci\u00f3n Nacional de Usuarios Campesinos (ANUC) que intentaba cooptar e institucionalizar la organizaci\u00f3n campesina para controlar y dirigir sus luchas, dar algunas migajas para contener y as\u00ed preservar el poder de los terratenientes y para utilizar a las masas en las pugnas entre grupillos de las mismas clases dominantes. Es as\u00ed como Carlos Villamil Chaux, el gerente del \u00f3rgano estatal que dirig\u00eda la supuesta reforma agraria, el INCORA, declar\u00f3 c\u00ednicamente que era mejor que los terratenientes cedieran un poco para no irlo a perder todo:<\/p>\n\n\n\n<blockquote class=\"wp-block-quote is-layout-flow wp-block-quote-is-layout-flow\">\n<p class=\"has-black-color has-text-color has-link-color wp-elements-88aaea95a0f007968e8fcd497562615d\"><em>\u201cLas minor\u00edas&nbsp;<\/em>(refiri\u00e9ndose a las clases dominantes)<em>&nbsp;tendr\u00e1n que entregar parte de lo que tienen para asegurar el disfrute del resto. Significa lo anterior que la cesi\u00f3n de parte de lo que las minor\u00edas poseen actualmente es un seguro sobre el resto. Los ganaderos de Sucre han cre\u00eddo que esta f\u00f3rmula es buena y han ofrecido ceder varios miles de hect\u00e1reas para que con la intervenci\u00f3n del Incora y los campesinos se haga una distribuci\u00f3n de esas tierras en unidades agr\u00edcolas familiares\u201d [1]<\/em><\/p>\n<\/blockquote>\n\n\n\n<p class=\"has-black-color has-text-color has-link-color wp-elements-53cab642a22269cff07b527d9131a4da\">Una vez en marcha la reforma y la ANUC constituida, uno tras otro eran los incumplimientos y trabas que pon\u00eda el gobierno para responder a las demandas del campesinado. En medio de la previsible insatisfacci\u00f3n del clamor de tierra de los campesinos, sectores revolucionarios dentro de la ANUC impulsaron que esta pasara a ser independiente al Estado, que los campesinos tomaran en sus propias manos la reforma agraria, ya que esta ser\u00eda la \u00fanica forma de lograrla realmente.<\/p>\n\n\n\n<p class=\"has-black-color has-text-color has-link-color wp-elements-e70532f896f249bf41c387e7afaf5b95\">Es as\u00ed como impulsan, el 21 de febrero del 1971, tomas de tierra por todo el pa\u00eds. En un solo d\u00eda se movilizaron miles de campesinos y se toman m\u00e1s de 645 haciendas por todo el pa\u00eds. Este d\u00eda marca la ruptura con el movimiento institucional, clientelista y al servicio de las clases dominantes y se dan pasos hacia un movimiento campesino independiente del Estado y revolucionario.<\/p>\n\n\n\n<figure class=\"wp-block-image aligncenter size-full is-resized\"><img loading=\"lazy\" decoding=\"async\" width=\"505\" height=\"733\" src=\"https:\/\/nuevademocracia.com.co\/wp-content\/uploads\/2025\/02\/image-14.png\" alt=\"\" class=\"wp-image-27300\" style=\"width:460px;height:auto\" srcset=\"https:\/\/nuevademocracia.com.co\/wp-content\/uploads\/2025\/02\/image-14.png 505w, https:\/\/nuevademocracia.com.co\/wp-content\/uploads\/2025\/02\/image-14-207x300.png 207w\" sizes=\"auto, (max-width: 505px) 100vw, 505px\" \/><\/figure>\n\n\n\n<p class=\"has-black-color has-text-color has-link-color wp-elements-eff789075eee6ae83f2f6e88405c1195\">El comunicado publicado por el comit\u00e9 ejecutivo de la ANUC el 21 de febrero manifestaba:<\/p>\n\n\n\n<blockquote class=\"wp-block-quote is-layout-flow wp-block-quote-is-layout-flow\">\n<p class=\"has-text-align-left has-black-color has-text-color has-link-color wp-elements-922b1e738d386f1f7768f30490fc13a4\"><em>\u201cLas tomas de tierra no son sino una protesta consciente de los campesinos por la situaci\u00f3n inhumana de miseria y pobreza en que han tenido que vivir por culpa de la injusta distribuci\u00f3n de la propiedad de la tierra. Los campesinos sin tierra hemos sido explotados durante siglos, enga\u00f1ados con promesas electorales y llevados a pelear entre nosotros mismos en nombre de banderas azules o rojas.<\/em><\/p>\n\n\n\n<p class=\"has-text-align-left has-black-color has-text-color has-link-color wp-elements-84fad0f070924052e030913db3d79fd7\"><em>Llamamos a la unidad de todo nuestro pueblo explotado en la lucha contra el capitalismo y el imperialismo que son nuestros enemigos principales. La tierra que hoy ha sido recuperada por nuestros compa\u00f1eros, es del pueblo, jam\u00e1s la devolveremos a la oligarqu\u00eda.<\/em><\/p>\n\n\n\n<p class=\"has-text-align-left has-black-color has-text-color has-link-color wp-elements-6ae980eed2f5b7dd0afbfed07c362155\"><em>\u00a1Que el pueblo defienda lo que es de \u00e9l! \u00a1Por la liberaci\u00f3n del pueblo! \u00a1Unidos en la lucha!\u201d [2]<\/em><\/p>\n<\/blockquote>\n\n\n\n<figure class=\"wp-block-image aligncenter size-full is-resized\"><img loading=\"lazy\" decoding=\"async\" width=\"378\" height=\"259\" src=\"https:\/\/nuevademocracia.com.co\/wp-content\/uploads\/2025\/02\/image-15.png\" alt=\"\" class=\"wp-image-27301\" style=\"width:522px;height:auto\" srcset=\"https:\/\/nuevademocracia.com.co\/wp-content\/uploads\/2025\/02\/image-15.png 378w, https:\/\/nuevademocracia.com.co\/wp-content\/uploads\/2025\/02\/image-15-300x206.png 300w\" sizes=\"auto, (max-width: 378px) 100vw, 378px\" \/><\/figure>\n\n\n\n<p><\/p>\n\n\n\n<p class=\"has-black-color has-text-color has-link-color wp-elements-2bbc3fe93f75dc2f3247755c02f93b5d\">La unidad del pueblo en contra de las clases dominantes, solo podr\u00eda ser lograda mediante la divisi\u00f3n con los sectores que segu\u00edan al gobierno y estaban en contra la lucha independiente y combativa. Es as\u00ed como la ANUC se divide en dos l\u00edneas, la l\u00ednea Armenia, que era la oficialista y burocr\u00e1tica, dirigida por oportunistas y logrando embaucar a unas cuantas masas confundidas. Y la l\u00ednea Sincelejo que revindicaba que fueran los mismos campesinos por las v\u00edas de hecho quienes har\u00edan la reforma agraria.<\/p>\n\n\n\n<p class=\"has-black-color has-text-color has-link-color wp-elements-7651d20029716904680bf0be275d9733\">En la plataforma ideol\u00f3gica de la l\u00ednea Sincelejo (enero 1972) est\u00e1n plasmados los deseos democr\u00e1ticos de los campesinos:<\/p>\n\n\n\n<blockquote class=\"wp-block-quote is-layout-flow wp-block-quote-is-layout-flow\">\n<p class=\"has-black-color has-text-color has-link-color wp-elements-6c2f335b49509c332b43c585881e8811\">\u201c<em>La ANUC es una organizaci\u00f3n independiente del Gobierno y de los partidos pol\u00edticos<\/em>\u201d. Su plataforma m\u00ednima exig\u00eda una reforma agraria que&nbsp;<em>\u201centregue r\u00e1pidamente la tierra en forma gratuita a quienes la trabajan<\/em>\u201d, que \u201c<em>acabe radical y definitivamente con el latifundio\u201d,<\/em>&nbsp;exig\u00eda tambi\u00e9n la&nbsp;<em>\u201cexpropiaci\u00f3n sin indemnizaci\u00f3n de la gran propiedad terrateniente\u201d.&nbsp;<\/em>Adem\u00e1s de otras reivindicaciones sobre el bienestar del pueblo colombiano y la lucha contra el Estado y las clases dominantes, este documento cierra llamando a la unidad del campesinado, los obreros y los sectores populares para realizar unos cambios sociales de ra\u00edz, una revoluci\u00f3n democr\u00e1tica:<\/p>\n\n\n\n<p class=\"has-black-color has-text-color has-link-color wp-elements-e893a0d5424b5a216a2da95a77d4adaf\">\u201c<em>consideramos indispensable esta uni\u00f3n de los trabajadores del campo y la ciudad, para destruir la dependencia extranjera y la dominaci\u00f3n interna de las clases privilegiadas y trabajar conjuntamente por la construcci\u00f3n de una democracia popular\u201d [3]<\/em><\/p>\n<\/blockquote>\n\n\n\n<p class=\"has-black-color has-text-color has-link-color wp-elements-66055e0f79246c64f1ecc43d66c7294f\">Este Movimiento se levant\u00f3 haciendo temblar al poder del Estado al servicio de los terratenientes y grandes burgueses. Las clases dominantes y nuevamente el imperialismo de Estados Unidos acordaron en el llamado \u201cpacto de Chicoral<em>\u201d<\/em>&nbsp;las medidas contra el creciente movimiento campesino. Se bati\u00f3 una fuerte represi\u00f3n y paramilitarismo sobre el movimiento campesino y se dieron todo tipo de migajas y enga\u00f1os al pueblo para disuadirlo de la lucha. &nbsp;Algunos l\u00edderes traicionaron los principios de la l\u00ednea Sincelejo y cedieron ante esta presi\u00f3n, llevando a la ANUC Sincelejo por la misma l\u00ednea que la ANUC Armenia. Como narra un participante de la ANUC l\u00ednea Sincelejo, en un seminario realizado en 1981:<\/p>\n\n\n\n<blockquote class=\"wp-block-quote is-layout-flow wp-block-quote-is-layout-flow\">\n<p class=\"has-black-color has-text-color has-link-color wp-elements-f8cf3fa73cee3b881b5b9966c2a4e159\"><em>\u201cDespu\u00e9s del 3er congreso, la lucha por la tierra desapareci\u00f3. La movilizaci\u00f3n baj\u00f3. Se prefer\u00eda la negociaci\u00f3n. Se trat\u00f3 de convertir a la ANUC en partido&nbsp;<\/em>(crearon un partido para entrar a la contienda electoral)<em>&nbsp;\u2026 la defensa de los intereses del campesinado rico, el apoyo al pacto Andino, lo que ellos plantearon como la lucha por la democratizaci\u00f3n de las Fuerzas Armadas \u2026 el apoyo al DRI<\/em>&nbsp;(una nueva reforma agraria del Estado y el imperialismo)<em>, el acento sobre el cr\u00e9dito. Sobre lucha por la tierra: nada\u201d [4] (los par\u00e9ntesis son nuestros)<\/em><\/p>\n<\/blockquote>\n\n\n\n<p class=\"has-black-color has-text-color has-link-color wp-elements-31709cd7c77e5bfcc2f47718db769987\">Mientras la ANUC Sincelejo mantuvo la independencia del Estado y la lucha combativa, el campesinado avanz\u00f3 en conquistar la tierra; cuando entr\u00f3 en el juego electoral y ces\u00f3 las recuperaciones de tierras, rompi\u00f3 la unidad del pueblo en la lucha, la organizaci\u00f3n se desintegro en varios grupos y se termin\u00f3 a la cola de las clases dominantes.<\/p>\n\n\n\n<p class=\"has-black-color has-text-color has-link-color wp-elements-d28986dad5ef745e48778ffcaa97d732\">Debemos retomar algunas de las lecciones de la ANUC Sincelejo y tomar la senda del 21 de febrero 1971: \u201crecuperar todas las tierras de los terratenientes\u201d \u201ctierra para quien la trabaja\u201d \u201cdestruir el latifundio\u201d.<\/p>\n\n\n\n<p class=\"has-black-color has-text-color has-link-color wp-elements-2394dd110b32a28b3512b86b9073980e\">Muchas reformas agrarias han sido aprobadas y ejecutadas por los gobiernos de turno, los resultados han sido los mismos: La tierra sigue en manos de unos cuantos, incluso se ha concentrado m\u00e1s, los campesinos siguen sin tierra o con poca tierra, explotados y en la miseria. Y \u00bfla supuesta oposici\u00f3n actual que propone? \u00a1M\u00e1s de los mismo! Petro durante su campa\u00f1a presidencial dijo al respecto de las reformas agrarias que&nbsp;<em>\u201cL\u00f3pez Pumarejo y Lleras, son los dos referentes\u201d&nbsp;[5].&nbsp;<\/em>El Estado no puede solucionar el problema de la tierra, porque este es un Estado de la gran burgues\u00eda y los terratenientes.<\/p>\n\n\n\n<figure class=\"wp-block-image aligncenter size-full\"><img loading=\"lazy\" decoding=\"async\" width=\"400\" height=\"299\" src=\"https:\/\/nuevademocracia.com.co\/wp-content\/uploads\/2025\/02\/image-16.png\" alt=\"\" class=\"wp-image-27302\" srcset=\"https:\/\/nuevademocracia.com.co\/wp-content\/uploads\/2025\/02\/image-16.png 400w, https:\/\/nuevademocracia.com.co\/wp-content\/uploads\/2025\/02\/image-16-300x224.png 300w\" sizes=\"auto, (max-width: 400px) 100vw, 400px\" \/><\/figure>\n\n\n\n<p><\/p>\n\n\n\n<p class=\"has-black-color has-text-color has-link-color wp-elements-49f5dde152757033c0ba342a27bebade\">Cada cierto tiempo viene una corriente \u201crenovadora\u201d, de \u201cizquierda\u201d o como quieran llamarle: un \u201cL\u00f3pez\u201d, un \u201cLleras\u201d, un \u201cPetro\u201d que trata de enga\u00f1ar con discursos que est\u00e1 a favor de los campesinos, y habr\u00e1 sectores de las mismas clases dominantes que se oponen y los acusar\u00e1n a estos de ser revolucionarios. No se trata de diferencias de fondo sino de disputas por intereses de grupillos con los que logran desviar la atenci\u00f3n del pueblo y cooptar sus luchas.<\/p>\n\n\n\n<p class=\"has-black-color has-text-color has-link-color wp-elements-06d3a2ebdf3e0bb3b9478876bfbfae44\">Hoy es necesario recordar lo que la ANUC l\u00ednea Sincelejo afirmo en 1972:<\/p>\n\n\n\n<blockquote class=\"wp-block-quote is-layout-flow wp-block-quote-is-layout-flow\">\n<p class=\"has-black-color has-text-color has-link-color wp-elements-146dedbb7a296ac07444ff569c4f5b4a\">\u201c<em>La esencia del sistema, en el que vivimos la explotaci\u00f3n de todo y la falta de respeto a la persona humana de los que no pertenecemos a la clase de los explotadores, que nunca trabajan y tienen todas las cosas por dem\u00e1s, la famosa sociedad democr\u00e1tica donde lo mismo que en la \u00e9poca de la esclavitud rudimentaria, la democracia exist\u00eda para los se\u00f1ores esclavistas o sea la clase dominante, y para los dominados la esclavitud. El cambio que hemos tenido de esa \u00e9poca hasta hoy, es la modernizaci\u00f3n de la esclavitud. No nos ponen el hierro como a las vacas y los caballos y no tenemos cadenas en las manos y pies. Tenemos libertad para estar donde queramos y morirnos de hambre tambi\u00e9n donde queramos<\/em>\u201d<em>[6]<\/em><\/p>\n<\/blockquote>\n\n\n\n<p class=\"has-black-color has-text-color has-link-color wp-elements-956e1e6f5536920890def72b7f4e5094\">Y reiteramos lo plateado en la plataforma ideol\u00f3gica de la ANUC Sincelejo:<\/p>\n\n\n\n<blockquote class=\"wp-block-quote is-layout-flow wp-block-quote-is-layout-flow\">\n<p class=\"has-black-color has-text-color has-link-color wp-elements-d5df5fa5d5f4dbe67b736b75069b569a\">\u201c<em>consideramos indispensable esta uni\u00f3n de los trabajadores del campo y la ciudad, para destruir la dependencia extranjera y la dominaci\u00f3n interna de las clases privilegiadas y trabajar conjuntamente por la construcci\u00f3n de una democracia popular\u201d<\/em><\/p>\n<\/blockquote>\n\n\n\n<figure class=\"wp-block-image aligncenter size-full is-resized\"><img loading=\"lazy\" decoding=\"async\" width=\"700\" height=\"475\" src=\"https:\/\/nuevademocracia.com.co\/wp-content\/uploads\/2025\/02\/image-17.png\" alt=\"\" class=\"wp-image-27303\" style=\"width:552px;height:auto\" srcset=\"https:\/\/nuevademocracia.com.co\/wp-content\/uploads\/2025\/02\/image-17.png 700w, https:\/\/nuevademocracia.com.co\/wp-content\/uploads\/2025\/02\/image-17-300x204.png 300w\" sizes=\"auto, (max-width: 700px) 100vw, 700px\" \/><\/figure>\n\n\n\n<p>____________________<\/p>\n\n\n\n<h2 class=\"wp-block-heading has-vivid-red-color has-text-color has-link-color wp-elements-8d5ef3a8d56a132d6bfc186a45e566f7\">Notas<\/h2>\n\n\n\n<p class=\"has-black-color has-text-color has-link-color wp-elements-e740c64b922c213fcb5948308bb15d81\">[1]&nbsp;Art\u00edculo del peri\u00f3dico El Tiempo, 1970. Reproducido en Reforma Agraria en Colombia (1958 \u2013 1972), Juan Carlos Vel\u00e1squez Torres.&nbsp;<a href=\"http:\/\/bdigital.unal.edu.co\/11736\/1\/71739542.2014.pdf\" target=\"_blank\" rel=\"noreferrer noopener\">http:\/\/bdigital.unal.edu.co\/11736\/1\/71739542.2014.pdf<\/a><\/p>\n\n\n\n<p class=\"has-black-color has-text-color has-link-color wp-elements-ca9c795bcfab1e5d113bb39f4f1a5e23\">[2] &nbsp;Anuc 1971, reproducido en Meertens, Donny, Ensayos sobre tierra, violencia y g\u00e9nero, Universidad Nacional, 2000, pp. 237-238.<\/p>\n\n\n\n<p class=\"has-black-color has-text-color has-link-color wp-elements-0fb9fc9989442be2a353455d7dbfd023\">[3] Plataforma ideol\u00f3gica ANUC. Documentos de la ANUC. La tierra es pal que la trabaja. Editorial La Pulga. 1974<\/p>\n\n\n\n<p class=\"has-black-color has-text-color has-link-color wp-elements-fd1a0706dec745aa155267b35b2d6033\">[4] Entrevistas Base ANUC. Publicaciones CINEP\/PPP.<\/p>\n\n\n\n<p class=\"has-black-color has-text-color has-link-color wp-elements-e1e5ed0d6df9591eb1b751748fdef6ac\">[5] Entrevista a Petro realizada por La Republica.&nbsp;<a href=\"https:\/\/www.larepublica.co\/especiales\/propuestas-gustavo-petro\/las-cinco-reformas-que-haria-gustavo-petro-si-es-presidente-de-colombia-2601166\" target=\"_blank\" rel=\"noreferrer noopener\">https:\/\/www.larepublica.co\/especiales\/propuestas-gustavo-petro\/las-cinco-reformas-que-haria-gustavo-petro-si-es-presidente-de-colombia-2601166<\/a><\/p>\n\n\n\n<p class=\"has-black-color has-text-color has-link-color wp-elements-8b2db1cef822e7872e2ad7691201e3d3\">[6] Notas de la ANUC sobre la reforma agraria, comit\u00e9 ejecutivo enero 1972. Documentos de la ANUC. La tierra es pal que la trabaja. Editorial La Pulga. 1974.<\/p>\n","protected":false},"excerpt":{"rendered":"<p>\u201cconsideramos indispensable esta uni\u00f3n de los trabajadores del campo y la ciudad, para destruir la dependencia extranjera y la dominaci\u00f3n interna de las clases privilegiadas y trabajar conjuntamente por la construcci\u00f3n de una democracia popular\u201d<\/p>\n","protected":false},"author":1,"featured_media":27300,"comment_status":"open","ping_status":"open","sticky":false,"template":"","format":"standard","meta":{"footnotes":""},"categories":[16,145,144],"tags":[21,62,41],"class_list":["post-27299","post","type-post","status-publish","format-standard","has-post-thumbnail","hentry","category-carrusel","category-historia-col","category-lucha-por-la-tierra","tag-campesinos","tag-conmemoracion","tag-represion-estatal"],"blocksy_meta":[],"_links":{"self":[{"href":"https:\/\/nuevademocracia.com.co\/index.php?rest_route=\/wp\/v2\/posts\/27299","targetHints":{"allow":["GET"]}}],"collection":[{"href":"https:\/\/nuevademocracia.com.co\/index.php?rest_route=\/wp\/v2\/posts"}],"about":[{"href":"https:\/\/nuevademocracia.com.co\/index.php?rest_route=\/wp\/v2\/types\/post"}],"author":[{"embeddable":true,"href":"https:\/\/nuevademocracia.com.co\/index.php?rest_route=\/wp\/v2\/users\/1"}],"replies":[{"embeddable":true,"href":"https:\/\/nuevademocracia.com.co\/index.php?rest_route=%2Fwp%2Fv2%2Fcomments&post=27299"}],"version-history":[{"count":3,"href":"https:\/\/nuevademocracia.com.co\/index.php?rest_route=\/wp\/v2\/posts\/27299\/revisions"}],"predecessor-version":[{"id":29069,"href":"https:\/\/nuevademocracia.com.co\/index.php?rest_route=\/wp\/v2\/posts\/27299\/revisions\/29069"}],"wp:featuredmedia":[{"embeddable":true,"href":"https:\/\/nuevademocracia.com.co\/index.php?rest_route=\/wp\/v2\/media\/27300"}],"wp:attachment":[{"href":"https:\/\/nuevademocracia.com.co\/index.php?rest_route=%2Fwp%2Fv2%2Fmedia&parent=27299"}],"wp:term":[{"taxonomy":"category","embeddable":true,"href":"https:\/\/nuevademocracia.com.co\/index.php?rest_route=%2Fwp%2Fv2%2Fcategories&post=27299"},{"taxonomy":"post_tag","embeddable":true,"href":"https:\/\/nuevademocracia.com.co\/index.php?rest_route=%2Fwp%2Fv2%2Ftags&post=27299"}],"curies":[{"name":"wp","href":"https:\/\/api.w.org\/{rel}","templated":true}]}}