{"id":27308,"date":"2025-02-22T08:00:00","date_gmt":"2025-02-22T13:00:00","guid":{"rendered":"https:\/\/nuevademocracia.com.co\/?p=27308"},"modified":"2026-03-28T00:19:51","modified_gmt":"2026-03-28T05:19:51","slug":"la-ceua-una-experiencia-de-unidad-y-organizacion-estudiantil","status":"publish","type":"post","link":"https:\/\/nuevademocracia.com.co\/?p=27308","title":{"rendered":"La CEUA: una experiencia de unidad y organizaci\u00f3n estudiantil"},"content":{"rendered":"\n<hr class=\"wp-block-separator has-text-color has-vivid-red-color has-alpha-channel-opacity has-vivid-red-background-color has-background\"\/>\n\n\n\n<figure class=\"wp-block-image aligncenter size-large is-resized\"><img loading=\"lazy\" decoding=\"async\" width=\"1024\" height=\"682\" src=\"https:\/\/nuevademocracia.com.co\/wp-content\/uploads\/2025\/02\/Imagen1-1024x682.png\" alt=\"\" class=\"wp-image-27310\" style=\"width:574px;height:auto\" srcset=\"https:\/\/nuevademocracia.com.co\/wp-content\/uploads\/2025\/02\/Imagen1-1024x682.png 1024w, https:\/\/nuevademocracia.com.co\/wp-content\/uploads\/2025\/02\/Imagen1-300x200.png 300w, https:\/\/nuevademocracia.com.co\/wp-content\/uploads\/2025\/02\/Imagen1-768x512.png 768w, https:\/\/nuevademocracia.com.co\/wp-content\/uploads\/2025\/02\/Imagen1.png 1283w\" sizes=\"auto, (max-width: 1024px) 100vw, 1024px\" \/><\/figure>\n\n\n\n<p class=\"has-black-color has-text-color has-link-color wp-elements-3b7d1dfd85dad640bd479d86454c75a2\">La Coordinadora Estudiantil de la Universidad de Antioquia-CEUA fue una organizaci\u00f3n gremial, amplia y democr\u00e1tica que existi\u00f3 durante la d\u00e9cada de los 90s. All\u00ed se agrupaban diferentes organizaciones estudiantiles y populares, as\u00ed como activistas independientes. La CEUA se caracteriz\u00f3 por fomentar que el Movimiento Estudiantil se organizara, se politizara y se movilizara por los derechos del pueblo y en defensa de la educaci\u00f3n p\u00fablica, tambi\u00e9n foment\u00f3 una fuerte unidad entre los estudiantes para actuar conjuntamente.<\/p>\n\n\n\n<p class=\"has-black-color has-text-color has-link-color wp-elements-46b28758fc64cff079ad0b0643c617e7\">A finales de la d\u00e9cada del 80 e inicios de los 90, el pa\u00eds atravesaba por una fuerte oleada de represi\u00f3n estatal y paramilitar, muestra de esto fue el genocidio contra los militantes de la Uni\u00f3n Patri\u00f3tica-UP y una gran cantidad de asesinatos, encarcelamientos y torturas contra lideres, activistas, trabajadores, sindicalistas, profesores y estudiantes. Esta salvaje represi\u00f3n sumi\u00f3 al Movimiento Estudiantil en un estado de zozobra y desmovilizaci\u00f3n. En esta misma \u00e9poca asesinan a Luis Carlos Gal\u00e1n, Carlos Pizarro, Bernardo Jaramillo y Jaime Pardo Leal; lo que gener\u00f3 una gran movilizaci\u00f3n e indignaci\u00f3n del Movimiento Popular. A la vez que el viejo Estado reprim\u00eda fuertemente la lucha popular, promov\u00eda las negociaciones de paz para el desmonte de las guerrillas, entre ellos el M-19, pasando as\u00ed a una ofensiva contra la lucha combativa, la lucha armada y promoviendo la lucha \u201clegal no armada\u201d.<\/p>\n\n\n\n<p class=\"has-black-color has-text-color has-link-color wp-elements-c024ebbc848582233c599a801659f689\">Ante tal escenario las masas no se mantuvieron pasivas, diferentes sectores del pueblo se organizaron para resistir y luchar contra esa ofensiva del paramilitarismo. En la Universidad de Antioquia, se crea un Comit\u00e9 Permanente para la Defensa de los Derechos Humanos que denunciaba abiertamente el paramilitarismo y se encargaba de velar por la integridad del estudiantado en sus diversas manifestaciones. Tambi\u00e9n serv\u00eda para el estudio, an\u00e1lisis y denuncia sobre los presos pol\u00edticos, asesinatos y perfilamientos, tanto dentro de la Universidad como fuera de esta. Debido a este activismo algunos miembros del Comit\u00e9 fueron asesinados por el paramilitarismo, entre ellos los profesores H\u00e9ctor Abad G\u00f3mez, Luis Fernando V\u00e9lez y Jes\u00fas Mar\u00eda Valle.<\/p>\n\n\n\n<p class=\"has-black-color has-text-color has-link-color wp-elements-88c513109eef57f7def2bb19c8cd54a6\">Tambi\u00e9n el estudiantado tom\u00f3 un rol activo al congregarse para impulsar la creaci\u00f3n de un espacio org\u00e1nico y amplio que fuera capaz de recoger diversas individualidades, organizaciones y perspectivas. As\u00ed fue como en 1991, en una Asamblea General de Estudiantes -AGE se da la propuesta de una Coordinadora Estudiantil con el objetivo de reavivar, unificar y movilizar al estudiantado ante variadas problem\u00e1ticas. Se presentaron debates sobre la forma de organizaci\u00f3n, entre quienes planteaban los consejos estudiantiles, con estructura similar a un sindicato (presidencia, tesorer\u00eda, secretar\u00eda), y entre quienes planteaban los comit\u00e9s amplios con una democracia horizontal dividida en comisiones interconectadas. Se concluy\u00f3 con la unidad entre ambas formas organizativas.<\/p>\n\n\n\n<p class=\"has-black-color has-text-color has-link-color wp-elements-1e1ac04c5f037a55e675d6b2563d359b\">Una vez aprobada la creaci\u00f3n de una Coordinadora Estudiantil, una comisi\u00f3n de siete estudiantes (que hab\u00edan empezado su activismo en un fuerte movimiento secundarista de esa \u00e9poca) asume la tarea de redactar un documento donde se planteara el funcionamiento y los estatutos de dicha organizaci\u00f3n. De ese modo, a inicios del a\u00f1o 1991, se concret\u00f3 la propuesta estructural que luego fue llevada hacia el mayor \u00f3rgano decisorio del estudiantado, la AGE, y all\u00ed por mayor\u00eda se materializ\u00f3 la CEUA.&nbsp;<\/p>\n\n\n\n<p class=\"has-black-color has-text-color has-link-color wp-elements-27e2df09a06f1fc50c5f5e43997cb5e2\">La CEUA, por tanto, fue una organizaci\u00f3n gremial, amplia y democr\u00e1tica que tomaba decisiones para la movilizaci\u00f3n y articulaci\u00f3n del Movimiento Estudiantil. Se form\u00f3 con la intenci\u00f3n de recoger a la mayor parte del estudiantado. Su horizonte pol\u00edtico se ve\u00eda enmarcado en las luchas estudiantiles y populares, ya que se basaban en la consigna de \u201cdefendamos la universidad p\u00fablica\u201d y de defensa de su autonom\u00eda y su democracia interna. Inicialmente las luchas reivindicativas giraban en torno al programa alimenticio, el auxilio de transporte, la pol\u00edtica de gratuidad y los pensum acad\u00e9micos.<\/p>\n\n\n\n<p class=\"has-black-color has-text-color has-link-color wp-elements-b8751902a1a25b21c7fd2d15704aa16c\">Uno de sus centros de acci\u00f3n era la formaci\u00f3n pol\u00edtica de sus integrantes para la consolidaci\u00f3n de una lucha cr\u00edtica, argumentada y constante en torno a sus reivindicaciones. En la CEUA, gracias al car\u00e1cter abierto de esta, habitaban varias organizaciones tales como la Juventud Revolucionaria de Colombia -JRC, la Juventud Comunista Colombiana -JUCO, A Luchar, el Movimiento Obrero Independiente Revolucionario -MOIR, el Frente Estudiantil Revolucionario -FER Sin Permiso, as\u00ed como activistas independientes o con otras l\u00edneas ideol\u00f3gicas como el anarquismo, el mao\u00edsmo o influenciados por las guerrillas de ese momento, FARC-EP, ELN, EPL, entre otros. Lo que demostraba que la CEUA sirvi\u00f3 a que el Movimiento Estudiantil encontrara una fuerte unidad y organizaci\u00f3n.<\/p>\n\n\n\n<p class=\"has-black-color has-text-color has-link-color wp-elements-1b9f293e3a607e8d1529de9a88a97dea\">La CEUA, mediante el constante trabajo pol\u00edtico, reforz\u00f3 el compromiso de cada facultad e instituto en la tarea de exponer y difundir las problem\u00e1ticas particulares de cada unidad acad\u00e9mica, as\u00ed como las de la UdeA. La Coordinadora Estudiantil luchaba en torno a las reivindicaciones particulares del estudiantado, por medio de la movilizaci\u00f3n pol\u00edtica de cada facultad e instituto. Cada unidad acad\u00e9mica designaba, en procesos asamblearios, entre 2 a 5 voceros para conformar diversas comisiones de la CEUA. Estas comisiones fueron: Educaci\u00f3n y Cultura Pol\u00edtica, encargada de ser el espacio operativo de las actividades pol\u00edticas para la unidad y accionar del estudiantado y del estudio y an\u00e1lisis cr\u00edtico de problem\u00e1ticas de la Universidad en su momento; Finanzas, encargada de la recolecci\u00f3n de fondos para las actividades propuestas, all\u00ed se ide\u00f3 la propuesta de crear una Cooperativa Estudiantil de la UdeA -COESDUA; Propaganda, encargada de informarle al estudiantado sobre el Movimiento Estudiantil, sus coyunturas, de las decisiones de la AGE y del rol de la CEUA con esta.<\/p>\n\n\n\n<p class=\"has-black-color has-text-color has-link-color wp-elements-4e1d3dc2cb49b8bfd59bc663c64f32da\">Cada comisi\u00f3n se reun\u00eda una vez a la semana y all\u00ed decid\u00edan quienes participar\u00edan de la plenaria de la CEUA, que se reun\u00eda cada 15 d\u00edas o cada mes. En las plenarias participaban los voceros y delegados de las asambleas por facultad y de las diferentes comisiones de trabajo, quienes ten\u00edan la responsabilidad de llevar las problem\u00e1ticas concretas de su facultad o comisi\u00f3n. Adem\u00e1s, la plenaria de la CEUA era abierta y se permit\u00eda la participaci\u00f3n de estudiantes que no fueran voceros.<\/p>\n\n\n\n<p class=\"has-black-color has-text-color has-link-color wp-elements-15545b7481068cfa585f0376120fbf1e\">La CEUA ten\u00eda directa repercusi\u00f3n en las decisiones universitarias y una gran legitimidad entre el estudiantado, sin embargo, no suplantaba las decisiones de la AGE, por lo tanto, el rol de la CEUA era de ser un espacio que planeaba y ejecutaba las propuestas y decisiones asamblearias.&nbsp;La CEUA dispon\u00eda del sal\u00f3n 5-212, en la Escuela de Microbiolog\u00eda, para sus reuniones.<\/p>\n\n\n\n<p class=\"has-black-color has-text-color has-link-color wp-elements-b32ded3a97fa31fb6d1ae4433d543bbe\">Algunos de los logros que alcanz\u00f3 el Movimiento Estudiantil fue disminuir el costo de las matr\u00edculas, extender el horario de la biblioteca y de la piscina, mejorar los laboratorios de las distintas facultades y desarrollar grupos de investigaci\u00f3n. La CEUA impulsaba diferentes actividades culturales, deportivas y pol\u00edticas; realiz\u00f3 una subcomisi\u00f3n para estudiar la apertura econ\u00f3mica y educativa impulsada por el gobierno de Cesar Gaviria, con ese estudio se realizaron foros e informes en las asambleas para difundir los aprendizajes. Tambi\u00e9n, la CEUA impulsaba y apoyaba las coyunturas de las diferentes unidades acad\u00e9micas, participaba en eventos estudiantiles a nivel nacional, discuti\u00f3 sobre la reci\u00e9n salida Ley 30 y advirti\u00f3 sobre la desfinanciaci\u00f3n futura de las universidades p\u00fablicas, e incluso participaron en un evento en Argentina con motivo de los 30 a\u00f1os de la ca\u00edda en combate del Che Guevara. Adem\u00e1s, impulsaba la celebraci\u00f3n del d\u00eda del artista popular y revolucionario (d\u00eda en que el Estado chileno asesin\u00f3 al cantante V\u00edctor Jara)<\/p>\n\n\n\n<p class=\"has-black-color has-text-color has-link-color wp-elements-3ae2433ff66b7b6d76c715aad8e7fb4a\">De las acciones m\u00e1s importantes realizadas por la Coordinadora fueron una huelga de hambre que dur\u00f3 11 d\u00edas para exigir mejoras en el bienestar universitario, en defensa de la autonom\u00eda y democracia universitaria, por Matricula Cero, entre otras. Un campamento permanente, donde alrededor de 100 estudiantes se tomaron las puertas de la Universidad y controlaban la entrada y salida; dicho campamento fue fuertemente reprimido, pues el Ej\u00e9rcito junto a la Polic\u00eda Nacional allanaron el campus universitario y mantuvieron retenidos a los estudiantes durante horas. La realizaci\u00f3n de semilleros populares que consist\u00edan en preparar a los estudiantes de colegio para la realizaci\u00f3n del examen de admisi\u00f3n; aparte de dar clases de razonamiento l\u00f3gico y comprensi\u00f3n lectora se ten\u00eda un componente pol\u00edtico; de dichos semilleros salieron varios lideres estudiantiles.<\/p>\n\n\n\n<p class=\"has-black-color has-text-color has-link-color wp-elements-e0dd44f42bc5f2b73cc5bf8a473f872f\">La CEUA funcion\u00f3 desde 1991 hasta, m\u00e1s o menos, 2001. Como tal la estructura organizativa inicial dej\u00f3 de funcionar en el a\u00f1o 1993, debido al declive por la represi\u00f3n paramilitar y estatal, por la dispersi\u00f3n luego de la huelga de hambre y el campamento, a la falta de relevo generacional y a la contradicci\u00f3n que se gener\u00f3 cuando la AGE decidi\u00f3 escoger un representante ante el Consejo Superior y al Consejo Acad\u00e9mico, pues hab\u00eda sectores que no estaban de acuerdo con participar en la representaci\u00f3n estudiantil. Sin embargo, despu\u00e9s del 93 la CEUA sigui\u00f3 siendo un espacio f\u00edsico o en donde se agrupaban diferentes organizaciones y activistas que impulsaban diferentes luchas reivindicativas y populares. En este periodo fue que se realizaron los semilleros populares y que participaron lideres hist\u00f3ricos del Movimiento Estudiantil de la UdeA, como Gustavo Marulanda. Finalmente, por problemas de sectarismo y, principalmente, por la fuerte represi\u00f3n (en ese momento actuaba la estructura paramilitar Autodefensas de la UdeA- AUdeA) la CEUA fue cerrada como espacio f\u00edsico y como estructura organizativa.<\/p>\n\n\n\n<p class=\"has-black-color has-text-color has-link-color wp-elements-734de6b1db985c64634ae27c3a71d671\">La CEUA fue una experiencia de gran valor e importancia para el Movimiento Estudiantil de la UdeA, les mostr\u00f3 a los estudiantes la necesidad de la unidad en torno a la lucha por los derechos de los estudiantes y mostr\u00f3 que para conquistarlos y para emprender la lucha gremial se requiere de una fuerte organizaci\u00f3n amplia y democr\u00e1tica. En la actualidad, despu\u00e9s de una importante coyuntura durante el 2024, los estudiantes de la UdeA se est\u00e1n organizando y uniendo para volver a impulsar la Coordinadora Estudiantil y seguir luchando en defensa de la educaci\u00f3n p\u00fablica y al servicio del pueblo.<\/p>\n\n\n\n<p class=\"has-text-align-center has-black-color has-text-color has-link-color wp-elements-eafadd562028abbab4f55a1c5774773b\">***<\/p>\n\n\n\n<p class=\"has-black-color has-text-color has-link-color wp-elements-1a42823d8e7ba510bcb1cb4f5ea45d28\"><em>Con este art\u00edculo tambi\u00e9n queremos rendir un peque\u00f1o homenaje a todos los estudiantes y trabajadores que fueron asesinados por el viejo Estado colombiano y el paramilitarismo, particularmente a la compa\u00f1era Alba Luz Restrepo, luchadora estudiantil comprometida con la defensa de los derechos del pueblo, especialmente de los campesinos.<\/em><\/p>\n","protected":false},"excerpt":{"rendered":"<p>La CEUA fue una experiencia de gran valor e importancia para el Movimiento Estudiantil de la UdeA, les mostr\u00f3 a los estudiantes la necesidad de la unidad en torno a la lucha por los derechos de los estudiantes y mostr\u00f3 que para conquistarlos y para emprender la lucha gremial se requiere de una fuerte organizaci\u00f3n amplia y democr\u00e1tica.<\/p>\n","protected":false},"author":1,"featured_media":27310,"comment_status":"open","ping_status":"open","sticky":false,"template":"","format":"standard","meta":{"footnotes":""},"categories":[16,145],"tags":[62,28,41],"class_list":["post-27308","post","type-post","status-publish","format-standard","has-post-thumbnail","hentry","category-carrusel","category-historia-col","tag-conmemoracion","tag-juventud","tag-represion-estatal"],"blocksy_meta":[],"_links":{"self":[{"href":"https:\/\/nuevademocracia.com.co\/index.php?rest_route=\/wp\/v2\/posts\/27308","targetHints":{"allow":["GET"]}}],"collection":[{"href":"https:\/\/nuevademocracia.com.co\/index.php?rest_route=\/wp\/v2\/posts"}],"about":[{"href":"https:\/\/nuevademocracia.com.co\/index.php?rest_route=\/wp\/v2\/types\/post"}],"author":[{"embeddable":true,"href":"https:\/\/nuevademocracia.com.co\/index.php?rest_route=\/wp\/v2\/users\/1"}],"replies":[{"embeddable":true,"href":"https:\/\/nuevademocracia.com.co\/index.php?rest_route=%2Fwp%2Fv2%2Fcomments&post=27308"}],"version-history":[{"count":2,"href":"https:\/\/nuevademocracia.com.co\/index.php?rest_route=\/wp\/v2\/posts\/27308\/revisions"}],"predecessor-version":[{"id":29067,"href":"https:\/\/nuevademocracia.com.co\/index.php?rest_route=\/wp\/v2\/posts\/27308\/revisions\/29067"}],"wp:featuredmedia":[{"embeddable":true,"href":"https:\/\/nuevademocracia.com.co\/index.php?rest_route=\/wp\/v2\/media\/27310"}],"wp:attachment":[{"href":"https:\/\/nuevademocracia.com.co\/index.php?rest_route=%2Fwp%2Fv2%2Fmedia&parent=27308"}],"wp:term":[{"taxonomy":"category","embeddable":true,"href":"https:\/\/nuevademocracia.com.co\/index.php?rest_route=%2Fwp%2Fv2%2Fcategories&post=27308"},{"taxonomy":"post_tag","embeddable":true,"href":"https:\/\/nuevademocracia.com.co\/index.php?rest_route=%2Fwp%2Fv2%2Ftags&post=27308"}],"curies":[{"name":"wp","href":"https:\/\/api.w.org\/{rel}","templated":true}]}}