{"id":27325,"date":"2025-02-24T14:03:35","date_gmt":"2025-02-24T19:03:35","guid":{"rendered":"https:\/\/nuevademocracia.com.co\/?p=27325"},"modified":"2025-02-24T14:03:35","modified_gmt":"2025-02-24T19:03:35","slug":"trump-amenaza-con-agredir-a-panama-breve-contexto-historico","status":"publish","type":"post","link":"https:\/\/nuevademocracia.com.co\/?p=27325","title":{"rendered":"Trump amenaza con agredir a Panam\u00e1. Breve contexto hist\u00f3rico"},"content":{"rendered":"\n<p class=\"has-black-color has-text-color has-link-color wp-elements-cff9037a11b1eab3f912f5eea93f035a\">El ultrarreaccionario y magnate Donald Trump d\u00edas atr\u00e1s hizo algunas declaraciones que podr\u00edan demarcar la \u201cagenda\u201d imperial durante su mandato republicano. Se ha referido a varias naciones en t\u00e9rminos muy amenazantes y agresivos, llegando a asegurar que no descartar\u00eda el uso de la coerci\u00f3n militar o econ\u00f3mica para hacerse con el control de Groenlandia o del Canal de Panam\u00e1. Declaraciones que han generado pol\u00e9mica y el rechazo de los pueblos agraviados quienes han comenzado a dejar en rid\u00edculo las amenazas del estrafalario magnate.<\/p>\n\n\n\n<figure class=\"wp-block-image aligncenter size-full\"><img loading=\"lazy\" decoding=\"async\" width=\"1024\" height=\"682\" src=\"https:\/\/nuevademocracia.com.co\/wp-content\/uploads\/2025\/02\/Protestas-Panama-2025.png\" alt=\"\" class=\"wp-image-27326\" srcset=\"https:\/\/nuevademocracia.com.co\/wp-content\/uploads\/2025\/02\/Protestas-Panama-2025.png 1024w, https:\/\/nuevademocracia.com.co\/wp-content\/uploads\/2025\/02\/Protestas-Panama-2025-300x200.png 300w, https:\/\/nuevademocracia.com.co\/wp-content\/uploads\/2025\/02\/Protestas-Panama-2025-768x512.png 768w\" sizes=\"auto, (max-width: 1024px) 100vw, 1024px\" \/><figcaption class=\"wp-element-caption\"><em>Paname\u00f1os queman banderas de EEUU en Panam\u00e1 en rechazo a Trump, foto tomada de www.swissinfo.ch<\/em><\/figcaption><\/figure>\n\n\n\n<p class=\"has-black-color has-text-color has-link-color wp-elements-02ae9c7e1bee47fd30ead7144ab6ef47\">En las calles de la capital paname\u00f1a se realizaron protestas y movilizaciones de manera tan intensa, que el gobierno paname\u00f1o proyanqui, tuvo que recurrir al uso de las fuerzas antimotines y de la represi\u00f3n, para frenar la fuerza de la manifestaci\u00f3n antiimperialista y antiyanqui del pueblo paname\u00f1o. <\/p>\n\n\n\n<figure class=\"wp-block-image aligncenter size-full\"><img loading=\"lazy\" decoding=\"async\" width=\"768\" height=\"476\" src=\"https:\/\/nuevademocracia.com.co\/wp-content\/uploads\/2025\/02\/Protestas-Panama-2025-2.png\" alt=\"\" class=\"wp-image-27327\" srcset=\"https:\/\/nuevademocracia.com.co\/wp-content\/uploads\/2025\/02\/Protestas-Panama-2025-2.png 768w, https:\/\/nuevademocracia.com.co\/wp-content\/uploads\/2025\/02\/Protestas-Panama-2025-2-300x186.png 300w\" sizes=\"auto, (max-width: 768px) 100vw, 768px\" \/><figcaption class=\"wp-element-caption\"><em>Manifestaci\u00f3n en la ciudad de Panam\u00e1 el 31 de enero de 2025. Foto tomada de www.msn.com<\/em><\/figcaption><\/figure>\n\n\n\n<p class=\"has-black-color has-text-color has-link-color wp-elements-7ce99199cf635d1c05bd8aa8031c1142\">En Dinamarca, recientemente se hizo p\u00fablica una recolecta de firmas online, para demostrar la \u201cintenci\u00f3n\u201d de los daneses de querer comprar California a los gringos, en respuesta a sus declaraciones y amenazas sobre tomar el control de Groenlandia. La iniciativa ya ha llegado a 200 mil firmas.<\/p>\n\n\n\n<p class=\"has-black-color has-text-color has-link-color wp-elements-7ed2ef227ebc73d4061e140a47fc1da0\">Aunque la disputa pareciera saldarse, hasta el momento, en la arena diplom\u00e1tica y en las amenazas arancelarias, no siempre ha sido as\u00ed. El pueblo paname\u00f1o ha sufrido en el pasado la brutal y sanguinaria bota militar de los gringos sobre su patria, por ello, con su rebeld\u00eda en las calles, el pueblo le demuestra al imperialismo yanqui, que no ha olvidado los cr\u00edmenes que cometieron.<\/p>\n\n\n\n<figure class=\"wp-block-embed aligncenter is-type-video is-provider-youtube wp-block-embed-youtube wp-embed-aspect-16-9 wp-has-aspect-ratio\"><div class=\"wp-block-embed__wrapper\">\n<iframe loading=\"lazy\" title=\"Queman banderas de Estados Unidos en la v\u00edspera de visita a Rubio a Panam\u00e1  | Noticias UNO\" width=\"1290\" height=\"726\" src=\"https:\/\/www.youtube.com\/embed\/ZTELbyUr_Us?feature=oembed\" frameborder=\"0\" allow=\"accelerometer; autoplay; clipboard-write; encrypted-media; gyroscope; picture-in-picture; web-share\" referrerpolicy=\"strict-origin-when-cross-origin\" allowfullscreen><\/iframe>\n<\/div><\/figure>\n\n\n\n<p class=\"has-black-color has-text-color has-link-color wp-elements-9d09f2c25aabd524db1479b3fb79734d\">No solo Panam\u00e1, sino muchos otros pa\u00edses en Am\u00e9rica Latina han sufrido la descarada invasi\u00f3n yanqui: entre ellos M\u00e9xico, su primera v\u00edctima, entre 1846 y 1848 los gringos llevaron a cabo una guerra contra ese pa\u00eds, llegando M\u00e9xico a perder territorialmente a Texas y California. En 1854 la marina gringa bombarde\u00f3 y destruy\u00f3 el puerto nicarag\u00fcense de San Juan del Norte. Un a\u00f1o m\u00e1s tarde invadi\u00f3 el pa\u00eds y mont\u00f3 a un presidente t\u00edtere. En 1898 los gringos ejecutaron la invasi\u00f3n contra Puerto Rico y Cuba, entonces eran colonias espa\u00f1olas. A\u00fan hoy, Puerto Rico sigue siendo una colonia gringa.<\/p>\n\n\n\n<p class=\"has-black-color has-text-color has-link-color wp-elements-811a22f44f8a45e9321c3998f1046849\">En 1903 lleg\u00f3 el momento de la agresi\u00f3n a Colombia, los gringos se aprovecharon del caos y la debilidad de las clases dominantes colombianas, que se encontraban en guerra civil. Tras la independencia del yugo espa\u00f1ol, la naci\u00f3n colombiana en formaci\u00f3n sufre una serie de guerras civiles que se extienden por todo el siglo XIX y que marcaron profundamente la historia del pa\u00eds. Se cuentan por lo menos 13 guerras civiles en el siglo XIX, la mayor\u00eda de ellas de alcance nacional. Ignacio Torres Giraldo plantea que la causa de las guerras civiles, fue el intento erigir una superestructura burguesa y liberal sobre una base social feudal y esclavista heredada de la colonia. La independencia de la corona espa\u00f1ola no estuvo acompa\u00f1ada de una revoluci\u00f3n democr\u00e1tica, como s\u00ed se vivi\u00f3 en Francia e Inglaterra. Una vez liberadas, las colonias no destruyeron ni democratizaron la tierra del viejo sistema feudal y esclavista construido por los espa\u00f1oles.&nbsp; Los criollos tomaron posesi\u00f3n de la tierra y del Estado feudal, y de manera lenta fueron introduciendo cambios en lo econ\u00f3mico y pol\u00edtico mientras la influencia del capitalismo mundial penetraba en nuestra sociedad, transform\u00e1ndola en semifeudal. Esa es la base econ\u00f3mica de las guerras civiles del siglo XIX en Colombia.<\/p>\n\n\n\n<p class=\"has-black-color has-text-color has-link-color wp-elements-da39cdfe0a2d10b81f917d3afd1bb2ea\">Panam\u00e1 y Colombia somos pueblos hermanos que hemos cargado las mismas cadenas y luchas. Sin embargo, el valor estrat\u00e9gico del Istmo de Panam\u00e1, tuvo demasiado peso para los pa\u00edses que ya daban paso a su fase imperialista y monop\u00f3lica, como lo eran Francia y Estados Unidos. Dichos pa\u00edses utilizaron su capacidad econ\u00f3mica, pol\u00edtica y militar para lograr controlar el istmo e iniciar la construcci\u00f3n del Canal de Panam\u00e1.<\/p>\n\n\n\n<p class=\"has-black-color has-text-color has-link-color wp-elements-eb136cf91cd8bd9d02e780b5a0381b5f\">Un problema en la construcci\u00f3n del Canal de Panam\u00e1 era la inestabilidad pol\u00edtica de Colombia y sus guerras, que amenazaban constantemente la tranquilidad y paz que requieren los negocios de las potencias extranjeras. Por esta raz\u00f3n, las potencias promueven en reiteradas ocasiones la separaci\u00f3n del Istmo de Panam\u00e1 de Colombia. Se cuentan por lo menos 17 intentos de separaci\u00f3n y 4 separaciones declaradas con un posterior reintegro a Colombia.<\/p>\n\n\n\n<p class=\"has-black-color has-text-color has-link-color wp-elements-f250dcd205ef50998d954b7e73a8423d\">Comenzando el siglo XX, los gringos promovieron entre las \u00e9lites pol\u00edticas de Panam\u00e1, la idea de declarar su independencia de Colombia. EE.UU. moviliz\u00f3 buques de guerra y amenaz\u00f3 a Colombia con una confrontaci\u00f3n armada, si se atrev\u00eda a oponerse a la independencia paname\u00f1a. Este cap\u00edtulo de la historia colombiana se conoce como el \u201crobo de Panam\u00e1\u201d. Las \u00e9lites pol\u00edticas del nuevo pa\u00eds, vendieron su alma al diablo, y a cambio del apoyo de EE.UU. para apoyar la independencia paname\u00f1a, entregaron al imperialismo yanqui, con el Tratado Hay-Bunau Varilla, los derechos de construcci\u00f3n y explotaci\u00f3n a <strong>perpetuidad<\/strong> sobre el Canal de Panam\u00e1.<\/p>\n\n\n\n<p class=\"has-black-color has-text-color has-link-color wp-elements-b93d6b80ad0358ec6818d0c679a574b5\">Luego, en 1908 y 1918, EE.UU. invade Panam\u00e1 cuando los resultados de las elecciones presidenciales le fueron adversos a sus intereses. De all\u00ed en adelante se suman a la lista Nicaragua en 1912, Hait\u00ed en 1915, Honduras en 1924, Rep\u00fablica Dominicana en 1965, Guatemala en 1966 y Granada en 1986. Adem\u00e1s de las intervenciones militares directas o botas en \u201cterreno\u201d de los yanquis en los pa\u00edses latinoamericanos y del Caribe, los gringos han apoyado y financiado varios golpes de Estado en Am\u00e9rica Latina. Todo lo anterior para garantizar la dominaci\u00f3n y el saqueo de nuestros pueblos y nuestros recursos naturales.<\/p>\n\n\n\n<p class=\"has-black-color has-text-color has-link-color wp-elements-9a76c5166f9f70c482a746c4372cd6e2\">En el transcurso del siglo XX, el imperialismo yanqui invadi\u00f3 Panam\u00e1 otras cuatro veces. La invasi\u00f3n de 1989 fue especialmente brutal ya que los yanquis cometieron cr\u00edmenes de guerra al frente de las c\u00e1maras de periodistas y del mundo entero. George H.W. Bush orden\u00f3 la invasi\u00f3n a Panam\u00e1 con la excusa de arrestar al general Manuel Antonio Noriega y no tuvo reparo en ordenar el bombardeo de \u201cEl Chorrillo\u201d, barrio popular de Ciudad de Panam\u00e1, que dej\u00f3 por lo menos unos 3.000 paname\u00f1os muertos.<\/p>\n\n\n\n<figure class=\"wp-block-image aligncenter size-full\"><img loading=\"lazy\" decoding=\"async\" width=\"800\" height=\"579\" src=\"https:\/\/nuevademocracia.com.co\/wp-content\/uploads\/2025\/02\/Invasion-Panama-1989-1.jpg\" alt=\"\" class=\"wp-image-27333\" srcset=\"https:\/\/nuevademocracia.com.co\/wp-content\/uploads\/2025\/02\/Invasion-Panama-1989-1.jpg 800w, https:\/\/nuevademocracia.com.co\/wp-content\/uploads\/2025\/02\/Invasion-Panama-1989-1-300x217.jpg 300w, https:\/\/nuevademocracia.com.co\/wp-content\/uploads\/2025\/02\/Invasion-Panama-1989-1-768x556.jpg 768w\" sizes=\"auto, (max-width: 800px) 100vw, 800px\" \/><figcaption class=\"wp-element-caption\"><em>Blindado Estadounidense en la invasi\u00f3n de 1989, foto tomada de\u00a0 www.army.mil<\/em><\/figcaption><\/figure>\n\n\n\n<figure class=\"wp-block-image size-full\"><img loading=\"lazy\" decoding=\"async\" width=\"1024\" height=\"695\" src=\"https:\/\/nuevademocracia.com.co\/wp-content\/uploads\/2025\/02\/Invasion-Panama-1989-3-1.jpg\" alt=\"\" class=\"wp-image-27334\" srcset=\"https:\/\/nuevademocracia.com.co\/wp-content\/uploads\/2025\/02\/Invasion-Panama-1989-3-1.jpg 1024w, https:\/\/nuevademocracia.com.co\/wp-content\/uploads\/2025\/02\/Invasion-Panama-1989-3-1-300x204.jpg 300w, https:\/\/nuevademocracia.com.co\/wp-content\/uploads\/2025\/02\/Invasion-Panama-1989-3-1-768x521.jpg 768w\" sizes=\"auto, (max-width: 1024px) 100vw, 1024px\" \/><figcaption class=\"wp-element-caption\"><em>Incendio causado por el bombardeo yaqui en El Chorrillo, donde 20.000 personas fueron desplazadas de sus hogares durante casi dos semanas y la cifra exacta de muertos se desconocen por el esfuerzo yanqui de ocultar su crimen.<\/em><\/figcaption><\/figure>\n\n\n\n<p class=\"has-black-color has-text-color has-link-color wp-elements-9ccae4d93513caa6748b51d61f540e2d\">Las condiciones de explotaci\u00f3n del canal fueron modificadas con el Tratado Torrijos-Carter en 1977, a trav\u00e9s del cual, el Canal de Panam\u00e1 pas\u00f3 formalmente a ser propiedad de Panam\u00e1. A esto se refiere, descaradamente Trump, con que EE.UU. le \u201cregal\u00f3\u201d el canal a Panam\u00e1, sin embargo, no hubo ning\u00fan regalo, pues en la pr\u00e1ctica, el canal sigue siendo dominado principalmente por EE.UU. Las recientes declaraciones de Trump, son una forma de marcar terreno, de recordarle al mundo que el canal es del imperialismo yanqui, y que no dudar\u00e1n en usar las armas para perpetuar la dominaci\u00f3n y explotaci\u00f3n sobre el mismo. Adem\u00e1s, estas declaraciones obedecen a la pugna del imperialismo yanqui con el socialimperialismo chino, pues, empresas chinas tienen control de puertos importantes cerca del canal de Panam\u00e1.<\/p>\n\n\n\n<p class=\"has-black-color has-text-color has-link-color wp-elements-7dbfe66ca32b440b762df17ffe85b2e0\">As\u00ed ha sido la brutal dominaci\u00f3n yanqui sobre el pueblo hermano paname\u00f1o quien ha demostrado en las pasadas protestas, que no olvida su historia, y ha expresado total rechazo y disposici\u00f3n antimperialista de lucha contra las declaraciones del estrafalario y archirreaccionario Donald Trump. En su lucha, el pueblo paname\u00f1o no est\u00e1 solo, y cuenta con el respaldo y solidaridad de los pueblos del mundo.<\/p>\n\n\n\n<p class=\"has-black-color has-text-color has-link-color wp-elements-1bb120d3de4d97047fa978d88d3c8e67\">Finalmente, compartimos el siguiente enlace a un video, donde se puede profundizar y conocer con mayor detalle, la invasi\u00f3n a Panam\u00e1 en 1989 por parte del imperialismo yanqui. <\/p>\n\n\n\n<figure class=\"wp-block-embed aligncenter is-type-video is-provider-youtube wp-block-embed-youtube wp-embed-aspect-16-9 wp-has-aspect-ratio\"><div class=\"wp-block-embed__wrapper\">\n<iframe loading=\"lazy\" title=\"Memoria y justicia, 33 an\u0303os de la Invasio\u0301n\" width=\"1290\" height=\"726\" src=\"https:\/\/www.youtube.com\/embed\/48wG1d-gls8?feature=oembed\" frameborder=\"0\" allow=\"accelerometer; autoplay; clipboard-write; encrypted-media; gyroscope; picture-in-picture; web-share\" referrerpolicy=\"strict-origin-when-cross-origin\" allowfullscreen><\/iframe>\n<\/div><\/figure>\n","protected":false},"excerpt":{"rendered":"<p>As\u00ed ha sido la brutal dominaci\u00f3n yanqui sobre el pueblo hermano paname\u00f1o quien ha demostrado en las protestas, que no olvida su historia.<\/p>\n","protected":false},"author":1,"featured_media":27326,"comment_status":"open","ping_status":"open","sticky":false,"template":"","format":"standard","meta":{"footnotes":""},"categories":[16,31],"tags":[32,39,18,41],"class_list":["post-27325","post","type-post","status-publish","format-standard","has-post-thumbnail","hentry","category-carrusel","category-internacional","tag-imperialismo","tag-internacionalismo","tag-protestas","tag-represion-estatal"],"blocksy_meta":[],"_links":{"self":[{"href":"https:\/\/nuevademocracia.com.co\/index.php?rest_route=\/wp\/v2\/posts\/27325","targetHints":{"allow":["GET"]}}],"collection":[{"href":"https:\/\/nuevademocracia.com.co\/index.php?rest_route=\/wp\/v2\/posts"}],"about":[{"href":"https:\/\/nuevademocracia.com.co\/index.php?rest_route=\/wp\/v2\/types\/post"}],"author":[{"embeddable":true,"href":"https:\/\/nuevademocracia.com.co\/index.php?rest_route=\/wp\/v2\/users\/1"}],"replies":[{"embeddable":true,"href":"https:\/\/nuevademocracia.com.co\/index.php?rest_route=%2Fwp%2Fv2%2Fcomments&post=27325"}],"version-history":[{"count":5,"href":"https:\/\/nuevademocracia.com.co\/index.php?rest_route=\/wp\/v2\/posts\/27325\/revisions"}],"predecessor-version":[{"id":27337,"href":"https:\/\/nuevademocracia.com.co\/index.php?rest_route=\/wp\/v2\/posts\/27325\/revisions\/27337"}],"wp:featuredmedia":[{"embeddable":true,"href":"https:\/\/nuevademocracia.com.co\/index.php?rest_route=\/wp\/v2\/media\/27326"}],"wp:attachment":[{"href":"https:\/\/nuevademocracia.com.co\/index.php?rest_route=%2Fwp%2Fv2%2Fmedia&parent=27325"}],"wp:term":[{"taxonomy":"category","embeddable":true,"href":"https:\/\/nuevademocracia.com.co\/index.php?rest_route=%2Fwp%2Fv2%2Fcategories&post=27325"},{"taxonomy":"post_tag","embeddable":true,"href":"https:\/\/nuevademocracia.com.co\/index.php?rest_route=%2Fwp%2Fv2%2Ftags&post=27325"}],"curies":[{"name":"wp","href":"https:\/\/api.w.org\/{rel}","templated":true}]}}