{"id":27355,"date":"2025-02-26T08:00:00","date_gmt":"2025-02-26T13:00:00","guid":{"rendered":"https:\/\/nuevademocracia.com.co\/?p=27355"},"modified":"2025-02-25T12:45:23","modified_gmt":"2025-02-25T17:45:23","slug":"mas-personas-asistieron-al-funeral-de-hassan-nasrallah-que-al-de-la-reina-isabel-ii","status":"publish","type":"post","link":"https:\/\/nuevademocracia.com.co\/?p=27355","title":{"rendered":"M\u00e1s personas asistieron al funeral de Hassan Nasrallah que al de la Reina Isabel II"},"content":{"rendered":"\n<p class=\"has-black-color has-text-color has-link-color wp-elements-af3357c4e91e0be75b1fe9d3dc4d29fd\"><em>Reproducimos una traducci\u00f3n no oficial de este art\u00edculo de la prensa democr\u00e1tica y popular,\u00a0<a href=\"https:\/\/anovademocracia.com.br\/mais-pessoas-funeral-nasrallah-elizabeth-ii\/\"><mark style=\"background-color:rgba(0, 0, 0, 0)\" class=\"has-inline-color has-vivid-red-color\">A Nova Democracia<\/mark><\/a><\/em><\/p>\n\n\n\n<p class=\"has-black-color has-text-color has-link-color wp-elements-8a35563357972a0a8e75591311ebbc09\">La popularidad de Hassan Nasrallah, expresada en la movilizaci\u00f3n de masas para el funeral del l\u00edder, tambi\u00e9n super\u00f3 la de figuras como el ex presidente estadounidense Ronald Reagan, el indio Mahatma Gandhi y el Papa Juan Pablo II.<\/p>\n\n\n\n<hr class=\"wp-block-separator has-text-color has-vivid-red-color has-alpha-channel-opacity has-vivid-red-background-color has-background\"\/>\n\n\n\n<p class=\"has-black-color has-text-color has-link-color wp-elements-e6cbb8bb76a6506da23a31a902e11d20\">por&nbsp;<a href=\"https:\/\/anovademocracia.com.br\/author\/redacao-de-and\/\">Reda\u00e7\u00e3o de AND<\/a><\/p>\n\n\n\n<p class=\"has-black-color has-text-color has-link-color wp-elements-687540b6b0906df323931737ca2a64f5\">25 de febrero de 2025<\/p>\n\n\n\n<figure class=\"wp-block-image aligncenter size-full is-resized\"><img loading=\"lazy\" decoding=\"async\" width=\"862\" height=\"485\" src=\"https:\/\/nuevademocracia.com.co\/wp-content\/uploads\/2025\/02\/image-18.png\" alt=\"\" class=\"wp-image-27357\" style=\"width:790px;height:auto\" srcset=\"https:\/\/nuevademocracia.com.co\/wp-content\/uploads\/2025\/02\/image-18.png 862w, https:\/\/nuevademocracia.com.co\/wp-content\/uploads\/2025\/02\/image-18-300x169.png 300w, https:\/\/nuevademocracia.com.co\/wp-content\/uploads\/2025\/02\/image-18-768x432.png 768w\" sizes=\"auto, (max-width: 862px) 100vw, 862px\" \/><figcaption class=\"wp-element-caption\"><br><strong><em><mark style=\"background-color:rgba(0, 0, 0, 0)\" class=\"has-inline-color has-black-color\">Foto: ABC News\/Cherine Yazbeck<br><\/mark><\/em><\/strong><\/figcaption><\/figure>\n\n\n\n<p class=\"has-black-color has-text-color has-link-color wp-elements-8625a655b415a448145e0a62a0336e67\">El<mark style=\"background-color:rgba(0, 0, 0, 0)\" class=\"has-inline-color has-vivid-red-color\"> <\/mark><a href=\"https:\/\/anovademocracia.com.br\/milhoes-nasrallah-beirute-mundo\/\"><mark style=\"background-color:rgba(0, 0, 0, 0)\" class=\"has-inline-color has-vivid-red-color\">funeral de Sayyed Hassan Nasrallah<\/mark><\/a>, ex secretario general de Hezbol\u00e1, organizado el 23 de febrero, cinco meses despu\u00e9s del asesinato del l\u00edder pol\u00edtico y militar en un violento bombardeo israel\u00ed, atrajo a m\u00e1s personas que la ceremonia f\u00fanebre de la reina Isabel II, seg\u00fan cifras oficiales consultadas por <strong>AND<\/strong>.<\/p>\n\n\n\n<p class=\"has-black-color has-text-color has-link-color wp-elements-8bd0ff342d8c58955253b8d1550ee61c\">Alrededor de 1,4 millones de personas se congregaron en Beirut, la capital del pa\u00eds \u00e1rabe, para honrar la despedida de Nasrallah, seg\u00fan cifras recogidas por el diario liban\u00e9s <a href=\"https:\/\/thecradle.co\/articles-id\/29066\"><mark style=\"background-color:rgba(0, 0, 0, 0)\" class=\"has-inline-color has-vivid-red-color\">The Cradle<\/mark><\/a>. La multitud llen\u00f3 el estadio de la Ciudad Deportiva Camille Chamoun incluso antes de que comenzara la ceremonia y fue creciendo a lo largo del d\u00eda, creando un mar de banderas verdes y amarillas con el s\u00edmbolo de Hezbol\u00e1 y fotos y carteles con el rostro del l\u00edder liban\u00e9s.<\/p>\n\n\n\n<p class=\"has-black-color has-text-color has-link-color wp-elements-bc30d10ca3d6c81aa47b9e2263f01c91\">Por otra parte, un mill\u00f3n de personas (400.000 menos) asistieron a la procesi\u00f3n de la monarca en Londres, seg\u00fan las mejores cifras de las agencias de transporte de la ciudad publicadas por el diario brit\u00e1nico <a href=\"https:\/\/www.standard.co.uk\/news\/uk\/queens-funeral-facts-numbers-world-record-b1026841.html\"><mark style=\"background-color:rgba(0, 0, 0, 0)\" class=\"has-inline-color has-vivid-red-color\">The Standard.<\/mark><\/a><\/p>\n\n\n\n<p class=\"has-black-color has-text-color has-link-color wp-elements-41fe20cd47f0710846b738f2d70c6963\">En t\u00e9rminos relativos, s\u00f3lo el 1,4% de la poblaci\u00f3n del Reino Unido (estimada en 68,35 millones de personas) asisti\u00f3 al funeral de la reina Isabel II, frente al 25% de la poblaci\u00f3n libanesa que acudi\u00f3 a presentar sus \u00faltimos respetos a Hassan Nasrallah.<\/p>\n\n\n\n<p class=\"has-black-color has-text-color has-link-color wp-elements-0f590451924b7f41e6ae9dacff8c01bd\">La magnitud del funeral de Nasrallah resulta a\u00fan m\u00e1s notable si se tiene en cuenta que el l\u00edder liban\u00e9s no era una figura oficial de Estado, sino el jefe de un movimiento de resistencia nacional clasificado como organizaci\u00f3n terrorista por m\u00e1s de 60 pa\u00edses, lo que reduce considerablemente el n\u00famero de representantes oficiales presentes. S\u00f3lo delegaciones de Yemen, Irak e Ir\u00e1n asistieron al acto como representantes oficiales. En otras palabras, la gran mayor\u00eda de los asistentes eran las masas populares libanesas.<\/p>\n\n\n\n<p class=\"has-black-color has-text-color has-link-color wp-elements-d2e41a4615024d107bbb767e91c77f6a\">Adem\u00e1s, el funeral de Nasrallah se celebr\u00f3 bajo constantes amenazas de aviones israel\u00edes que sobrevolaban la regi\u00f3n, en una clara violaci\u00f3n de los acuerdos de alto el fuego. El intento de sabotaje sali\u00f3 mal: los v\u00eddeos graban a la multitud gritando <strong>\u00a1A tu servicio, oh Nasrallah!<\/strong> y <strong>\u00a1Muerte a Israel!<\/strong> al paso de los aviones.<\/p>\n\n\n\n<p class=\"has-black-color has-text-color has-link-color wp-elements-ef0af035e5b63831df3693aebe75fa33\">Las cifras fueron a\u00fan m\u00e1s bajas en la despedida final de la Reina, organizada en el vest\u00edbulo del Palacio de Westminster. S\u00f3lo asistieron 250.000 personas, seg\u00fan las informaciones m\u00e1s sobreestimadas. La cifra podr\u00eda ascender a 250.604 si se a\u00f1aden los 500 jefes de Estado y dignatarios extranjeros, 18 monarcas, 55 presidentes, 25 primeros ministros y 6 ex primeros ministros brit\u00e1nicos.<\/p>\n\n\n\n<h2 class=\"wp-block-heading has-vivid-red-color has-text-color has-link-color has-medium-font-size wp-elements-c523584a3f5af6c0b35673594cc87a52\">M\u00e1s grande que Reagan, Gandhi y el Papa Juan Pablo II<\/h2>\n\n\n\n<p class=\"has-black-color has-text-color has-link-color wp-elements-e2724e855c168b8863ed701ce9a62ab8\">La popularidad de Hassan Nasrallah, expresada en la movilizaci\u00f3n de masas para el funeral del l\u00edder, tambi\u00e9n super\u00f3 la de figuras como el ex presidente estadounidense Ronald Reagan, el indio Mahatma Gandhi y el Papa Juan Pablo II.<\/p>\n\n\n\n<p class=\"has-black-color has-text-color has-link-color wp-elements-06060b3e70d46ee0f28c1442bf4fb116\">En el caso de Reagan, la discrepancia se produjo, como en el de la Reina Isabel II, en t\u00e9rminos absolutos y relativos: seg\u00fan datos de la Biblioteca Reagan, s\u00f3lo 200.000 personas acudieron al lugar de la ceremonia f\u00fanebre del reaccionario presidente para presentar sus respetos, lo que equivale al 0,06% de la poblaci\u00f3n estadounidense en 2004.<\/p>\n\n\n\n<p class=\"has-black-color has-text-color has-link-color wp-elements-fd021299b12ed983f2958d8805bbe91b\">El funeral de Mahatma Gandhi, en el 2\u00ba pa\u00eds m\u00e1s poblado del mundo, atrajo a 2 millones de personas, lo que en t\u00e9rminos relativos supone el 0,5% de la poblaci\u00f3n india de la \u00e9poca, seg\u00fan datos del diario The Cradle confirmados por <strong>AND<\/strong>. Al funeral del Papa Juan Pablo II asistieron 4 millones de personas, es decir, el 7% de la poblaci\u00f3n italiana.<\/p>\n\n\n\n<h2 class=\"wp-block-heading has-vivid-red-color has-text-color has-link-color has-medium-font-size wp-elements-8198cc91387187e6cd926a972ccc2f1c\">Fuerza y sujeci\u00f3n<\/h2>\n\n\n\n<p class=\"has-black-color has-text-color has-link-color wp-elements-aeab087b733edd9a418fbe0fddb94324\">La autoridad impuesta por el funeral de Nasrallah oblig\u00f3 a los monopolios de prensa alineados con el sionismo a reconocer la fuerza de Hezbol\u00e1.<\/p>\n\n\n\n<p class=\"has-black-color has-text-color has-link-color wp-elements-89df7e27aadc174fa9b8e6cea1c58ea3\">\u00abEl acto multitudinario se plane\u00f3 como una demostraci\u00f3n de fuerza del grupo militante y pol\u00edtico\u00bb, declar\u00f3 la CNN.<\/p>\n\n\n\n<p class=\"has-black-color has-text-color has-link-color wp-elements-b455e8585732d684d17f8f30a1b7bb90\">El monopolio New York Times tambi\u00e9n describi\u00f3 la ceremonia como una \u00abdemostraci\u00f3n de fuerza\u00bb.<\/p>\n\n\n\n<p class=\"has-black-color has-text-color has-link-color wp-elements-3438a0d6395be3bd2c3211ab96a37617\">\u00abHezbol\u00e1 entierra a su l\u00edder de larga data, proyecta fuerza en medio de reveses\u00bb era el titular de la noticia del Washington Post.<\/p>\n\n\n\n<p class=\"has-black-color has-text-color has-link-color wp-elements-bc9f6587df280eea058449f594badfb2\">Era una clara afirmaci\u00f3n de que Hezbol\u00e1, que Nasrallah dirigi\u00e1 de forma unipersonal desde 1992, se ha ganado un apoyo quiz\u00e1 sin precedentes con sus victorias sobre el enemigo sionista tras meses de guerra y con su solidaridad con la Resistencia Nacional Palestina durante la guerra de Gaza.<\/p>\n\n\n\n<p class=\"has-black-color has-text-color has-link-color wp-elements-300dbd0ede536f09314cb8c56796545b\">El asesinato de Nasrallah, lejos de incapacitar al movimiento o desorganizar sus filas, reforz\u00f3 el amplio sometimiento al movimiento y a su direcci\u00f3n, de modo que incluso el enorme contingente de masas no combatientes presentes en el funeral expresaron su voluntad de servir a Nasrallah, hoy representado en la nueva direcci\u00f3n de Hezbol\u00e1, en particular en el Secretario General Naim Qassem.<\/p>\n\n\n\n<h2 class=\"wp-block-heading has-vivid-red-color has-text-color has-link-color has-medium-font-size wp-elements-cdf0441266e585356c4a5b8e50dab131\">Deflaci\u00f3n y nuevos aires<\/h2>\n\n\n\n<p class=\"has-black-color has-text-color has-link-color wp-elements-73ec407ba26d12a1971486d27bea715c\">La poderosa movilizaci\u00f3n de masas que tuvo lugar en Beirut se vio impulsada por el actual escenario mundial, en el que la lucha antiimperialista y revolucionaria, especialmente en la Franja de Gaza, ha demostrado que la historia de la humanidad atraviesa un nuevo periodo de revoluciones.<\/p>\n\n\n\n<p class=\"has-black-color has-text-color has-link-color wp-elements-0243ae52bb7880883e0ca173f7774c4b\">Esto explica tambi\u00e9n por qu\u00e9 Hezbol\u00e1 pudo hacer una demostraci\u00f3n m\u00e1s poderosa que los veteranos representantes del imperialismo. Al representar lo nuevo, lo revolucionario, es natural que Hezbol\u00e1 concentre en torno a s\u00ed un mar de masas dispuestas a participar en la lucha por la liberaci\u00f3n, a diferencia de los individuos que representan el viejo y decadente sistema imperialista.<\/p>\n","protected":false},"excerpt":{"rendered":"<p>Reproducimos una traducci\u00f3n no oficial de este art\u00edculo de la prensa democr\u00e1tica y popular,\u00a0A Nova Democracia La popularidad de Hassan Nasrallah, expresada en la movilizaci\u00f3n de masas para el funeral del l\u00edder, tambi\u00e9n super\u00f3 la de figuras como el ex presidente estadounidense Ronald Reagan, el indio Mahatma Gandhi y el Papa Juan Pablo II. por&nbsp;Reda\u00e7\u00e3o [&hellip;]<\/p>\n","protected":false},"author":1,"featured_media":27357,"comment_status":"open","ping_status":"open","sticky":false,"template":"","format":"standard","meta":{"footnotes":""},"categories":[16,31,135],"tags":[],"class_list":["post-27355","post","type-post","status-publish","format-standard","has-post-thumbnail","hentry","category-carrusel","category-internacional","category-resistencia-palestina"],"blocksy_meta":[],"_links":{"self":[{"href":"https:\/\/nuevademocracia.com.co\/index.php?rest_route=\/wp\/v2\/posts\/27355","targetHints":{"allow":["GET"]}}],"collection":[{"href":"https:\/\/nuevademocracia.com.co\/index.php?rest_route=\/wp\/v2\/posts"}],"about":[{"href":"https:\/\/nuevademocracia.com.co\/index.php?rest_route=\/wp\/v2\/types\/post"}],"author":[{"embeddable":true,"href":"https:\/\/nuevademocracia.com.co\/index.php?rest_route=\/wp\/v2\/users\/1"}],"replies":[{"embeddable":true,"href":"https:\/\/nuevademocracia.com.co\/index.php?rest_route=%2Fwp%2Fv2%2Fcomments&post=27355"}],"version-history":[{"count":6,"href":"https:\/\/nuevademocracia.com.co\/index.php?rest_route=\/wp\/v2\/posts\/27355\/revisions"}],"predecessor-version":[{"id":27362,"href":"https:\/\/nuevademocracia.com.co\/index.php?rest_route=\/wp\/v2\/posts\/27355\/revisions\/27362"}],"wp:featuredmedia":[{"embeddable":true,"href":"https:\/\/nuevademocracia.com.co\/index.php?rest_route=\/wp\/v2\/media\/27357"}],"wp:attachment":[{"href":"https:\/\/nuevademocracia.com.co\/index.php?rest_route=%2Fwp%2Fv2%2Fmedia&parent=27355"}],"wp:term":[{"taxonomy":"category","embeddable":true,"href":"https:\/\/nuevademocracia.com.co\/index.php?rest_route=%2Fwp%2Fv2%2Fcategories&post=27355"},{"taxonomy":"post_tag","embeddable":true,"href":"https:\/\/nuevademocracia.com.co\/index.php?rest_route=%2Fwp%2Fv2%2Ftags&post=27355"}],"curies":[{"name":"wp","href":"https:\/\/api.w.org\/{rel}","templated":true}]}}