{"id":27367,"date":"2025-02-26T14:24:45","date_gmt":"2025-02-26T19:24:45","guid":{"rendered":"https:\/\/nuevademocracia.com.co\/?p=27367"},"modified":"2025-02-26T14:25:26","modified_gmt":"2025-02-26T19:25:26","slug":"and-fallecio-nuestro-amado-y-eterno-director-general-el-gran-profesor-fausto-arruda","status":"publish","type":"post","link":"https:\/\/nuevademocracia.com.co\/?p=27367","title":{"rendered":"AND: Falleci\u00f3 nuestro amado y eterno director general, el gran profesor Fausto Arruda"},"content":{"rendered":"\n<p class=\"has-black-color has-text-color has-link-color wp-elements-378aba6f4350ce5962bb4aaff96151b3\"><em>A continuaci\u00f3n publicamos una traducci\u00f3n no oficial hecha por el <a href=\"https:\/\/heraldorojo.org\/2025\/02\/21\/and-fallecio-nuestro-amado-y-eterno-director-general-el-gran-profesor-fausto-arruda\/\"><mark style=\"background-color:rgba(0, 0, 0, 0)\" class=\"has-inline-color has-vivid-red-color\">Heraldo Rojo<\/mark><\/a> de una nota de\u00a0<em><a href=\"https:\/\/anovademocracia.com.br\/faleceu-o-nosso-amado-e-eterno-diretor-geral-o-grande-professor-fausto-arruda\/\"><mark style=\"background-color:rgba(0, 0, 0, 0)\" class=\"has-inline-color has-vivid-red-color\">A Nova Democracia<\/mark><\/a><\/em><\/em><\/p>\n\n\n\n<figure class=\"wp-block-image aligncenter size-large is-resized\"><img loading=\"lazy\" decoding=\"async\" width=\"724\" height=\"1024\" src=\"https:\/\/nuevademocracia.com.co\/wp-content\/uploads\/2025\/02\/image-20-724x1024.png\" alt=\"\" class=\"wp-image-27368\" style=\"width:522px;height:auto\" srcset=\"https:\/\/nuevademocracia.com.co\/wp-content\/uploads\/2025\/02\/image-20-724x1024.png 724w, https:\/\/nuevademocracia.com.co\/wp-content\/uploads\/2025\/02\/image-20-212x300.png 212w, https:\/\/nuevademocracia.com.co\/wp-content\/uploads\/2025\/02\/image-20-768x1086.png 768w, https:\/\/nuevademocracia.com.co\/wp-content\/uploads\/2025\/02\/image-20.png 1086w\" sizes=\"auto, (max-width: 724px) 100vw, 724px\" \/><\/figure>\n\n\n\n<p><\/p>\n\n\n\n<p class=\"has-black-color has-text-color has-link-color wp-elements-11f3accdc6009ec3e22f46fd962f1840\">Con una tristeza indescriptible, notificamos a todos los lectores, espectadores, simpatizantes y activistas organizados en torno al peri\u00f3dico A Nova Democracia que, el 19 de febrero, aproximadamente a las 3 de la madrugada, el coraz\u00f3n del fundador y eterno director general de AND, nuestro querido, respetado y formador de la actual generaci\u00f3n de periodistas de AND, Fausto Aguiar Arruda Filho, o profesor Fausto Arruda, dej\u00f3 de latir. Aunque nuestros corazones est\u00e9n apesadumbrados por el dolor de perder su notable presencia f\u00edsica en el mundo, miramos el glorioso ejemplo de su trayectoria, de total entrega a la causa democr\u00e1tica y revolucionaria, en la que nada era m\u00e1s importante que la lucha por un mundo nuevo. Y, esforz\u00e1ndonos por seguir su brillante ejemplo personal, continuaremos teni\u00e9ndolo con nosotros por los siglos de los siglos.<\/p>\n\n\n\n<p class=\"has-black-color has-text-color has-link-color wp-elements-c2a1beef6a2919ee219af0cda1f390f6\">Desde 2020, en plena pandemia, el profesor hab\u00eda sido diagnosticado con una enfermedad degenerativa conocida como Cuerpos de Lewy, que le alej\u00f3 de sus funciones. Poco a poco, la enfermedad se impuso, hasta hacer inviable toda su actividad. A finales del a\u00f1o pasado, los m\u00e9dicos decidieron cambiarle la medicaci\u00f3n, ya que ya no era efectiva y empeoraba a\u00fan m\u00e1s su delicada situaci\u00f3n, introduciendo nuevos medicamentos. Este procedimiento condujo a una mejora relativa en su bienestar y fue percibido por la familia en cierto nivel su interactividad y conexi\u00f3n con la realidad exterior. Sin embargo, en los \u00faltimos d\u00edas se present\u00f3 una fuerte fiebre, se detect\u00f3 neumon\u00eda bacteriana y la administraci\u00f3n de antibi\u00f3ticos no cambi\u00f3 el panorama. Hoy, 19 de febrero, se confirm\u00f3 su muerte.<\/p>\n\n\n\n<p class=\"has-black-color has-text-color has-link-color wp-elements-3dafa9cf3c073975b966f512d45c793d\">En conversaciones privadas con compa\u00f1eros de lucha, el profesor Fausto, muy consciente de su enfermedad cuando aparecieron sus primeros signos, dec\u00eda que lo m\u00e1s temible que tem\u00eda era vivir sin conciencia, que caracteriza la condici\u00f3n humana. A finales de 2020 comenz\u00f3 a vivir con su familia, querido y rodeado de su esposa, hijas y nietos, quienes lo cuidaron con todo el cari\u00f1o. Antes de que la enfermedad restringiera severamente su conciencia, en 2022-23, recibi\u00f3, en su residencia de Fortaleza, varias visitas de compa\u00f1eros de lucha y del peri\u00f3dico, recibiendo informes sobre los desarrollos de la lucha popular y el peri\u00f3dico: reaccion\u00f3, conmovido por la informaci\u00f3n, con su risa caracter\u00edstica, en la imposibilidad de hablar. Celebr\u00f3, lo mejor que pudo, los avances de toda nuestra lucha com\u00fan por la emancipaci\u00f3n humana, de la que fue una parte destacada.<\/p>\n\n\n\n<p class=\"has-black-color has-text-color has-link-color wp-elements-80f101f479cb2d59a0ce42939b8b3dd2\">Ya en ese a\u00f1o, en el corto per\u00edodo en que tuvo una manifestaci\u00f3n relativa de su cognitividad, su pareja e hijas pudieron informarle que el trabajo del AND y la lucha, a la que dedic\u00f3 toda su vida, progresaban y segu\u00edan avanzando. Seg\u00fan una de sus hijas, ella sinti\u00f3 que \u00e9l conectaba, al estar rodeado del cari\u00f1o de sus seres queridos, y as\u00ed pod\u00eda escuchar que estaba tranquilo, que hab\u00eda cumplido con valent\u00eda y honor los compromisos de la causa que asumi\u00f3 por encima de todo y las responsabilidades y tareas que le fueron delegadas. Le dije, por fin, que pod\u00eda descansar con serenidad del deber cumplido, un honor conferido a los mejores.<\/p>\n\n\n\n<p class=\"has-black-color has-text-color has-link-color wp-elements-e511066bc4209a88926099e07c4d9368\">En breves, la redacci\u00f3n de AND preparar\u00e1 un material completo en honor y a la altura de este gran dirigente revolucionario proletario, con su trayectoria y el gran papel que jug\u00f3 en la lucha por una nueva democracia y en la direcci\u00f3n de la AND.<\/p>\n\n\n\n<p class=\"has-black-color has-text-color has-link-color wp-elements-b74670f8f2a77350f2d088cf73684b14\"><strong>\u00a1Viva el gran y querido profesor Fausto Arruda!<\/strong><\/p>\n\n\n\n<p class=\"has-black-color has-text-color has-link-color wp-elements-d218b1299cce61b240b23799ff0b64a2\"><strong>\u00a1Honor y gloria eterna al gran maestro Fausto Arruda!<\/strong><\/p>\n","protected":false},"excerpt":{"rendered":"<p>A continuaci\u00f3n publicamos una traducci\u00f3n no oficial hecha por el Heraldo Rojo de una nota de\u00a0A Nova Democracia Con una tristeza indescriptible, notificamos a todos los lectores, espectadores, simpatizantes y activistas organizados en torno al peri\u00f3dico A Nova Democracia que, el 19 de febrero, aproximadamente a las 3 de la madrugada, el coraz\u00f3n del fundador [&hellip;]<\/p>\n","protected":false},"author":1,"featured_media":27368,"comment_status":"open","ping_status":"open","sticky":false,"template":"","format":"standard","meta":{"footnotes":""},"categories":[16,31],"tags":[],"class_list":["post-27367","post","type-post","status-publish","format-standard","has-post-thumbnail","hentry","category-carrusel","category-internacional"],"blocksy_meta":[],"_links":{"self":[{"href":"https:\/\/nuevademocracia.com.co\/index.php?rest_route=\/wp\/v2\/posts\/27367","targetHints":{"allow":["GET"]}}],"collection":[{"href":"https:\/\/nuevademocracia.com.co\/index.php?rest_route=\/wp\/v2\/posts"}],"about":[{"href":"https:\/\/nuevademocracia.com.co\/index.php?rest_route=\/wp\/v2\/types\/post"}],"author":[{"embeddable":true,"href":"https:\/\/nuevademocracia.com.co\/index.php?rest_route=\/wp\/v2\/users\/1"}],"replies":[{"embeddable":true,"href":"https:\/\/nuevademocracia.com.co\/index.php?rest_route=%2Fwp%2Fv2%2Fcomments&post=27367"}],"version-history":[{"count":1,"href":"https:\/\/nuevademocracia.com.co\/index.php?rest_route=\/wp\/v2\/posts\/27367\/revisions"}],"predecessor-version":[{"id":27369,"href":"https:\/\/nuevademocracia.com.co\/index.php?rest_route=\/wp\/v2\/posts\/27367\/revisions\/27369"}],"wp:featuredmedia":[{"embeddable":true,"href":"https:\/\/nuevademocracia.com.co\/index.php?rest_route=\/wp\/v2\/media\/27368"}],"wp:attachment":[{"href":"https:\/\/nuevademocracia.com.co\/index.php?rest_route=%2Fwp%2Fv2%2Fmedia&parent=27367"}],"wp:term":[{"taxonomy":"category","embeddable":true,"href":"https:\/\/nuevademocracia.com.co\/index.php?rest_route=%2Fwp%2Fv2%2Fcategories&post=27367"},{"taxonomy":"post_tag","embeddable":true,"href":"https:\/\/nuevademocracia.com.co\/index.php?rest_route=%2Fwp%2Fv2%2Ftags&post=27367"}],"curies":[{"name":"wp","href":"https:\/\/api.w.org\/{rel}","templated":true}]}}