{"id":27375,"date":"2025-03-06T17:11:31","date_gmt":"2025-03-06T22:11:31","guid":{"rendered":"https:\/\/nuevademocracia.com.co\/?p=27375"},"modified":"2026-03-28T00:17:25","modified_gmt":"2026-03-28T05:17:25","slug":"las-cuchas-tienen-razon-la-responsabilidad-del-imperialismo-en-los-desaparecidos","status":"publish","type":"post","link":"https:\/\/nuevademocracia.com.co\/?p=27375","title":{"rendered":"Las cuchas tienen raz\u00f3n: la responsabilidad del imperialismo en los desaparecidos"},"content":{"rendered":"\n<hr class=\"wp-block-separator has-text-color has-vivid-red-color has-alpha-channel-opacity has-vivid-red-background-color has-background\"\/>\n\n\n\n<figure class=\"wp-block-image size-full\"><img loading=\"lazy\" decoding=\"async\" width=\"961\" height=\"498\" src=\"https:\/\/nuevademocracia.com.co\/wp-content\/uploads\/2025\/03\/GiyA1TQXsAAGNLT.jpeg\" alt=\"\" class=\"wp-image-27376\" srcset=\"https:\/\/nuevademocracia.com.co\/wp-content\/uploads\/2025\/03\/GiyA1TQXsAAGNLT.jpeg 961w, https:\/\/nuevademocracia.com.co\/wp-content\/uploads\/2025\/03\/GiyA1TQXsAAGNLT-300x155.jpeg 300w, https:\/\/nuevademocracia.com.co\/wp-content\/uploads\/2025\/03\/GiyA1TQXsAAGNLT-768x398.jpeg 768w\" sizes=\"auto, (max-width: 961px) 100vw, 961px\" \/><figcaption class=\"wp-element-caption\">Mural Las cuchas tienen raz\u00f3n. Se han realizado decenas de murales con este mensaje por todo el pa\u00eds.<\/figcaption><\/figure>\n\n\n\n<p class=\"has-black-color has-text-color has-link-color wp-elements-09dc280efcc87fd6a945fb230ebac4e8\">En octubre de 2002, una operaci\u00f3n militar en la Comuna 13 de Medell\u00edn \u2014la <strong>Operaci\u00f3n Ori\u00f3n<\/strong>\u2014 dej\u00f3 un saldo de cientos de v\u00edctimas civiles y marc\u00f3 un punto de inflexi\u00f3n en la estrategia de seguridad del gobierno de \u00c1lvaro Uribe V\u00e9lez. Este operativo, financiado por Estados Unidos bajo el <strong>Plan Colombia<\/strong>, reflej\u00f3 la herencia de la Guerra Fr\u00eda en Am\u00e9rica Latina: entrenamiento militar contrainsurgente, alianzas con grupos paramilitares y la pol\u00edtica de \u00abseguridad democr\u00e1tica\u00bb que prioriz\u00f3 los intereses burgueses y terratenientes sobre los derechos del pueblo. Dos d\u00e9cadas despu\u00e9s, la impunidad persiste y las v\u00edctimas siguen exigiendo justicia y verdad.&nbsp;<\/p>\n\n\n\n<h2 class=\"wp-block-heading has-vivid-red-color has-text-color has-link-color has-medium-font-size wp-elements-ce5e91edc1ad4b905cbd952969dcd627\"><strong>Contexto hist\u00f3rico internacional<\/strong><\/h2>\n\n\n\n<p class=\"has-black-color has-text-color has-link-color wp-elements-a18d7c394c5260889fca6a2e9ef993a4\">Tras la Segunda Guerra Mundial (1939-1945), el mundo se dividi\u00f3 en dos bloques: el capitalista, liderado por EE.UU., y el campo socialista, encabezado por la URSS y China socialista. La Guerra Fr\u00eda (1945-1991) impuls\u00f3 a Washington a contener el avance de las ideas comunistas en todo el mundo, incluida Latinoam\u00e9rica.&nbsp;<\/p>\n\n\n\n<p class=\"has-black-color has-text-color has-link-color wp-elements-fc8bf01305bd2a1855c2d4e2403cc9c6\">En 1949, Estados Unidos fund\u00f3 la Escuela de las Am\u00e9ricas en Panam\u00e1, donde entren\u00f3 a militares latinoamericanos en t\u00e1cticas de contrainsurgencia, incluyendo torturas y ejecuciones extrajudiciales. Seg\u00fan informes de Human Rights Watch, por esas aulas pasaron responsables de golpes de Estado y masacres en Argentina, Chile y Colombia.&nbsp;<\/p>\n\n\n\n<p class=\"has-black-color has-text-color has-link-color wp-elements-7a6ee6c01f31daa2c2ab8085a9be4980\">El triunfo de la Revoluci\u00f3n Cubana (1959) encendi\u00f3 las alarmas en Washington. Para evitar \u00abotra Cuba\u00bb, EE.UU. promovi\u00f3 dictaduras mediante el Plan C\u00f3ndor (a\u00f1os 70) y, d\u00e9cadas despu\u00e9s, invirti\u00f3 $9.6 billones en el Plan Colombia (2000), cifra superior a su gasto en Irak y Afganist\u00e1n.&nbsp;<\/p>\n\n\n\n<h2 class=\"wp-block-heading has-vivid-red-color has-text-color has-link-color has-medium-font-size wp-elements-5bbc42f377649ddb0bcb057f30635748\"><strong>Contexto hist\u00f3rico nacional<\/strong><\/h2>\n\n\n\n<p class=\"has-black-color has-text-color has-link-color wp-elements-7e5dbf15bf66b2f1db4c8b95140ec911\">Desde los a\u00f1os 30, el conflicto por la tierra entre campesinos y terratenientes polariz\u00f3 al pa\u00eds. Promesas incumplidas de reforma agraria y represi\u00f3n estatal alimentaron la creaci\u00f3n de guerrillas como las FARC-EP (1964) y el ELN (1965). Para los a\u00f1os 90, las FARC-EP eran una de las guerrillas m\u00e1s poderosas de Latinoam\u00e9rica, que incluso contaba con fuerte presencia en las principales ciudades del pa\u00eds, como Bogot\u00e1 y Medell\u00edn.&nbsp;En paralelo, surgieron grupos paramilitares financiados por narcotraficantes y terratenientes. Su objetivo: \u00ablimpiar\u00bb territorios de guerrilleros y l\u00edderes sociales.&nbsp;<\/p>\n\n\n\n<h2 class=\"wp-block-heading has-vivid-red-color has-text-color has-link-color has-medium-font-size wp-elements-11ded5e4fd8effe535f8eccc9d424c68\"><strong>Intervencionismo yanqui en Colombia<\/strong><\/h2>\n\n\n\n<p class=\"has-black-color has-text-color has-link-color wp-elements-728985f696a26bd8dbc1024567d074c1\">En el 2000, EE.UU. lanz\u00f3 el Plan Colombia. \u201cOficialmente\u201d, buscaba reducir cultivos de coca y mejorar las condiciones de vida del pueblo. Sin embargo, como se ver\u00eda posteriormente, el objetivo real fue asegurar los intereses del imperialismo yanqui en la regi\u00f3n.&nbsp;<\/p>\n\n\n\n<p class=\"has-black-color has-text-color has-link-color wp-elements-3b2526bc2b3de69220e7d5ccd8a32cf9\">El encargado de poner en acci\u00f3n el Plan Colombia fue \u00c1lvaro Uribe V\u00e9lez, presidente desde 2002-2010 y  fiel lacayo del imperialismo yanqui. Plante\u00f3 su propuesta de <strong>\u00abSeguridad Democr\u00e1tica\u00bb,<\/strong> reflejo de la doctrina de seguridad nacional estadounidense, cuyo objetivo principal era aumentar, la presencia de las fuerzas armadas, en mayor cantidad de territorios. Estrategia que incluy\u00f3: red de informantes pagados por el gobierno, reclutamiento masivo de soldados y operaciones conjuntas entre ej\u00e9rcito y paramilitares.&nbsp;<\/p>\n\n\n\n<p class=\"has-black-color has-text-color has-link-color wp-elements-728f3f496d127072467265bdaa973d96\">Para presentar resultados a Estados Unidos, Uribe implement\u00f3 varias operaciones del Ej\u00e9rcito y de la Polic\u00eda en los lugares donde hab\u00eda mayor presencia guerrillera y mayor desarrollo del movimiento popular. Se cuentan m\u00e1s de 12 operaciones de gran magnitud, en todo el pa\u00eds. Adem\u00e1s, le dio mayor poder de acci\u00f3n al Ej\u00e9rcito, permitiendo que actuaran en zonas urbanas.<\/p>\n\n\n\n<h2 class=\"wp-block-heading has-vivid-red-color has-text-color has-link-color has-medium-font-size wp-elements-82f45f37e9e19e1fe70bc3dfac366392\"><strong>Resultado del Plan Colombia y la Seguridad Democr\u00e1tica&nbsp;&nbsp;&nbsp;&nbsp;&nbsp;&nbsp;&nbsp;&nbsp;&nbsp;&nbsp;<\/strong><\/h2>\n\n\n\n<p class=\"has-black-color has-text-color has-link-color wp-elements-e38d89dbe247a47e419bf24929b06ac8\">En ese contexto, en mayo de 2002, se llev\u00f3 a cabo la Operaci\u00f3n Mariscal, con la cual unidades del ej\u00e9rcito irrumpieron en la Comuna 13 de Medell\u00edn y asesinaron a algunos civiles. La operaci\u00f3n fue frenada por la movilizaci\u00f3n de mujeres del territorio exigiendo el cese de la militarizaci\u00f3n. Meses m\u00e1s tarde, el Estado continu\u00f3 con una de las principales operaciones, la Operaci\u00f3n Ori\u00f3n. La madrugada del 15 de octubre de 2002, marc\u00f3 el inicio de esta intervenci\u00f3n militar y paramilitar en la Comuna 13 de Medell\u00edn, ordenada por \u00c1lvaro Uribe V\u00e9lez, avalada por la entonces ministra de defensa Marta Luc\u00eda Ram\u00edrez, dirigida por el general Mario Montoya, ex-instructor de la Escuela de las Am\u00e9ricas, comandante del Ej\u00e9rcito y de la Cuarta Brigada de Medell\u00edn, y Leonardo Gallego, jefe de Polic\u00eda. En esta operaci\u00f3n tambi\u00e9n participaron paramilitares del Bloque Cacique Nutibara de las Autodefensas Unidas de Colombia (AUC), bajo el liderazgo de alias \u00abDon Berna\u00bb.<\/p>\n\n\n\n<p class=\"has-black-color has-text-color has-link-color wp-elements-b7e35eda74625b098f231bbbcec27956\">El objetivo era erradicar el control de grupos guerrilleros en la zona, golpeando las estructuras milicianas, pero tambi\u00e9n atentando indiscriminadamente contra el pueblo. Para esto, se establecieron comandos del ej\u00e9rcito, la polic\u00eda nacional y el DAS en la Comuna 12, sector clave porque imped\u00eda la entrada y salida de personas a la Comuna 13. Los barrios que fueron intervenidos fueron Belencito, El Coraz\u00f3n, 20 de Julio, El Salado, Las Independencias, Villa Laura y Nuevos Conquistadores.<\/p>\n\n\n\n<figure class=\"wp-block-image size-large\"><img loading=\"lazy\" decoding=\"async\" width=\"1024\" height=\"648\" src=\"https:\/\/nuevademocracia.com.co\/wp-content\/uploads\/2025\/03\/comuna-13-1024x648.png\" alt=\"\" class=\"wp-image-27388\" srcset=\"https:\/\/nuevademocracia.com.co\/wp-content\/uploads\/2025\/03\/comuna-13-1024x648.png 1024w, https:\/\/nuevademocracia.com.co\/wp-content\/uploads\/2025\/03\/comuna-13-300x190.png 300w, https:\/\/nuevademocracia.com.co\/wp-content\/uploads\/2025\/03\/comuna-13-768x486.png 768w, https:\/\/nuevademocracia.com.co\/wp-content\/uploads\/2025\/03\/comuna-13.png 1291w\" sizes=\"auto, (max-width: 1024px) 100vw, 1024px\" \/><\/figure>\n\n\n\n<p class=\"has-black-color has-text-color has-link-color wp-elements-fe2dc1e741391d7fa4a57efbc8a006dc\">Seg\u00fan el gobierno, 17 civiles murieron a manos de las fuerzas estatales durante el operativo, no obstante, organizaciones de derechos humanos y v\u00edctimas denunciaron que fueron <strong>71 personas ejecutadas<\/strong> por los paramilitares, adem\u00e1s de <strong>370 detenciones arbitrarias<\/strong> y <strong>6 desapariciones forzadas<\/strong>. El Centro de Memoria Hist\u00f3rica document\u00f3 m\u00e1s de <strong>100 desapariciones adicionales tras el operativo<\/strong>. Sin embargo, estos datos subestiman lo que sucedi\u00f3 realmente durante la operaci\u00f3n, dado que se impidi\u00f3 el ingreso de la prensa y de colectivos de derechos humanos. Las t\u00e1cticas empleadas incluyeron el uso de helic\u00f3pteros artillados, retenes militares y la instalaci\u00f3n de casas de tortura en \u00e1reas rurales.<\/p>\n\n\n\n<figure class=\"wp-block-gallery has-nested-images columns-default is-cropped wp-block-gallery-1 is-layout-flex wp-block-gallery-is-layout-flex\">\n<figure class=\"wp-block-image size-full\"><img loading=\"lazy\" decoding=\"async\" width=\"817\" height=\"813\" data-id=\"27385\" src=\"https:\/\/nuevademocracia.com.co\/wp-content\/uploads\/2025\/03\/operacion-orion-1.jpg\" alt=\"\" class=\"wp-image-27385\" srcset=\"https:\/\/nuevademocracia.com.co\/wp-content\/uploads\/2025\/03\/operacion-orion-1.jpg 817w, https:\/\/nuevademocracia.com.co\/wp-content\/uploads\/2025\/03\/operacion-orion-1-300x300.jpg 300w, https:\/\/nuevademocracia.com.co\/wp-content\/uploads\/2025\/03\/operacion-orion-1-150x150.jpg 150w, https:\/\/nuevademocracia.com.co\/wp-content\/uploads\/2025\/03\/operacion-orion-1-768x764.jpg 768w\" sizes=\"auto, (max-width: 817px) 100vw, 817px\" \/><figcaption class=\"wp-element-caption\"><em>Paramilitar encapuchado guiando a las fuerzas militares durante la Operaci\u00f3n Ori\u00f3n. Foto: Jes\u00fas Abad Colorado<\/em><\/figcaption><\/figure>\n<\/figure>\n\n\n\n<p class=\"has-black-color has-text-color has-link-color wp-elements-c27ed01408a174379e28f66d96337cee\">Adicionalmente, hay denuncias de la poblaci\u00f3n, de que los paramilitares del Bloque Cacique Nutibara participaron y coordinaron directamente con Mario Montoya y \u00c1lvaro Uribe. Los paramilitares hicieron la investigaci\u00f3n previa y el perfilamiento de los l\u00edderes sociales, las organizaciones y las casas que posteriormente fueron intervenidas por el ej\u00e9rcito, la polic\u00eda y los mismos paramilitares, quienes estaban encapuchados y daban \u00f3rdenes a los efectivos del ej\u00e9rcito. Si bien esta informaci\u00f3n fue negada en muchas ocasiones por los implicados, alias \u201cDon Berna\u201d, jefe de las AUC, confirm\u00f3 c\u00f3mo coordinaron previamente toda la operaci\u00f3n y c\u00f3mo se le dio incentivos econ\u00f3micos a los soldados y a Mario Montoya, quien actualmente cursa un proceso judicial ante la Jurisdicci\u00f3n Especial para la Paz (JEP) por cuenta de las ejecuciones extrajudiciales (falsos positivos). En un audio revelado por la JEP, Montoya dice: <em>\u00abQuiero litros de sangre\u00bb<\/em>, lo que refleja la presi\u00f3n que exist\u00eda para mostrar resultados r\u00e1pidos, implementando la ejecuci\u00f3n indiscriminada de personas, que luego eran presentadas como guerrilleros muertos en combate. Seg\u00fan la JEP, entre 2002 y 2008 se documentaron m\u00e1s de <strong>6.402 falsos positivos<\/strong>.<\/p>\n\n\n\n<h2 class=\"wp-block-heading has-vivid-red-color has-text-color has-link-color has-medium-font-size wp-elements-09c0ea7c28352cde52ae8c696b06613b\"><strong>El costo para el pueblo colombiano<\/strong><\/h2>\n\n\n\n<p class=\"has-black-color has-text-color has-link-color wp-elements-362af5cb5c1281b1b144a4d44f0a0344\">El impacto social de la Operaci\u00f3n Ori\u00f3n fue devastador. El gobierno de \u00c1lvaro Uribe, apoyado por Estados Unidos, viol\u00f3 los derechos de la poblaci\u00f3n de los barrios intervenidos y de millones de personas trabajadoras, campesinas y obreras. Hay declaraciones de exmilitares que narran c\u00f3mo aumentaron las detenciones arbitrarias, las ejecuciones extrajudiciales, las desapariciones y las torturas a personas que no estaban involucradas en el conflicto armado.<\/p>\n\n\n\n<p class=\"has-black-color has-text-color has-link-color wp-elements-04a0ed5834078c3e82ef9638ba0c3a0c\">Implementaron casas de paso donde interrogaban, torturaban y asesinaban a personas que capturaban de manera arbitraria durante la operaci\u00f3n. Luego, algunas personas fueron llevadas a zona rural, eran puestas a cavar sus tumbas, les daban un disparo en la cabeza y posteriormente eran enterradas en los areneros y lugares donde depositaban los escombros en la zona, principalmente en la propiedad de la empresa <strong>Constructores el C\u00f3ndor S.A., conocida como La Escombrera.<\/strong><\/p>\n\n\n\n<p class=\"has-black-color has-text-color has-link-color wp-elements-66751eedbf45a3ef6d5a473483939d3e\">La pol\u00edtica de \u00abSeguridad Democr\u00e1tica\u00bb impulsada por \u00c1lvaro Uribe, aunque planteaba combinar el fortalecimiento militar con mejoras sociales, evidenci\u00f3 una marcada contradicci\u00f3n. Del total de 860 millones de d\u00f3lares entregados por EE. UU. para el Plan Colombia, el 73% (632 millones) se destin\u00f3 a financiar a la Polic\u00eda y el Ej\u00e9rcito, mientras que apenas el 26% (227 millones) se invirti\u00f3 en desarrollo econ\u00f3mico, atenci\u00f3n a desplazados, derechos humanos y justicia.&nbsp;<\/p>\n\n\n\n<p class=\"has-black-color has-text-color has-link-color wp-elements-d9bfdf1e60cdc341da4cb16dec79a1ae\">Con esto solo se consigui\u00f3 un aumento de las v\u00edctimas del conflicto armado, aumento de desplazamientos forzados y aumento de los \u00edndices de pobreza. Adem\u00e1s, con el uso indiscriminado de glifosato (herbicida cancer\u00edgeno seg\u00fan la OMS) se incrementaron los casos de c\u00e1ncer en comunidades fumigadas. Tambi\u00e9n, se opt\u00f3 por una econom\u00eda extractivista, priorizando la inversi\u00f3n extranjera y la explotaci\u00f3n de recursos minerales, profundizando el saqueo de nuestra naci\u00f3n. Sin olvidar el incremento de narcoparamilitares, pues los grupos paramilitares, reconvertidos en Bacrim (Bandas Criminales), consolidaron su control del narcotr\u00e1fico con apoyo estatal, perpetuando la violencia.&nbsp;<\/p>\n\n\n\n<p class=\"has-black-color has-text-color has-link-color wp-elements-2fe12dfb263ddb220889ef13ec0e8bf6\">Aunque Uribe se atribuye p\u00fablicamente, las victorias alcanzadas por el Ej\u00e9rcito en aquellas operaciones, evade su responsabilidad respecto a las \u00f3rdenes militares relacionadas con las masacres y cr\u00edmenes cometidos por las fuerzas militares a su cargo. Tanto Uribe, como los altos mandos del Ej\u00e9rcito y Polic\u00eda, siguen evadiendo la justicia, sin importar que varios jefes del paramilitarismo han confesado todo el entramado y las estrechas relaciones con el gobierno. Mientras tanto, EE.UU. mantiene su financiamiento a fuerzas armadas en Colombia y Latinoam\u00e9rica, replicando modelos de seguridad cuestionados. EE.UU. inyect\u00f3 466 millones de d\u00f3lares al ej\u00e9rcito colombiano en 2023.<\/p>\n\n\n\n<p class=\"has-black-color has-text-color has-link-color wp-elements-cb3a6e69578b61c503e0de89a00e9863\">El discurso de \u00abseguridad\u00bb oper\u00f3 como fachada para militarizar el pa\u00eds, profundizar desigualdades y beneficiar intereses econ\u00f3micos y criminales del imperialismo yanqui y de las clases dominantes de nuestro pa\u00eds, sin rendir cuentas por sus consecuencias devastadoras en la poblaci\u00f3n popular, obrera y campesina.<\/p>\n\n\n\n<h2 class=\"wp-block-heading has-vivid-red-color has-text-color has-link-color has-medium-font-size wp-elements-de4e96b75d9bed9afc510b9d44231ec4\"><strong>Las mujeres: archivo vivo de la verdad<\/strong><\/h2>\n\n\n\n<p class=\"has-black-color has-text-color has-link-color wp-elements-b60e435ccf2fca76d28bb3e1715c1784\">Pese a todo lo anterior, la derecha y extrema derecha, insisten en narrar este episodio como un \u00ab\u00e9xito militar\u00bb, mientras se intenta borrar las huellas del horror.&nbsp; Frente al relato oficial, las madres y familiares de v\u00edctimas han convertido su duelo en resistencia. Colectivos como <strong>MAFAPO<\/strong> (Madres de Falsos Positivos) <strong>y Mujeres Caminando por la Verdad<\/strong> han documentado cada caso, desde las ejecuciones extrajudiciales hasta las fosas ocultas en quebradas y solares abandonados. <strong>\u00abNosotras fuimos las primeras en rastrear balas, en identificar uniformes, en desenterrar mentiras\u00bb,<\/strong> afirma Luz Marina Bernal, cuya voz reson\u00f3 en 2016 ante la JEP al denunciar la connivencia entre fuerzas estatales y paramilitares. Bajo el lema <strong>\u00abLas cuchas tienen raz\u00f3n\u00bb,<\/strong> estas mujeres han desafiado la estigmatizaci\u00f3n \u2014tildadas de \u00ablocas\u00bb o \u00abaliadas de la guerrilla\u00bb\u2014 para exigir justicia, en un pa\u00eds donde <strong>solo el 3% de los 6.402 casos de falsos positivos<\/strong> tienen sentencias firmes (2023).&nbsp;<\/p>\n\n\n\n<h2 class=\"wp-block-heading has-vivid-red-color has-text-color has-link-color has-medium-font-size wp-elements-53e954801550fb7a627c3c52964a74fe\"><strong>Censura y arte<\/strong><\/h2>\n\n\n\n<p class=\"has-black-color has-text-color has-link-color wp-elements-1fe44534cba85fc848965c2d5a2fbe6b\">La Comuna 13, hoy cubierta de grafitis que narran su resistencia, ha sido epicentro de la disputa entre memoria y olvido. En 2021, fue realizado un mural en Medell\u00edn que mostraba a Uribe junto a la frase <strong>\u00ab\u00bfQui\u00e9n dio la orden?\u00bb<\/strong>, aludiendo a su responsabilidad en la Operaci\u00f3n Ori\u00f3n. Sin embargo, en 2022, el alcalde Federico Guti\u00e9rrez orden\u00f3 borrarlo, catalog\u00e1ndolo de \u00abvandalismo\u00bb. Para Yanette Bautista, de la <strong>Fundaci\u00f3n Nydia Erika Bautista<\/strong>, esto es parte de un patr\u00f3n: <strong>\u00abBorran los murales como borraron a nuestros hijos: quieren que la Comuna 13 sea un decorado de paz sin nombrar a los muertos\u00bb<\/strong>, esto refleja una estrategia sistem\u00e1tica: <strong>\u00abQuieren convertir el horror en un relato inc\u00f3modo que debe desaparecer\u00bb.<\/strong> La persecuci\u00f3n se agudiz\u00f3 en 2023, cuando el General Montoya, intentando silenciar el arte que lo denuncia, demand\u00f3 a colectivos art\u00edsticos, por hacer carteles con su rostro junto a las cifras de v\u00edctimas de falsos positivos. <strong>\u201cCada mural es un hijo que revive\u00bb,<\/strong> respondi\u00f3 Mar\u00eda Sanabria, de las Madres de Soacha, cuyo hijo fue desaparecido tras ser se\u00f1alado como \u00abblanco militar\u00bb.&nbsp;<\/p>\n\n\n\n<figure class=\"wp-block-image size-large\"><img loading=\"lazy\" decoding=\"async\" width=\"1024\" height=\"385\" src=\"https:\/\/nuevademocracia.com.co\/wp-content\/uploads\/2025\/03\/GjHXeZsWEAAsDO6-1024x385.jpeg\" alt=\"\" class=\"wp-image-27389\" srcset=\"https:\/\/nuevademocracia.com.co\/wp-content\/uploads\/2025\/03\/GjHXeZsWEAAsDO6-1024x385.jpeg 1024w, https:\/\/nuevademocracia.com.co\/wp-content\/uploads\/2025\/03\/GjHXeZsWEAAsDO6-300x113.jpeg 300w, https:\/\/nuevademocracia.com.co\/wp-content\/uploads\/2025\/03\/GjHXeZsWEAAsDO6-768x288.jpeg 768w, https:\/\/nuevademocracia.com.co\/wp-content\/uploads\/2025\/03\/GjHXeZsWEAAsDO6-1536x577.jpeg 1536w, https:\/\/nuevademocracia.com.co\/wp-content\/uploads\/2025\/03\/GjHXeZsWEAAsDO6.jpeg 1920w\" sizes=\"auto, (max-width: 1024px) 100vw, 1024px\" \/><\/figure>\n\n\n\n<p class=\"has-black-color has-text-color has-link-color wp-elements-bab51a24576a95c2cca7bd0c023ad38a\">Mientras l\u00edderes como Uribe (investigado por soborno de testigos) insisten en glorificar a los victimarios. Las mujeres, en cambio, enfrentan un sistema que prioriza pactos con victimarios en lugar de reparaci\u00f3n real. \u00ab<strong>Nos ofrecen disculpas en papel, pero nuestros hijos siguen en fosas sin nombre\u00bb<\/strong>, reclama Mar\u00eda Sanabria.<\/p>\n\n\n\n<h2 class=\"wp-block-heading has-vivid-red-color has-text-color has-link-color has-medium-font-size wp-elements-5631488cf70aede81592293af486a58d\"><strong>La batalla por la memoria del pueblo<\/strong><\/h2>\n\n\n\n<p class=\"has-black-color has-text-color has-link-color wp-elements-ecc341e64abc2c1a942c8acdf9614ebe\">Cada mural repintado, cada hueso identificado en fosas como las de Constructores El C\u00f3ndor S.A. (La Escombrera), y cada marcha liderada por mujeres con fotos de sus hijos, desmontan el relato oficial. La Operaci\u00f3n Ori\u00f3n no fue un \u00abcaso aislado\u00bb, sino la muestra de un modelo de seguridad que sacrific\u00f3 civiles por r\u00e9ditos pol\u00edticos. Hoy, las mujeres \u2014forenses sin t\u00edtulo, historiadoras sin archivos\u2014 recuerdan al pa\u00eds que la paz no se construye con amnesias institucionales, sino con memoria y resistencia que interroga: <strong>\u00bfQui\u00e9n dio la orden?<\/strong><\/p>\n\n\n\n<p class=\"has-black-color has-text-color has-link-color wp-elements-fc502afebb583fc1e55e83d363d8973b\">En medio de los intentos institucionales por borrar la memoria hist\u00f3rica \u2014desde el borrado de murales hasta la criminalizaci\u00f3n del arte cr\u00edtico\u2014, las mujeres populares colombianas han emergido como guardianas irremplazables de la verdad. Las madres buscadoras, agrupadas bajo consignas como \u00abLas cuchas tienen raz\u00f3n\u00bb, encarnan una resistencia que desaf\u00eda la impunidad y la censura estatal. Con fotos de sus hijos desaparecidos y documentos que prueban la complicidad entre militares y paramilitares, han recorrido fosas, tribunales y monta\u00f1as, convirtiendo su dolor en un motivo de lucha para exigir justicia. &nbsp;<\/p>\n\n\n\n<p class=\"has-black-color has-text-color has-link-color wp-elements-872ae568d61161e009efe2c794839d17\">Organizaciones como <strong>Madres de Soacha<\/strong> y <strong>Mujeres Caminando por la Verdad,<\/strong> han expuesto ante la JEP y cortes internacionales c\u00f3mo el <strong>Estado prioriz\u00f3 el silencio sobre la justicia<\/strong>, cuestionando as\u00ed el Estado a qui\u00e9n sirve realmente.<\/p>\n\n\n\n<p class=\"has-black-color has-text-color has-link-color wp-elements-986001eb096be45d6c6ac2a26721fcd1\">En cada hueso desenterrado, en cada mural repintado, las mujeres escriben una contrahistoria. La consigna \u00abLas cuchas tienen raz\u00f3n\u00bb no solo desnuda la hipocres\u00eda de un Estado que glorifica y encubre a victimarios, sino que afirma que la memoria \u2014fr\u00e1gil, persistente\u2014 es un territorio que el poder no puede conquistar. Las mujeres buscadoras son el ejemplo de c\u00f3mo la organizaci\u00f3n del pueblo puede ir ganando batallas contra los aparatos estatales, que benefician a los grandes ricos del pa\u00eds y que mantienen ilesos los intereses imperialistas en nuestra regi\u00f3n.<\/p>\n","protected":false},"excerpt":{"rendered":"<p>Las madres buscadoras, bajo la consigna de \u00abLas cuchas tienen raz\u00f3n\u00bb, encarnan una resistencia que desaf\u00eda la impunidad y la censura estatal.<\/p>\n","protected":false},"author":1,"featured_media":27376,"comment_status":"open","ping_status":"open","sticky":false,"template":"","format":"standard","meta":{"footnotes":""},"categories":[16,4,145,115],"tags":[168,167,32,18,41],"class_list":["post-27375","post","type-post","status-publish","format-standard","has-post-thumbnail","hentry","category-carrusel","category-colombia","category-historia-col","category-mujer","tag-168","tag-falsos-positivos","tag-imperialismo","tag-protestas","tag-represion-estatal"],"blocksy_meta":[],"_links":{"self":[{"href":"https:\/\/nuevademocracia.com.co\/index.php?rest_route=\/wp\/v2\/posts\/27375","targetHints":{"allow":["GET"]}}],"collection":[{"href":"https:\/\/nuevademocracia.com.co\/index.php?rest_route=\/wp\/v2\/posts"}],"about":[{"href":"https:\/\/nuevademocracia.com.co\/index.php?rest_route=\/wp\/v2\/types\/post"}],"author":[{"embeddable":true,"href":"https:\/\/nuevademocracia.com.co\/index.php?rest_route=\/wp\/v2\/users\/1"}],"replies":[{"embeddable":true,"href":"https:\/\/nuevademocracia.com.co\/index.php?rest_route=%2Fwp%2Fv2%2Fcomments&post=27375"}],"version-history":[{"count":11,"href":"https:\/\/nuevademocracia.com.co\/index.php?rest_route=\/wp\/v2\/posts\/27375\/revisions"}],"predecessor-version":[{"id":29066,"href":"https:\/\/nuevademocracia.com.co\/index.php?rest_route=\/wp\/v2\/posts\/27375\/revisions\/29066"}],"wp:featuredmedia":[{"embeddable":true,"href":"https:\/\/nuevademocracia.com.co\/index.php?rest_route=\/wp\/v2\/media\/27376"}],"wp:attachment":[{"href":"https:\/\/nuevademocracia.com.co\/index.php?rest_route=%2Fwp%2Fv2%2Fmedia&parent=27375"}],"wp:term":[{"taxonomy":"category","embeddable":true,"href":"https:\/\/nuevademocracia.com.co\/index.php?rest_route=%2Fwp%2Fv2%2Fcategories&post=27375"},{"taxonomy":"post_tag","embeddable":true,"href":"https:\/\/nuevademocracia.com.co\/index.php?rest_route=%2Fwp%2Fv2%2Ftags&post=27375"}],"curies":[{"name":"wp","href":"https:\/\/api.w.org\/{rel}","templated":true}]}}