{"id":27394,"date":"2025-03-07T18:48:27","date_gmt":"2025-03-07T23:48:27","guid":{"rendered":"https:\/\/nuevademocracia.com.co\/?p=27394"},"modified":"2025-03-10T11:20:32","modified_gmt":"2025-03-10T16:20:32","slug":"conmemoracion-del-legado-camilo-de-camilo-torres-en-la-udea","status":"publish","type":"post","link":"https:\/\/nuevademocracia.com.co\/?p=27394","title":{"rendered":"Conmemoraci\u00f3n del legado de Camilo Torres en la UdeA"},"content":{"rendered":"\n<figure class=\"wp-block-gallery has-nested-images columns-default wp-block-gallery-1 is-layout-flex wp-block-gallery-is-layout-flex\">\n<figure class=\"wp-block-image size-large\"><img loading=\"lazy\" decoding=\"async\" width=\"894\" height=\"894\" data-id=\"27397\" src=\"https:\/\/nuevademocracia.com.co\/wp-content\/uploads\/2025\/03\/IG-congresodelospueblos-1.png\" alt=\"\" class=\"wp-image-27397\" srcset=\"https:\/\/nuevademocracia.com.co\/wp-content\/uploads\/2025\/03\/IG-congresodelospueblos-1.png 894w, https:\/\/nuevademocracia.com.co\/wp-content\/uploads\/2025\/03\/IG-congresodelospueblos-1-300x300.png 300w, https:\/\/nuevademocracia.com.co\/wp-content\/uploads\/2025\/03\/IG-congresodelospueblos-1-150x150.png 150w, https:\/\/nuevademocracia.com.co\/wp-content\/uploads\/2025\/03\/IG-congresodelospueblos-1-768x768.png 768w\" sizes=\"auto, (max-width: 894px) 100vw, 894px\" \/><\/figure>\n\n\n\n<figure class=\"wp-block-image size-large\"><img loading=\"lazy\" decoding=\"async\" width=\"1024\" height=\"683\" data-id=\"27396\" src=\"https:\/\/nuevademocracia.com.co\/wp-content\/uploads\/2025\/03\/Charla-Camilo-Torres-UdeA-15-1024x683.jpg\" alt=\"\" class=\"wp-image-27396\" srcset=\"https:\/\/nuevademocracia.com.co\/wp-content\/uploads\/2025\/03\/Charla-Camilo-Torres-UdeA-15-1024x683.jpg 1024w, https:\/\/nuevademocracia.com.co\/wp-content\/uploads\/2025\/03\/Charla-Camilo-Torres-UdeA-15-300x200.jpg 300w, https:\/\/nuevademocracia.com.co\/wp-content\/uploads\/2025\/03\/Charla-Camilo-Torres-UdeA-15-768x512.jpg 768w, https:\/\/nuevademocracia.com.co\/wp-content\/uploads\/2025\/03\/Charla-Camilo-Torres-UdeA-15-1536x1024.jpg 1536w, https:\/\/nuevademocracia.com.co\/wp-content\/uploads\/2025\/03\/Charla-Camilo-Torres-UdeA-15.jpg 1620w\" sizes=\"auto, (max-width: 1024px) 100vw, 1024px\" \/><\/figure>\n<\/figure>\n\n\n\n<p class=\"has-black-color has-text-color has-link-color wp-elements-f1b9a3caf46e353ab9aa02d1aa9a5967\">El d\u00eda martes 4 de marzo, en la Universidad de Antioquia, varias organizaciones sociales, estudiantiles, medios de comunicaci\u00f3n alternativos y movimientos populares, realizaron un evento de conmemoraci\u00f3n resaltando el legado del sacerdote, soci\u00f3logo, l\u00edder popular y guerrillero Camilo Torres Restrepo. A continuaci\u00f3n, planteamos algunas ideas surgidas a partir del conversatorio, aclarando que no pretendemos hacer una relator\u00eda ni un resumen de todo lo dicho, sino simplemente, una breve exposici\u00f3n de algunas ideas que, basados en nuestra l\u00ednea editorial, consideramos importante resaltar.<\/p>\n\n\n\n<p class=\"has-black-color has-text-color has-link-color wp-elements-c6768a058962e516d4df254638b1ce1a\">\u00bfPor qu\u00e9 es importante la memoria?&nbsp;La memoria es importante para continuar caminando.&nbsp;En este caso, la memoria de Camilo sirve para retomar y continuar el camino revolucionario que qued\u00f3 abierto por su generaci\u00f3n, y que actualmente sigue vigente.<\/p>\n\n\n\n<p class=\"has-black-color has-text-color has-link-color wp-elements-4943365d3cff9849b49121dd0e98cb75\">Camilo retoma los planteamientos originales del cristianismo y les aporta un contenido pol\u00edtico revolucionario, desarrollando la Teolog\u00eda de la Liberaci\u00f3n. Para Camilo, ser revolucionario, es la forma consecuente de aplicar el amor al pr\u00f3jimo que profesa la doctrina cat\u00f3lica.&nbsp;El mensaje central de Jes\u00fas es el amor. Camilo lo toma y le pone el adjetivo \u201ceficaz\u201d. \u00bfAyudaste a solucionar los problemas de tus hermanos? \u00bfDiste de comer al hambriento, diste vestido al desnudo, diste posada al forastero? Camilo ve que a trav\u00e9s de la caridad no se pueden resolver esas necesidades, y plantea que es imposible dar de comer al hambriento, vestir al desnudo, dar posada al forastero, si no se cambian las estructuras que rigen al mundo, las estructuras capitalistas. Para Camilo el amor eficaz implica eso.&nbsp;<\/p>\n\n\n\n<p class=\"has-black-color has-text-color has-link-color wp-elements-89cce16c87bd1f03f0610bf6035e4a7d\">Camilo fue un intelectual revolucionario consecuente, dispuesto a trasgredir la academia burguesa para vincularse al pueblo trabajador, a la clase popular, y luchar junto a las masas. Camilo como intelectual, como soci\u00f3logo, como acad\u00e9mico, mostr\u00f3 la importancia de una pr\u00e1ctica revolucionaria, donde el beneficio del trabajo intelectual es servir al avance de las comunidades y no al enriquecimiento de unos pocos o por prestigio personal.<\/p>\n\n\n\n<p class=\"has-black-color has-text-color has-link-color wp-elements-264e3c763fdc9c4c4cebbf411030a7c9\">Camilo luch\u00f3 por la unidad del pueblo, construida desde abajo. Desde la dignidad de las comunidades. La unidad no se construye desde las burocracias, desde las consignas para ir a las elecciones. Camilo vive en la movilizaci\u00f3n, en la lucha popular, en la \u00e9tica revolucionaria del intelectual, en los campesinos que est\u00e1n resistiendo la arremetida del paramilitarismo en los territorios, en el poblador del barrio que batalla todos los d\u00edas para llevar un pan a la casa, vive en los pueblos de todo el mundo, que armados luchan por su liberaci\u00f3n.<\/p>\n\n\n\n<p class=\"has-black-color has-text-color has-link-color wp-elements-c3a83b49a439f2c0e8d953d3c22159ed\">Han pasado 60 a\u00f1os desde la fundaci\u00f3n del Frente Unido del Pueblo, es importante estudiar y analizar esa experiencia, y principalmente ver qu\u00e9 debemos aplicar hoy. \u00bfQu\u00e9 nos ense\u00f1\u00f3 Camilo? Unir a todo el pueblo, bregar por la unidad con todo aquel que est\u00e9 dispuesto a luchar, elevar la conciencia popular y desafiar a la oligarqu\u00eda. Tenemos que trabajar por retomar el legado de Camilo, porque las condiciones siguen vigentes: ofensivas paramilitares; estigmatizaci\u00f3n de parte del gobierno \u201cdel cambio\u201d a las organizaci\u00f3n sociales y populares; recorte a los derechos del pueblo para descargar sobre las masas trabajadoras la crisis econ\u00f3mica de los ricos; entre otras injusticias.<\/p>\n\n\n\n<p class=\"has-black-color has-text-color has-link-color wp-elements-b339b03a014fd188c1b0fae95f50652c\">Gustavo Petro utiliza y trafica con la imagen de Camilo para intentar desmovilizar a los pueblos de nuestro pa\u00eds. Mientras se dice camilista, env\u00eda batallones del Ej\u00e9rcito a la regi\u00f3n del Catatumbo, para pacificar la insurgencia por la v\u00eda de la represi\u00f3n; busca la unidad con las \u00e9lites econ\u00f3micas y pol\u00edticas del pa\u00eds, mientras criminaliza a las organizaciones campesinas y populares que luchan por sus derechos, y que no se someten a la agenda \u201cdel cambio\u201d; mantiene la doctrina del enemigo interno y las bases militares norteamericanas en Colombia, mientras se vende como el gobierno de la paz total. Mientras adormece la lucha popular, con reformas que no apuntan a resolver los problemas fundamentales de la sociedad colombiana, los principales grupos econ\u00f3micos del pa\u00eds aumentan sus riquezas. Si la oligarqu\u00eda es cada vez m\u00e1s rica, entonces el gobierno \u201cdel cambio\u201d no est\u00e1 haciendo bien las cosas y Petro no es camilista sino un oportunista. &nbsp;<\/p>\n\n\n\n<p class=\"has-black-color has-text-color has-link-color wp-elements-2a639dda49d413c6f5b065009ccced3d\">Hoy en d\u00eda, el pueblo y los revolucionarios, deben volver a mirar la Plataforma del Frente Unido, que son las reivindicaciones que realmente van a dar pie a transformaciones reales de la sociedad colombiana. Se propuso en el espacio retomar dicha Plataforma y se resaltaron 5 puntos que pueden servir de base para empezar a trabajar por un Frente Unido en la actualidad:<\/p>\n\n\n\n<ol start=\"1\" class=\"wp-block-list\">\n<li class=\"has-black-color has-text-color has-link-color wp-elements-33b59c90c0212058c91ae1bc57f5d8dc\">Servir al pueblo. Planteamiento del amor eficaz.<\/li>\n\n\n\n<li class=\"has-black-color has-text-color has-link-color wp-elements-51c172280b39b279753794dbd8189663\">Unidad de la clase popular contra los due\u00f1os del poder.<\/li>\n\n\n\n<li class=\"has-black-color has-text-color has-link-color wp-elements-f1c14f194dec7d1d8d94c41ad4ab3a79\">Lucha por la tierra para el campesinado pobre.<\/li>\n\n\n\n<li class=\"has-black-color has-text-color has-link-color wp-elements-c65fdf1d91ee3370b8b127bffb1b8efd\">Lucha por la autodeterminaci\u00f3n en contra del imperialismo.<\/li>\n\n\n\n<li class=\"has-black-color has-text-color has-link-color wp-elements-f124722b1f90725e0a6379df24f65ba0\">Lucha contra el sectarismo bregando por una unidad con principios.\u00a0<\/li>\n<\/ol>\n\n\n\n<p class=\"has-black-color has-text-color has-link-color wp-elements-39e69618f768aad1bcb1d262ba569298\">Adem\u00e1s del conversatorio realizado, la jornada incluy\u00f3 la realizaci\u00f3n de un mural, estampaci\u00f3n de camisetas y presentaciones musicales.&nbsp;A continuaci\u00f3n, algunas fotograf\u00edas del evento.<\/p>\n\n\n\n<figure class=\"wp-block-gallery aligncenter has-nested-images columns-2 wp-block-gallery-2 is-layout-flex wp-block-gallery-is-layout-flex\">\n<figure class=\"wp-block-image size-large\"><img loading=\"lazy\" decoding=\"async\" width=\"1024\" height=\"683\" data-id=\"27416\" src=\"https:\/\/nuevademocracia.com.co\/wp-content\/uploads\/2025\/03\/Charla-Camilo-Torres-UdeA-1-1-1024x683.jpg\" alt=\"\" class=\"wp-image-27416\" srcset=\"https:\/\/nuevademocracia.com.co\/wp-content\/uploads\/2025\/03\/Charla-Camilo-Torres-UdeA-1-1-1024x683.jpg 1024w, https:\/\/nuevademocracia.com.co\/wp-content\/uploads\/2025\/03\/Charla-Camilo-Torres-UdeA-1-1-300x200.jpg 300w, https:\/\/nuevademocracia.com.co\/wp-content\/uploads\/2025\/03\/Charla-Camilo-Torres-UdeA-1-1-768x512.jpg 768w, https:\/\/nuevademocracia.com.co\/wp-content\/uploads\/2025\/03\/Charla-Camilo-Torres-UdeA-1-1-1536x1024.jpg 1536w, https:\/\/nuevademocracia.com.co\/wp-content\/uploads\/2025\/03\/Charla-Camilo-Torres-UdeA-1-1.jpg 1620w\" sizes=\"auto, (max-width: 1024px) 100vw, 1024px\" \/><\/figure>\n\n\n\n<figure class=\"wp-block-image size-large\"><img loading=\"lazy\" decoding=\"async\" width=\"1024\" height=\"506\" data-id=\"27424\" src=\"https:\/\/nuevademocracia.com.co\/wp-content\/uploads\/2025\/03\/Charla-Camilo-Torres-UdeA-2-1-1024x506.jpg\" alt=\"\" class=\"wp-image-27424\" srcset=\"https:\/\/nuevademocracia.com.co\/wp-content\/uploads\/2025\/03\/Charla-Camilo-Torres-UdeA-2-1-1024x506.jpg 1024w, https:\/\/nuevademocracia.com.co\/wp-content\/uploads\/2025\/03\/Charla-Camilo-Torres-UdeA-2-1-300x148.jpg 300w, https:\/\/nuevademocracia.com.co\/wp-content\/uploads\/2025\/03\/Charla-Camilo-Torres-UdeA-2-1-768x380.jpg 768w, https:\/\/nuevademocracia.com.co\/wp-content\/uploads\/2025\/03\/Charla-Camilo-Torres-UdeA-2-1-1536x759.jpg 1536w, https:\/\/nuevademocracia.com.co\/wp-content\/uploads\/2025\/03\/Charla-Camilo-Torres-UdeA-2-1-2048x1012.jpg 2048w\" sizes=\"auto, (max-width: 1024px) 100vw, 1024px\" \/><\/figure>\n\n\n\n<figure class=\"wp-block-image size-large\"><img loading=\"lazy\" decoding=\"async\" width=\"1024\" height=\"683\" data-id=\"27412\" src=\"https:\/\/nuevademocracia.com.co\/wp-content\/uploads\/2025\/03\/Charla-Camilo-Torres-UdeA-7-1-1024x683.jpg\" alt=\"\" class=\"wp-image-27412\" srcset=\"https:\/\/nuevademocracia.com.co\/wp-content\/uploads\/2025\/03\/Charla-Camilo-Torres-UdeA-7-1-1024x683.jpg 1024w, https:\/\/nuevademocracia.com.co\/wp-content\/uploads\/2025\/03\/Charla-Camilo-Torres-UdeA-7-1-300x200.jpg 300w, https:\/\/nuevademocracia.com.co\/wp-content\/uploads\/2025\/03\/Charla-Camilo-Torres-UdeA-7-1-768x512.jpg 768w, https:\/\/nuevademocracia.com.co\/wp-content\/uploads\/2025\/03\/Charla-Camilo-Torres-UdeA-7-1-1536x1024.jpg 1536w, https:\/\/nuevademocracia.com.co\/wp-content\/uploads\/2025\/03\/Charla-Camilo-Torres-UdeA-7-1.jpg 1620w\" sizes=\"auto, (max-width: 1024px) 100vw, 1024px\" \/><\/figure>\n\n\n\n<figure class=\"wp-block-image size-large\"><img loading=\"lazy\" decoding=\"async\" width=\"1024\" height=\"683\" data-id=\"27420\" src=\"https:\/\/nuevademocracia.com.co\/wp-content\/uploads\/2025\/03\/Charla-Camilo-Torres-UdeA-8-1-1024x683.jpg\" alt=\"\" class=\"wp-image-27420\" srcset=\"https:\/\/nuevademocracia.com.co\/wp-content\/uploads\/2025\/03\/Charla-Camilo-Torres-UdeA-8-1-1024x683.jpg 1024w, https:\/\/nuevademocracia.com.co\/wp-content\/uploads\/2025\/03\/Charla-Camilo-Torres-UdeA-8-1-300x200.jpg 300w, https:\/\/nuevademocracia.com.co\/wp-content\/uploads\/2025\/03\/Charla-Camilo-Torres-UdeA-8-1-768x512.jpg 768w, https:\/\/nuevademocracia.com.co\/wp-content\/uploads\/2025\/03\/Charla-Camilo-Torres-UdeA-8-1-1536x1024.jpg 1536w, https:\/\/nuevademocracia.com.co\/wp-content\/uploads\/2025\/03\/Charla-Camilo-Torres-UdeA-8-1.jpg 1620w\" sizes=\"auto, (max-width: 1024px) 100vw, 1024px\" \/><\/figure>\n\n\n\n<figure class=\"wp-block-image size-large\"><img loading=\"lazy\" decoding=\"async\" width=\"1024\" height=\"683\" data-id=\"27413\" src=\"https:\/\/nuevademocracia.com.co\/wp-content\/uploads\/2025\/03\/Charla-Camilo-Torres-UdeA-9-1-1024x683.jpg\" alt=\"\" class=\"wp-image-27413\" srcset=\"https:\/\/nuevademocracia.com.co\/wp-content\/uploads\/2025\/03\/Charla-Camilo-Torres-UdeA-9-1-1024x683.jpg 1024w, https:\/\/nuevademocracia.com.co\/wp-content\/uploads\/2025\/03\/Charla-Camilo-Torres-UdeA-9-1-300x200.jpg 300w, https:\/\/nuevademocracia.com.co\/wp-content\/uploads\/2025\/03\/Charla-Camilo-Torres-UdeA-9-1-768x512.jpg 768w, https:\/\/nuevademocracia.com.co\/wp-content\/uploads\/2025\/03\/Charla-Camilo-Torres-UdeA-9-1-1536x1024.jpg 1536w, https:\/\/nuevademocracia.com.co\/wp-content\/uploads\/2025\/03\/Charla-Camilo-Torres-UdeA-9-1.jpg 1620w\" sizes=\"auto, (max-width: 1024px) 100vw, 1024px\" \/><\/figure>\n\n\n\n<figure class=\"wp-block-image size-large\"><img loading=\"lazy\" decoding=\"async\" width=\"1024\" height=\"683\" data-id=\"27419\" src=\"https:\/\/nuevademocracia.com.co\/wp-content\/uploads\/2025\/03\/Charla-Camilo-Torres-UdeA-12-1-1024x683.jpg\" alt=\"\" class=\"wp-image-27419\" srcset=\"https:\/\/nuevademocracia.com.co\/wp-content\/uploads\/2025\/03\/Charla-Camilo-Torres-UdeA-12-1-1024x683.jpg 1024w, https:\/\/nuevademocracia.com.co\/wp-content\/uploads\/2025\/03\/Charla-Camilo-Torres-UdeA-12-1-300x200.jpg 300w, https:\/\/nuevademocracia.com.co\/wp-content\/uploads\/2025\/03\/Charla-Camilo-Torres-UdeA-12-1-768x512.jpg 768w, https:\/\/nuevademocracia.com.co\/wp-content\/uploads\/2025\/03\/Charla-Camilo-Torres-UdeA-12-1-1536x1024.jpg 1536w, https:\/\/nuevademocracia.com.co\/wp-content\/uploads\/2025\/03\/Charla-Camilo-Torres-UdeA-12-1.jpg 1620w\" sizes=\"auto, (max-width: 1024px) 100vw, 1024px\" \/><\/figure>\n\n\n\n<figure class=\"wp-block-image size-large\"><img loading=\"lazy\" decoding=\"async\" width=\"1024\" height=\"683\" data-id=\"27414\" src=\"https:\/\/nuevademocracia.com.co\/wp-content\/uploads\/2025\/03\/Charla-Camilo-Torres-UdeA-13-1-1024x683.jpg\" alt=\"\" class=\"wp-image-27414\" srcset=\"https:\/\/nuevademocracia.com.co\/wp-content\/uploads\/2025\/03\/Charla-Camilo-Torres-UdeA-13-1-1024x683.jpg 1024w, https:\/\/nuevademocracia.com.co\/wp-content\/uploads\/2025\/03\/Charla-Camilo-Torres-UdeA-13-1-300x200.jpg 300w, https:\/\/nuevademocracia.com.co\/wp-content\/uploads\/2025\/03\/Charla-Camilo-Torres-UdeA-13-1-768x512.jpg 768w, https:\/\/nuevademocracia.com.co\/wp-content\/uploads\/2025\/03\/Charla-Camilo-Torres-UdeA-13-1-1536x1024.jpg 1536w, https:\/\/nuevademocracia.com.co\/wp-content\/uploads\/2025\/03\/Charla-Camilo-Torres-UdeA-13-1.jpg 1620w\" sizes=\"auto, (max-width: 1024px) 100vw, 1024px\" \/><\/figure>\n\n\n\n<figure class=\"wp-block-image size-large\"><img loading=\"lazy\" decoding=\"async\" width=\"1024\" height=\"683\" data-id=\"27418\" src=\"https:\/\/nuevademocracia.com.co\/wp-content\/uploads\/2025\/03\/Charla-Camilo-Torres-UdeA-18-1-1024x683.jpg\" alt=\"\" class=\"wp-image-27418\" srcset=\"https:\/\/nuevademocracia.com.co\/wp-content\/uploads\/2025\/03\/Charla-Camilo-Torres-UdeA-18-1-1024x683.jpg 1024w, https:\/\/nuevademocracia.com.co\/wp-content\/uploads\/2025\/03\/Charla-Camilo-Torres-UdeA-18-1-300x200.jpg 300w, https:\/\/nuevademocracia.com.co\/wp-content\/uploads\/2025\/03\/Charla-Camilo-Torres-UdeA-18-1-768x512.jpg 768w, https:\/\/nuevademocracia.com.co\/wp-content\/uploads\/2025\/03\/Charla-Camilo-Torres-UdeA-18-1-1536x1024.jpg 1536w, https:\/\/nuevademocracia.com.co\/wp-content\/uploads\/2025\/03\/Charla-Camilo-Torres-UdeA-18-1.jpg 1620w\" sizes=\"auto, (max-width: 1024px) 100vw, 1024px\" \/><\/figure>\n\n\n\n<figure class=\"wp-block-image size-large\"><img loading=\"lazy\" decoding=\"async\" width=\"1024\" height=\"683\" data-id=\"27415\" src=\"https:\/\/nuevademocracia.com.co\/wp-content\/uploads\/2025\/03\/Charla-Camilo-Torres-UdeA-20-1-1024x683.jpg\" alt=\"\" class=\"wp-image-27415\" srcset=\"https:\/\/nuevademocracia.com.co\/wp-content\/uploads\/2025\/03\/Charla-Camilo-Torres-UdeA-20-1-1024x683.jpg 1024w, https:\/\/nuevademocracia.com.co\/wp-content\/uploads\/2025\/03\/Charla-Camilo-Torres-UdeA-20-1-300x200.jpg 300w, https:\/\/nuevademocracia.com.co\/wp-content\/uploads\/2025\/03\/Charla-Camilo-Torres-UdeA-20-1-768x512.jpg 768w, https:\/\/nuevademocracia.com.co\/wp-content\/uploads\/2025\/03\/Charla-Camilo-Torres-UdeA-20-1-1536x1024.jpg 1536w, https:\/\/nuevademocracia.com.co\/wp-content\/uploads\/2025\/03\/Charla-Camilo-Torres-UdeA-20-1.jpg 1620w\" sizes=\"auto, (max-width: 1024px) 100vw, 1024px\" \/><\/figure>\n\n\n\n<figure class=\"wp-block-image size-large\"><img loading=\"lazy\" decoding=\"async\" width=\"1024\" height=\"683\" data-id=\"27421\" src=\"https:\/\/nuevademocracia.com.co\/wp-content\/uploads\/2025\/03\/Charla-Camilo-Torres-UdeA-21-1-1024x683.jpg\" alt=\"\" class=\"wp-image-27421\" srcset=\"https:\/\/nuevademocracia.com.co\/wp-content\/uploads\/2025\/03\/Charla-Camilo-Torres-UdeA-21-1-1024x683.jpg 1024w, https:\/\/nuevademocracia.com.co\/wp-content\/uploads\/2025\/03\/Charla-Camilo-Torres-UdeA-21-1-300x200.jpg 300w, https:\/\/nuevademocracia.com.co\/wp-content\/uploads\/2025\/03\/Charla-Camilo-Torres-UdeA-21-1-768x512.jpg 768w, https:\/\/nuevademocracia.com.co\/wp-content\/uploads\/2025\/03\/Charla-Camilo-Torres-UdeA-21-1-1536x1024.jpg 1536w, https:\/\/nuevademocracia.com.co\/wp-content\/uploads\/2025\/03\/Charla-Camilo-Torres-UdeA-21-1.jpg 1620w\" sizes=\"auto, (max-width: 1024px) 100vw, 1024px\" \/><\/figure>\n\n\n\n<figure class=\"wp-block-image size-large\"><img loading=\"lazy\" decoding=\"async\" width=\"1024\" height=\"683\" data-id=\"27417\" src=\"https:\/\/nuevademocracia.com.co\/wp-content\/uploads\/2025\/03\/Charla-Camilo-Torres-UdeA-22-1-1024x683.jpg\" alt=\"\" class=\"wp-image-27417\" srcset=\"https:\/\/nuevademocracia.com.co\/wp-content\/uploads\/2025\/03\/Charla-Camilo-Torres-UdeA-22-1-1024x683.jpg 1024w, https:\/\/nuevademocracia.com.co\/wp-content\/uploads\/2025\/03\/Charla-Camilo-Torres-UdeA-22-1-300x200.jpg 300w, https:\/\/nuevademocracia.com.co\/wp-content\/uploads\/2025\/03\/Charla-Camilo-Torres-UdeA-22-1-768x512.jpg 768w, https:\/\/nuevademocracia.com.co\/wp-content\/uploads\/2025\/03\/Charla-Camilo-Torres-UdeA-22-1-1536x1024.jpg 1536w, https:\/\/nuevademocracia.com.co\/wp-content\/uploads\/2025\/03\/Charla-Camilo-Torres-UdeA-22-1.jpg 1620w\" sizes=\"auto, (max-width: 1024px) 100vw, 1024px\" \/><\/figure>\n\n\n\n<figure class=\"wp-block-image size-large\"><img loading=\"lazy\" decoding=\"async\" width=\"1024\" height=\"683\" data-id=\"27422\" src=\"https:\/\/nuevademocracia.com.co\/wp-content\/uploads\/2025\/03\/Charla-Camilo-Torres-UdeA-27-1-1024x683.jpg\" alt=\"\" class=\"wp-image-27422\" srcset=\"https:\/\/nuevademocracia.com.co\/wp-content\/uploads\/2025\/03\/Charla-Camilo-Torres-UdeA-27-1-1024x683.jpg 1024w, https:\/\/nuevademocracia.com.co\/wp-content\/uploads\/2025\/03\/Charla-Camilo-Torres-UdeA-27-1-300x200.jpg 300w, https:\/\/nuevademocracia.com.co\/wp-content\/uploads\/2025\/03\/Charla-Camilo-Torres-UdeA-27-1-768x512.jpg 768w, https:\/\/nuevademocracia.com.co\/wp-content\/uploads\/2025\/03\/Charla-Camilo-Torres-UdeA-27-1-1536x1024.jpg 1536w, https:\/\/nuevademocracia.com.co\/wp-content\/uploads\/2025\/03\/Charla-Camilo-Torres-UdeA-27-1.jpg 1620w\" sizes=\"auto, (max-width: 1024px) 100vw, 1024px\" \/><\/figure>\n\n\n\n<figure class=\"wp-block-image size-large\"><img loading=\"lazy\" decoding=\"async\" width=\"1024\" height=\"683\" data-id=\"27423\" src=\"https:\/\/nuevademocracia.com.co\/wp-content\/uploads\/2025\/03\/Charla-Camilo-Torres-UdeA-28-1-1024x683.jpg\" alt=\"\" class=\"wp-image-27423\" srcset=\"https:\/\/nuevademocracia.com.co\/wp-content\/uploads\/2025\/03\/Charla-Camilo-Torres-UdeA-28-1-1024x683.jpg 1024w, https:\/\/nuevademocracia.com.co\/wp-content\/uploads\/2025\/03\/Charla-Camilo-Torres-UdeA-28-1-300x200.jpg 300w, https:\/\/nuevademocracia.com.co\/wp-content\/uploads\/2025\/03\/Charla-Camilo-Torres-UdeA-28-1-768x512.jpg 768w, https:\/\/nuevademocracia.com.co\/wp-content\/uploads\/2025\/03\/Charla-Camilo-Torres-UdeA-28-1-1536x1024.jpg 1536w, https:\/\/nuevademocracia.com.co\/wp-content\/uploads\/2025\/03\/Charla-Camilo-Torres-UdeA-28-1.jpg 1620w\" sizes=\"auto, (max-width: 1024px) 100vw, 1024px\" \/><\/figure>\n<\/figure>\n","protected":false},"excerpt":{"rendered":"<p>El d\u00eda martes 4 de marzo, en la UdeA, varias organizaciones populares, realizaron una conmemoraci\u00f3n del legado de Camilo Torres Restrepo<\/p>\n","protected":false},"author":1,"featured_media":27424,"comment_status":"open","ping_status":"open","sticky":false,"template":"","format":"gallery","meta":{"footnotes":""},"categories":[16,4],"tags":[169,62,170,122,172,171],"class_list":["post-27394","post","type-post","status-publish","format-gallery","has-post-thumbnail","hentry","category-carrusel","category-colombia","tag-camilo-torres-restrepo","tag-conmemoracion","tag-lucha-popular","tag-marxismo","tag-nueva-democracia","tag-revolucion","post_format-post-format-gallery"],"blocksy_meta":[],"_links":{"self":[{"href":"https:\/\/nuevademocracia.com.co\/index.php?rest_route=\/wp\/v2\/posts\/27394","targetHints":{"allow":["GET"]}}],"collection":[{"href":"https:\/\/nuevademocracia.com.co\/index.php?rest_route=\/wp\/v2\/posts"}],"about":[{"href":"https:\/\/nuevademocracia.com.co\/index.php?rest_route=\/wp\/v2\/types\/post"}],"author":[{"embeddable":true,"href":"https:\/\/nuevademocracia.com.co\/index.php?rest_route=\/wp\/v2\/users\/1"}],"replies":[{"embeddable":true,"href":"https:\/\/nuevademocracia.com.co\/index.php?rest_route=%2Fwp%2Fv2%2Fcomments&post=27394"}],"version-history":[{"count":3,"href":"https:\/\/nuevademocracia.com.co\/index.php?rest_route=\/wp\/v2\/posts\/27394\/revisions"}],"predecessor-version":[{"id":27426,"href":"https:\/\/nuevademocracia.com.co\/index.php?rest_route=\/wp\/v2\/posts\/27394\/revisions\/27426"}],"wp:featuredmedia":[{"embeddable":true,"href":"https:\/\/nuevademocracia.com.co\/index.php?rest_route=\/wp\/v2\/media\/27424"}],"wp:attachment":[{"href":"https:\/\/nuevademocracia.com.co\/index.php?rest_route=%2Fwp%2Fv2%2Fmedia&parent=27394"}],"wp:term":[{"taxonomy":"category","embeddable":true,"href":"https:\/\/nuevademocracia.com.co\/index.php?rest_route=%2Fwp%2Fv2%2Fcategories&post=27394"},{"taxonomy":"post_tag","embeddable":true,"href":"https:\/\/nuevademocracia.com.co\/index.php?rest_route=%2Fwp%2Fv2%2Ftags&post=27394"}],"curies":[{"name":"wp","href":"https:\/\/api.w.org\/{rel}","templated":true}]}}