{"id":27431,"date":"2025-03-12T12:01:19","date_gmt":"2025-03-12T17:01:19","guid":{"rendered":"https:\/\/nuevademocracia.com.co\/?p=27431"},"modified":"2026-03-28T00:38:05","modified_gmt":"2026-03-28T05:38:05","slug":"combativa-jornada-de-movilizacion-el-8m","status":"publish","type":"post","link":"https:\/\/nuevademocracia.com.co\/?p=27431","title":{"rendered":"Combativa jornada de movilizaci\u00f3n el 8M"},"content":{"rendered":"\n<hr class=\"wp-block-separator has-text-color has-vivid-red-color has-alpha-channel-opacity has-vivid-red-background-color has-background\"\/>\n\n\n\n<figure class=\"wp-block-image aligncenter size-large is-resized\"><img loading=\"lazy\" decoding=\"async\" width=\"1024\" height=\"683\" src=\"https:\/\/nuevademocracia.com.co\/wp-content\/uploads\/2025\/03\/DSC_0047-1-1024x683.jpg\" alt=\"\" class=\"wp-image-27433\" style=\"width:568px;height:auto\" srcset=\"https:\/\/nuevademocracia.com.co\/wp-content\/uploads\/2025\/03\/DSC_0047-1-1024x683.jpg 1024w, https:\/\/nuevademocracia.com.co\/wp-content\/uploads\/2025\/03\/DSC_0047-1-300x200.jpg 300w, https:\/\/nuevademocracia.com.co\/wp-content\/uploads\/2025\/03\/DSC_0047-1-768x512.jpg 768w, https:\/\/nuevademocracia.com.co\/wp-content\/uploads\/2025\/03\/DSC_0047-1-1536x1024.jpg 1536w, https:\/\/nuevademocracia.com.co\/wp-content\/uploads\/2025\/03\/DSC_0047-1-2048x1365.jpg 2048w\" sizes=\"auto, (max-width: 1024px) 100vw, 1024px\" \/><\/figure>\n\n\n\n<p class=\"has-black-color has-text-color has-link-color wp-elements-b0c992d29761245a449fd255a86bd4ef\">El pasado 8 de marzo, D\u00eda Internacional de la Mujer Obrera, Campesina y Popular, se dieron grandes movilizaciones en el pa\u00eds, las mujeres trabajadoras, estudiantes, j\u00f3venes, intelectuales, vendedoras ambulantes y ni\u00f1as, salieron y tomaron las calles exigiendo justicia y derechos. En varias ciudades como Bogot\u00e1, Medell\u00edn, Cali y Bucaramanga, las movilizaciones se tomaron las v\u00edas principales, haciendo exigencias del movimiento femenino por medio de varias acciones, llevando denuncias concretas de mujeres desaparecidas, abusadas, explotadas, acosadas por los patrones, victimas del desplazamiento y de la desaparici\u00f3n forzada de sus hijos.<\/p>\n\n\n\n<p class=\"has-black-color has-text-color has-link-color wp-elements-6a53f0d7a0201c262ea098b31aff06c6\">En Bogot\u00e1 se movilizaron cerca de 8.000 mujeres, quienes, en solidaridad, con las madres buscadoras de la Comuna 13 de Medell\u00edn, levantaron la bandera de \u201cLas cuchas tienen raz\u00f3n\u201d. En la Canciller\u00eda, las mujeres hicieron denuncias de las ni\u00f1as que fueron abusadas sexualmente por tropas yanquis en nuestro pa\u00eds, como en la base militar de Tolemaida. Tambi\u00e9n, pintaron las paredes exigiendo justicia con frases como, \u201c\u00a1No m\u00e1s impunidad diplom\u00e1tica a violadores!\u201d \u201c\u00a1No m\u00e1s gringos!\u201d. En varias estaciones del sistema masivo de transporte Transmilenio, las mujeres expresaron su justa furia, atacando y pintando las estaciones, motivadas por las condiciones indignas para el pueblo trabajador y en particular para las mujeres populares, ya que muchas son acosadas y abusadas sexualmente en el sistema de transporte.<\/p>\n\n\n\n<figure class=\"wp-block-image aligncenter size-full\"><img loading=\"lazy\" decoding=\"async\" width=\"525\" height=\"386\" src=\"https:\/\/nuevademocracia.com.co\/wp-content\/uploads\/2025\/03\/image.png\" alt=\"\" class=\"wp-image-27434\" srcset=\"https:\/\/nuevademocracia.com.co\/wp-content\/uploads\/2025\/03\/image.png 525w, https:\/\/nuevademocracia.com.co\/wp-content\/uploads\/2025\/03\/image-300x221.png 300w\" sizes=\"auto, (max-width: 525px) 100vw, 525px\" \/><figcaption class=\"wp-element-caption\"><em><strong>Foto: Volc\u00e1nicas<\/strong><\/em><\/figcaption><\/figure>\n\n\n\n<p class=\"has-black-color has-text-color has-link-color wp-elements-865ba3fbdf7d79dadd5062895413f3d2\">En Medell\u00edn, la concentraci\u00f3n se dio en el Cementerio de La Am\u00e9rica, alrededor del monumento a los desaparecidos y asesinados por la Operaci\u00f3n Ori\u00f3n y otras operaciones militares, las cuales ocurrieron en el marco de la pol\u00edtica de Seguridad Democr\u00e1tica de \u00c1lvaro Uribe V\u00e9lez, quien ha sido acusado por organizaciones populares, como promotor del paramilitarismo y sus cr\u00edmenes, cometidos contra el pueblo, como los ataques militares y paramilitares contra barrios populares y veredas, cumpliendo los planes del imperialismo yanqui, en el marco del Plan Colombia.<\/p>\n\n\n\n<p class=\"has-black-color has-text-color has-link-color wp-elements-3e811a5e8dd56e41509104511b7ef118\">En Medell\u00edn tambi\u00e9n reson\u00f3 la consigna de \u201cLas cuchas tienen raz\u00f3n\u201d, presente en pancartas, carteles, performances, consignas. La Comuna 13 de Medell\u00edn, hoy es escenario de disputa por la justicia y la memoria. Las madres buscadoras, que por m\u00e1s de 20 a\u00f1os han denunciado al Estado por la desaparici\u00f3n de sus hijos y familiares, asesinados y enterrados en <a href=\"https:\/\/nuevademocracia.com.co\/?p=27375\">La Escombrera<\/a>, hoy levantan su pu\u00f1o con m\u00e1s fuerza, ante los viles ataques de la alcald\u00eda de Federico Guti\u00e9rrez, quien intent\u00f3 silenciar su lucha, ordenando, a inicios de este a\u00f1o, borrar los murales dedicados a las madres buscadoras. Sin embargo, lo \u00fanico que cosech\u00f3 \u201cFico\u201d, fue un rotundo fracaso, y el mural que orden\u00f3 borrar, no solo fue vuelto a pintar por el pueblo, sino que se multiplic\u00f3 por decenas en todo el pa\u00eds.<\/p>\n\n\n\n<figure class=\"wp-block-image aligncenter size-large is-resized\"><img loading=\"lazy\" decoding=\"async\" width=\"1024\" height=\"683\" src=\"https:\/\/nuevademocracia.com.co\/wp-content\/uploads\/2025\/03\/DSC_0015-1-1024x683.jpg\" alt=\"\" class=\"wp-image-27436\" style=\"width:745px;height:auto\" srcset=\"https:\/\/nuevademocracia.com.co\/wp-content\/uploads\/2025\/03\/DSC_0015-1-1024x683.jpg 1024w, https:\/\/nuevademocracia.com.co\/wp-content\/uploads\/2025\/03\/DSC_0015-1-300x200.jpg 300w, https:\/\/nuevademocracia.com.co\/wp-content\/uploads\/2025\/03\/DSC_0015-1-768x512.jpg 768w, https:\/\/nuevademocracia.com.co\/wp-content\/uploads\/2025\/03\/DSC_0015-1-1536x1024.jpg 1536w, https:\/\/nuevademocracia.com.co\/wp-content\/uploads\/2025\/03\/DSC_0015-1-2048x1365.jpg 2048w\" sizes=\"auto, (max-width: 1024px) 100vw, 1024px\" \/><\/figure>\n\n\n\n<p class=\"has-black-color has-text-color has-link-color wp-elements-9eb4f0a3f96d909485c7ee706378d9c6\">La lucha de las madres buscadoras se ha convertido en un ejemplo y motivaci\u00f3n para el movimiento de mujeres. Su persistencia en la lucha por justicia, es fermento para avanzar en la construcci\u00f3n de organizaciones femeninas populares, al servicio de la lucha por los derechos del pueblo y de la transformaci\u00f3n de la sociedad.<\/p>\n\n\n\n<figure class=\"wp-block-image aligncenter size-large is-resized\"><img loading=\"lazy\" decoding=\"async\" width=\"1024\" height=\"683\" src=\"https:\/\/nuevademocracia.com.co\/wp-content\/uploads\/2025\/03\/DSC_0107-1-1024x683.jpg\" alt=\"\" class=\"wp-image-27438\" style=\"width:583px;height:auto\" srcset=\"https:\/\/nuevademocracia.com.co\/wp-content\/uploads\/2025\/03\/DSC_0107-1-1024x683.jpg 1024w, https:\/\/nuevademocracia.com.co\/wp-content\/uploads\/2025\/03\/DSC_0107-1-300x200.jpg 300w, https:\/\/nuevademocracia.com.co\/wp-content\/uploads\/2025\/03\/DSC_0107-1-768x512.jpg 768w, https:\/\/nuevademocracia.com.co\/wp-content\/uploads\/2025\/03\/DSC_0107-1-1536x1024.jpg 1536w, https:\/\/nuevademocracia.com.co\/wp-content\/uploads\/2025\/03\/DSC_0107-1-2048x1365.jpg 2048w\" sizes=\"auto, (max-width: 1024px) 100vw, 1024px\" \/><\/figure>\n\n\n\n<p class=\"has-black-color has-text-color has-link-color wp-elements-a414cfeb83e21483641ef6e37b581107\">En la movilizaci\u00f3n del 8M, tambi\u00e9n hubo discursos y actos exigiendo derechos para las venteras ambulantes, estudiantes, profesoras, etc. Mujeres del barrio popular Jos\u00e9 Antonio Gal\u00e1n, denunciaron la amenaza de desalojo que sufren actualmente y exigieron vivienda digna. Adem\u00e1s, algunas de ellas, denunciaron que el viejo Estado hab\u00eda asesinado a sus hijos y que la justicia era para los ricos y no para los pobres. Ellas dec\u00edan: \u201c\u00a1Fuerza mujeres, a m\u00ed me asesinaron a mi hijo, as\u00ed que fuerza! \u00a1Nosotras podemos\u201d! Otra mujer expuso su dura situaci\u00f3n: desplazada del Catatumbo, hab\u00eda llegado a la ciudad de Medell\u00edn, sin nada para darle a sus hijos y con muchos problemas para atender la situaci\u00f3n de su hija, que tiene una enfermedad. Las j\u00f3venes y estudiantes o\u00edan con atenci\u00f3n e indignaci\u00f3n la miseria y pobreza a la que son sometidas las mujeres populares en el pa\u00eds. En medio de estas denuncias, las mujeres arengaron: \u201c\u00a1Mujer escucha, esta es tu lucha!\u201d<\/p>\n\n\n\n<figure class=\"wp-block-image aligncenter size-large\"><img loading=\"lazy\" decoding=\"async\" width=\"1024\" height=\"470\" src=\"https:\/\/nuevademocracia.com.co\/wp-content\/uploads\/2025\/03\/Captura-1-1024x470.png\" alt=\"\" class=\"wp-image-27440\" srcset=\"https:\/\/nuevademocracia.com.co\/wp-content\/uploads\/2025\/03\/Captura-1-1024x470.png 1024w, https:\/\/nuevademocracia.com.co\/wp-content\/uploads\/2025\/03\/Captura-1-300x138.png 300w, https:\/\/nuevademocracia.com.co\/wp-content\/uploads\/2025\/03\/Captura-1-768x353.png 768w, https:\/\/nuevademocracia.com.co\/wp-content\/uploads\/2025\/03\/Captura-1.png 1063w\" sizes=\"auto, (max-width: 1024px) 100vw, 1024px\" \/><\/figure>\n\n\n\n<p class=\"has-black-color has-text-color has-link-color wp-elements-d19a1a55094c2df57e1bfe07ff3ab841\">En medio del recorrido, unas j\u00f3venes sosten\u00edan carteles y gritaban que les hac\u00eda falta Ana Valentina. Lloraban y gritaban su nombre. Contaron c\u00f3mo hab\u00eda desaparecido su amiga, que pusieron la denuncia y el Estado no hizo nada para buscarla, y ellas por su cuenta la han estado buscado. En medio l\u00e1grimas dec\u00edan \u201c\u00a1Ay\u00fadenos a encontrarla!\u201d<\/p>\n\n\n\n<p class=\"has-black-color has-text-color has-link-color wp-elements-fb3d73fc1d1a5dac9a2860890e063b93\">Denuncias tan dolorosas, muestran la opresi\u00f3n de las mujeres populares bajo el sistema imperialista, un sistema podrido, agonizante, que con toda su basura ideol\u00f3gica reduce el papel de las mujeres a ser meros objetos sexuales, desencadenando una serie de problemas psicol\u00f3gicos en las mujeres, que todos los d\u00edas son acosadas, abusadas y violentadas. A pesar del dolor, las mujeres han demostrado que, as\u00ed como han sido doblemente oprimidas, son doblemente luchadoras. El ambiente de la movilizaci\u00f3n era alegre, emit\u00eda la fuerza de apoyarse unas con otras, aliviando sus dolores, denunciando los abusos, conscientes de que el peso de las cadenas no es individual y que bajo esta sociedad las mujeres del pueblo se deben organizar y romper todas sus cadenas. En las intervenciones del Movimiento Femenino Popular (MFP) se resalt\u00f3 la combatividad de las mujeres en el pa\u00eds, se agit\u00f3 la bandera de Palestina, mostrando el camino de las heroicas combatientes, que defienden como leonas a sus hijos, y se llam\u00f3 a no confiar en el viejo Estado, sus instituciones y elecciones al servicio de terratenientes y grandes burgueses.<\/p>\n\n\n\n<p><\/p>\n\n\n\n<p class=\"has-black-color has-text-color has-link-color wp-elements-d8e82be6251c2fefcb1a54b4ef79d189\">Tambi\u00e9n, durante la movilizaci\u00f3n, algunos bancos fueron pintados con diversas frases, entre ellas, mensajes llamando a tomar las tierras del latifundio y hacer la Revoluci\u00f3n de Nueva Democracia, y mensajes afirmando que la lucha de la mujer popular, es por derechos y no en las urnas. Acciones que reivindican un camino revolucionario y rechazan un camino electoral, institucional y burocr\u00e1tico, en el contexto en que varias organizaciones electoreras, est\u00e1n enfilando la lucha hacia las elecciones presidenciales del 2026. Existe lucha entre quienes vienen hablando de c\u00f3mo preparar el 2026, las elecciones, la \u201cgobernanza feminista\u201d, y afirman que hoy el camino es haciendo mesas de concertaci\u00f3n antimilitarista con participaci\u00f3n para la gobernabilidad. Y entre quienes se reafirman en un camino independiente del Estado, de las politiqueras y por las exigencias de las mujeres populares.<\/p>\n\n\n\n<div class=\"wp-block-group is-nowrap is-layout-flex wp-container-core-group-is-layout-6c531013 wp-block-group-is-layout-flex\">\n<figure class=\"wp-block-image size-large is-resized\"><img loading=\"lazy\" decoding=\"async\" width=\"1024\" height=\"683\" src=\"https:\/\/nuevademocracia.com.co\/wp-content\/uploads\/2025\/03\/DSC_0074-1024x683.jpg\" alt=\"\" class=\"wp-image-27441\" style=\"width:497px;height:auto\" srcset=\"https:\/\/nuevademocracia.com.co\/wp-content\/uploads\/2025\/03\/DSC_0074-1024x683.jpg 1024w, https:\/\/nuevademocracia.com.co\/wp-content\/uploads\/2025\/03\/DSC_0074-300x200.jpg 300w, https:\/\/nuevademocracia.com.co\/wp-content\/uploads\/2025\/03\/DSC_0074-768x512.jpg 768w, https:\/\/nuevademocracia.com.co\/wp-content\/uploads\/2025\/03\/DSC_0074-1536x1024.jpg 1536w, https:\/\/nuevademocracia.com.co\/wp-content\/uploads\/2025\/03\/DSC_0074-2048x1365.jpg 2048w\" sizes=\"auto, (max-width: 1024px) 100vw, 1024px\" \/><\/figure>\n\n\n\n<figure class=\"wp-block-image size-large is-resized\"><img loading=\"lazy\" decoding=\"async\" width=\"1024\" height=\"683\" src=\"https:\/\/nuevademocracia.com.co\/wp-content\/uploads\/2025\/03\/DSC_0081-1024x683.jpg\" alt=\"\" class=\"wp-image-27442\" style=\"width:503px;height:auto\" srcset=\"https:\/\/nuevademocracia.com.co\/wp-content\/uploads\/2025\/03\/DSC_0081-1024x683.jpg 1024w, https:\/\/nuevademocracia.com.co\/wp-content\/uploads\/2025\/03\/DSC_0081-300x200.jpg 300w, https:\/\/nuevademocracia.com.co\/wp-content\/uploads\/2025\/03\/DSC_0081-768x512.jpg 768w, https:\/\/nuevademocracia.com.co\/wp-content\/uploads\/2025\/03\/DSC_0081-1536x1024.jpg 1536w, https:\/\/nuevademocracia.com.co\/wp-content\/uploads\/2025\/03\/DSC_0081-2048x1365.jpg 2048w\" sizes=\"auto, (max-width: 1024px) 100vw, 1024px\" \/><\/figure>\n<\/div>\n\n\n\n<p><\/p>\n\n\n\n<div class=\"wp-block-group is-nowrap is-layout-flex wp-container-core-group-is-layout-6c531013 wp-block-group-is-layout-flex\">\n<figure class=\"wp-block-image size-large is-resized\"><img loading=\"lazy\" decoding=\"async\" width=\"1024\" height=\"797\" src=\"https:\/\/nuevademocracia.com.co\/wp-content\/uploads\/2025\/03\/DSC_0082-1024x797.jpg\" alt=\"\" class=\"wp-image-27443\" style=\"width:502px;height:auto\" srcset=\"https:\/\/nuevademocracia.com.co\/wp-content\/uploads\/2025\/03\/DSC_0082-1024x797.jpg 1024w, https:\/\/nuevademocracia.com.co\/wp-content\/uploads\/2025\/03\/DSC_0082-300x233.jpg 300w, https:\/\/nuevademocracia.com.co\/wp-content\/uploads\/2025\/03\/DSC_0082-768x598.jpg 768w, https:\/\/nuevademocracia.com.co\/wp-content\/uploads\/2025\/03\/DSC_0082-1536x1195.jpg 1536w, https:\/\/nuevademocracia.com.co\/wp-content\/uploads\/2025\/03\/DSC_0082-2048x1594.jpg 2048w\" sizes=\"auto, (max-width: 1024px) 100vw, 1024px\" \/><\/figure>\n\n\n\n<figure class=\"wp-block-image size-large is-resized\"><img loading=\"lazy\" decoding=\"async\" width=\"1024\" height=\"683\" src=\"https:\/\/nuevademocracia.com.co\/wp-content\/uploads\/2025\/03\/DSC_0094-1024x683.jpg\" alt=\"\" class=\"wp-image-27444\" style=\"width:508px;height:auto\" srcset=\"https:\/\/nuevademocracia.com.co\/wp-content\/uploads\/2025\/03\/DSC_0094-1024x683.jpg 1024w, https:\/\/nuevademocracia.com.co\/wp-content\/uploads\/2025\/03\/DSC_0094-300x200.jpg 300w, https:\/\/nuevademocracia.com.co\/wp-content\/uploads\/2025\/03\/DSC_0094-768x512.jpg 768w, https:\/\/nuevademocracia.com.co\/wp-content\/uploads\/2025\/03\/DSC_0094-1536x1024.jpg 1536w, https:\/\/nuevademocracia.com.co\/wp-content\/uploads\/2025\/03\/DSC_0094-2048x1365.jpg 2048w\" sizes=\"auto, (max-width: 1024px) 100vw, 1024px\" \/><\/figure>\n<\/div>\n\n\n\n<p><\/p>\n\n\n\n<figure class=\"wp-block-image aligncenter size-large is-resized\"><img loading=\"lazy\" decoding=\"async\" width=\"1024\" height=\"683\" src=\"https:\/\/nuevademocracia.com.co\/wp-content\/uploads\/2025\/03\/DSC_0099-1-1024x683.jpg\" alt=\"\" class=\"wp-image-27446\" style=\"width:492px;height:auto\" srcset=\"https:\/\/nuevademocracia.com.co\/wp-content\/uploads\/2025\/03\/DSC_0099-1-1024x683.jpg 1024w, https:\/\/nuevademocracia.com.co\/wp-content\/uploads\/2025\/03\/DSC_0099-1-300x200.jpg 300w, https:\/\/nuevademocracia.com.co\/wp-content\/uploads\/2025\/03\/DSC_0099-1-768x512.jpg 768w, https:\/\/nuevademocracia.com.co\/wp-content\/uploads\/2025\/03\/DSC_0099-1-1536x1024.jpg 1536w, https:\/\/nuevademocracia.com.co\/wp-content\/uploads\/2025\/03\/DSC_0099-1-2048x1365.jpg 2048w\" sizes=\"auto, (max-width: 1024px) 100vw, 1024px\" \/><\/figure>\n\n\n\n<p class=\"has-black-color has-text-color has-link-color wp-elements-4bb2e2f801e66d51a796794cd47044f0\">El 8M fue una gran jornada de lucha, que en algunas ciudades se destac\u00f3 por ser muy combativa, despertando el odio y la criminalizaci\u00f3n de las clases dominantes, que, a trav\u00e9s de toda la prensa monop\u00f3lica, han rechazado las acciones combativas de las mujeres, las han tildado de \u201cvandalismo\u201d y han instigando la represi\u00f3n del Estado para que judicialicen. Una de esas reacciones fue de Gustavo Petro, quien dijo \u201c\u2026no me gusta lo que pasa en el d\u00eda de la mujer en contra del homenaje a un hombre que fue un l\u00edder muy importante del pa\u00eds \u2026\u201d, refiri\u00e9ndose a la acci\u00f3n de las mujeres en Bogot\u00e1, quienes prendieron fuego y rayaron la estatua de Luis Carlos Gal\u00e1n (dirigente del Partido Liberal asesinado en 1989). El gobierno Petro, llama a las mujeres a mantenerse pac\u00edficas, mientras protege a abusadores de mujeres, como los altos funcionarios de su gobierno que tienen denuncias por abuso y maltrato.<\/p>\n\n\n\n<p class=\"has-black-color has-text-color has-link-color wp-elements-c94c047b233f6a18a2ba2dd46be3ad88\">Antes de finalizar la movilizaci\u00f3n, se realiz\u00f3 una quema con rostros representativos del imperialismo (Trump, el general del Comando Sur, Netanyahu, Elon Musk). En esa quema se agitaron consignas como \u201cLas cuchas tienen raz\u00f3n\u201d, \u201cUribe lacayo del imperialismo dio la orden\u201d, \u201cCastigo para los culpables\u201d, \u201cJusticia a las presas por luchar\u201d. Las mujeres se acercaron a la llama de la antorcha y arrojaron las caras del imperialismo con rabia, culminando la jornada con un elevado esp\u00edritu de lucha.<\/p>\n\n\n\n<div class=\"wp-block-group is-nowrap is-layout-flex wp-container-core-group-is-layout-6c531013 wp-block-group-is-layout-flex\">\n<figure class=\"wp-block-image aligncenter size-large is-resized\"><img loading=\"lazy\" decoding=\"async\" width=\"1024\" height=\"683\" src=\"https:\/\/nuevademocracia.com.co\/wp-content\/uploads\/2025\/03\/DSC_0104-1-1024x683.jpg\" alt=\"\" class=\"wp-image-27448\" style=\"width:548px;height:auto\" srcset=\"https:\/\/nuevademocracia.com.co\/wp-content\/uploads\/2025\/03\/DSC_0104-1-1024x683.jpg 1024w, https:\/\/nuevademocracia.com.co\/wp-content\/uploads\/2025\/03\/DSC_0104-1-300x200.jpg 300w, https:\/\/nuevademocracia.com.co\/wp-content\/uploads\/2025\/03\/DSC_0104-1-768x512.jpg 768w, https:\/\/nuevademocracia.com.co\/wp-content\/uploads\/2025\/03\/DSC_0104-1-1536x1024.jpg 1536w, https:\/\/nuevademocracia.com.co\/wp-content\/uploads\/2025\/03\/DSC_0104-1-2048x1365.jpg 2048w\" sizes=\"auto, (max-width: 1024px) 100vw, 1024px\" \/><\/figure>\n\n\n\n<figure class=\"wp-block-image aligncenter size-large is-resized\"><img loading=\"lazy\" decoding=\"async\" width=\"1024\" height=\"683\" src=\"https:\/\/nuevademocracia.com.co\/wp-content\/uploads\/2025\/03\/DSC_0051-1-1024x683.jpg\" alt=\"\" class=\"wp-image-27451\" style=\"width:555px;height:auto\" srcset=\"https:\/\/nuevademocracia.com.co\/wp-content\/uploads\/2025\/03\/DSC_0051-1-1024x683.jpg 1024w, https:\/\/nuevademocracia.com.co\/wp-content\/uploads\/2025\/03\/DSC_0051-1-300x200.jpg 300w, https:\/\/nuevademocracia.com.co\/wp-content\/uploads\/2025\/03\/DSC_0051-1-768x512.jpg 768w, https:\/\/nuevademocracia.com.co\/wp-content\/uploads\/2025\/03\/DSC_0051-1-1536x1024.jpg 1536w, https:\/\/nuevademocracia.com.co\/wp-content\/uploads\/2025\/03\/DSC_0051-1-2048x1365.jpg 2048w\" sizes=\"auto, (max-width: 1024px) 100vw, 1024px\" \/><\/figure>\n<\/div>\n\n\n\n<p><\/p>\n\n\n\n<div class=\"wp-block-group is-nowrap is-layout-flex wp-container-core-group-is-layout-6c531013 wp-block-group-is-layout-flex\">\n<figure class=\"wp-block-image size-large is-resized\"><img loading=\"lazy\" decoding=\"async\" width=\"1024\" height=\"683\" src=\"https:\/\/nuevademocracia.com.co\/wp-content\/uploads\/2025\/03\/DSC_0046-1024x683.jpg\" alt=\"\" class=\"wp-image-27450\" style=\"width:487px;height:auto\" srcset=\"https:\/\/nuevademocracia.com.co\/wp-content\/uploads\/2025\/03\/DSC_0046-1024x683.jpg 1024w, https:\/\/nuevademocracia.com.co\/wp-content\/uploads\/2025\/03\/DSC_0046-300x200.jpg 300w, https:\/\/nuevademocracia.com.co\/wp-content\/uploads\/2025\/03\/DSC_0046-768x512.jpg 768w, https:\/\/nuevademocracia.com.co\/wp-content\/uploads\/2025\/03\/DSC_0046-1536x1024.jpg 1536w, https:\/\/nuevademocracia.com.co\/wp-content\/uploads\/2025\/03\/DSC_0046-2048x1365.jpg 2048w\" sizes=\"auto, (max-width: 1024px) 100vw, 1024px\" \/><\/figure>\n\n\n\n<figure class=\"wp-block-image size-large is-resized\"><img loading=\"lazy\" decoding=\"async\" width=\"1024\" height=\"556\" src=\"https:\/\/nuevademocracia.com.co\/wp-content\/uploads\/2025\/03\/DSC_0043-1024x556.jpg\" alt=\"\" class=\"wp-image-27452\" style=\"width:533px;height:auto\" srcset=\"https:\/\/nuevademocracia.com.co\/wp-content\/uploads\/2025\/03\/DSC_0043-1024x556.jpg 1024w, https:\/\/nuevademocracia.com.co\/wp-content\/uploads\/2025\/03\/DSC_0043-300x163.jpg 300w, https:\/\/nuevademocracia.com.co\/wp-content\/uploads\/2025\/03\/DSC_0043-768x417.jpg 768w, https:\/\/nuevademocracia.com.co\/wp-content\/uploads\/2025\/03\/DSC_0043-1536x834.jpg 1536w, https:\/\/nuevademocracia.com.co\/wp-content\/uploads\/2025\/03\/DSC_0043-2048x1111.jpg 2048w\" sizes=\"auto, (max-width: 1024px) 100vw, 1024px\" \/><\/figure>\n<\/div>\n","protected":false},"excerpt":{"rendered":"<p>El pasado 8 de marzo se dieron grandes movilizaciones en el pa\u00eds exigiendo los derechos de las mujeres populares y  justicia.<\/p>\n","protected":false},"author":1,"featured_media":27439,"comment_status":"open","ping_status":"open","sticky":false,"template":"","format":"standard","meta":{"footnotes":""},"categories":[16,4,115],"tags":[],"class_list":["post-27431","post","type-post","status-publish","format-standard","has-post-thumbnail","hentry","category-carrusel","category-colombia","category-mujer"],"blocksy_meta":[],"_links":{"self":[{"href":"https:\/\/nuevademocracia.com.co\/index.php?rest_route=\/wp\/v2\/posts\/27431","targetHints":{"allow":["GET"]}}],"collection":[{"href":"https:\/\/nuevademocracia.com.co\/index.php?rest_route=\/wp\/v2\/posts"}],"about":[{"href":"https:\/\/nuevademocracia.com.co\/index.php?rest_route=\/wp\/v2\/types\/post"}],"author":[{"embeddable":true,"href":"https:\/\/nuevademocracia.com.co\/index.php?rest_route=\/wp\/v2\/users\/1"}],"replies":[{"embeddable":true,"href":"https:\/\/nuevademocracia.com.co\/index.php?rest_route=%2Fwp%2Fv2%2Fcomments&post=27431"}],"version-history":[{"count":4,"href":"https:\/\/nuevademocracia.com.co\/index.php?rest_route=\/wp\/v2\/posts\/27431\/revisions"}],"predecessor-version":[{"id":29096,"href":"https:\/\/nuevademocracia.com.co\/index.php?rest_route=\/wp\/v2\/posts\/27431\/revisions\/29096"}],"wp:featuredmedia":[{"embeddable":true,"href":"https:\/\/nuevademocracia.com.co\/index.php?rest_route=\/wp\/v2\/media\/27439"}],"wp:attachment":[{"href":"https:\/\/nuevademocracia.com.co\/index.php?rest_route=%2Fwp%2Fv2%2Fmedia&parent=27431"}],"wp:term":[{"taxonomy":"category","embeddable":true,"href":"https:\/\/nuevademocracia.com.co\/index.php?rest_route=%2Fwp%2Fv2%2Fcategories&post=27431"},{"taxonomy":"post_tag","embeddable":true,"href":"https:\/\/nuevademocracia.com.co\/index.php?rest_route=%2Fwp%2Fv2%2Ftags&post=27431"}],"curies":[{"name":"wp","href":"https:\/\/api.w.org\/{rel}","templated":true}]}}