{"id":27456,"date":"2025-03-12T18:00:00","date_gmt":"2025-03-12T23:00:00","guid":{"rendered":"https:\/\/nuevademocracia.com.co\/?p=27456"},"modified":"2026-03-28T00:35:32","modified_gmt":"2026-03-28T05:35:32","slug":"sintramienergetica-seccional-california-rechaza-la-persecucion-contra-la-presidenta-zulma","status":"publish","type":"post","link":"https:\/\/nuevademocracia.com.co\/?p=27456","title":{"rendered":"Sintramienerg\u00e9tica Seccional California rechaza la persecuci\u00f3n contra la presidenta Zulma"},"content":{"rendered":"\n<hr class=\"wp-block-separator has-text-color has-vivid-red-color has-alpha-channel-opacity has-vivid-red-background-color has-background\"\/>\n\n\n\n<p class=\"has-vivid-red-color has-text-color has-link-color wp-elements-8610a0faab04f511f13c27d4639d7cc8\">Compartimos la siguiente denuncia que nos hicieron llegar sindicalistas de Sintramienerg\u00e9tica<\/p>\n\n\n\n<figure class=\"wp-block-image aligncenter size-large is-resized\"><img loading=\"lazy\" decoding=\"async\" width=\"1024\" height=\"512\" src=\"https:\/\/nuevademocracia.com.co\/wp-content\/uploads\/2025\/03\/image-1-1024x512.png\" alt=\"\" class=\"wp-image-27457\" style=\"width:764px;height:auto\" srcset=\"https:\/\/nuevademocracia.com.co\/wp-content\/uploads\/2025\/03\/image-1-1024x512.png 1024w, https:\/\/nuevademocracia.com.co\/wp-content\/uploads\/2025\/03\/image-1-300x150.png 300w, https:\/\/nuevademocracia.com.co\/wp-content\/uploads\/2025\/03\/image-1-768x384.png 768w, https:\/\/nuevademocracia.com.co\/wp-content\/uploads\/2025\/03\/image-1-1536x768.png 1536w, https:\/\/nuevademocracia.com.co\/wp-content\/uploads\/2025\/03\/image-1.png 1600w\" sizes=\"auto, (max-width: 1024px) 100vw, 1024px\" \/><\/figure>\n\n\n\n<p class=\"has-black-color has-text-color has-link-color wp-elements-45cf801fbc00730de6e1d72e445730c6\">\u00abDenunciamos la persecuci\u00f3n sindical, la discriminaci\u00f3n y el acoso laboral contra la presidenta del sindicato de Sintramienerg\u00e9tica seccional California, que realiza la trasnacional Aris Mining &#8211; Minesa y su Proyecto Soto Norte. Responsabilizamos a la transnacional por cualquier afectaci\u00f3n f\u00edsica o psicol\u00f3gica que le ocurra a nuestra compa\u00f1era Zulma Lizcano.\u00bb<\/p>\n\n\n\n<figure class=\"wp-block-video\"><video height=\"640\" style=\"aspect-ratio: 848 \/ 640;\" width=\"848\" controls src=\"https:\/\/nuevademocracia.com.co\/wp-content\/uploads\/2025\/03\/denuncia.mp4\"><\/video><\/figure>\n\n\n\n<figure class=\"wp-block-image aligncenter size-large is-resized\"><img loading=\"lazy\" decoding=\"async\" width=\"1024\" height=\"771\" src=\"https:\/\/nuevademocracia.com.co\/wp-content\/uploads\/2025\/03\/image-3-1024x771.png\" alt=\"\" class=\"wp-image-27460\" style=\"width:641px;height:auto\" srcset=\"https:\/\/nuevademocracia.com.co\/wp-content\/uploads\/2025\/03\/image-3-1024x771.png 1024w, https:\/\/nuevademocracia.com.co\/wp-content\/uploads\/2025\/03\/image-3-300x226.png 300w, https:\/\/nuevademocracia.com.co\/wp-content\/uploads\/2025\/03\/image-3-768x578.png 768w, https:\/\/nuevademocracia.com.co\/wp-content\/uploads\/2025\/03\/image-3-1536x1156.png 1536w, https:\/\/nuevademocracia.com.co\/wp-content\/uploads\/2025\/03\/image-3.png 1600w\" sizes=\"auto, (max-width: 1024px) 100vw, 1024px\" \/><\/figure>\n","protected":false},"excerpt":{"rendered":"<p>\u00abDenunciamos la persecuci\u00f3n sindical, la discriminaci\u00f3n y el acoso laboral contra la presidenta del sindicato de Sintramienerg\u00e9tica seccional California, que realiza la trasnacional Aris Mining &#8211; Minesa y su Proyecto Soto Norte.\u00bb<\/p>\n","protected":false},"author":1,"featured_media":27457,"comment_status":"open","ping_status":"open","sticky":false,"template":"","format":"standard","meta":{"footnotes":""},"categories":[16,4,115],"tags":[],"class_list":["post-27456","post","type-post","status-publish","format-standard","has-post-thumbnail","hentry","category-carrusel","category-colombia","category-mujer"],"blocksy_meta":[],"_links":{"self":[{"href":"https:\/\/nuevademocracia.com.co\/index.php?rest_route=\/wp\/v2\/posts\/27456","targetHints":{"allow":["GET"]}}],"collection":[{"href":"https:\/\/nuevademocracia.com.co\/index.php?rest_route=\/wp\/v2\/posts"}],"about":[{"href":"https:\/\/nuevademocracia.com.co\/index.php?rest_route=\/wp\/v2\/types\/post"}],"author":[{"embeddable":true,"href":"https:\/\/nuevademocracia.com.co\/index.php?rest_route=\/wp\/v2\/users\/1"}],"replies":[{"embeddable":true,"href":"https:\/\/nuevademocracia.com.co\/index.php?rest_route=%2Fwp%2Fv2%2Fcomments&post=27456"}],"version-history":[{"count":3,"href":"https:\/\/nuevademocracia.com.co\/index.php?rest_route=\/wp\/v2\/posts\/27456\/revisions"}],"predecessor-version":[{"id":29091,"href":"https:\/\/nuevademocracia.com.co\/index.php?rest_route=\/wp\/v2\/posts\/27456\/revisions\/29091"}],"wp:featuredmedia":[{"embeddable":true,"href":"https:\/\/nuevademocracia.com.co\/index.php?rest_route=\/wp\/v2\/media\/27457"}],"wp:attachment":[{"href":"https:\/\/nuevademocracia.com.co\/index.php?rest_route=%2Fwp%2Fv2%2Fmedia&parent=27456"}],"wp:term":[{"taxonomy":"category","embeddable":true,"href":"https:\/\/nuevademocracia.com.co\/index.php?rest_route=%2Fwp%2Fv2%2Fcategories&post=27456"},{"taxonomy":"post_tag","embeddable":true,"href":"https:\/\/nuevademocracia.com.co\/index.php?rest_route=%2Fwp%2Fv2%2Ftags&post=27456"}],"curies":[{"name":"wp","href":"https:\/\/api.w.org\/{rel}","templated":true}]}}