{"id":27478,"date":"2025-03-27T07:00:00","date_gmt":"2025-03-27T12:00:00","guid":{"rendered":"https:\/\/nuevademocracia.com.co\/?p=27478"},"modified":"2026-03-28T00:39:39","modified_gmt":"2026-03-28T05:39:39","slug":"hace-casi-10-anos-dirigente-del-mfp-sandra-lima-hablaba-a-and-sobre-el-caracter-de-clase-de-la-opresion-sexual","status":"publish","type":"post","link":"https:\/\/nuevademocracia.com.co\/?p=27478","title":{"rendered":"AND &#8211; Hace casi 10 a\u00f1os, dirigente del MFP Sandra Lima hablaba a AND sobre el car\u00e1cter de clase de la opresi\u00f3n sexual"},"content":{"rendered":"\n<p class=\"has-vivid-red-color has-text-color has-link-color wp-elements-b10ba489d417796fd8252de9be147f73\"><em>Reproducimos traducci\u00f3n no oficial de un art\u00edculo de<\/em> <a href=\"https:\/\/anovademocracia.com.br\/ha-quase-10-anos-dirigente-do-mfp-sandra-lima-falava-ao-and-sobre-o-carater-de-classe-da-opressao-sexual\/\">A Nova Democracia<\/a> (AND)<\/p>\n\n\n\n<p class=\"has-black-color has-text-color has-link-color wp-elements-33cf10f9b34dcc80267d1f09d06ee50c\"><\/p>\n\n\n\n<hr class=\"wp-block-separator has-text-color has-vivid-red-color has-alpha-channel-opacity has-vivid-red-background-color has-background\"\/>\n\n\n\n<p class=\"has-black-color has-text-color has-link-color wp-elements-e6cbb8bb76a6506da23a31a902e11d20\">por&nbsp;<a href=\"https:\/\/anovademocracia.com.br\/author\/redacao-de-and\/\">Reda\u00e7\u00e3o de AND<\/a><\/p>\n\n\n\n<p class=\"has-black-color has-text-color has-link-color wp-elements-83c17964a93d36d6e758b6dd3cfdd033\">8 de marzo de 2025<\/p>\n\n\n\n<figure class=\"wp-block-image aligncenter size-full is-resized\"><img loading=\"lazy\" decoding=\"async\" width=\"720\" height=\"480\" src=\"https:\/\/nuevademocracia.com.co\/wp-content\/uploads\/2025\/03\/image-6.png\" alt=\"\" class=\"wp-image-27480\" style=\"width:717px;height:auto\" srcset=\"https:\/\/nuevademocracia.com.co\/wp-content\/uploads\/2025\/03\/image-6.png 720w, https:\/\/nuevademocracia.com.co\/wp-content\/uploads\/2025\/03\/image-6-300x200.png 300w\" sizes=\"auto, (max-width: 720px) 100vw, 720px\" \/><\/figure>\n\n\n\n<p class=\"has-black-color has-text-color has-link-color wp-elements-0f21b528e54efd6875ab66301240147c\">Por ocasi\u00f3n del D\u00eda Internacional de la Mujer Proletaria celebrado el 8 de marzo, la Redacci\u00f3n de <strong>AND<\/strong> republica una entrevista con la dirigente proletaria Sandra Lima. La entrevista fue hecha en 2016, en el escenario de la revuelta por cuenta del caso de una brutal violaci\u00f3n en grupo contra una joven de 16 a\u00f1os. Durante la conversaci\u00f3n, la dirigente del <strong>Movimiento Femenino Popular (MFP) <\/strong>nos habl\u00f3 del problema de la opresi\u00f3n sexual y de c\u00f3mo las mujeres del pueblo, adem\u00e1s de los dem\u00f3cratas y revolucionarios, deben tratar toda la cuesti\u00f3n actual. Abajo reproducimos el texto de la entrevista tal como se public\u00f3.<\/p>\n\n\n\n<p class=\"has-black-color has-text-color has-link-color wp-elements-dc710be5805d500bf1b405185faa7a02\">\u201c Dando continuidad al debate iniciado en la edici\u00f3n anterior de AND sobre la brutal violaci\u00f3n en grupo de la cual fue victima una joven de 16 a\u00f1os en Rio de Janeiro, entrevistamos a Sandra Lima, de la coordinaci\u00f3n del Movimiento Femenino Popular (MFP). El MFP es una organizaci\u00f3n revolucionaria de mujeres que AND acompa\u00f1a y tiene como referencia del posicionamiento cient\u00edfico y revolucionario sobre la cuesti\u00f3n femenina y la lucha de las mujeres revolucionarias por su emancipaci\u00f3n sirviendo a la revoluci\u00f3n.<\/p>\n\n\n\n<p class=\"has-black-color has-text-color has-link-color wp-elements-cb03e1fea6fe3c14c649bae99c39c62d\">Desde la \u00faltima edici\u00f3n de <strong>AND<\/strong>, dos sospechosos del crimen fueron detenidos: Lucas Perdomo Duarte Santos, de 20 a\u00f1os, y Ra\u00ed de Souza, de 22. La Polic\u00eda Civil, desmoralizada como todo el viejo Estado, precis\u00f3 hacer maniobras para aumentar la confianza de las mujeres indignadas y cambio la comisar\u00eda responsable por la investigaci\u00f3n, pasando el caso para la responsabilidad de Comisar\u00eda de Victimas Ni\u00f1os y Adolescentes (DCAV), apartando del caso al entonces jefe de polic\u00eda Alessandro Thiers. Vale resaltar que, ese mismo Alessandro Thiers fue comisario responsable por la prisi\u00f3n de los 23 activistas en 2014 por protestar contra la juerga de la FIFA en Brasil.<\/p>\n\n\n\n<p class=\"has-black-color has-text-color has-link-color wp-elements-5b8923cd53e5059b541cf8afee601186\">Seg\u00fan la coordinadora del MFP, las mujeres del pueblo no deben tener ilusiones en la polic\u00eda. \u201cLa historia muestra que la polic\u00eda viol\u00f3 prisioneras pol\u00edticas en Brasil y en todo el mundo, prisioneras \u201ccomunes\u201d tambi\u00e9n dan en todo momento esa queja. La mujer violentada es banalizada y acosada en cualquier comisaria. En este caso, sucedi\u00f3 que la ni\u00f1a fue agredida moralmente por el jefe de polic\u00eda\u201d, afirm\u00f3. Y complet\u00f3: \u201cLa polic\u00eda fue creada y es pagada para oprimir, matar, arrestar, reprimir al pueblo y para violar a las mujeres del pueblo tambi\u00e9n. En cuanto a la polic\u00eda, yo siempre reafirmo que desconf\u00edo, desconf\u00edo de nuevo y, por \u00faltimo, desconf\u00edo una vez m\u00e1s. Esa es la posici\u00f3n de la gran mayor\u00eda del pueblo\u201d. Tanto es as\u00ed que, en una protesta el 1 de junio en R\u00edo de Janeiro, los manifestantes lanzaron piedras y pintura contra la comisar\u00eda.<\/p>\n\n\n\n<p class=\"has-black-color has-text-color has-link-color wp-elements-422db9fc7ec787a1313b3c248c75da5a\">Sobre la <em>justicia<\/em> del viejo Estado, Sandra record\u00f3: \u201cLa gente ve que nunca hubo protecci\u00f3n a la mujer por parte de este viejo Estado, por el contrario. En el c\u00f3digo penal de 1988 solo era violaci\u00f3n si hab\u00eda penetraci\u00f3n y presencia de esperma; si la mujer gritara y el violador tapara su respiraci\u00f3n y ella muriera, no era considerado crimen de homicidio, sino apenas de violaci\u00f3n\u201d.<\/p>\n\n\n\n<h2 class=\"wp-block-heading has-vivid-red-color has-text-color has-link-color has-medium-font-size wp-elements-5b6ff290d404f9b3b1cb62cc2fe72e98\"><strong>Los buitres merodean por la carro\u00f1a<\/strong><\/h2>\n\n\n\n<p class=\"has-black-color has-text-color has-link-color wp-elements-a182a2e76df556d14e74552873edc4e0\">Con la desgracia del episodio de violaci\u00f3n, el monopolio de la prensa avanz\u00f3 en marcha acelerada para establecer el tono de como tratar la cuesti\u00f3n, alineado con el oportunismo de todos los matices.<\/p>\n\n\n\n<p class=\"has-black-color has-text-color has-link-color wp-elements-3babaf5bcc63a515bf1eb3875c3c163e\">El monopolio de la prensa, con su letan\u00eda sensacionalista y transformando la desgracia en mercanc\u00eda donde el objetivo es la audiencia, planta confusi\u00f3n en la cabeza del pueblo y reduce la opresi\u00f3n femenina al presente caso de violaci\u00f3n, como si se resolvieran todos los problemas de las mujeres apenas promoviendo el linchamiento medi\u00e1tico y arrestando espec\u00edficamente a esos criminales y no luchando contra todo este sistema podrido, contra todo el viejo orden.<\/p>\n\n\n\n<p class=\"has-black-color has-text-color has-link-color wp-elements-135d9fc01c282b3c4d7a9b6d2cb1b040\">Seg\u00fan Sandra Lima, \u201cel monopolio comienza diciendo que fue una violaci\u00f3n en grupo, pero despu\u00e9s habla, en medio de la noticia, que la ni\u00f1a tenia 16 a\u00f1os y un hijo de tres a\u00f1os, para levantar dudas de si fue o no violaci\u00f3n\u201d.<\/p>\n\n\n\n<p class=\"has-black-color has-text-color has-link-color wp-elements-e4f85ce6e85da66a36c2299cddb07b93\">Tambi\u00e9n resalt\u00f3 que las mujeres no deben tener ilusi\u00f3n con el oportunismo petista (del PT). En las manifestaciones de repudio al crimen, el PT intent\u00f3 lanzar una consigna contra el <em>impeachment<\/em> de Dilma por \u201cmachismo\u201d sin \u00e9xito.<\/p>\n\n\n\n<p class=\"has-black-color has-text-color has-link-color wp-elements-1317dadebfe702cb1a02b19b3a74538f\">\u201c\u00bfCu\u00e1ndo se eligi\u00f3 a Dilma, que signific\u00f3 para las mujeres? \u00a1Nadie representa nada por fisiolog\u00eda, sino por ideolog\u00eda! Las mujeres campesinas, las m\u00e1s oprimidas de esta sociedad, quiere tierra y est\u00e1 luchando por la tierra, y de Dilma solo recibieron m\u00e1s represi\u00f3n, m\u00e1s campesinos muertos. Las mujeres proletarias en las ciudades vieron un aumento de las muertes de sus j\u00f3venes hijos en las favelas y comunidades en todo el pa\u00eds, principalmente en Rio de Janeiro con las UPPs\u201d. Complet\u00f3: \u201cEl impeachment de Dilma no es machismo. Es una lucha entre las facciones de estas clases dominantes que est\u00e1n ah\u00ed, y la pr\u00e1ctica del PT es clara, porque nunca antes se hab\u00eda asesinado a tantos trabajadores, hecho oculto bajo el manto de &#8216;gobernar para todos&#8217;, &#8216;acabar con la pobreza&#8217; y &#8216;nueva clase media'\u00bb.<\/p>\n\n\n\n<h2 class=\"wp-block-heading has-vivid-red-color has-text-color has-link-color has-medium-font-size wp-elements-ede2fc3080220ada710c4c3bb6ea9ee5\"><strong>La opresi\u00f3n sexual<\/strong><\/h2>\n\n\n\n<p class=\"has-black-color has-text-color has-link-color wp-elements-ddf7bf3683dcbdbbe9e1f4892b1d08ab\">Sandra dice que es incorrecto hablar de \u201ccultura de la violaci\u00f3n\u201d como algo subjetivo y cultural, como si no demandara de la destrucci\u00f3n de la vieja sociedad: \u201cNo existe \u201ccultura de la violaci\u00f3n\u201d. Existe la opresi\u00f3n particular de la mujer dentro de la opresi\u00f3n general del pueblo\u201d.<\/p>\n\n\n\n<p class=\"has-black-color has-text-color has-link-color wp-elements-f0326157f513ee00e574c4be371261b6\">Sobre la violaci\u00f3n y la violencia sexual contra la mujer, Sandra explica:<\/p>\n\n\n\n<p class=\"has-black-color has-text-color has-link-color wp-elements-0504ab676fdf906b19533591bbf2ae7c\">\u201cHay en la sociedad un pensamiento de que el hombre pude utilizar el cuerpo de la mujer, quiera la mujer o no: es una relaci\u00f3n de propiedad. Y eso no es espec\u00edfico del hombre. Eso es la materializaci\u00f3n de la ideolog\u00eda que domina en esta sociedad. La ideolog\u00eda de la burgues\u00eda impone que la mujer es ciudadana de segunda categor\u00eda y debe ser tratada como tal. Las mujeres proletarias, por una condici\u00f3n objetiva \u2013 evidente \u2013 son el eslab\u00f3n m\u00e1s d\u00e9bil (con relaci\u00f3n a la mujer burguesa y explotadora) y sufren integralmente la opresi\u00f3n sexual\u201d.<\/p>\n\n\n\n<p class=\"has-black-color has-text-color has-link-color wp-elements-fbb6874bf1327b0ca9a13faed599bcaf\">La opresi\u00f3n de la mujer es parte de la opresi\u00f3n general del pueblo brasile\u00f1o por la gran burgues\u00eda y el latifundio, lacayos del imperialismo, principalmente yanqui. Esta es una monta\u00f1a m\u00e1s que las mujeres revolucionarias, democr\u00e1ticas y patriotas de nuestro pueblo deben destruir organiz\u00e1ndose y lanz\u00e1ndose con decisi\u00f3n a la lucha de las masas por la liberaci\u00f3n. Solo podr\u00e1 triunfar la liberaci\u00f3n de las mujeres como parte de la liberaci\u00f3n de todo el pueblo.<\/p>\n\n\n\n<p class=\"has-black-color has-text-color has-link-color wp-elements-4e77103832a98080b3e63d80762532c8\">Explicando que la violencia contra la mujer es apenas una forma de la opresi\u00f3n sexual y llamando la atenci\u00f3n sobre esta opresi\u00f3n en su aspecto general, ella argumenta: 2 Por ejemplo, las mujeres de las clases trabajadoras son m\u00e1s oprimidas que los hombres de su misma clase, trabajan cumpliendo la misma funci\u00f3n y con la misma intensidad y reciben menos\u201d.<\/p>\n\n\n\n<h2 class=\"wp-block-heading has-vivid-red-color has-text-color has-link-color has-medium-font-size wp-elements-f2a360494a973e18a57c24cc7bf4fc40\"><strong>Una cuesti\u00f3n de clase<\/strong><\/h2>\n\n\n\n<p class=\"has-black-color has-text-color has-link-color wp-elements-906a5e6f0829ab4bb16d34e1341c6a3e\">Resaltando el car\u00e1cter de clase de la opresi\u00f3n sexual, Sandra explic\u00f3 que \u201csi el patr\u00f3n puede hacer que la mujer del obrero trabaje gratis a trav\u00e9s del trabajo dom\u00e9stico, \u00e9l (patr\u00f3n) no necesitar\u00e1 cargar financieramente con todo ese trabajo, pues la compa\u00f1era del obrero lo cumple, garantizando la supervivencia del obrero sin que el patr\u00f3n gaste un centavo de m\u00e1s. Es lo que nosotras del MFP llamamos el trabajo invisible, pues, adem\u00e1s de gratuito, este es un ciclo infinito y que no tiene reconocimiento ni remuneraci\u00f3n\u201d. Concluy\u00f3 con una frase: \u201cPor eso es que la opresi\u00f3n de la mujer solo tendr\u00e1 fin con el comunismo y con el fin de la opresi\u00f3n de una clase sobre otra\u201d.<\/p>\n\n\n\n<p class=\"has-black-color has-text-color has-link-color wp-elements-1beebd23045f5ca9b57166e50370f492\">El MFP particip\u00f3 activamente de las manifestaciones en repudio a la violaci\u00f3n en Rio de Janeiro y agit\u00f3 la consigna de <strong>\u201cDespertar la furia revolucionaria de la mujer\u201d.<\/strong><\/p>\n","protected":false},"excerpt":{"rendered":"<p>Por ocasi\u00f3n del D\u00eda Internacional de la Mujer Proletaria celebrado el 8 de marzo, la Redacci\u00f3n de AND republica una entrevista con la dirigente proletaria Sandra Lima.<\/p>\n","protected":false},"author":1,"featured_media":27480,"comment_status":"open","ping_status":"open","sticky":false,"template":"","format":"standard","meta":{"footnotes":""},"categories":[16,31,115],"tags":[],"class_list":["post-27478","post","type-post","status-publish","format-standard","has-post-thumbnail","hentry","category-carrusel","category-internacional","category-mujer"],"blocksy_meta":[],"_links":{"self":[{"href":"https:\/\/nuevademocracia.com.co\/index.php?rest_route=\/wp\/v2\/posts\/27478","targetHints":{"allow":["GET"]}}],"collection":[{"href":"https:\/\/nuevademocracia.com.co\/index.php?rest_route=\/wp\/v2\/posts"}],"about":[{"href":"https:\/\/nuevademocracia.com.co\/index.php?rest_route=\/wp\/v2\/types\/post"}],"author":[{"embeddable":true,"href":"https:\/\/nuevademocracia.com.co\/index.php?rest_route=\/wp\/v2\/users\/1"}],"replies":[{"embeddable":true,"href":"https:\/\/nuevademocracia.com.co\/index.php?rest_route=%2Fwp%2Fv2%2Fcomments&post=27478"}],"version-history":[{"count":3,"href":"https:\/\/nuevademocracia.com.co\/index.php?rest_route=\/wp\/v2\/posts\/27478\/revisions"}],"predecessor-version":[{"id":29098,"href":"https:\/\/nuevademocracia.com.co\/index.php?rest_route=\/wp\/v2\/posts\/27478\/revisions\/29098"}],"wp:featuredmedia":[{"embeddable":true,"href":"https:\/\/nuevademocracia.com.co\/index.php?rest_route=\/wp\/v2\/media\/27480"}],"wp:attachment":[{"href":"https:\/\/nuevademocracia.com.co\/index.php?rest_route=%2Fwp%2Fv2%2Fmedia&parent=27478"}],"wp:term":[{"taxonomy":"category","embeddable":true,"href":"https:\/\/nuevademocracia.com.co\/index.php?rest_route=%2Fwp%2Fv2%2Fcategories&post=27478"},{"taxonomy":"post_tag","embeddable":true,"href":"https:\/\/nuevademocracia.com.co\/index.php?rest_route=%2Fwp%2Fv2%2Ftags&post=27478"}],"curies":[{"name":"wp","href":"https:\/\/api.w.org\/{rel}","templated":true}]}}