{"id":27501,"date":"2025-03-30T08:00:00","date_gmt":"2025-03-30T13:00:00","guid":{"rendered":"https:\/\/nuevademocracia.com.co\/?p=27501"},"modified":"2026-03-28T00:41:36","modified_gmt":"2026-03-28T05:41:36","slug":"quien-compra-una-casa-con-10-millones","status":"publish","type":"post","link":"https:\/\/nuevademocracia.com.co\/?p=27501","title":{"rendered":"DLU &#8211; \u00bfQui\u00e9n compra una casa con 10 millones?"},"content":{"rendered":"\n<hr class=\"wp-block-separator has-text-color has-vivid-red-color has-alpha-channel-opacity has-vivid-red-background-color has-background\"\/>\n\n\n\n<p class=\"has-black-color has-text-color has-link-color wp-elements-e9af05413913dd897364cdc5817a60d4\">Compartimos a continuaci\u00f3n, la primera parte de un documental de Paulina Mar\u00edn e Isa\u00ed V\u00e9lez, con el apoyo de De la Urbe (DLU). El cual aborda la situaci\u00f3n de las familias del barrio Jos\u00e9 Antonio Gal\u00e1n, del municipio de Bello, que se encuentran bajo amenaza de desalojo. <\/p>\n\n\n\n<p class=\"has-black-color has-text-color has-link-color wp-elements-48433578c6b42467f9788a0c18f85b2c\">La descripci\u00f3n del documental, publicada en el canal de YouTube, dice lo siguiente:<\/p>\n\n\n\n<p class=\"has-black-color has-text-color has-link-color wp-elements-5e3d30cea579a2b055d87588f4327dea\">\u201cPor la vida y por un techo: la lucha por una vivienda digna es un proyecto audiovisual que habla sobre el tema del desalojo, abordando dos barrios particulares ubicados en los municipios de Bello y Caldas.<\/p>\n\n\n\n<p class=\"has-black-color has-text-color has-link-color wp-elements-c9341f2437d44970667aae4261d166b9\">\u00bfQui\u00e9n compra una casa con 10 millones?, la primera parte del documental, se centra en el barrio Jos\u00e9 Antonio Gal\u00e1n, en Bello. All\u00ed se encuentran 27 familias que fueron notificadas, en marzo de 2024, de que ser\u00edan desalojadas debido al fallo de una acci\u00f3n popular impuesta en el 2013 que aduc\u00eda a la protecci\u00f3n del derecho a la seguridad y la prevenci\u00f3n de desastres previsibles.<\/p>\n\n\n\n<p class=\"has-black-color has-text-color has-link-color wp-elements-3aae2d97633b788cdaca4cff42607e08\">Adem\u00e1s del proceso del desalojo, dicho fallo tambi\u00e9n le ordena al municipio de Bello encargarse de la reubicaci\u00f3n de las familias afectadas, sin embargo, la comunidad asegura que lo que les ofrece la Alcald\u00eda es insuficiente y no les garantiza una soluci\u00f3n definitiva de vivienda.<\/p>\n\n\n\n<p class=\"has-black-color has-text-color has-link-color wp-elements-0245948fb81e4d7ceee33fdffe31bb4a\">El barrio Jos\u00e9 Antonio Gal\u00e1n fue fundado hace 56 a\u00f1os c\u00f3mo resultado del asentamiento de familias desplazadas de diversos territorios. En este video, algunas mujeres habitantes y l\u00edderes del barrio, un miembro del comit\u00e9 jur\u00eddico de defensa del barrio, y la subsecretaria de Convivencia Ciudadana de Bello cuentan desde sus posiciones c\u00f3mo se ha llevado el proceso.\u201d<\/p>\n\n\n\n<figure class=\"wp-block-embed aligncenter is-type-video is-provider-youtube wp-block-embed-youtube wp-embed-aspect-16-9 wp-has-aspect-ratio\"><div class=\"wp-block-embed__wrapper\">\n<iframe loading=\"lazy\" title=\"\u00bfQui\u00e9n compra una casa con 10 Millones? | Por la vida y por un techo: la lucha por la vivienda digna\" width=\"1290\" height=\"726\" src=\"https:\/\/www.youtube.com\/embed\/UhHvUP9ufWo?feature=oembed\" frameborder=\"0\" allow=\"accelerometer; autoplay; clipboard-write; encrypted-media; gyroscope; picture-in-picture; web-share\" referrerpolicy=\"strict-origin-when-cross-origin\" allowfullscreen><\/iframe>\n<\/div><\/figure>\n","protected":false},"excerpt":{"rendered":"<p>Compartimos el documental \u00bfQui\u00e9n compra una casa con 10 millones? El cual aborda la situaci\u00f3n de las familias del barrio Jos\u00e9 Antonio Gal\u00e1n.<\/p>\n","protected":false},"author":1,"featured_media":27502,"comment_status":"open","ping_status":"open","sticky":false,"template":"","format":"video","meta":{"footnotes":""},"categories":[16,4,115],"tags":[180,179,181,74],"class_list":["post-27501","post","type-post","status-publish","format-video","has-post-thumbnail","hentry","category-carrusel","category-colombia","category-mujer","tag-derecho-al-techo","tag-lucha-por-vivienda","tag-no-al-desalojo","tag-vivienda","post_format-post-format-video"],"blocksy_meta":[],"_links":{"self":[{"href":"https:\/\/nuevademocracia.com.co\/index.php?rest_route=\/wp\/v2\/posts\/27501","targetHints":{"allow":["GET"]}}],"collection":[{"href":"https:\/\/nuevademocracia.com.co\/index.php?rest_route=\/wp\/v2\/posts"}],"about":[{"href":"https:\/\/nuevademocracia.com.co\/index.php?rest_route=\/wp\/v2\/types\/post"}],"author":[{"embeddable":true,"href":"https:\/\/nuevademocracia.com.co\/index.php?rest_route=\/wp\/v2\/users\/1"}],"replies":[{"embeddable":true,"href":"https:\/\/nuevademocracia.com.co\/index.php?rest_route=%2Fwp%2Fv2%2Fcomments&post=27501"}],"version-history":[{"count":2,"href":"https:\/\/nuevademocracia.com.co\/index.php?rest_route=\/wp\/v2\/posts\/27501\/revisions"}],"predecessor-version":[{"id":29100,"href":"https:\/\/nuevademocracia.com.co\/index.php?rest_route=\/wp\/v2\/posts\/27501\/revisions\/29100"}],"wp:featuredmedia":[{"embeddable":true,"href":"https:\/\/nuevademocracia.com.co\/index.php?rest_route=\/wp\/v2\/media\/27502"}],"wp:attachment":[{"href":"https:\/\/nuevademocracia.com.co\/index.php?rest_route=%2Fwp%2Fv2%2Fmedia&parent=27501"}],"wp:term":[{"taxonomy":"category","embeddable":true,"href":"https:\/\/nuevademocracia.com.co\/index.php?rest_route=%2Fwp%2Fv2%2Fcategories&post=27501"},{"taxonomy":"post_tag","embeddable":true,"href":"https:\/\/nuevademocracia.com.co\/index.php?rest_route=%2Fwp%2Fv2%2Ftags&post=27501"}],"curies":[{"name":"wp","href":"https:\/\/api.w.org\/{rel}","templated":true}]}}