{"id":27504,"date":"2025-04-01T12:39:15","date_gmt":"2025-04-01T17:39:15","guid":{"rendered":"https:\/\/nuevademocracia.com.co\/?p=27504"},"modified":"2025-04-01T12:39:55","modified_gmt":"2025-04-01T17:39:55","slug":"teuchitlan-nunca-mas","status":"publish","type":"post","link":"https:\/\/nuevademocracia.com.co\/?p=27504","title":{"rendered":"Teuchitl\u00e1n nunca m\u00e1s"},"content":{"rendered":"\n<p class=\"has-black-color has-text-color has-link-color wp-elements-b26210fb898c265037d04d71677f23fd\">Reproducimos el siguiente art\u00edculo de la prensa popular y democr\u00e1tica <a href=\"https:\/\/muralperiodico.wordpress.com\/2025\/03\/15\/teuchitlan-nunca-mas\/\">Peri\u00f3dico Mural<\/a><\/p>\n\n\n\n<figure class=\"wp-block-image aligncenter size-full is-resized\"><img loading=\"lazy\" decoding=\"async\" width=\"620\" height=\"413\" src=\"https:\/\/nuevademocracia.com.co\/wp-content\/uploads\/2025\/04\/image.png\" alt=\"\" class=\"wp-image-27505\" style=\"width:509px;height:auto\" srcset=\"https:\/\/nuevademocracia.com.co\/wp-content\/uploads\/2025\/04\/image.png 620w, https:\/\/nuevademocracia.com.co\/wp-content\/uploads\/2025\/04\/image-300x200.png 300w\" sizes=\"auto, (max-width: 620px) 100vw, 620px\" \/><\/figure>\n\n\n\n<p class=\"has-black-color has-text-color has-link-color wp-elements-4034d24953492eee6109c64a8f33dbe9\">El pasado 5 de marzo tras recibir la llamada an\u00f3nima de un sobreviviente que logr\u00f3 escapar, el colectivo Guerreros Buscadores realiz\u00f3 el hallazgo de un campo de exterminio ubicado en el Rancho Izaguirre, en el municipio de Teuchitl\u00e1n, tan solo a una hora de Guadalajara. El descubrimiento inicial que hicieron las familias buscadoras es impresionante, en un principio se pudo documentar al menos 400 pares de zapatos -tanto de hombres como de mujeres-, adem\u00e1s de prendas de vestir, gorras, bolsas, mochilas, entre otros objetos. Adem\u00e1s, se pudo evidenciar la existencia de al menos tres hornos crematorios, restos \u00f3seos e incluso algunas notas, recados de despedida y listas con apodos de las v\u00edctimas. Un verdadero\u00a0<em>Auschwitz<\/em>\u00a0mexicano.<\/p>\n\n\n\n<figure class=\"wp-block-image aligncenter size-full is-resized\"><img loading=\"lazy\" decoding=\"async\" width=\"980\" height=\"652\" src=\"https:\/\/nuevademocracia.com.co\/wp-content\/uploads\/2025\/04\/image-1.png\" alt=\"\" class=\"wp-image-27506\" style=\"width:694px;height:auto\" srcset=\"https:\/\/nuevademocracia.com.co\/wp-content\/uploads\/2025\/04\/image-1.png 980w, https:\/\/nuevademocracia.com.co\/wp-content\/uploads\/2025\/04\/image-1-300x200.png 300w, https:\/\/nuevademocracia.com.co\/wp-content\/uploads\/2025\/04\/image-1-768x511.png 768w\" sizes=\"auto, (max-width: 980px) 100vw, 980px\" \/><\/figure>\n\n\n\n<p><\/p>\n\n\n\n<p class=\"has-black-color has-text-color has-link-color wp-elements-0309b7fc141372ca3b7ce42ce836df73\">En el rancho con una dimensi\u00f3n aproximadamente 10 mil metros cuadrados se identificaron tambi\u00e9n \u00e1reas destinadas para el adiestramiento militar, donde se apreciaban llantas, instalaciones con alambres de p\u00faas y campos de tiro donde las personas reclutadas eran obligadas a entrenar, pelear y asesinarse entre s\u00ed en una aut\u00e9ntica pr\u00e1ctica contrainsurgente muy propia de los ej\u00e9rcitos mercenarios formados por la CIA y fuerzas de \u00e9lite alrededor del mundo.<\/p>\n\n\n\n<figure class=\"wp-block-image aligncenter size-full is-resized\"><img loading=\"lazy\" decoding=\"async\" width=\"955\" height=\"955\" src=\"https:\/\/nuevademocracia.com.co\/wp-content\/uploads\/2025\/04\/image-2.png\" alt=\"\" class=\"wp-image-27507\" style=\"width:496px;height:auto\" srcset=\"https:\/\/nuevademocracia.com.co\/wp-content\/uploads\/2025\/04\/image-2.png 955w, https:\/\/nuevademocracia.com.co\/wp-content\/uploads\/2025\/04\/image-2-300x300.png 300w, https:\/\/nuevademocracia.com.co\/wp-content\/uploads\/2025\/04\/image-2-150x150.png 150w, https:\/\/nuevademocracia.com.co\/wp-content\/uploads\/2025\/04\/image-2-768x768.png 768w\" sizes=\"auto, (max-width: 955px) 100vw, 955px\" \/><\/figure>\n\n\n\n<p class=\"has-black-color has-text-color has-link-color wp-elements-ef0fa806e697396581b9565807fb64d8\">Dicho lugar hab\u00eda sido cateado por elementos del ej\u00e9rcito mexicano y la guardia nacional apenas en septiembre de 2024, fecha en la cual fueron liberadas dos personas aparentemente secuestradas, logrando la detenci\u00f3n de 10 integrantes del grupo criminal y la incautaci\u00f3n de un peque\u00f1o arsenal de combate que contaba con fusiles de asalto, armas cortas, municiones, granadas de fragmentaci\u00f3n, chalecos y veh\u00edculos blindados. En teor\u00eda el lugar se encontraba bajo aseguramiento de las autoridades federales, lo que hace que la poblaci\u00f3n en todo el pa\u00eds se pregunte \u00bfC\u00f3mo llegamos a este punto?<\/p>\n\n\n\n<p class=\"has-vivid-red-color has-text-color has-link-color has-medium-font-size wp-elements-569b9257b21929da60dd8541a9369d46\"><strong>La complicidad del Estado<\/strong><\/p>\n\n\n\n<p class=\"has-black-color has-text-color has-link-color wp-elements-c71999e19666a0f1a612cd563de75043\">De acuerdo a la narrativa del testigo sobreviviente que contact\u00f3 a las familias buscadoras, en el lugar eran retenidos contra su voluntad cientos de j\u00f3venes provenientes del estado de Jalisco y otras entidades, quienes eran reclutados por un grupo criminal a base de enga\u00f1os como ofertas de empleos con salarios atractivos y prestaciones que jam\u00e1s existieron.<\/p>\n\n\n\n<p class=\"has-black-color has-text-color has-link-color wp-elements-c257e438e21a0460c3a3872471cc3dbf\">Esta es una variante de la pr\u00e1ctica criminal denominada&nbsp;<em>\u201cmatanza de cerdos\u201d<\/em>&nbsp;o&nbsp;<em>\u201cpig butchering\u00bb&nbsp;<\/em>que se opera en diversos pa\u00edses a trav\u00e9s de redes sociales, aplicaciones u otros medios para realizar cr\u00edmenes que van desde la estafa financiera y el secuestro, hasta la leva, como se ha documentado en nuestro pa\u00eds.<\/p>\n\n\n\n<figure class=\"wp-block-image aligncenter size-full is-resized\"><img loading=\"lazy\" decoding=\"async\" width=\"1024\" height=\"576\" src=\"https:\/\/nuevademocracia.com.co\/wp-content\/uploads\/2025\/04\/image-3.png\" alt=\"\" class=\"wp-image-27508\" style=\"width:570px;height:auto\" srcset=\"https:\/\/nuevademocracia.com.co\/wp-content\/uploads\/2025\/04\/image-3.png 1024w, https:\/\/nuevademocracia.com.co\/wp-content\/uploads\/2025\/04\/image-3-300x169.png 300w, https:\/\/nuevademocracia.com.co\/wp-content\/uploads\/2025\/04\/image-3-768x432.png 768w\" sizes=\"auto, (max-width: 1024px) 100vw, 1024px\" \/><\/figure>\n\n\n\n<p><\/p>\n\n\n\n<p class=\"has-black-color has-text-color has-link-color wp-elements-a77ef70e3e10ab52d42752dc3a101c5d\">En el M\u00e9xico verdadero -el cual contrasta con el M\u00e9xico imaginario de la \u201ccuarta transformaci\u00f3n\u201d y sus programas asistenciales que nada resuelven- la falta de oportunidades orilla a los j\u00f3venes de los sectores populares a ser v\u00edctimas f\u00e1ciles de estas falsas alternativas que encuentran a trav\u00e9s del internet o presuntos&nbsp;<em>\u201ccall center\u201d<\/em>&nbsp;cuyo objetivo esencial es realizar leva o reclutamiento forzado de j\u00f3venes para diversas actividades al servicio de la delincuencia organizada. Lamentablemente casos como este hay muchos m\u00e1s, y no todos alcanzan a ser conocidos.<\/p>\n\n\n\n<p class=\"has-black-color has-text-color has-link-color wp-elements-cf43304a5e3e05c8be9120309af3f44f\">Los grupos criminales operan evidentemente con la complicidad de las autoridades de los tres niveles de gobierno, como lo refleja el campo de exterminio de Teuchitl\u00e1n, aunque hoy distintos politicastros incluyendo al presidente municipal, el fiscal del estado y el mismo gobernador de Jalisco salgan a deslindarse o negar haber tenido conocimiento de los hechos. Esto, m\u00e1s la previa intervenci\u00f3n de las fuerzas armadas en el rancho y el presunto aseguramiento del inmueble, lleva nuevamente a las madres y familias buscadoras de todo el pa\u00eds a asegurar lo que tantas veces se ha dicho:&nbsp;<strong>\u00a1fue el Estado!<\/strong><\/p>\n\n\n\n<p class=\"has-black-color has-text-color has-link-color wp-elements-a13a4c90d9c486eab3087cd13bca878b\">Efectivamente, el Estado mexicano es responsable de estos hechos que se reproducen una y otra vez llenando el territorio nacional con al menos 5 mil 698 fosas clandestinas documentadas desde diciembre de 2006 hasta abril de 2023 en que dej\u00f3 de documentarse por \u00f3rdenes de AMLO y que evidentemente ha crecido en los \u00faltimos 23 meses. As\u00ed mismo existe una crisis forense en la identificaci\u00f3n de cuerpos cerrando el sexenio de AMLO con 72,100 casos sin identificar, m\u00e1s los que se habr\u00e1n sumado desde octubre de 2024 hasta la fecha. Aunado a ello la cifra de desapariciones hasta el pasado 11 de marzo alcanz\u00f3 las 123 mil 808 v\u00edctimas directas, sin obviar el hecho de que en los primeros ciento sesenta y dos d\u00edas de gobierno Claudia Sheinbaum ha sumado al menos 6,726 personas desaparecidas.[1]<\/p>\n\n\n\n<figure class=\"wp-block-image aligncenter size-full\"><img loading=\"lazy\" decoding=\"async\" width=\"410\" height=\"1024\" src=\"https:\/\/nuevademocracia.com.co\/wp-content\/uploads\/2025\/04\/image-4.png\" alt=\"\" class=\"wp-image-27509\" srcset=\"https:\/\/nuevademocracia.com.co\/wp-content\/uploads\/2025\/04\/image-4.png 410w, https:\/\/nuevademocracia.com.co\/wp-content\/uploads\/2025\/04\/image-4-120x300.png 120w\" sizes=\"auto, (max-width: 410px) 100vw, 410px\" \/><\/figure>\n\n\n\n<p><\/p>\n\n\n\n<p class=\"has-vivid-red-color has-text-color has-link-color has-medium-font-size wp-elements-884326eaed02481412c8110bebd93af5\"><strong>Conclusiones<\/strong><\/p>\n\n\n\n<p class=\"has-black-color has-text-color has-link-color wp-elements-97ccb4960c363cdddd6dbaacb5df12ba\">La existencia del campo de exterminio de Teuchitl\u00e1n es un hecho impactante y para nada es un caso aislado. En realidad, confirma que en nuestro pa\u00eds existe una guerra reaccionaria contra el pueblo que ha ido desbordando cr\u00edmenes en masa mostrando el grado que ha alcanzado esta ola de violencia reaccionaria. Es por ello que consideramos que este hallazgo debe leerse desde otros hechos similares como la Masacre de San Fernando en agosto de 2010 o la desaparici\u00f3n forzada de los 43 normalistas de Ayotzinapa en septiembre de 2014, entre otros.<\/p>\n\n\n\n<p class=\"has-black-color has-text-color has-link-color wp-elements-34cac7aa390307f533839cab7b95e0b4\">Esta guerra reaccionaria contra el pueblo tiene una larga data y ha atravesado por al menos tres etapas claras en su desarrollo. Su primera fase comenz\u00f3 en la d\u00e9cada de los 60 del siglo XX con la denominada \u201cguerra sucia\u201d, que fue en esencia una guerra contrainsurgente contra el movimiento armado socialista en nuestro pa\u00eds, continuada hasta mediados de los a\u00f1os 80. La segunda fase comenz\u00f3 con el inicio de la \u201cguerra contra el narco\u201d, orquestada por el fascista Felipe Calder\u00f3n en diciembre de 2006 y continuada por Enrique Pe\u00f1a Nieto. La tercera fase a\u00fan vigente comenz\u00f3 con la legalizaci\u00f3n de la militarizaci\u00f3n del pa\u00eds y la creaci\u00f3n de la \u201cguardia nacional\u201d como cuarto cuerpo de ej\u00e9rcito reaccionario, hecho encabezado por Andr\u00e9s Manuel L\u00f3pez Obrador y continuado hasta hoy por Claudia Sheinbaum Pardo.<\/p>\n\n\n\n<p class=\"has-black-color has-text-color has-link-color wp-elements-a9ce308a42f28b1dc330176aab6d9b90\">Ante esta situaci\u00f3n es indispensable que los trabajadores y los pueblos de M\u00e9xico entendamos que esta guerra reaccionaria apunta contra nosotros, contra nuestros hijos y contra nuestras familias. La composici\u00f3n de clase de la inmensa mayor\u00eda de las v\u00edctimas de homicidios, feminicidios, desapariciones y otras expresiones de violencia est\u00e1 situada en las masas trabajadoras de la ciudad y el campo. Dicho en otras palabras: las v\u00edctimas las pone el pueblo.<\/p>\n\n\n\n<p class=\"has-black-color has-text-color has-link-color wp-elements-148c4eb874af223b056811d898e71761\">En ese sentido, la convocatoria a la jornada de vigilia y luto nacional convocada por colectivos de madres y familias buscadoras en todo el pa\u00eds para este s\u00e1bado 15 de marzo simult\u00e1neamente a las 17:00hrs es algo bueno, una acci\u00f3n digna de ser replicada y acompa\u00f1ada por las diversas expresiones del movimiento popular, extendiendo la firme y correcta posici\u00f3n de rechazar la participaci\u00f3n de partidos y organizaciones electoreras que son parte del sistema y por tanto, son c\u00f3mplices de esta barbarie.<\/p>\n\n\n\n<p class=\"has-black-color has-text-color has-link-color wp-elements-e8a3b34aaa17447de2b2aa33387235ab\">Esto \u00faltimo ya va planteando en la pr\u00e1ctica la necesidad de unificar la lucha de las madres y familias buscadoras con la lucha democr\u00e1tica-revolucionaria que plantea no la reforma, sino la ca\u00edda de este viejo y podrido Estado terrateniente-burocr\u00e1tico, culpable de todos los males que pesan sobre el pueblo.<\/p>\n\n\n\n<p class=\"has-black-color has-text-color has-link-color wp-elements-15ec7fd5551f8ea07d965067478ea6ba\">Saludamos esta jornada de vigilia y luto nacional y nos unimos a ella exigiendo la presentaci\u00f3n con vida del Dr. Ernesto Sernas Garc\u00eda y la abogada feminista Sandra Est\u00e9fana Dom\u00ednguez Mart\u00ednez, ambos desaparecidos por el Estado mexicano en Oaxaca desde el 10 de mayo de 2018 y el 4 de octubre de 2024, respectivamente.<\/p>\n\n\n\n<figure class=\"wp-block-image aligncenter size-full is-resized\"><img loading=\"lazy\" decoding=\"async\" width=\"576\" height=\"1024\" src=\"https:\/\/nuevademocracia.com.co\/wp-content\/uploads\/2025\/04\/image-5.png\" alt=\"\" class=\"wp-image-27510\" style=\"width:470px;height:auto\" srcset=\"https:\/\/nuevademocracia.com.co\/wp-content\/uploads\/2025\/04\/image-5.png 576w, https:\/\/nuevademocracia.com.co\/wp-content\/uploads\/2025\/04\/image-5-169x300.png 169w\" sizes=\"auto, (max-width: 576px) 100vw, 576px\" \/><\/figure>\n\n\n\n<p class=\"has-black-color has-text-color has-link-color wp-elements-388c5b805cd18bdffdddba0aba1d0f2e\">Desde nuestra trinchera estamos convencidos que es necesario trabajar por la formaci\u00f3n del Frente \u00danico capaz de frenar la guerra contra el pueblo, mejorando la correlaci\u00f3n de fuerzas en la perspectiva de la revoluci\u00f3n que este pa\u00eds necesita. Dicho frente no puede ser ni electorero ni economicista, sino una plataforma de unidad y lucha que ponga por delante la defensa de los derechos del pueblo.<\/p>\n\n\n\n<hr class=\"wp-block-separator has-text-color has-vivid-red-color has-alpha-channel-opacity has-vivid-red-background-color has-background\"\/>\n\n\n\n<p class=\"has-vivid-red-color has-text-color has-link-color wp-elements-87dbbe93dd5066931281bd594d13668a\"><strong>Notas<\/strong><\/p>\n\n\n\n<ol class=\"wp-block-list\">\n<li class=\"has-black-color has-text-color has-link-color wp-elements-df6dfa2249430ef456abd546229f9d87\">Todas las cifras son tomadas de fuentes oficiales como Comisi\u00f3n Nacional de B\u00fasqueda, el Mecanismo Extraordinario de Identificaci\u00f3n Forense y la Secretar\u00eda de Gobernaci\u00f3n. Pueden ser cifras maquilladas.<\/li>\n<\/ol>\n\n\n\n<p><\/p>\n","protected":false},"excerpt":{"rendered":"<p>Reproducimos el siguiente art\u00edculo de la prensa popular y democr\u00e1tica Peri\u00f3dico Mural El pasado 5 de marzo tras recibir la llamada an\u00f3nima de un sobreviviente que logr\u00f3 escapar, el colectivo Guerreros Buscadores realiz\u00f3 el hallazgo de un campo de exterminio ubicado en el Rancho Izaguirre, en el municipio de Teuchitl\u00e1n, tan solo a una hora [&hellip;]<\/p>\n","protected":false},"author":1,"featured_media":27505,"comment_status":"open","ping_status":"open","sticky":false,"template":"","format":"standard","meta":{"footnotes":""},"categories":[16,31],"tags":[],"class_list":["post-27504","post","type-post","status-publish","format-standard","has-post-thumbnail","hentry","category-carrusel","category-internacional"],"blocksy_meta":[],"_links":{"self":[{"href":"https:\/\/nuevademocracia.com.co\/index.php?rest_route=\/wp\/v2\/posts\/27504","targetHints":{"allow":["GET"]}}],"collection":[{"href":"https:\/\/nuevademocracia.com.co\/index.php?rest_route=\/wp\/v2\/posts"}],"about":[{"href":"https:\/\/nuevademocracia.com.co\/index.php?rest_route=\/wp\/v2\/types\/post"}],"author":[{"embeddable":true,"href":"https:\/\/nuevademocracia.com.co\/index.php?rest_route=\/wp\/v2\/users\/1"}],"replies":[{"embeddable":true,"href":"https:\/\/nuevademocracia.com.co\/index.php?rest_route=%2Fwp%2Fv2%2Fcomments&post=27504"}],"version-history":[{"count":1,"href":"https:\/\/nuevademocracia.com.co\/index.php?rest_route=\/wp\/v2\/posts\/27504\/revisions"}],"predecessor-version":[{"id":27511,"href":"https:\/\/nuevademocracia.com.co\/index.php?rest_route=\/wp\/v2\/posts\/27504\/revisions\/27511"}],"wp:featuredmedia":[{"embeddable":true,"href":"https:\/\/nuevademocracia.com.co\/index.php?rest_route=\/wp\/v2\/media\/27505"}],"wp:attachment":[{"href":"https:\/\/nuevademocracia.com.co\/index.php?rest_route=%2Fwp%2Fv2%2Fmedia&parent=27504"}],"wp:term":[{"taxonomy":"category","embeddable":true,"href":"https:\/\/nuevademocracia.com.co\/index.php?rest_route=%2Fwp%2Fv2%2Fcategories&post=27504"},{"taxonomy":"post_tag","embeddable":true,"href":"https:\/\/nuevademocracia.com.co\/index.php?rest_route=%2Fwp%2Fv2%2Ftags&post=27504"}],"curies":[{"name":"wp","href":"https:\/\/api.w.org\/{rel}","templated":true}]}}