{"id":27513,"date":"2025-04-02T18:11:02","date_gmt":"2025-04-02T23:11:02","guid":{"rendered":"https:\/\/nuevademocracia.com.co\/?p=27513"},"modified":"2025-04-02T18:11:02","modified_gmt":"2025-04-02T23:11:02","slug":"denuncia-urgente-en-este-momento-civiles-armados-al-servicio-de-los-terratenientes-cercan-a-campesinos-que-toman-tierra-en-el-cesar","status":"publish","type":"post","link":"https:\/\/nuevademocracia.com.co\/?p=27513","title":{"rendered":"Denuncia urgente: En este momento civiles armados al servicio de los terratenientes cercan a campesinos que toman tierra en el Cesar"},"content":{"rendered":"\n<p class=\"has-black-color has-text-color has-link-color wp-elements-46c504ec3f8542b30f13edf85a052c79\">Campesinos que est\u00e1n tomando leg\u00edtimamente las fincas Carmelas y Mar\u00eda Victoria, que se agrupan en la <em><a href=\"https:\/\/www.facebook.com\/profile.php?id=100069034731228\">Integraci\u00f3n Campesina del Cesar<\/a><\/em>, denuncian que \u201clos propietarios de la finca tienen ej\u00e9rcito, seguridad privada, polic\u00eda, gente de civil los cuales nos tienen completamente cercados, no nos dejan entrar agua ni alimentos, ni salir ni entrar. Nos tratan peor que a delincuentes, pero no somos delincuentes, somos campesinos. Esto es como un campo de concentraci\u00f3n y nosotros prisioneros. Tienen camionetas con civiles armados que pasan, recogen personal y vuelven con \u00e9l a la finca\u201d. Adem\u00e1s, responsabilizan a los due\u00f1os de la tierra, a los entes institucionales pertinentes y especialmente a Fedegan y sus \u201cbrigadas de solidaridad ganadera\u201d de cualquier afectaci\u00f3n a su seguridad o de cualquier cosa que les ocurra.<\/p>\n\n\n\n<figure class=\"wp-block-video\"><video height=\"478\" style=\"aspect-ratio: 848 \/ 478;\" width=\"848\" controls src=\"https:\/\/nuevademocracia.com.co\/wp-content\/uploads\/2025\/04\/Integracion-Campesina-del-Cesar-30M.mp4\"><\/video><figcaption class=\"wp-element-caption\"><strong><mark style=\"background-color:rgba(0, 0, 0, 0)\" class=\"has-inline-color has-black-color\">Video: Facebook <a href=\"https:\/\/www.facebook.com\/profile.php?id=100069034731228\">Integraci\u00f3n Campesina del Cesa<\/a>r <\/mark><\/strong><\/figcaption><\/figure>\n\n\n\n<p class=\"has-black-color has-text-color has-link-color wp-elements-58db40a1dc1eeb9e0fbfcfdcadd94d38\">Desde el pasado 25 de marzo alrededor de 80 familias campesinas ingresaron a las fincas Mar\u00eda Victoria, conocida como \u201c7 plagas\u201d, y las Carmelas, en el corregimiento de Casacar\u00e1, jurisdicci\u00f3n de Codazzi Cesar. En un comunicado, la organizaci\u00f3n Integraci\u00f3n Campesina del Cesar, declara que la raz\u00f3n de la toma de estas tierras es por \u201cnuestras familias, somos v\u00edctimas del conflicto armado interno que ha azotado a Colombia durante d\u00e9cadas. La violencia ha despojado a muchos de nosotros de nuestras tierras y medios de vida, dej\u00e1ndonos en una situaci\u00f3n de extrema precariedad. Actualmente, nos enfrentamos a la dura realidad de no contar con tierra donde producir los alimentos necesarios para el sustento de nuestras familias\u201d. Tambi\u00e9n denuncian que el Gobierno Nacional no tiene compromiso ni voluntad pol\u00edtica para cumplir los acuerdos a los que se llegaron en el marco de la mesa de interlocuci\u00f3n y dialogo instalada el 28 septiembre de 2023.<\/p>\n\n\n\n<p class=\"has-black-color has-text-color has-link-color wp-elements-bd60c5da37aa50af492e85458f7fa207\">Seg\u00fan <a href=\"https:\/\/www.facebook.com\/share\/p\/1ADQxv9XhT\/\">denuncia<\/a> el Coordinador Nacional Agrario \u2013 CNA, Fedegan y sus \u201cBrigadas de Solidaridad Ganadera\u201d en coordinaci\u00f3n con el Ej\u00e9rcito, la polic\u00eda y personas de civil, han asediado y estigmatizado a campesinos que hoy se encuentran bajo amenazas de ser desplazados. En la prensa latifundista, <em>Contexto Ganadero<\/em>, se\u00f1alan a los campesinos pobres y sin tierra de cometer delitos, de ser invasores y delincuentes. De esta forma buscan justificar la represi\u00f3n, el cerco y los ataques contra el campesinado. Tambi\u00e9n Fedegan por medio de sus redes sociales ha anunciado que los campesinos ya fueron desalojados. Frente a estas declaraciones los campesinos desconf\u00edan de las intenciones que estos terratenientes tengan y anuncian que \u00ablos recuperadores de las Carmelas y Mar\u00eda Victoria seguimos en resistencia, permanecemos en el territorio hasta conquistar la tierra. No somos delincuentes, ni invasores, somos campesinos, trabajadores de la tierra que luchamos por un pedazo de tierra para trabajar.\u00bb<\/p>\n\n\n\n<figure class=\"wp-block-video\"><video height=\"478\" style=\"aspect-ratio: 848 \/ 478;\" width=\"848\" controls src=\"https:\/\/nuevademocracia.com.co\/wp-content\/uploads\/2025\/04\/Denuncia-cerco.mp4\"><\/video><figcaption class=\"wp-element-caption\"><strong><mark style=\"background-color:rgba(0, 0, 0, 0)\" class=\"has-inline-color has-black-color\">Video: Facebook <a href=\"https:\/\/www.facebook.com\/profile.php?id=61562513120730\">Campesinos de tierra y agua<\/a><\/mark><\/strong><\/figcaption><\/figure>\n\n\n\n<p class=\"has-black-color has-text-color has-link-color wp-elements-a37d8c7759474aa990954b6a53d816d2\">Por \u00faltimo, los campesinos del Cesar hacen un llamado a que las organizaciones y luchadores populares se unan en defensa y apoyo de esta lucha por la tierra que ellos llevan a cabo, que es la \u00fanica garant\u00eda de realizar una verdadera reforma agraria, y a que se mantengan pendientes de esta denuncia que a\u00fan sigue en desarrollo.<\/p>\n\n\n\n<div class=\"wp-block-group is-nowrap is-layout-flex wp-container-core-group-is-layout-6c531013 wp-block-group-is-layout-flex\">\n<figure class=\"wp-block-image aligncenter size-large is-resized\"><img loading=\"lazy\" decoding=\"async\" width=\"1024\" height=\"683\" src=\"https:\/\/nuevademocracia.com.co\/wp-content\/uploads\/2025\/04\/Hablemos-Claro-1-1024x683.jpg\" alt=\"\" class=\"wp-image-27518\" style=\"width:465px;height:auto\" srcset=\"https:\/\/nuevademocracia.com.co\/wp-content\/uploads\/2025\/04\/Hablemos-Claro-1-1024x683.jpg 1024w, https:\/\/nuevademocracia.com.co\/wp-content\/uploads\/2025\/04\/Hablemos-Claro-1-300x200.jpg 300w, https:\/\/nuevademocracia.com.co\/wp-content\/uploads\/2025\/04\/Hablemos-Claro-1-768x512.jpg 768w, https:\/\/nuevademocracia.com.co\/wp-content\/uploads\/2025\/04\/Hablemos-Claro-1.jpg 1200w\" sizes=\"auto, (max-width: 1024px) 100vw, 1024px\" \/><figcaption class=\"wp-element-caption\"><strong><mark style=\"background-color:rgba(0, 0, 0, 0)\" class=\"has-inline-color has-black-color\">Foto: Facebook <a href=\"https:\/\/www.facebook.com\/share\/p\/19uuxokC6f\/\">Hablemos Claro<\/a><\/mark><\/strong><\/figcaption><\/figure>\n\n\n\n<figure class=\"wp-block-image aligncenter size-large is-resized\"><img loading=\"lazy\" decoding=\"async\" width=\"1024\" height=\"683\" src=\"https:\/\/nuevademocracia.com.co\/wp-content\/uploads\/2025\/04\/CNA-1024x683.jpg\" alt=\"\" class=\"wp-image-27521\" style=\"width:472px;height:auto\" srcset=\"https:\/\/nuevademocracia.com.co\/wp-content\/uploads\/2025\/04\/CNA-1024x683.jpg 1024w, https:\/\/nuevademocracia.com.co\/wp-content\/uploads\/2025\/04\/CNA-300x200.jpg 300w, https:\/\/nuevademocracia.com.co\/wp-content\/uploads\/2025\/04\/CNA-768x512.jpg 768w, https:\/\/nuevademocracia.com.co\/wp-content\/uploads\/2025\/04\/CNA.jpg 1200w\" sizes=\"auto, (max-width: 1024px) 100vw, 1024px\" \/><figcaption class=\"wp-element-caption\"><strong><mark style=\"background-color:rgba(0, 0, 0, 0)\" class=\"has-inline-color has-black-color\">Foto: Facebook <a href=\"https:\/\/www.facebook.com\/share\/p\/19uuxokC6f\/\">Hablemos Claro<\/a><\/mark><\/strong><\/figcaption><\/figure>\n<\/div>\n\n\n\n<figure class=\"wp-block-image aligncenter size-large is-resized\"><img loading=\"lazy\" decoding=\"async\" width=\"1024\" height=\"576\" src=\"https:\/\/nuevademocracia.com.co\/wp-content\/uploads\/2025\/04\/image-6-1024x576.png\" alt=\"\" class=\"wp-image-27520\" style=\"width:766px;height:auto\" srcset=\"https:\/\/nuevademocracia.com.co\/wp-content\/uploads\/2025\/04\/image-6-1024x576.png 1024w, https:\/\/nuevademocracia.com.co\/wp-content\/uploads\/2025\/04\/image-6-300x169.png 300w, https:\/\/nuevademocracia.com.co\/wp-content\/uploads\/2025\/04\/image-6-768x432.png 768w, https:\/\/nuevademocracia.com.co\/wp-content\/uploads\/2025\/04\/image-6-1536x864.png 1536w, https:\/\/nuevademocracia.com.co\/wp-content\/uploads\/2025\/04\/image-6.png 1599w\" sizes=\"auto, (max-width: 1024px) 100vw, 1024px\" \/><figcaption class=\"wp-element-caption\"><strong><mark style=\"background-color:rgba(0, 0, 0, 0)\" class=\"has-inline-color has-black-color\">Foto: Federaci\u00f3n Colombiana de Ganaderos <\/mark><\/strong><\/figcaption><\/figure>\n\n\n\n<p class=\"has-black-color has-text-color has-link-color wp-elements-ac19159c31e37eedb4b9a694f2df78cd\">A continuaci\u00f3n, compartimos la denuncia completa realizada por Integraci\u00f3n Campesina del Cesar, que fue publicada en la p\u00e1gina de Facebook, <a href=\"https:\/\/www.facebook.com\/share\/p\/19uuxokC6f\/\">Hablemos Claro<\/a>:<\/p>\n\n\n\n<p class=\"has-black-color has-text-color has-link-color wp-elements-8d24361765fa8073da0263432c62858a\"><strong>Denuncia de Integraci\u00f3n Campesina del Cesar<\/strong><\/p>\n\n\n\n<p class=\"has-black-color has-text-color has-link-color wp-elements-e0829da6232b44dcf73d17a6407cf478\">Nosotros los campesinos de la Integraci\u00f3n del Cesar que estamos recuperando la finca Las Carmelas y Mar\u00eda Victoria, m\u00e1s conocida como Siete Plagas queremos hacer una denuncia.<\/p>\n\n\n\n<p class=\"has-black-color has-text-color has-link-color wp-elements-4ae55856e6bf798917c5ada250125b56\">Los propietarios de la finca tienen ej\u00e9rcito, seguridad privada, polic\u00eda, gente de civil los cuales nos tienen completamente cercados, no nos dejan entrar agua ni alimentos, ni salir ni entrar. Nos tratan peor que a delincuentes, pero no somos delincuentes, somos campesinos. Esto es como un campo de concentraci\u00f3n y nosotros prisioneros. Tienen camionetas con civiles armados que pasan, recogen personal y vuelven con \u00e9l a la finca.<\/p>\n\n\n\n<p class=\"has-black-color has-text-color has-link-color wp-elements-745e3ec5bf63bb15a9e4b2aa0f678f42\">Una comisi\u00f3n de compa\u00f1eros vino a apoyarnos y no los dejaron entrar, sino que fueron reprimidos. A varios de nuestros compa\u00f1eros le hicieron disparos al cuerpo.<\/p>\n\n\n\n<p class=\"has-black-color has-text-color has-link-color wp-elements-7b1f3d2dcd8d9209fa928eeb241c73d7\">Dicen que tenemos una guardia especializada, pero no tenemos eso. Somos campesinos sin tierra que contamos con una defensa que consta que todos tengamos nuestro bast\u00f3n, que es de madera, para defendernos. Esa es nuestra guardia.<\/p>\n\n\n\n<p class=\"has-black-color has-text-color has-link-color wp-elements-6bf97656b798248597935a7ff314d12c\">Responsabilizamos a los due\u00f1os de la tierra y a los entes institucionales pertinentes de cualquier afectaci\u00f3n a nuestra seguridad. Especialmente responsabilizamos a FEDEGAN y sus brigadas de solidaridad ganadera de lo que nos pase a cualquiera de nosotros.<\/p>\n\n\n\n<p class=\"has-black-color has-text-color has-link-color wp-elements-5ab6f2e66fa033f61151c6b9e2292a10\">Tenemos muchos adultos mayores aqu\u00ed presentes. <\/p>\n\n\n\n<p class=\"has-black-color has-text-color has-link-color wp-elements-b5528cd552cf383ef14c075fdced13e6\">Tambi\u00e9n queremos dejar el mensaje de que, pese a toda est\u00e1 persecuci\u00f3n y represi\u00f3n seguimos presentes en el territorio, firmes en la lucha por la tierra. Exigimos a la Agencia Nacional de Tierras que establezca una mesa de interlocuci\u00f3n con funcionarios de orden nacional que nos entregue la tierra.<\/p>\n\n\n\n<p class=\"has-black-color has-text-color has-link-color wp-elements-c108740fe45418222cd152b8c7b5087d\">Pedimos todo el apoyo y la solidaridad de los hombres y mujeres honestos de nuestro pa\u00eds que creen en nosotros los campesinos. Pedimos apoyo de organizaciones de derechos humanos y garant\u00edas de seguridad.<\/p>\n\n\n\n<p class=\"has-black-color has-text-color has-link-color wp-elements-ef41e75e3e1e6bb10d72b454840683b8\">A nuestras familias, todo nuestro amor, estamos aqu\u00ed por ustedes y por el sue\u00f1o que tenemos. Les mandamos un saludo y un abrazo, queremos que est\u00e9n tranquilos.<\/p>\n","protected":false},"excerpt":{"rendered":"<p>Fedegan y sus \u201cBrigadas de Solidaridad Ganadera\u201d en coordinaci\u00f3n con el Ej\u00e9rcito, la polic\u00eda y personas de civil, han asediado y estigmatizado a campesinos que hoy se encuentran bajo amenazas de ser desplazados.<\/p>\n","protected":false},"author":1,"featured_media":27523,"comment_status":"open","ping_status":"open","sticky":false,"template":"","format":"standard","meta":{"footnotes":""},"categories":[16,4,144],"tags":[21,41],"class_list":["post-27513","post","type-post","status-publish","format-standard","has-post-thumbnail","hentry","category-carrusel","category-colombia","category-lucha-por-la-tierra","tag-campesinos","tag-represion-estatal"],"blocksy_meta":[],"_links":{"self":[{"href":"https:\/\/nuevademocracia.com.co\/index.php?rest_route=\/wp\/v2\/posts\/27513","targetHints":{"allow":["GET"]}}],"collection":[{"href":"https:\/\/nuevademocracia.com.co\/index.php?rest_route=\/wp\/v2\/posts"}],"about":[{"href":"https:\/\/nuevademocracia.com.co\/index.php?rest_route=\/wp\/v2\/types\/post"}],"author":[{"embeddable":true,"href":"https:\/\/nuevademocracia.com.co\/index.php?rest_route=\/wp\/v2\/users\/1"}],"replies":[{"embeddable":true,"href":"https:\/\/nuevademocracia.com.co\/index.php?rest_route=%2Fwp%2Fv2%2Fcomments&post=27513"}],"version-history":[{"count":6,"href":"https:\/\/nuevademocracia.com.co\/index.php?rest_route=\/wp\/v2\/posts\/27513\/revisions"}],"predecessor-version":[{"id":27525,"href":"https:\/\/nuevademocracia.com.co\/index.php?rest_route=\/wp\/v2\/posts\/27513\/revisions\/27525"}],"wp:featuredmedia":[{"embeddable":true,"href":"https:\/\/nuevademocracia.com.co\/index.php?rest_route=\/wp\/v2\/media\/27523"}],"wp:attachment":[{"href":"https:\/\/nuevademocracia.com.co\/index.php?rest_route=%2Fwp%2Fv2%2Fmedia&parent=27513"}],"wp:term":[{"taxonomy":"category","embeddable":true,"href":"https:\/\/nuevademocracia.com.co\/index.php?rest_route=%2Fwp%2Fv2%2Fcategories&post=27513"},{"taxonomy":"post_tag","embeddable":true,"href":"https:\/\/nuevademocracia.com.co\/index.php?rest_route=%2Fwp%2Fv2%2Ftags&post=27513"}],"curies":[{"name":"wp","href":"https:\/\/api.w.org\/{rel}","templated":true}]}}