{"id":27527,"date":"2025-04-05T17:29:58","date_gmt":"2025-04-05T22:29:58","guid":{"rendered":"https:\/\/nuevademocracia.com.co\/?p=27527"},"modified":"2025-04-05T17:29:59","modified_gmt":"2025-04-05T22:29:59","slug":"levantamiento-popular-en-argentina","status":"publish","type":"post","link":"https:\/\/nuevademocracia.com.co\/?p=27527","title":{"rendered":"Levantamiento popular en Argentina"},"content":{"rendered":"\n<p class=\"has-black-color has-text-color has-link-color wp-elements-ddfdd882fe522b354f949caeafc86832\">Los pensionados en Argentina llevan una lucha de anta\u00f1o para defender sus intereses -al igual como ocurre en cada pa\u00eds del mundo-, pero en el caso argentino, particular suceso fue la chispa que encendi\u00f3 la mecha del estallido social. Cada mi\u00e9rcoles, como es costumbre, los pensionados protestan a las puertas del Congreso para reclamar una actualizaci\u00f3n de las pensiones, la restituci\u00f3n de la cobertura de medicamentos y la continuidad de la moratoria previsional, pero en esta ocasi\u00f3n, se conjugaron una serie de factores que llevar\u00edan a desencadenar una fuerte lucha en las calles como nunca antes se hab\u00eda visto en Argentina. El estallido del 24 de marzo, hizo recordar los recientes levantamientos que sacudieron a gran parte del globo, que ocurrieron de forma simult\u00e1nea en varios pa\u00edses y en Colombia se puede dar fe de eso: calles saturadas de pueblo en lucha, beligerante y consciente que debe luchar para defender o conquistar los derechos. El estallido social del 24 de marzo guarda una similitud con los levantamientos populares alrededor del mundo, y es que radica en las fallas estructurales que el sistema imperialista mundial va socavando en cada pa\u00eds, lo que genera grietas al interior de cada sociedad que se van acumulando a\u00f1o tras a\u00f1o: desempleo, delincuencia, falta de oportunidades, falta de vivienda, educaci\u00f3n y salud, entre otros; y sumado a la pauperizaci\u00f3n de las condiciones de vida en el campo y la ciudad van fermentando en el pueblo una justa ira que hace explosi\u00f3n y que de manera casual se conecta con cualquier hecho particular que haya generado indignaci\u00f3n popular.\u00a0\u00a0<\/p>\n\n\n\n<a id='ilPEosZKRLFBohG1AZYSeA' class='gie-slideshow' href='http:\/\/www.gettyimages.com\/detail\/2204168002' target='_blank' style='color:#a7a7a7;text-decoration:none;font-weight:normal !important;border:none;display:inline-block;'>Embed from Getty Images<\/a><script>window.gie=window.gie||function(c){(gie.q=gie.q||[]).push(c)};gie(function(){gie.widgets.load({id:'ilPEosZKRLFBohG1AZYSeA',sig:'Pwa3deIRe4RVMtXo2aoNYXqblw3gWwfuYMSqQivJBls=',w:'594px',h:'396px',items:'2204168002,2204168320,2204174101,2204179966,2204170240',caption: true ,tld:'com',is360: false })});<\/script><script src='\/\/embed-cdn.gettyimages.com\/widgets.js' charset='utf-8' async><\/script>\n\n\n\n<p class=\"has-black-color has-text-color has-link-color wp-elements-a3602e40b2ea8ac466ef1c7af45d9448\">Aunque la indignaci\u00f3n contra el lun\u00e1tico de Milei venia acumul\u00e1ndose, por los reiterados esc\u00e1ndalos que ha venido desatando: como aprovecharse del poder para darle cargos p\u00fablicos a familiares y amigos, o el participar en una multimillonaria estafa, en la cual Milei enga\u00f1\u00f3 a miles de argentinos vali\u00e9ndose de su imagen como presidente para que invirtieran. Pero la gota que derram\u00f3 el vaso, fue la agresiva respuesta que dio su gobierno cuando se inicia y se convoca la marcha del 26 de marzo: \u00abEst\u00e1n nuestras fuerzas desplegadas para hacer cumplir el protocolo: el tr\u00e1nsito no se corta y las barras bravas, sobre la vereda.\u00bb As\u00ed lo asegur\u00f3 por redes sociales la ministra de Seguridad, Patricia Bullrich, quien, en lugar de amedrentar al pueblo, lo que hizo fue echar le\u00f1a sobre el fuego, porque no solo fue el tr\u00e1nsito que se bloque\u00f3, sino que todo el pa\u00eds se paraliz\u00f3 con las multitudinarias marchas que sacudieron el pa\u00eds, un suceso parecido o similar no hab\u00eda ocurrido en 20 a\u00f1os. La juventud argentina fue la protagonista de la feroz lucha que se desat\u00f3 en las calles en contra de la represi\u00f3n policial que fue incapaz de controlar la situaci\u00f3n. Un esp\u00edritu unitario y de lucha se vivi\u00f3 en las calles, y el pueblo que fue el protagonista principal, sabore\u00f3 un poderoso triunfo moral sobre la ultra derecha reaccionaria argentina.<\/p>\n\n\n\n<a id='8-TAFjfGR2tTFwfjdBlfuA' class='gie-slideshow' href='http:\/\/www.gettyimages.com\/detail\/2204191829' target='_blank' style='color:#a7a7a7;text-decoration:none;font-weight:normal !important;border:none;display:inline-block;'>Embed from Getty Images<\/a><script>window.gie=window.gie||function(c){(gie.q=gie.q||[]).push(c)};gie(function(){gie.widgets.load({id:'8-TAFjfGR2tTFwfjdBlfuA',sig:'itKLcb3FSJUPxQ8qcQ3zfg6amLVdP1xGqjw0pzlnXCc=',w:'594px',h:'396px',items:'2204191829,2204201789,2204202042,2204202101,2204192050',caption: true ,tld:'com',is360: false })});<\/script><script src='\/\/embed-cdn.gettyimages.com\/widgets.js' charset='utf-8' async><\/script>\n\n\n\n<p class=\"has-black-color has-text-color has-link-color wp-elements-4ce8f2dc103557ba2969e085f7449d2c\">La juventud argentina, al igual que la de otros pa\u00edses, se ve duramente golpeada por la presente crisis mundial del sistema imperialista. Desde la pandemia, ning\u00fan otro sector social se ha visto tan afectado como la juventud: mayores tasas de suicidio y homicidios recaen sobre aquellos, al igual que las tasas de desempleo y falta de oportunidades les golpean duramente, lo que le da una base social para su radicalidad y para que se conduzca de manera revolucionaria en las calles, resistiendo al sistema. Son el futuro de los pueblos del mundo, y en las luchas que se avecinan van a entregar mucha de su energ\u00eda arrolladora que ayudar\u00e1 a transformar y revolucionar la sociedad.<\/p>\n\n\n\n<p><\/p>\n","protected":false},"excerpt":{"rendered":"<p>La juventud argentina, al igual que la de otros pa\u00edses, se ve duramente golpeada por la presente crisis mundial del sistema imperialista.<\/p>\n","protected":false},"author":1,"featured_media":27531,"comment_status":"open","ping_status":"open","sticky":false,"template":"","format":"standard","meta":{"footnotes":""},"categories":[16,31],"tags":[44,39,18,41],"class_list":["post-27527","post","type-post","status-publish","format-standard","has-post-thumbnail","hentry","category-carrusel","category-internacional","tag-criminalizacion-a-la-protesta","tag-internacionalismo","tag-protestas","tag-represion-estatal"],"blocksy_meta":[],"_links":{"self":[{"href":"https:\/\/nuevademocracia.com.co\/index.php?rest_route=\/wp\/v2\/posts\/27527","targetHints":{"allow":["GET"]}}],"collection":[{"href":"https:\/\/nuevademocracia.com.co\/index.php?rest_route=\/wp\/v2\/posts"}],"about":[{"href":"https:\/\/nuevademocracia.com.co\/index.php?rest_route=\/wp\/v2\/types\/post"}],"author":[{"embeddable":true,"href":"https:\/\/nuevademocracia.com.co\/index.php?rest_route=\/wp\/v2\/users\/1"}],"replies":[{"embeddable":true,"href":"https:\/\/nuevademocracia.com.co\/index.php?rest_route=%2Fwp%2Fv2%2Fcomments&post=27527"}],"version-history":[{"count":4,"href":"https:\/\/nuevademocracia.com.co\/index.php?rest_route=\/wp\/v2\/posts\/27527\/revisions"}],"predecessor-version":[{"id":27532,"href":"https:\/\/nuevademocracia.com.co\/index.php?rest_route=\/wp\/v2\/posts\/27527\/revisions\/27532"}],"wp:featuredmedia":[{"embeddable":true,"href":"https:\/\/nuevademocracia.com.co\/index.php?rest_route=\/wp\/v2\/media\/27531"}],"wp:attachment":[{"href":"https:\/\/nuevademocracia.com.co\/index.php?rest_route=%2Fwp%2Fv2%2Fmedia&parent=27527"}],"wp:term":[{"taxonomy":"category","embeddable":true,"href":"https:\/\/nuevademocracia.com.co\/index.php?rest_route=%2Fwp%2Fv2%2Fcategories&post=27527"},{"taxonomy":"post_tag","embeddable":true,"href":"https:\/\/nuevademocracia.com.co\/index.php?rest_route=%2Fwp%2Fv2%2Ftags&post=27527"}],"curies":[{"name":"wp","href":"https:\/\/api.w.org\/{rel}","templated":true}]}}