{"id":27534,"date":"2025-04-06T08:00:00","date_gmt":"2025-04-06T13:00:00","guid":{"rendered":"https:\/\/nuevademocracia.com.co\/?p=27534"},"modified":"2025-04-05T17:58:34","modified_gmt":"2025-04-05T22:58:34","slug":"minga-cali-la-calle-es-nuestro-escenario-de-lucha","status":"publish","type":"post","link":"https:\/\/nuevademocracia.com.co\/?p=27534","title":{"rendered":"Minga Cali: \u201cLa calle es nuestro escenario de lucha\u201d"},"content":{"rendered":"\n<p class=\"has-black-color has-text-color has-link-color wp-elements-a11c382f280f50bb7cb10deb7c4be6ed\">Entre el 29 de marzo y el 2 de abril, integrantes de Minga Cali estuvieron en la ciudad de Medell\u00edn, participando de varios eventos donde socializaron su experiencia en la lucha por tierra, territorio y vivienda digna.<\/p>\n\n\n\n<figure class=\"wp-block-image aligncenter size-large\"><img loading=\"lazy\" decoding=\"async\" width=\"1024\" height=\"420\" src=\"https:\/\/nuevademocracia.com.co\/wp-content\/uploads\/2025\/04\/Flayers-Gira-Minga-Cali-Medellin-1024x420.jpg\" alt=\"\" class=\"wp-image-27535\" srcset=\"https:\/\/nuevademocracia.com.co\/wp-content\/uploads\/2025\/04\/Flayers-Gira-Minga-Cali-Medellin-1024x420.jpg 1024w, https:\/\/nuevademocracia.com.co\/wp-content\/uploads\/2025\/04\/Flayers-Gira-Minga-Cali-Medellin-300x123.jpg 300w, https:\/\/nuevademocracia.com.co\/wp-content\/uploads\/2025\/04\/Flayers-Gira-Minga-Cali-Medellin-768x315.jpg 768w, https:\/\/nuevademocracia.com.co\/wp-content\/uploads\/2025\/04\/Flayers-Gira-Minga-Cali-Medellin-1536x630.jpg 1536w, https:\/\/nuevademocracia.com.co\/wp-content\/uploads\/2025\/04\/Flayers-Gira-Minga-Cali-Medellin-2048x840.jpg 2048w\" sizes=\"auto, (max-width: 1024px) 100vw, 1024px\" \/><\/figure>\n\n\n\n<p class=\"has-black-color has-text-color has-link-color wp-elements-07b81a84508fc7371e2dee074482fb81\">Algunos de los eventos realizados fueron el 29 de marzo, en las instalaciones de Asdem, donde estuvieron compartiendo con varias organizaciones y colectivos de la ciudad. El 30 de marzo, estuvieron en el barrio Jos\u00e9 Antonio Gal\u00e1n, del municipio de Bello, y el 31 de marzo, en el barrio La Chuscala Parte Baja, del municipio de Caldas, donde pobladores de ambos barrios, que se encuentran bajo amenaza de desalojo, escucharon atentamente la experiencia de los compa\u00f1eros de Minga Cali. El 2 de agosto estuvieron en la Universidad de Antioquia, exponiendo su lucha y reivindicaciones frente a estudiantes interesados en las problem\u00e1ticas de las masas trabajadoras. &nbsp;&nbsp;<\/p>\n\n\n\n<p class=\"has-black-color has-text-color has-link-color wp-elements-230c0d3a40453c404a3c1a08ee93e18f\">\u201cMinga Cali es una juntanza de m\u00e1s de 20 organizaciones sociales, defensores de derechos humanos, colectivos, fundaciones, consejos comunitarios. Venimos dando la lucha por acceso a tierra en la ciudad de Cali. [\u2026] Muchos llegamos a Cali porque fuimos desplazados de nuestras tierras. Llegamos a Cali y all\u00ed hemos sufrido desalojos. La tierra ha estado en manos de las \u00e9lites econ\u00f3micas\u2026 nosotros los de a pie debemos juntarnos, unir fuerzas para esa lucha a ver si nos dan derecho a tener un pedacito de tierra, territorio, para tener una vivienda digna. [\u2026] El acceso a la vivienda es un privilegio. Las tierras disponibles para vivienda, se las entrega el Estado a las constructoras. Es el modelo de ciudad y progreso de los ricos.\u201d<\/p>\n\n\n\n<p class=\"has-black-color has-text-color has-link-color wp-elements-b61673f03b51df3ce1adb2f924d0130f\">Los compa\u00f1eros de Minga Cali expusieron la situaci\u00f3n actual de tenencia de la tierra en Cali, donde sectores del gran capital junto con latifundistas, como los ingenios azucareros y las constructoras, controlan las instituciones del Estado para impedir que la tierra llegue a manos de las masas populares. Y no solo impiden el acceso a la vivienda, sino que, los diferentes gobiernos de turno, guiados por los intereses del gran capital y el latifundio, impulsan megaproyectos de infraestructura urbana, que implican el desalojo de miles de familias pobres, como lo son el Plan Jarill\u00f3n y el Tren de Cercan\u00edas del Valle del Cauca.&nbsp; Con \u201cel Plan Jarill\u00f3n deben desalojar 8.000 familias, de las cuales van 5.000. Es una pol\u00edtica de cualquier gobierno que llegue, sea el Partido que sea, la pol\u00edtica es la misma: los pobres no tienen derecho a tener una tierra para vivir.\u201d<\/p>\n\n\n\n<figure class=\"wp-block-gallery has-nested-images columns-2 wp-block-gallery-1 is-layout-flex wp-block-gallery-is-layout-flex\">\n<figure class=\"wp-block-image size-large\"><img loading=\"lazy\" decoding=\"async\" width=\"1024\" height=\"1024\" data-id=\"27537\" src=\"https:\/\/nuevademocracia.com.co\/wp-content\/uploads\/2025\/04\/Minga-Cali-Jose-Antonio-Galan-1-1024x1024.jpg\" alt=\"\" class=\"wp-image-27537\" srcset=\"https:\/\/nuevademocracia.com.co\/wp-content\/uploads\/2025\/04\/Minga-Cali-Jose-Antonio-Galan-1-1024x1024.jpg 1024w, https:\/\/nuevademocracia.com.co\/wp-content\/uploads\/2025\/04\/Minga-Cali-Jose-Antonio-Galan-1-300x300.jpg 300w, https:\/\/nuevademocracia.com.co\/wp-content\/uploads\/2025\/04\/Minga-Cali-Jose-Antonio-Galan-1-150x150.jpg 150w, https:\/\/nuevademocracia.com.co\/wp-content\/uploads\/2025\/04\/Minga-Cali-Jose-Antonio-Galan-1-768x768.jpg 768w, https:\/\/nuevademocracia.com.co\/wp-content\/uploads\/2025\/04\/Minga-Cali-Jose-Antonio-Galan-1.jpg 1440w\" sizes=\"auto, (max-width: 1024px) 100vw, 1024px\" \/><figcaption class=\"wp-element-caption\">Minga Cali en el barrio Jos\u00e9 Antonio Gal\u00e1n. Imagen IG @mingacali<\/figcaption><\/figure>\n\n\n\n<figure class=\"wp-block-image size-large\"><img loading=\"lazy\" decoding=\"async\" width=\"1024\" height=\"1024\" data-id=\"27538\" src=\"https:\/\/nuevademocracia.com.co\/wp-content\/uploads\/2025\/04\/Minga-Cali-Jose-Antonio-Galan-2-1024x1024.jpg\" alt=\"\" class=\"wp-image-27538\" srcset=\"https:\/\/nuevademocracia.com.co\/wp-content\/uploads\/2025\/04\/Minga-Cali-Jose-Antonio-Galan-2-1024x1024.jpg 1024w, https:\/\/nuevademocracia.com.co\/wp-content\/uploads\/2025\/04\/Minga-Cali-Jose-Antonio-Galan-2-300x300.jpg 300w, https:\/\/nuevademocracia.com.co\/wp-content\/uploads\/2025\/04\/Minga-Cali-Jose-Antonio-Galan-2-150x150.jpg 150w, https:\/\/nuevademocracia.com.co\/wp-content\/uploads\/2025\/04\/Minga-Cali-Jose-Antonio-Galan-2-768x768.jpg 768w, https:\/\/nuevademocracia.com.co\/wp-content\/uploads\/2025\/04\/Minga-Cali-Jose-Antonio-Galan-2.jpg 1440w\" sizes=\"auto, (max-width: 1024px) 100vw, 1024px\" \/><figcaption class=\"wp-element-caption\">Minga Cali en el barrio Jos\u00e9 Antonio Gal\u00e1n. Imagen IG @mingacali<\/figcaption><\/figure>\n\n\n\n<figure class=\"wp-block-image size-large\"><img loading=\"lazy\" decoding=\"async\" width=\"1024\" height=\"771\" data-id=\"27536\" src=\"https:\/\/nuevademocracia.com.co\/wp-content\/uploads\/2025\/04\/Minga-Cali-La-Chuscala-1024x771.jpg\" alt=\"\" class=\"wp-image-27536\" srcset=\"https:\/\/nuevademocracia.com.co\/wp-content\/uploads\/2025\/04\/Minga-Cali-La-Chuscala-1024x771.jpg 1024w, https:\/\/nuevademocracia.com.co\/wp-content\/uploads\/2025\/04\/Minga-Cali-La-Chuscala-300x226.jpg 300w, https:\/\/nuevademocracia.com.co\/wp-content\/uploads\/2025\/04\/Minga-Cali-La-Chuscala-768x578.jpg 768w, https:\/\/nuevademocracia.com.co\/wp-content\/uploads\/2025\/04\/Minga-Cali-La-Chuscala-1536x1156.jpg 1536w, https:\/\/nuevademocracia.com.co\/wp-content\/uploads\/2025\/04\/Minga-Cali-La-Chuscala.jpg 1600w\" sizes=\"auto, (max-width: 1024px) 100vw, 1024px\" \/><figcaption class=\"wp-element-caption\">Minga Cali en el barrio La Chuscala Parte Baja.<\/figcaption><\/figure>\n<\/figure>\n\n\n\n<p class=\"has-black-color has-text-color has-link-color wp-elements-e1c93b983f9f2ec5415fdac466cec9ad\">Denunciaron que esos megaproyectos ya agotaron los recursos que fueron destinados para la reubicaci\u00f3n de las familias afectadas, por lo tanto, las miles de familias que faltan por desalojar, no tendr\u00e1n ninguna reparaci\u00f3n. Los compa\u00f1eros de Minga Cali afirman, que la gente est\u00e1 dispuesta a una reubicaci\u00f3n, pero debe ser con vivienda digna, y no como el Estado ha realizado hasta el momento: edificios sin ascensores, donde personas mayores o con discapacidades sufren para movilizarse, porque les toc\u00f3 vivir en pisos altos; en apartamentos de en promedio 42 m2, donde viven hacinadamente familias de 4, 5 o m\u00e1s integrantes, quienes fueron despojados de casas mucho m\u00e1s amplias; reubicados lejos de sus antiguos vecinos, destruyendo tejidos sociales de 40, 50 o m\u00e1s a\u00f1os de proceso; y sin posibilidades de emprendimiento, porque las familias que antes ten\u00edan un taller, o una tienda en su casa, ahora no pueden hacerlo si les toca vivir en un sexto o s\u00e9ptimo piso. Por lo anterior, los compa\u00f1eros afirman que \u201ctodos los desalojos, aunque se pinten de reubicaci\u00f3n, la realidad es que terminan despojando a la gente.\u201d<\/p>\n\n\n\n<p class=\"has-black-color has-text-color has-link-color wp-elements-421eb420dd6a67021c22e7659194cc59\">Frente a dicha realidad, Minga Cali ha levantado la bandera de la lucha por la tierra, el territorio y la vivienda digna. All\u00ed se agrupan m\u00e1s de 1.000 familias, una parte de ellas desalojadas por esos megaproyectos sin ning\u00fan tipo de reparaci\u00f3n; otra parte de las familias a\u00fan no han sido desalojadas, y est\u00e1n luchando para detener los desalojos y que los dejen vivir en paz, o en el peor de los casos, que los reubiquen en viviendas dignas; y finalmente, se agrupan otras familias que quieren conquistar la vivienda a trav\u00e9s de la lucha popular, porque despu\u00e9s de d\u00e9cadas de arduo trabajo, nunca han podido acceder a la vivienda. Explican que solo personas con ingresos mensuales superiores a 4 o 5 salarios m\u00ednimos, pueden pensar en el acceso a vivienda propia a trav\u00e9s del cr\u00e9dito, pero m\u00e1s del 40% de la poblaci\u00f3n colombiana vive con menos del salario m\u00ednimo.<\/p>\n\n\n\n<p class=\"has-black-color has-text-color has-link-color wp-elements-4166a8e505c47b4cd2aebe5e8d3318bc\">Para avanzar en esa lucha, las familias de Minga Cali han realizado gran cantidad de actividades como marchas, plantones, protestas en eventos de instituciones, campa\u00f1as informativas, asambleas populares, entre otras. En la exposici\u00f3n de su proceso, destacaron cuatro refugios humanitarios, que consistieron en el ingreso a las instalaciones de aquellas instituciones involucradas en el acceso a la tierra, ocupando y permaneciendo en el sitio indefinidamente hasta que el gobierno resolviera sus exigencias. \u201cHemos hecho cuatro refugios. Uno en la Unidad de Restituci\u00f3n de Tierras (URT), otro en la Secretar\u00eda de Vivienda de Cali, otro en la Agencia Nacional de Tierras (ANT) y el \u00faltimo en la Hacienda La Betulia, ah\u00ed fue donde el gobierno nos sac\u00f3 violentamente con el Esmad. [\u2026] En la URT, all\u00ed lleg\u00f3 una asociaci\u00f3n, un barrio que iba a ser desalojado por esos d\u00edas. Nos dijeron: somos 230 familias y nos van a desalojar. Nosotros les dijimos: participen del refugio y una de las exigencias ser\u00e1 que no los desalojen. Ese desalojo se logr\u00f3 frenar. [\u2026] En la ANT el gobierno prometi\u00f3 un terreno de 180 hect\u00e1reas. Pero hasta el momento no nos han cumplido, estamos a la espera de esa promesa.\u201d En la ocupaci\u00f3n de la Hacienda La Betulia, propiedad de la Sociedad de Activos Especiales (SAE), las familias de Minga Cali, esperaban conquistar dicho lote e iniciar la construcci\u00f3n de sus casas, sin embargo, fueron desalojados violentamente por el gobierno Petro y la Alcald\u00eda de Cali. Al respecto, el a\u00f1o pasado hicimos un reportaje: <a href=\"https:\/\/nuevademocracia.com.co\/?p=26948\">Cientos de familias en Cali son desalojadas por el gobierno.<\/a><\/p>\n\n\n\n<figure class=\"wp-block-gallery has-nested-images columns-2 wp-block-gallery-2 is-layout-flex wp-block-gallery-is-layout-flex\">\n<figure class=\"wp-block-image size-large\"><img loading=\"lazy\" decoding=\"async\" width=\"1024\" height=\"683\" data-id=\"27539\" src=\"https:\/\/nuevademocracia.com.co\/wp-content\/uploads\/2025\/04\/Minga-Cali-Medellin-1-1024x683.jpg\" alt=\"\" class=\"wp-image-27539\" srcset=\"https:\/\/nuevademocracia.com.co\/wp-content\/uploads\/2025\/04\/Minga-Cali-Medellin-1-1024x683.jpg 1024w, https:\/\/nuevademocracia.com.co\/wp-content\/uploads\/2025\/04\/Minga-Cali-Medellin-1-300x200.jpg 300w, https:\/\/nuevademocracia.com.co\/wp-content\/uploads\/2025\/04\/Minga-Cali-Medellin-1-768x512.jpg 768w, https:\/\/nuevademocracia.com.co\/wp-content\/uploads\/2025\/04\/Minga-Cali-Medellin-1-1536x1024.jpg 1536w, https:\/\/nuevademocracia.com.co\/wp-content\/uploads\/2025\/04\/Minga-Cali-Medellin-1.jpg 1620w\" sizes=\"auto, (max-width: 1024px) 100vw, 1024px\" \/><\/figure>\n\n\n\n<figure class=\"wp-block-image size-large\"><img loading=\"lazy\" decoding=\"async\" width=\"1024\" height=\"683\" data-id=\"27540\" src=\"https:\/\/nuevademocracia.com.co\/wp-content\/uploads\/2025\/04\/Minga-Cali-Medellin-2-1024x683.jpg\" alt=\"\" class=\"wp-image-27540\" srcset=\"https:\/\/nuevademocracia.com.co\/wp-content\/uploads\/2025\/04\/Minga-Cali-Medellin-2-1024x683.jpg 1024w, https:\/\/nuevademocracia.com.co\/wp-content\/uploads\/2025\/04\/Minga-Cali-Medellin-2-300x200.jpg 300w, https:\/\/nuevademocracia.com.co\/wp-content\/uploads\/2025\/04\/Minga-Cali-Medellin-2-768x512.jpg 768w, https:\/\/nuevademocracia.com.co\/wp-content\/uploads\/2025\/04\/Minga-Cali-Medellin-2-1536x1024.jpg 1536w, https:\/\/nuevademocracia.com.co\/wp-content\/uploads\/2025\/04\/Minga-Cali-Medellin-2.jpg 1620w\" sizes=\"auto, (max-width: 1024px) 100vw, 1024px\" \/><\/figure>\n\n\n\n<figure class=\"wp-block-image size-large\"><img loading=\"lazy\" decoding=\"async\" width=\"1024\" height=\"683\" data-id=\"27541\" src=\"https:\/\/nuevademocracia.com.co\/wp-content\/uploads\/2025\/04\/Minga-Cali-Medellin-3-1024x683.jpg\" alt=\"\" class=\"wp-image-27541\" srcset=\"https:\/\/nuevademocracia.com.co\/wp-content\/uploads\/2025\/04\/Minga-Cali-Medellin-3-1024x683.jpg 1024w, https:\/\/nuevademocracia.com.co\/wp-content\/uploads\/2025\/04\/Minga-Cali-Medellin-3-300x200.jpg 300w, https:\/\/nuevademocracia.com.co\/wp-content\/uploads\/2025\/04\/Minga-Cali-Medellin-3-768x512.jpg 768w, https:\/\/nuevademocracia.com.co\/wp-content\/uploads\/2025\/04\/Minga-Cali-Medellin-3-1536x1024.jpg 1536w, https:\/\/nuevademocracia.com.co\/wp-content\/uploads\/2025\/04\/Minga-Cali-Medellin-3.jpg 1620w\" sizes=\"auto, (max-width: 1024px) 100vw, 1024px\" \/><figcaption class=\"wp-element-caption\">Minga Cali en Medell\u00edn.<\/figcaption><\/figure>\n<\/figure>\n\n\n\n<p class=\"has-black-color has-text-color has-link-color wp-elements-4ad2b7439a104cff1c362194cffc7101\">Gracias a la incansable, combativa y masiva movilizaci\u00f3n que realizan las familias de Minga Cali, han logrado varias conquistas, como detener desalojos en varias de las comunidades o generar mesas de interlocuci\u00f3n con las instituciones involucradas. Aunque esas mesas de interlocuci\u00f3n, hasta el momento solo han derivado en promesas, tambi\u00e9n las consideran un triunfo, ya que han sido generadas con la lucha. Los compa\u00f1eros explicaron que, si no es con movilizaci\u00f3n, dichas instituciones siempre ignoran sus reclamos y solicitudes de di\u00e1logo, as\u00ed que, obligarlos a sentarse a negociar, es un logro. La negligencia de los funcionarios del Estado, es tal, que hasta para convocar una mesa de di\u00e1logo, a Minga Cali le toca salir a bloquear las calles y protestar, si no es as\u00ed, los funcionarios los ignoran. As\u00ed pues, todo lo que han logrado, ha sido a trav\u00e9s de las v\u00edas de hecho, y la conquista m\u00e1s importante hasta el momento, es la promesa firmada por escrito de un lote para construir sus casas. Sin embargo, son conscientes que deben mantener la movilizaci\u00f3n y la presi\u00f3n, sea con protestas en las calles o con nuevos refugios humanitarios, o de lo contrario nunca se har\u00e1n realidad las promesas del gobierno. Por ello, afirman que seguir\u00e1n luchando hasta que conquisten la tierra para vivir dignamente, cueste lo que cueste: \u201cEstamos en proceso de mirar la finca que nos prometieron, y poner fecha l\u00edmite para que la entreguen [\u2026] Minga Cali le ha dicho al gobierno, si no nos resuelven, nos vamos a meter a los predios. Todo lo que hemos conquistado ha sido con lucha. Hasta para reunirse con un funcionario toca salir a las calles a luchar para sentarlos a hablar.\u201d<\/p>\n\n\n\n<p class=\"has-black-color has-text-color has-link-color wp-elements-2678146ee68782d3605126ec0f8af055\">Durante los conversatorios realizados, compartieron detalles de sus formas de organizaci\u00f3n, de articulaci\u00f3n, de la lucha por la unidad al interior de una organizaci\u00f3n tan grande en la que existe una amplia diversidad de pensamientos pol\u00edticos y de sus planes para este a\u00f1o. Actualmente, consideran de suma importancia que, dentro del movimiento social y popular, a nivel nacional, se levante la bandera de la lucha por la tierra, el territorio y la vivienda digna. Unir a todo el movimiento popular bajo la consigna de \u201c\u00a1No m\u00e1s desalojos!\u201d y que se permita la autoconstrucci\u00f3n, es decir que las masas populares puedan construir ellas mismas sus casas, y no dependan de las grandes constructoras para poder hacerlo. Todo lo anterior, ha llevado a la Gira Nacional de Minga Cali, con la cual esperan recorrer varios municipios del pa\u00eds, \u201cel objetivo es hacer incidencia, darnos a conocer y conocer otros procesos. Queremos que otros grupos y asociaciones se unan a nuestra lucha y nosotros estar en la lucha de ustedes.\u201d Los conversatorios realizados, hacen parte de esa Gira Nacional.<\/p>\n\n\n\n<p class=\"has-black-color has-text-color has-link-color wp-elements-10d7871fe74356524ea84750bc71be5e\">Finalmente, los integrantes de Minga Cali realizaron varias invitaciones a los asistentes que estuvieron en los diferentes eventos. Propusieron para los pr\u00f3ximos meses, unirse a una caravana hacia la ciudad de Bogot\u00e1, para exigir las reivindicaciones que se han mencionado ante el gobierno nacional. Tambi\u00e9n, la idea de realizar un foro nacional por la tierra, el territorio y la vivienda digna en la ciudad de Cali. Estos eventos se encuentran en etapa de planeaci\u00f3n, informaremos sobre ellos cuando la programaci\u00f3n sea publicada.<\/p>\n\n\n\n<figure class=\"wp-block-gallery has-nested-images columns-default is-cropped wp-block-gallery-3 is-layout-flex wp-block-gallery-is-layout-flex\">\n<figure class=\"wp-block-image size-large\"><img loading=\"lazy\" decoding=\"async\" width=\"1024\" height=\"576\" data-id=\"27543\" src=\"https:\/\/nuevademocracia.com.co\/wp-content\/uploads\/2025\/04\/Minga-Cali-UdeA-1-1024x576.jpg\" alt=\"\" class=\"wp-image-27543\" srcset=\"https:\/\/nuevademocracia.com.co\/wp-content\/uploads\/2025\/04\/Minga-Cali-UdeA-1-1024x576.jpg 1024w, https:\/\/nuevademocracia.com.co\/wp-content\/uploads\/2025\/04\/Minga-Cali-UdeA-1-300x169.jpg 300w, https:\/\/nuevademocracia.com.co\/wp-content\/uploads\/2025\/04\/Minga-Cali-UdeA-1-768x432.jpg 768w, https:\/\/nuevademocracia.com.co\/wp-content\/uploads\/2025\/04\/Minga-Cali-UdeA-1-1536x864.jpg 1536w, https:\/\/nuevademocracia.com.co\/wp-content\/uploads\/2025\/04\/Minga-Cali-UdeA-1.jpg 1600w\" sizes=\"auto, (max-width: 1024px) 100vw, 1024px\" \/><figcaption class=\"wp-element-caption\">Minga Cali en la UdeA.<\/figcaption><\/figure>\n\n\n\n<figure class=\"wp-block-image size-large\"><img loading=\"lazy\" decoding=\"async\" width=\"1024\" height=\"576\" data-id=\"27542\" src=\"https:\/\/nuevademocracia.com.co\/wp-content\/uploads\/2025\/04\/Minga-Cali-UdeA-2-1024x576.jpg\" alt=\"\" class=\"wp-image-27542\" srcset=\"https:\/\/nuevademocracia.com.co\/wp-content\/uploads\/2025\/04\/Minga-Cali-UdeA-2-1024x576.jpg 1024w, https:\/\/nuevademocracia.com.co\/wp-content\/uploads\/2025\/04\/Minga-Cali-UdeA-2-300x169.jpg 300w, https:\/\/nuevademocracia.com.co\/wp-content\/uploads\/2025\/04\/Minga-Cali-UdeA-2-768x432.jpg 768w, https:\/\/nuevademocracia.com.co\/wp-content\/uploads\/2025\/04\/Minga-Cali-UdeA-2-1536x864.jpg 1536w, https:\/\/nuevademocracia.com.co\/wp-content\/uploads\/2025\/04\/Minga-Cali-UdeA-2.jpg 1600w\" sizes=\"auto, (max-width: 1024px) 100vw, 1024px\" \/><figcaption class=\"wp-element-caption\">Minga Cali en la UdeA.<\/figcaption><\/figure>\n<\/figure>\n\n\n\n<p><\/p>\n","protected":false},"excerpt":{"rendered":"<p>Entre el 29 de marzo y el 2 de abril, Minga Cali estuvo en Medell\u00edn, socializando su experiencia de lucha por tierra, territorio y vivienda digna.<\/p>\n","protected":false},"author":1,"featured_media":27538,"comment_status":"open","ping_status":"open","sticky":false,"template":"","format":"standard","meta":{"footnotes":""},"categories":[16,4,144],"tags":[184,73,183,42,74],"class_list":["post-27534","post","type-post","status-publish","format-standard","has-post-thumbnail","hentry","category-carrusel","category-colombia","category-lucha-por-la-tierra","tag-chuscala","tag-desalojos","tag-jose-antonio-galan","tag-lucha-por-la-tierra","tag-vivienda"],"blocksy_meta":[],"_links":{"self":[{"href":"https:\/\/nuevademocracia.com.co\/index.php?rest_route=\/wp\/v2\/posts\/27534","targetHints":{"allow":["GET"]}}],"collection":[{"href":"https:\/\/nuevademocracia.com.co\/index.php?rest_route=\/wp\/v2\/posts"}],"about":[{"href":"https:\/\/nuevademocracia.com.co\/index.php?rest_route=\/wp\/v2\/types\/post"}],"author":[{"embeddable":true,"href":"https:\/\/nuevademocracia.com.co\/index.php?rest_route=\/wp\/v2\/users\/1"}],"replies":[{"embeddable":true,"href":"https:\/\/nuevademocracia.com.co\/index.php?rest_route=%2Fwp%2Fv2%2Fcomments&post=27534"}],"version-history":[{"count":3,"href":"https:\/\/nuevademocracia.com.co\/index.php?rest_route=\/wp\/v2\/posts\/27534\/revisions"}],"predecessor-version":[{"id":27556,"href":"https:\/\/nuevademocracia.com.co\/index.php?rest_route=\/wp\/v2\/posts\/27534\/revisions\/27556"}],"wp:featuredmedia":[{"embeddable":true,"href":"https:\/\/nuevademocracia.com.co\/index.php?rest_route=\/wp\/v2\/media\/27538"}],"wp:attachment":[{"href":"https:\/\/nuevademocracia.com.co\/index.php?rest_route=%2Fwp%2Fv2%2Fmedia&parent=27534"}],"wp:term":[{"taxonomy":"category","embeddable":true,"href":"https:\/\/nuevademocracia.com.co\/index.php?rest_route=%2Fwp%2Fv2%2Fcategories&post=27534"},{"taxonomy":"post_tag","embeddable":true,"href":"https:\/\/nuevademocracia.com.co\/index.php?rest_route=%2Fwp%2Fv2%2Ftags&post=27534"}],"curies":[{"name":"wp","href":"https:\/\/api.w.org\/{rel}","templated":true}]}}