{"id":27550,"date":"2025-04-07T08:00:00","date_gmt":"2025-04-07T13:00:00","guid":{"rendered":"https:\/\/nuevademocracia.com.co\/?p=27550"},"modified":"2025-04-05T17:54:49","modified_gmt":"2025-04-05T22:54:49","slug":"y-si-fuera-su-casa","status":"publish","type":"post","link":"https:\/\/nuevademocracia.com.co\/?p=27550","title":{"rendered":"\u00bfY si fuera su casa?"},"content":{"rendered":"\n<p class=\"has-black-color has-text-color has-link-color wp-elements-ce789b8ea1b1a747b2df9d875cb8c9f7\">Compartimos a continuaci\u00f3n, la segunda parte de un documental de Paulina Mar\u00edn e Isa\u00ed V\u00e9lez, con el apoyo de De la Urbe. El cual aborda la situaci\u00f3n de las familias del barrio La Chuscala Parte Baja, del municipio de Caldas, que se encuentran en proceso de desalojo. La descripci\u00f3n del documental, publicada en el canal de YouTube, dice lo siguiente:<\/p>\n\n\n\n<p class=\"has-black-color has-text-color has-link-color wp-elements-fe852e4cde969fbc327e46c3a9a886cf\">\u00abPor la vida y por un techo: la lucha por una vivienda digna\u201d es un proyecto audiovisual que habla sobre el tema del desalojo abordando dos barrios particulares ubicados en los municipios de Bello y Caldas. \u201c\u00bfY si esta fuera su casa?\u201d es la segunda parte del informe y se centra en el caso particular del barrio La Chuscala, parte baja, ubicado en el municipio de Caldas desde hace 16 a\u00f1os.<\/p>\n\n\n\n<p class=\"has-black-color has-text-color has-link-color wp-elements-dd510bc6ca60575cbcd4397a71db0a86\">Juan Guillermo de la Cuesta reclam\u00f3 hace tiempo los predios donde hoy yace La Chuscala como de su propiedad e interpuso tres procesos legales por los que, entre 2021 y 2024, se realizaron 13 desalojos y hoy hay 30 familias m\u00e1s notificadas y a la espera del suceso.<\/p>\n\n\n\n<p class=\"has-black-color has-text-color has-link-color wp-elements-0a044bc937fbc5c21521f50b37f06123\">Seg\u00fan el relato de la comunidad, los terrenos son del Estado y pertenecen al antiguo Ferrocarril de Antioquia, ahora Inv\u00edas. Las familias tambi\u00e9n cuentan que las que ya han sido desalojadas no han recibido ning\u00fan tipo de garant\u00eda de reubicaci\u00f3n, e incluso aseguran que dentro del proceso no aparecen los lanzamientos (desalojos) que ya se hicieron.\u00bb<\/p>\n\n\n\n<figure class=\"wp-block-embed is-type-video is-provider-youtube wp-block-embed-youtube wp-embed-aspect-16-9 wp-has-aspect-ratio\"><div class=\"wp-block-embed__wrapper\">\n<iframe loading=\"lazy\" title=\"\u00bfY si fuera su casa?  | Por la vida y por un techo: la lucha por una vivienda digna\" width=\"1290\" height=\"726\" src=\"https:\/\/www.youtube.com\/embed\/-exGnKOiaFE?feature=oembed\" frameborder=\"0\" allow=\"accelerometer; autoplay; clipboard-write; encrypted-media; gyroscope; picture-in-picture; web-share\" referrerpolicy=\"strict-origin-when-cross-origin\" allowfullscreen><\/iframe>\n<\/div><\/figure>\n\n\n\n<p><\/p>\n","protected":false},"excerpt":{"rendered":"<p>Compartimos el documental \u00bfY si fuera su casa? El cual aborda la situaci\u00f3n de las familias del barrio La Chuscala Parte Baja. <\/p>\n","protected":false},"author":1,"featured_media":27551,"comment_status":"open","ping_status":"open","sticky":false,"template":"","format":"video","meta":{"footnotes":""},"categories":[16,4],"tags":[184,180,18,41,185],"class_list":["post-27550","post","type-post","status-publish","format-video","has-post-thumbnail","hentry","category-carrusel","category-colombia","tag-chuscala","tag-derecho-al-techo","tag-protestas","tag-represion-estatal","tag-vivienda-digna","post_format-post-format-video"],"blocksy_meta":[],"_links":{"self":[{"href":"https:\/\/nuevademocracia.com.co\/index.php?rest_route=\/wp\/v2\/posts\/27550","targetHints":{"allow":["GET"]}}],"collection":[{"href":"https:\/\/nuevademocracia.com.co\/index.php?rest_route=\/wp\/v2\/posts"}],"about":[{"href":"https:\/\/nuevademocracia.com.co\/index.php?rest_route=\/wp\/v2\/types\/post"}],"author":[{"embeddable":true,"href":"https:\/\/nuevademocracia.com.co\/index.php?rest_route=\/wp\/v2\/users\/1"}],"replies":[{"embeddable":true,"href":"https:\/\/nuevademocracia.com.co\/index.php?rest_route=%2Fwp%2Fv2%2Fcomments&post=27550"}],"version-history":[{"count":2,"href":"https:\/\/nuevademocracia.com.co\/index.php?rest_route=\/wp\/v2\/posts\/27550\/revisions"}],"predecessor-version":[{"id":27553,"href":"https:\/\/nuevademocracia.com.co\/index.php?rest_route=\/wp\/v2\/posts\/27550\/revisions\/27553"}],"wp:featuredmedia":[{"embeddable":true,"href":"https:\/\/nuevademocracia.com.co\/index.php?rest_route=\/wp\/v2\/media\/27551"}],"wp:attachment":[{"href":"https:\/\/nuevademocracia.com.co\/index.php?rest_route=%2Fwp%2Fv2%2Fmedia&parent=27550"}],"wp:term":[{"taxonomy":"category","embeddable":true,"href":"https:\/\/nuevademocracia.com.co\/index.php?rest_route=%2Fwp%2Fv2%2Fcategories&post=27550"},{"taxonomy":"post_tag","embeddable":true,"href":"https:\/\/nuevademocracia.com.co\/index.php?rest_route=%2Fwp%2Fv2%2Ftags&post=27550"}],"curies":[{"name":"wp","href":"https:\/\/api.w.org\/{rel}","templated":true}]}}