{"id":27557,"date":"2025-04-07T15:14:55","date_gmt":"2025-04-07T20:14:55","guid":{"rendered":"https:\/\/nuevademocracia.com.co\/?p=27557"},"modified":"2025-04-07T15:14:56","modified_gmt":"2025-04-07T20:14:56","slug":"recuerdos-del-profesor-fausto-arruda","status":"publish","type":"post","link":"https:\/\/nuevademocracia.com.co\/?p=27557","title":{"rendered":"Recuerdos del profesor Fausto Arruda"},"content":{"rendered":"\n<p class=\"has-black-color has-text-color has-link-color wp-elements-02192f6fc3c466ea22814a14a84ed4db\"><em>Reproducimos traducci\u00f3n no oficial de un art\u00edculo de<\/em> <a href=\"https:\/\/anovademocracia.com.br\/recordacoes-fausto-arruda\/\">A Nova Democracia<\/a><\/p>\n\n\n\n<p class=\"has-black-color has-text-color has-link-color wp-elements-cb2719eab17fb3bd37a9845fc8b0dfd3\">Escrito por un antiguo compa\u00f1ero de trabajo del Profesor Fausto.<\/p>\n\n\n\n<hr class=\"wp-block-separator has-text-color has-vivid-red-color has-alpha-channel-opacity has-vivid-red-background-color has-background\"\/>\n\n\n\n<p class=\"has-black-color has-text-color has-link-color wp-elements-e6cbb8bb76a6506da23a31a902e11d20\">por&nbsp;<a href=\"https:\/\/anovademocracia.com.br\/author\/redacao-de-and\/\">Reda\u00e7\u00e3o de AND<\/a><\/p>\n\n\n\n<p class=\"has-black-color has-text-color has-link-color wp-elements-9ca303dd2efd95259e489d9c85281b86\">3 de abril de 2025<\/p>\n\n\n\n<figure class=\"wp-block-image aligncenter size-full is-resized\"><img loading=\"lazy\" decoding=\"async\" width=\"471\" height=\"254\" src=\"https:\/\/nuevademocracia.com.co\/wp-content\/uploads\/2025\/04\/image-8.png\" alt=\"\" class=\"wp-image-27558\" style=\"width:505px;height:auto\" srcset=\"https:\/\/nuevademocracia.com.co\/wp-content\/uploads\/2025\/04\/image-8.png 471w, https:\/\/nuevademocracia.com.co\/wp-content\/uploads\/2025\/04\/image-8-300x162.png 300w\" sizes=\"auto, (max-width: 471px) 100vw, 471px\" \/><figcaption class=\"wp-element-caption\"><strong><mark style=\"background-color:rgba(0, 0, 0, 0)\" class=\"has-inline-color has-black-color\">Profesor Fausto Arruda. Foto: Reproducci\u00f3n<\/mark><\/strong><\/figcaption><\/figure>\n\n\n\n<p class=\"has-text-align-center has-vivid-red-color has-text-color has-link-color has-medium-font-size wp-elements-e14d335dfe1a7af3a2942080d7e2de1f\"><strong>I<\/strong><\/p>\n\n\n\n<p class=\"has-black-color has-text-color has-link-color wp-elements-e455e7c6e0c2cd17162882a10578e25d\">\u00abNuestro trabajo es como ese espect\u00e1culo de circo en el que el equilibrista hace girar platos&#8230; hace girar un plato equilibrado sobre un palo, hace lo mismo con el segundo, el tercero, y sigue haciendo girar los palos y equilibrando m\u00e1s platos&#8230; cuando llega al quinto, sexto plato&#8230; el primero empieza a desequilibrarse. Y vuelve al primero y le da otro empuj\u00f3n, y as\u00ed hasta que tiene varios platos girando. Nosotros somos un poco as\u00ed. Visitamos una regi\u00f3n, una zona en el campo, plantamos all\u00ed una semilla del comit\u00e9 de apoyo del peri\u00f3dico, y giramos un plato. Hacemos nuestra lectura colectiva, nuestro estudio, las brigadas del peri\u00f3dico y empezamos el trabajo que llevan a cabo los compa\u00f1eros y compa\u00f1eras. Y viajamos, vamos a otras regiones, universidades, escuelas&#8230; Cuando hemos terminado una gira por el pa\u00eds&#8230; tenemos que volver a ese primer lugar y all\u00ed le damos un nuevo giro, apoyamos al comit\u00e9, ayudamos a los compa\u00f1eros en sus tareas de venta del peri\u00f3dico y para ganar nuevos brigadistas y miembros para el Comit\u00e9 de Apoyo, hacemos actividades, debates. Y as\u00ed seguimos girando platos y ampliando nuestro trabajo\u00bb.<\/p>\n\n\n\n<p class=\"has-black-color has-text-color has-link-color wp-elements-8dd3304e18738980d01f44e323af584b\">Muchas veces, antes de que se crearan y consolidaran los comit\u00e9s de apoyo a AND, el Profesor Fausto abr\u00eda nuestras reuniones con este discurso. Nuestro iniciador, entusiasta e incansable formador difund\u00eda entre nosotros la necesidad de que activistas de la juventud combatiente, del Frente Revolucionario de Defensa de los Derechos del Pueblo, del Movimiento Campesino Combativo, del movimiento obrero clasista, del movimiento clasista de mujeres, abrazaran el peri\u00f3dico, lo tomaran en sus manos, establecieran cuotas de apoyo para difundir y vender el AND.<\/p>\n\n\n\n<p class=\"has-black-color has-text-color has-link-color wp-elements-6d64beea2bf86cc0059ea3d3edd4fec3\">A partir de este impulso, se formaron los primeros comit\u00e9s de apoyo. Al principio eran peque\u00f1os, con uno o dos compa\u00f1eros. Otros contaban con un solo miembro que, a veces solo, pasaba la madrugada en las estaciones de autobuses esperando un paquete de peri\u00f3dicos que un viajero solidario hab\u00eda aceptado llevar y entregar a un desconocido, distribu\u00eda participaciones entre lectores y amigos, vend\u00eda y distribu\u00eda ejemplares en los quioscos.<\/p>\n\n\n\n<p class=\"has-black-color has-text-color has-link-color wp-elements-cb29bbd5fe436a1b8280ccb24a5a0553\">Las brigadas de propagandistas y agitadores de AND empezaron con activistas que sub\u00edan por las escaleras de las universidades y los bancos de las estaciones de metro, las paradas de autob\u00fas y las manifestaciones de estudiantes y trabajadores.<\/p>\n\n\n\n<p class=\"has-black-color has-text-color has-link-color wp-elements-9fbeaea557ae6b41a6770f622c0b3fc6\">De los comit\u00e9s de apoyo surgieron excelentes agitadores de la lucha popular, j\u00f3venes periodistas que se convirtieron en colaboradores ocasionales o, durante largos periodos, en corresponsales locales o regionales del peri\u00f3dico.<\/p>\n\n\n\n<p class=\"has-black-color has-text-color has-link-color wp-elements-654708bb426e5d330770438bb2371c04\">Viejos militantes, curtidos por d\u00e9cadas de lucha, provenientes de organizaciones revolucionarias que durante a\u00f1os y a\u00f1os buscaron un hilo del camino revolucionario en nuestro pa\u00eds, sedientos de<\/p>\n\n\n\n<p class=\"has-black-color has-text-color has-link-color wp-elements-3940a5b57a0046233d05d1c90abf8fa3\">una l\u00ednea justa, al ver el bullicio de nuestros combativos brigadistas y el incansable trabajo liderado por el profesor Fausto Arruda, se acercaron y se incorporaron con entusiasmo a AND, bebiendo de su l\u00ednea editorial y aportando su experiencia y su forja de viejos combatientes.<\/p>\n\n\n\n<p class=\"has-black-color has-text-color has-link-color wp-elements-9dc067bb3488a1342cb764fffbef729a\">As\u00ed, con persistencia, paciencia revolucionaria, perspicacia y sencillez, el Profesor Fausto ayud\u00f3 a formar decenas, centenares de \u00abgiradores de platos\u00bb. En las escuelas, en las universidades, en medio de la lucha encarnizada que tiene lugar en las vastas zonas rurales del pa\u00eds, en las batallas obreras de los principales centros industriales, en las multitudinarias protestas de la juventud combatiente de 2013 y 2014, en las protestas internacionalistas donde ondea triunfante la bandera palestina. Dondequiera que haya una chispa de la lucha de clases en el pa\u00eds, hay un joven activista, un estudiante con una mochila, un activista proletario, una mujer trabajadora con AND en sus manos, haciendo denuncias pol\u00edticas del sistema de explotaci\u00f3n y opresi\u00f3n de las masas populares y de la subyugaci\u00f3n imperialista de la naci\u00f3n, llamando a las masas a leer y apoyar la prensa democr\u00e1tica y popular y a unirse y organizarse en la lucha de nuestro pueblo.<\/p>\n\n\n\n<p class=\"has-text-align-center has-vivid-red-color has-text-color has-link-color has-medium-font-size wp-elements-a01f476e764c7680b8518c1461bf71ee\"><strong>II<\/strong><\/p>\n\n\n\n<p class=\"has-black-color has-text-color has-link-color wp-elements-e3fdd03ea01543f0aef45dd25a491c46\">En los intervalos entre las actividades del peri\u00f3dico, en los encuentros de campesinos, en los congresos obreros o en las asambleas estudiantiles, o incluso en la rutina de la redacci\u00f3n del peri\u00f3dico, hasta en los momentos tensos y agotadores del cierre de la edici\u00f3n, dondequiera que estuviera el Profesor Fausto Arruda, hab\u00eda un grupo de personas que se re\u00eda con sus an\u00e9cdotas e historias de la vida militante llenas de acontecimientos divertidos y situaciones peligrosas y asfixiantes.<\/p>\n\n\n\n<p class=\"has-black-color has-text-color has-link-color wp-elements-010b3a771db7fae764978616bf5b2b64\">A menudo, cuando est\u00e1bamos cansados despu\u00e9s de revisar los textos una, dos o tres veces en v\u00edsperas de un n\u00famero y la imprenta amenazaba con decir que si no envi\u00e1bamos los archivos no cumplir\u00edan los plazos, el Profesor Fausto soltaba su caracter\u00edstica risita y recordaba una historia de cuando era estudiante, o contaba una an\u00e9cdota que siempre ten\u00eda que ver con su querido estado de Cear\u00e1. Era imposible no calmarse y re\u00edr con \u00e9l.<\/p>\n\n\n\n<figure class=\"wp-block-image aligncenter size-full is-resized\"><img loading=\"lazy\" decoding=\"async\" width=\"900\" height=\"455\" src=\"https:\/\/nuevademocracia.com.co\/wp-content\/uploads\/2025\/04\/image-9.png\" alt=\"\" class=\"wp-image-27559\" style=\"width:770px;height:auto\" srcset=\"https:\/\/nuevademocracia.com.co\/wp-content\/uploads\/2025\/04\/image-9.png 900w, https:\/\/nuevademocracia.com.co\/wp-content\/uploads\/2025\/04\/image-9-300x152.png 300w, https:\/\/nuevademocracia.com.co\/wp-content\/uploads\/2025\/04\/image-9-768x388.png 768w\" sizes=\"auto, (max-width: 900px) 100vw, 900px\" \/><figcaption class=\"wp-element-caption\"><strong><mark style=\"background-color:rgba(0, 0, 0, 0)\" class=\"has-inline-color has-black-color\">Fausto Arruda durante la grabaci\u00f3n de un v\u00eddeo para la serie \u00abp\u00e1gina 3 con Fausto Arruda\u00bb. Foto: AND<\/mark><\/strong><\/figcaption><\/figure>\n\n\n\n<p class=\"has-black-color has-text-color has-link-color wp-elements-51a5ff9d62ff2b85b744b775bc51dc29\">Era la forma que ten\u00eda el Profesor Fausto de mostrarnos que la vida no era s\u00f3lo la redacci\u00f3n y los ajustados plazos del peri\u00f3dico, que la lucha es larga y hay que saber enfrentarse a la adversidad.<\/p>\n\n\n\n<p class=\"has-black-color has-text-color has-link-color wp-elements-fea7743b567a3372db64c0032f9df1d8\">Tras romper el hielo, segu\u00edamos en nuestro trabajo.<\/p>\n\n\n\n<p class=\"has-black-color has-text-color has-link-color wp-elements-039e4a25a32e32c7220b93011b2db6bd\">Cu\u00e1ntas veces, cuando le ve\u00eda leer P\u00e1gina 3 o un editorial en las reuniones de revisi\u00f3n de la redacci\u00f3n, con su semblante serio y su preocupaci\u00f3n por que todos los all\u00ed presentes entendi\u00e9ramos y supi\u00e9ramos defender la l\u00ednea editorial del peri\u00f3dico, recordaba los tiempos en que edit\u00e1bamos y revis\u00e1bamos esos mismos textos y c\u00f3mo valoraba ese trabajo, manteniendo el humor y nuestra unidad.<\/p>\n\n\n\n<p class=\"has-text-align-center has-vivid-red-color has-text-color has-link-color has-medium-font-size wp-elements-a696bd94e1e2eb6380754a72d5794f6e\"><strong>III<\/strong><\/p>\n\n\n\n<p class=\"has-black-color has-text-color has-link-color wp-elements-d48de8d682a2a10c252e0d077b4d1ffb\">El Profesor Fausto no cambi\u00f3 su forma de hablar ni de actuar entre las masas. Ya fuera ante profesores universitarios o en una asamblea campesina en los confines del Amazonas, entre estudiantes de secundaria o en un congreso obrero, a las puertas de la f\u00e1brica o en una reuni\u00f3n del Movimiento Femenino Popular, all\u00ed estaba con su forma sencilla de vestir, sus gestos medidos, sus gafas y su boina, la mochila a la espalda y la libreta de notas en el bolsillo.<\/p>\n\n\n\n<figure class=\"wp-block-image aligncenter size-full is-resized\"><img loading=\"lazy\" decoding=\"async\" width=\"1024\" height=\"700\" src=\"https:\/\/nuevademocracia.com.co\/wp-content\/uploads\/2025\/04\/image-10.png\" alt=\"\" class=\"wp-image-27560\" style=\"width:730px;height:auto\" srcset=\"https:\/\/nuevademocracia.com.co\/wp-content\/uploads\/2025\/04\/image-10.png 1024w, https:\/\/nuevademocracia.com.co\/wp-content\/uploads\/2025\/04\/image-10-300x205.png 300w, https:\/\/nuevademocracia.com.co\/wp-content\/uploads\/2025\/04\/image-10-768x525.png 768w\" sizes=\"auto, (max-width: 1024px) 100vw, 1024px\" \/><figcaption class=\"wp-element-caption\"><strong><mark style=\"background-color:rgba(0, 0, 0, 0)\" class=\"has-inline-color has-black-color\">El Profesor Fausto Arruda durante la brigada de AND en R\u00edo de Janeiro. Foto: AND<\/mark><\/strong><\/figcaption><\/figure>\n\n\n\n<p class=\"has-black-color has-text-color has-link-color wp-elements-b5455131303dc946ca7b960baa11a6e5\">No le gustaban las palabras dif\u00edciles, prefer\u00eda una forma sencilla de hablar para que todo el mundo pudiera entenderle. Viajaba mucho y sembraba apoyadores del peri\u00f3dico all\u00e1 donde iba.<\/p>\n\n\n\n<p class=\"has-black-color has-text-color has-link-color wp-elements-1039f390baccc800a51f8de126e16f66\">En los momentos de divergencias y lucha de dos l\u00edneas de la redacci\u00f3n de AND, se mostr\u00f3 firme, buscando siempre apoyarse en la l\u00ednea editorial del peri\u00f3dico para guiar nuestro trabajo.<\/p>\n\n\n\n<p class=\"has-black-color has-text-color has-link-color wp-elements-4a0601fce2c6cbef5adf5073d99e2446\">Se preocupaba mucho por su salud y la de sus compa\u00f1eros. Animaba a todos a comer lo mejor posible y a hacer ejercicio. Se sent\u00eda a gusto con los j\u00f3venes.<\/p>\n\n\n\n<p class=\"has-black-color has-text-color has-link-color wp-elements-526861aa0f1f8f0cf9a8337844fe4db9\">Incluso en medio de los viajes por Brasil, estuvo atento a su familia y siempre demostr\u00f3 a sus hijas y compa\u00f1era que su familia formaba parte de nuestro pueblo, sufr\u00eda su dolor y no era algo separado de su vida y su lucha.<\/p>\n\n\n\n<p class=\"has-text-align-center has-vivid-red-color has-text-color has-link-color has-medium-font-size wp-elements-be76bd9928ad8ef7113d5279d3d2fc5f\"><strong>IV<\/strong><\/p>\n\n\n\n<p class=\"has-black-color has-text-color has-link-color wp-elements-a6ed2695609146bd0a742790c2d677e3\">Una vez dijo que AND deb\u00eda salir seg\u00fan las necesidades de la lucha de clases y sus condiciones materiales. Era la forma ingeniosa que ten\u00eda el Profesor Fausto de se\u00f1alar un grave problema: el peri\u00f3dico no pod\u00eda publicarse sin regularidad, salvo \u00abde vez en cuando\u00bb, con intervalos a veces de un mes, a veces de dos meses o m\u00e1s entre un n\u00famero y otro.<\/p>\n\n\n\n<p class=\"has-black-color has-text-color has-link-color wp-elements-d18a540464f18752f22ef44b0d8e6a18\">Era mediados de la primera d\u00e9cada del 2000. Ten\u00edamos un consejo editorial peque\u00f1o y pocos recursos (internet estaba a\u00fan en pa\u00f1ales). Los comit\u00e9s de apoyo a\u00fan eran embrionarios y luch\u00e1bamos firmemente por convertir AND en una publicaci\u00f3n mensual, consolidarla y pasar a ser quincenal.<\/p>\n\n\n\n<p class=\"has-black-color has-text-color has-link-color wp-elements-60fc4e25a929afd474dfa7137d9fe664\">A trav\u00e9s de un trabajo persistente, formulamos un plan para dar al peri\u00f3dico un nuevo formato, reducir el n\u00famero de p\u00e1ginas y establecer una periodicidad mensual. Fueron unos meses intensos de tensas reuniones, b\u00fasqueda de nuevos colaboradores y noches de trabajo, primero en la sede de Copacabana y luego en S\u00e3o Cristov\u00e3o, en la Barreira do Vasco.<\/p>\n\n\n\n<p class=\"has-black-color has-text-color has-link-color wp-elements-c33f16b8ae292bec0ea16e87391a8686\">Uno, dos, tres, cuatro n\u00fameros al mes. Regularizamos y ampliamos el tiraje. \u00a1Victoria! \u00a1Ning\u00fan paso atr\u00e1s!<\/p>\n\n\n\n<p class=\"has-black-color has-text-color has-link-color wp-elements-24db0d7487578f4dbb6eb12f6d8184fe\">Despu\u00e9s vino la lucha por el tiraje quincenal, el desarrollo de la p\u00e1gina web y las batallas m\u00e1s recientes, con la evoluci\u00f3n de los medios digitales, que se han saldado con gran \u00e9xito.<\/p>\n\n\n\n<p class=\"has-black-color has-text-color has-link-color wp-elements-e0a4ccf0c36d514a5cdb88d4065308e6\">El Profesor Fausto fue el gran impulsor de estas luchas y, siempre que surg\u00eda alg\u00fan reto importante, estuviera donde estuviera, viajaba a R\u00edo de Janeiro y reun\u00eda a sus compa\u00f1eros para encontrar una soluci\u00f3n.<\/p>\n\n\n\n<p class=\"has-black-color has-text-color has-link-color wp-elements-7ae3f7dd103ca03755e278cf4073a8a9\">Afrontaba los problemas con el coraz\u00f3n abierto y celebraba las victorias colectivamente.<\/p>\n\n\n\n<p class=\"has-text-align-center has-vivid-red-color has-text-color has-link-color has-medium-font-size wp-elements-a988eb7cf7ea687ad61f671956dff6b8\"><strong>V<\/strong><\/p>\n\n\n\n<p class=\"has-black-color has-text-color has-link-color wp-elements-e57120e23c283ccc35cd1b01c15148ce\">Nos conocimos en persona una semana despu\u00e9s de la celebraci\u00f3n del 20 aniversario de AND en junio de 2020, a la cual no pudo asistir. Debido a su enfermedad, ya ten\u00eda dificultades para comunicarse y desplazarse. Aun as\u00ed, se esforzaba por llevar a cabo estas actividades con el apoyo de su compa\u00f1era, siempre con su mirada y su sonrisa franca.<\/p>\n\n\n\n<p class=\"has-black-color has-text-color has-link-color wp-elements-bf70d3dabe252013175856cf5707c606\">Nos reunimos alrededor de una mesa con amigos(as) y compa\u00f1eros(as), le contamos las historias que a \u00e9l le gustaba o\u00edr, soltamos algunos chistes y le vimos re\u00edr una vez m\u00e1s.<\/p>\n\n\n\n<p class=\"has-black-color has-text-color has-link-color wp-elements-730a986185c4c5bd16b04e5ed5c47e04\">Fue otra tarde agradable con el compa\u00f1ero Fausto Arruda.<\/p>\n\n\n\n<p class=\"has-black-color has-text-color has-link-color wp-elements-97b97e305f7e7260b3dcf78ec7181790\">En un momento dado, susurr\u00f3 mi nombre y pude decirle que la celebraci\u00f3n del 20 aniversario de AND hab\u00eda sido una actividad vibrante. Le dije que los j\u00f3venes compa\u00f1eros(as) estaban llevando a cabo con \u00e9xito las tareas que \u00e9l hab\u00eda fijado para el desarrollo del peri\u00f3dico y que su labor de \u00abgirar platos\u00bb estaba dando buenos y prometedores frutos.<\/p>\n\n\n\n<p class=\"has-black-color has-text-color has-link-color wp-elements-58038dd3114fef61a0403ce5f712c1ab\">Se le llenaron los ojos de l\u00e1grimas y sonri\u00f3 con satisfacci\u00f3n.<\/p>\n\n\n\n<p class=\"has-black-color has-text-color has-link-color wp-elements-4d2646fddea68a65a1922847c94e5e49\">Nunca volvimos a vernos.<\/p>\n\n\n\n<p class=\"has-black-color has-text-color has-link-color wp-elements-08c0e644a2d226670041e8d135c1aeb4\">El Profesor Fausto Arruda nos deja un enorme legado. Luchemos todos por ser dignos continuadores de su legado.<\/p>\n","protected":false},"excerpt":{"rendered":"<p>Escrito por un antiguo compa\u00f1ero de trabajo del Profesor Fausto.<\/p>\n","protected":false},"author":1,"featured_media":27558,"comment_status":"open","ping_status":"open","sticky":false,"template":"","format":"standard","meta":{"footnotes":""},"categories":[16,31],"tags":[],"class_list":["post-27557","post","type-post","status-publish","format-standard","has-post-thumbnail","hentry","category-carrusel","category-internacional"],"blocksy_meta":[],"_links":{"self":[{"href":"https:\/\/nuevademocracia.com.co\/index.php?rest_route=\/wp\/v2\/posts\/27557","targetHints":{"allow":["GET"]}}],"collection":[{"href":"https:\/\/nuevademocracia.com.co\/index.php?rest_route=\/wp\/v2\/posts"}],"about":[{"href":"https:\/\/nuevademocracia.com.co\/index.php?rest_route=\/wp\/v2\/types\/post"}],"author":[{"embeddable":true,"href":"https:\/\/nuevademocracia.com.co\/index.php?rest_route=\/wp\/v2\/users\/1"}],"replies":[{"embeddable":true,"href":"https:\/\/nuevademocracia.com.co\/index.php?rest_route=%2Fwp%2Fv2%2Fcomments&post=27557"}],"version-history":[{"count":3,"href":"https:\/\/nuevademocracia.com.co\/index.php?rest_route=\/wp\/v2\/posts\/27557\/revisions"}],"predecessor-version":[{"id":27563,"href":"https:\/\/nuevademocracia.com.co\/index.php?rest_route=\/wp\/v2\/posts\/27557\/revisions\/27563"}],"wp:featuredmedia":[{"embeddable":true,"href":"https:\/\/nuevademocracia.com.co\/index.php?rest_route=\/wp\/v2\/media\/27558"}],"wp:attachment":[{"href":"https:\/\/nuevademocracia.com.co\/index.php?rest_route=%2Fwp%2Fv2%2Fmedia&parent=27557"}],"wp:term":[{"taxonomy":"category","embeddable":true,"href":"https:\/\/nuevademocracia.com.co\/index.php?rest_route=%2Fwp%2Fv2%2Fcategories&post=27557"},{"taxonomy":"post_tag","embeddable":true,"href":"https:\/\/nuevademocracia.com.co\/index.php?rest_route=%2Fwp%2Fv2%2Ftags&post=27557"}],"curies":[{"name":"wp","href":"https:\/\/api.w.org\/{rel}","templated":true}]}}