{"id":27582,"date":"2025-04-24T16:27:12","date_gmt":"2025-04-24T21:27:12","guid":{"rendered":"https:\/\/nuevademocracia.com.co\/?p=27582"},"modified":"2026-03-28T00:23:53","modified_gmt":"2026-03-28T05:23:53","slug":"nueva-cancion-de-la-rapera-zgprim","status":"publish","type":"post","link":"https:\/\/nuevademocracia.com.co\/?p=27582","title":{"rendered":"Nueva canci\u00f3n de la rapera ZGPrim"},"content":{"rendered":"\n<hr class=\"wp-block-separator has-text-color has-vivid-red-color has-alpha-channel-opacity has-vivid-red-background-color has-background\"\/>\n\n\n\n<p class=\"has-black-color has-text-color has-link-color wp-elements-8bd2bab36d876c789c254dc3367e98a8\">El Frente de Combate Cultural public\u00f3 recientemente una nueva canci\u00f3n de la artista ZGPrim. En la descripci\u00f3n de YouTube se lee: \u201cEsta canci\u00f3n es un llamado a la unidad para la lucha, \u00fanica forma de acabar con las grandes injusticias que nos rodean. Nos cuestiona: \u00bfHasta cu\u00e1ndo la miseria que pesa sobre el pueblo trabajador? \u00bfHasta cu\u00e1ndo seguiremos viendo el genocidio del pueblo palestino? Y nos plantea un camino de lucha: \u201cLa libertad est\u00e1 en rebelarnos todos unidos como pueblo\u201d. Este es un canto de resistencia que nos llama a nunca callar, siempre luchar, y seguir organiz\u00e1ndonos hasta cambiar esta podrida sociedad. Esc\u00fachala, y si te gusta, ay\u00fadanos a compartirla.\u201d<\/p>\n\n\n\n<figure class=\"wp-block-embed is-type-video is-provider-youtube wp-block-embed-youtube wp-embed-aspect-4-3 wp-has-aspect-ratio\"><div class=\"wp-block-embed__wrapper\">\n<iframe loading=\"lazy\" title=\"ZGPrim - \u00bfHasta cu\u00e1ndo? (Prod. SanelliX Music)\" width=\"1290\" height=\"968\" src=\"https:\/\/www.youtube.com\/embed\/lBpsBlOxP4k?feature=oembed\" frameborder=\"0\" allow=\"accelerometer; autoplay; clipboard-write; encrypted-media; gyroscope; picture-in-picture; web-share\" referrerpolicy=\"strict-origin-when-cross-origin\" allowfullscreen><\/iframe>\n<\/div><\/figure>\n","protected":false},"excerpt":{"rendered":"<p>Esta canci\u00f3n es un llamado a la unidad para la lucha, \u00fanica forma de acabar con las grandes injusticias que nos rodean.<\/p>\n","protected":false},"author":1,"featured_media":27583,"comment_status":"open","ping_status":"open","sticky":false,"template":"","format":"video","meta":{"footnotes":""},"categories":[16,4,134],"tags":[192,194,170,191,130,193],"class_list":["post-27582","post","type-post","status-publish","format-video","has-post-thumbnail","hentry","category-carrusel","category-colombia","category-nueva-cultura","tag-fcc","tag-hip-hop","tag-lucha-popular","tag-musica","tag-nueva-cultura","tag-zgprim","post_format-post-format-video"],"blocksy_meta":[],"_links":{"self":[{"href":"https:\/\/nuevademocracia.com.co\/index.php?rest_route=\/wp\/v2\/posts\/27582","targetHints":{"allow":["GET"]}}],"collection":[{"href":"https:\/\/nuevademocracia.com.co\/index.php?rest_route=\/wp\/v2\/posts"}],"about":[{"href":"https:\/\/nuevademocracia.com.co\/index.php?rest_route=\/wp\/v2\/types\/post"}],"author":[{"embeddable":true,"href":"https:\/\/nuevademocracia.com.co\/index.php?rest_route=\/wp\/v2\/users\/1"}],"replies":[{"embeddable":true,"href":"https:\/\/nuevademocracia.com.co\/index.php?rest_route=%2Fwp%2Fv2%2Fcomments&post=27582"}],"version-history":[{"count":2,"href":"https:\/\/nuevademocracia.com.co\/index.php?rest_route=\/wp\/v2\/posts\/27582\/revisions"}],"predecessor-version":[{"id":29077,"href":"https:\/\/nuevademocracia.com.co\/index.php?rest_route=\/wp\/v2\/posts\/27582\/revisions\/29077"}],"wp:featuredmedia":[{"embeddable":true,"href":"https:\/\/nuevademocracia.com.co\/index.php?rest_route=\/wp\/v2\/media\/27583"}],"wp:attachment":[{"href":"https:\/\/nuevademocracia.com.co\/index.php?rest_route=%2Fwp%2Fv2%2Fmedia&parent=27582"}],"wp:term":[{"taxonomy":"category","embeddable":true,"href":"https:\/\/nuevademocracia.com.co\/index.php?rest_route=%2Fwp%2Fv2%2Fcategories&post=27582"},{"taxonomy":"post_tag","embeddable":true,"href":"https:\/\/nuevademocracia.com.co\/index.php?rest_route=%2Fwp%2Fv2%2Ftags&post=27582"}],"curies":[{"name":"wp","href":"https:\/\/api.w.org\/{rel}","templated":true}]}}