{"id":27599,"date":"2025-05-02T15:08:11","date_gmt":"2025-05-02T20:08:11","guid":{"rendered":"https:\/\/nuevademocracia.com.co\/?p=27599"},"modified":"2026-03-28T00:14:35","modified_gmt":"2026-03-28T05:14:35","slug":"editorial-dos-caminos-en-el-movimiento-popular","status":"publish","type":"post","link":"https:\/\/nuevademocracia.com.co\/?p=27599","title":{"rendered":"Editorial-Dos caminos en el movimiento popular"},"content":{"rendered":"\n<hr class=\"wp-block-separator has-text-color has-vivid-red-color has-alpha-channel-opacity has-vivid-red-background-color has-background\"\/>\n\n\n\n<figure class=\"wp-block-image aligncenter size-full\"><img loading=\"lazy\" decoding=\"async\" width=\"623\" height=\"443\" src=\"https:\/\/nuevademocracia.com.co\/wp-content\/uploads\/2025\/05\/image.png\" alt=\"\" class=\"wp-image-27600\" srcset=\"https:\/\/nuevademocracia.com.co\/wp-content\/uploads\/2025\/05\/image.png 623w, https:\/\/nuevademocracia.com.co\/wp-content\/uploads\/2025\/05\/image-300x213.png 300w\" sizes=\"auto, (max-width: 623px) 100vw, 623px\" \/><\/figure>\n\n\n\n<p class=\"has-black-color has-text-color has-link-color wp-elements-d10b66ab25aa30d7efcec33ee7c827b4\">Tras el archivo de la reforma laboral que cursaba en el Congreso, Petro ha hecho p\u00fablico su prop\u00f3sito de impulsar una \u201cConsulta Popular\u201d para que \u201cel pueblo defina en democracia\u201d si quiere o no la reforma. Esto ha causado un revuelo entre los diferentes politiqueros, pues con este mecanismo despegan en firme las campa\u00f1as electorales para Congreso y presidencia en 2026.<\/p>\n\n\n\n<p class=\"has-black-color has-text-color has-link-color wp-elements-c2120622ee07d1282946e91fe9ba7d88\">Gran parte del movimiento popular, los sindicatos y organizaciones que han confiado y votado por el gobierno actual, tienen una nueva ilusi\u00f3n en que el \u201ccambio\u201d no logrado en estos casi 3 a\u00f1os de gobierno, se logr\u00e9 a trav\u00e9s de esta Consulta Popular. Por otro lado, las organizaciones populares independientes y el movimiento revolucionario ya han empezado a debatir sobre el qu\u00e9 hacer frente a esta nueva salida del gobierno. Como prensa democr\u00e1tica y popular queremos contribuir a este debate poniendo nuestro punto de vista no solo sobre esta coyuntura sino, principalmente, acerca de la situaci\u00f3n actual, el camino y las tareas de los revolucionarios en el pa\u00eds para sacar de la crisis al movimiento popular, para defender y conquistar los derechos del pueblo.<\/p>\n\n\n\n<p class=\"has-vivid-red-color has-text-color has-link-color has-medium-font-size wp-elements-21dafbe2a3a0e4f0c41821b0c040b370\"><strong>El plan del gobierno<\/strong><\/p>\n\n\n\n<p class=\"has-black-color has-text-color has-link-color wp-elements-2df3307a35acd11bcf86512b583c1448\">A inicios del mes de febrero, en el primer consejo de ministros televisado, Petro, a la par que pon\u00eda por las nubes a su nuevo \u201cjefe de gabinete\u201d, Armando Benedetti, compar\u00e1ndolo con Jaime Bateman (l\u00edder hist\u00f3rico del M-19), trapeaba el piso con sus m\u00e1s fieles ministros, acus\u00e1ndolos de incompetentes por el bajo cumplimiento de sus carteras, as\u00ed como de sectarios por cuestionar la llegada de Benedetti (y como jefe) al gabinete. En aquel consejo -para todo el que est\u00e9 dispuesto a analizar sin prejuicios- al menos tres cosas quedaron claras y se han ratificado con el pasar del tiempo:<\/p>\n\n\n\n<p class=\"has-black-color has-text-color has-link-color wp-elements-713d41ca3fd13e63d35f08a9f00e2b93\">1) El gobierno no hab\u00eda cumplido su promesa de cambio. Esto dicho en palabras del propio presidente: \u201cEste es el informe de incumplimiento (del gobierno) y es fatal, y se lo digo al pueblo, porque me da verg\u00fcenza, de 195 compromisos se han incumplido 146\u201d; 2) la culpa se les endilgaba a los ministros, no a su jefe, el presidente. Tambi\u00e9n en sus propias palabras: \u201cel presidente es revolucionario, el gobierno no\u201d; y 3) el prop\u00f3sito central del gobierno se enfoca en ganar las elecciones de 2026, y para ello necesitar\u00e1n de Benedetti: sin \u00e9l \u201cmatamos la transformaci\u00f3n y las posibilidades de ganar en 2026, porque una mayor\u00eda nacional no se hace con puros, sino con colombianos llenos de defectos y virtudes que hay que juntar para que el progresismo siga gobernando\u201d.<\/p>\n\n\n\n<p class=\"has-black-color has-text-color has-link-color wp-elements-19d28904543ecb2f7f2591faf0fc5367\">\u00a1En pocas palabras, a casi tres a\u00f1os de gobierno, el cambio no fue! \u00bfPor qu\u00e9? Por culpa de los subalternos; soluci\u00f3n: \u00a1reforzar las alianzas con politiqueros de vieja data para ganar otra vez el gobierno en 2026! \u00bfC\u00f3mo la ven? \u00a1En 3 a\u00f1os no hicimos el cambio prometido, dediqu\u00e9monos el a\u00f1o que nos queda a politiquear para reelegirnos! \u00bfY del cambio por el que mucha gente vot\u00f3 ilusionada? \u00a1Ni una raz\u00f3n!, \u00bfY de la responsabilidad del gobierno en incumplir lo prometido? \u00a1Ni mu!<\/p>\n\n\n\n<p class=\"has-black-color has-text-color has-link-color wp-elements-8f3d631a86112a44fab02b7ebaef87be\">En aquel consejo de ministros, Petro lo que hizo fue aparentar que hac\u00eda una autocr\u00edtica cuando dijo que le daba \u201cverg\u00fcenza\u201d por el \u201cincumplimiento fatal\u201d; pero una falsa autocr\u00edtica, pues seguidamente escurri\u00f3 el bulto a otros durante toda la sesi\u00f3n y lo dej\u00f3 claro especialmente con su frase \u201cel presidente es revolucionario, el gobierno no\u201d. Busc\u00f3 as\u00ed salir limpio del c\u00famulo de fracasos de su gobierno y a la vez, denigrando y amenazando a sus ministros, llevarlos a que aceptaran a Benedetti y se dispusieran a renunciar a sus cargos para tener vacantes que ofrecer a politiqueros de los partidos tradicionales, con miras a formar con estos \u00faltimos un frente para lograr los votos necesarios para aprobar sus proyectos en el congreso y sobre todo para ganar las elecciones de 2026. Estas intenciones se confirmaron d\u00edas despu\u00e9s con la renuncia de varios ministros, el nombramiento de Benedetti como ministro del Interior y la entrega de ministerios y otros cargos p\u00fablicos a fuerzas de los partidos Conservador, Liberal y de la U.<\/p>\n\n\n\n<p class=\"has-black-color has-text-color has-link-color wp-elements-09478caaba7848809b3c2402429546e1\">Con estas cuotas burocr\u00e1ticas el gobierno pudo comprar los votos para garantizar la aprobaci\u00f3n de su reforma a la salud en la C\u00e1mara, pero no logr\u00f3 impedir que la oposici\u00f3n en el Senado archivara su proyecto de reforma laboral. Entonces Petro, quien semanas atr\u00e1s hab\u00eda confesado el \u201cincumplimiento fatal\u201d de su gobierno y hab\u00eda descargado la responsabilidad de ello a sus ministros, pas\u00f3 a culpar a la oposici\u00f3n en el Congreso de ser quien imped\u00eda el \u201ccambio\u201d y lanz\u00f3 su propuesta de convocar una Consulta Popular para definir la suerte de la reforma laboral.<\/p>\n\n\n\n<p class=\"has-black-color has-text-color has-link-color wp-elements-c22247450d7cbcfaf5700d7b6f86396e\">Pero en verdad, como todo el mundo sabe y ni siquiera los petristas lo niegan, el verdadero prop\u00f3sito de la Consulta Popular es poner en marcha la campa\u00f1a de 2026 para que \u201cel progresismo siga gobernando\u201d, es decir, cumplir el Plan revelado en el mencionado consejo de ministros. Por eso -como lo dicen altos funcionarios del gobierno sin siquiera sonrojarse-, no importa tanto si se alcanza el umbral, lo que importa verdaderamente es renovar ilusiones en que el cambio es posible votando y reeligiendo al petrismo, es hacer olvidar que el gobierno no cumpli\u00f3 la promesa del cambio y culpar de todo ello a la oposici\u00f3n, con miras a ganarle de nuevo las elecciones en 2026. Al fin y al cabo, estos tres a\u00f1os de mandato del Pacto Hist\u00f3rico han demostrado que este, como cualquier partido politiquero, es malo para cumplir lo que promete, pero que, como ning\u00fan partido politiquero, es buen\u00edsimo para predicar grandes promesas, y por eso el terreno en que se mueve con facilidad no es la tierra firme de los hechos, del cambio real, sino los campos pantanosos de la demagogia, del proselitismo y la farsa electoral.&nbsp;&nbsp;&nbsp;<\/p>\n\n\n\n<p class=\"has-black-color has-text-color has-link-color wp-elements-451c5bc77fae14a3a09ed912798c42d8\">No hay duda que esta habilidad de culebrero se ha desplegado con creces en la propuesta de la Consulta Popular, pues el gobierno esconde sus prop\u00f3sitos electoreros detr\u00e1s de promesas de reformas que mejoran las condiciones laborales de los trabajadores formales. Aunque el pueblo se da cuenta de que no ha habido ning\u00fan cambio, esta propuesta deja a m\u00e1s de uno pensando: \u201c\u00bfc\u00f3mo no vamos a apoyar la consulta popular si es bueno para los trabajadores que les paguen m\u00e1s los dominicales o que la jornada nocturna empiece a las 6pm y no a las 9pm?\u201d responder a esa pregunta requiere analizar a fondo la situaci\u00f3n actual.<\/p>\n\n\n\n<p class=\"has-vivid-red-color has-text-color has-link-color has-medium-font-size wp-elements-d2afd503ef596a75eb6c33ad828d4d2a\"><strong>El fracaso del \u201ccambio\u201d<\/strong><\/p>\n\n\n\n<p class=\"has-black-color has-text-color has-link-color wp-elements-db0203ea7102d0514c885bd8dd769bb3\">Con lo dicho por el mismo Petro sobre el balance \u201cfatal\u201d de su gobierno, nos interesa destacar con claridad los principales hechos que, a tres a\u00f1os del gobierno Petro, muestran que este no cumpli\u00f3 el \u201ccambio\u201d que prometi\u00f3:<\/p>\n\n\n\n<p class=\"has-black-color has-text-color has-link-color wp-elements-55833bc941436edfd234a096d5ce53eb\">*La llamada \u201creforma agraria\u201d que entregar\u00eda 3 millones de hect\u00e1reas al campesinado, hoy va -seg\u00fan cifras del propio gobierno- en solo 35 mil hect\u00e1reas (de entregas definitivas), \u00a1el 1% de lo prometido! cuando al actual gobierno solo le resta un a\u00f1o y viene recortando el presupuesto para compra de tierras. Adem\u00e1s, lejos de debilitar a los terratenientes que a sangre y fuego robaron las tierras campesinas y que son los culpables del problema agrario, los ha legitimado como aliados (Pacto con Fedegan) y enriquecido, compr\u00e1ndoles la tierra a precios comerciales.<\/p>\n\n\n\n<p class=\"has-black-color has-text-color has-link-color wp-elements-83e9fc4ddc7d2f5c4e3a2ebe999ca9f2\">*Las universidades p\u00fablicas que prometi\u00f3 fortalecer viven actualmente una profundizaci\u00f3n de su crisis financiera. En concreto, por ejemplo, frente a la situaci\u00f3n presupuestal cr\u00edtica de la UdeA, el gobierno no ha hecho pr\u00e1cticamente nada. De 100 universidades nuevas que prometi\u00f3 construir, solo ha hecho una. Dijo que condonar\u00eda deudas del Icetex pero recientemente elimin\u00f3 los subsidios a m\u00e1s de 300 mil estudiantes.<\/p>\n\n\n\n<p class=\"has-black-color has-text-color has-link-color wp-elements-b1b41692452a5422da2f9724d8e30433\">*Prometi\u00f3 mejorar el sistema de salud, pero este empeora d\u00eda a d\u00eda. Aunque argumenta que no lo ha podido hacer por la oposici\u00f3n, y que toda la responsabilidad es de las EPS, puede verse en el p\u00e9simo sistema de salud de los maestros, -administrado por el Estado y que el gobierno concibi\u00f3 como ejemplo de las bondades de su reforma-, que esta propuesta no soluciona la crisis del sistema de salud que padece el pueblo.<\/p>\n\n\n\n<p class=\"has-black-color has-text-color has-link-color wp-elements-456dd3dfa565716508257370f343b42d\">*Dijo que har\u00eda la \u201cPaz total\u201d, pero al contrario despliega, en asocio con los yanquis y en connivencia con bandas con las que negocia, una guerra total contra las guerrillas que no aceptan paz sin transformaciones sociales. Ha incumplido incluso los acuerdos ya establecidos con los excombatientes de las FARC, otra promesa de campa\u00f1a.<\/p>\n\n\n\n<p class=\"has-black-color has-text-color has-link-color wp-elements-30087f945fe9ec9d7435b6f884330d8b\">*Prometi\u00f3 acabar con el ESMAD y no lo hizo, antes ha fortalecido y limpiado la imagen de las fuerzas represivas del Estado, manchadas por todos lados de sangre de pueblo. Dijo que iba a liberar a los presos pol\u00edticos del Gran Levantamiento Popular, pero siguen en prisi\u00f3n o judicializados.<\/p>\n\n\n\n<p class=\"has-black-color has-text-color has-link-color wp-elements-c06db78c6a3ec691e64fe3e84e35242b\">*Se eligi\u00f3 como otra forma de hacer pol\u00edtica, pero su gobierno est\u00e1 involucrado en varios esc\u00e1ndalos de corrupci\u00f3n, tiene como aliados a miembros de los partidos Liberal, Conservador y de la U y con todos estos ha negociado contratos y puestos a cambio de votos para sus proyectos. Todo lo que criticaban a los anteriores gobiernos, hoy lo practican.<\/p>\n\n\n\n<p class=\"has-black-color has-text-color has-link-color wp-elements-1b1b5ab7566a864b249cfbf7aafa5db7\">\u00bfPero acaso, como ahora dice el gobierno, la culpa de todo este fracaso puede achac\u00e1rsele a la oposici\u00f3n uribista? \u00bfEs esta la raz\u00f3n de que el cambio no se haya dado? No, las razones son m\u00e1s profundas. Aclaremos: el gobierno no solo no ha cumplido estas promesas, sino que, lo que es peor, como lo muestran numerosos hechos que hemos analizado en pasadas editoriales, aunque es el gobierno que m\u00e1s habla en nombre del pueblo posando de \u201cizquierda\u201d, ha fortalecido y legitimado a los terratenientes y permitido que sus \u201cbrigadas de solidaridad\u201d -que reprimen la lucha del campesinado por tierra- act\u00faen a sus anchas; ha viajado como ninguno a feriar el pa\u00eds al capital extranjero, es obsecuente con el imperialismo pagando cumplidamente la deuda externa y haciendo todo lo posible para mantener la estabilidad macroecon\u00f3mica, jur\u00eddica y social necesaria para que sus grandes capitales obtengan la ganancia m\u00e1xima; realiza pactos con grandes banqueros y magnates de la gran burgues\u00eda (Sarmiento Angulo, Gilinski\u2026) favoreciendo su mayor enriquecimiento; en s\u00edntesis: es lacayo del imperialismo y aliado de las clases dominantes, grandes burgueses y terratenientes, que mantienen dominada y atrasada nuestra naci\u00f3n, acaparando la tierra, explotando sus gentes y esquilmando sus recursos.<\/p>\n\n\n\n<p class=\"has-black-color has-text-color has-link-color wp-elements-ed03af6de2d85450465614f90fcbcee8\">\u00bfY c\u00f3mo se porta con el pueblo? Utiliza todos los recursos a su alcance para enga\u00f1arlo haci\u00e9ndolo creer que este gobierno trabaja para sus intereses y no para dar poder y enriquecer a unos \u201cnuevos\u201d politiqueros. Lo emborracha con sus grandilocuentes discursos y compra algunas conciencias con puestos y prebendas. Mas no cumple con sus promesas y cuando el pueblo se rebela con violencia popular, cuando el campesino toma la tierra por su propia cuenta, Petro da la orden a la polic\u00eda de sacarlo en \u00a1menos de 48 horas! o se hace el de la vista gorda con las paramilitares \u201cbrigadas de solidaridad\u201d; si los camioneros bloquean las v\u00edas en protesta por el alza del di\u00e9sel, el gobierno les manda el ESMAD; y cuando algunos grupos guerrilleros -aleccionados por el incumplido acuerdo de paz con las FARC- no aceptan su pol\u00edtica de rendici\u00f3n sin transformaciones sociales, les declara la guerra total y no los baja de \u201ctraquetos\u201d y de agentes extranjeros que \u201cponen en riesgo la soberan\u00eda nacional\u201d. Seg\u00fan Petro, la violencia de las guerrillas en Colombia ya no tiene raz\u00f3n de ser en la injusticia social, no es -seg\u00fan sus palabras- una \u201cviolencia insurgente sino cimentada en la econom\u00eda il\u00edcita\u201d. Seg\u00fan \u00e9l, Camilo Torres no fue un revolucionario que dio su vida por la causa del pueblo, sino un pacifista. Con su diaria tergiversaci\u00f3n de la historia y la realidad actual, el \u201cgobierno del pueblo\u201d nos recuerda al odiado gobierno Uribe en sus repetidos intentos de deslegitimar las razones sociales y pol\u00edticas del conflicto social y armado que por d\u00e9cadas vive el pa\u00eds, la vigencia, justeza y ejemplo de la lucha y el camino que representa Camilo Torres.&nbsp;<\/p>\n\n\n\n<p class=\"has-vivid-red-color has-text-color has-link-color has-medium-font-size wp-elements-83a009a2ee20cdf4f09397f58c57eb15\"><strong>El camino burocr\u00e1tico y el camino democr\u00e1tico<\/strong><\/p>\n\n\n\n<p class=\"has-black-color has-text-color has-link-color wp-elements-85fe3f7c9171dba13cde70b117f4baee\">Tres a\u00f1os y ning\u00fan cambio son m\u00e1s que suficientes para mostrar que este gobierno no es gobierno de los de abajo ni enemigo de los de arriba. Como hemos venido demostr\u00e1ndolo con hechos desde que comenz\u00f3 su mandato, el actual gobierno son solo \u201cnuevos\u201d politiqueros que medraron durante d\u00e9cadas entre el movimiento popular y guerrillero, promoviendo la conciliaci\u00f3n de clases y el pacifismo. Gente que aprovechando el reciente auge de la rebeli\u00f3n de las masas -en una situaci\u00f3n en que el movimiento revolucionario estaba debilitado tras los duros golpes que durante d\u00e9cadas recibi\u00f3 desde afuera por el Estado y los paramilitares y desde adentro por el oportunismo-, vendi\u00f3 de nuevo a este pueblo rebelde la ilusi\u00f3n de que para hacer la revoluci\u00f3n solo hay que entrar a las instituciones del Estado reaccionario para legitimarlo y reformarlo. Bueno, por en\u00e9sima vez, se demuestra el fracaso de este camino, de la farsa electoral, de las ilusiones constitucionales, en pocas palabras, del camino burocr\u00e1tico. Y tambi\u00e9n una vez m\u00e1s se reafirma lo demostrado certeramente por las revoluciones victoriosas del siglo XX- que el \u00fanico camino para lograr el poder para el pueblo, es el que siembra perseverantemente entre las masas la confianza en su propia fuerza como forjadora de la historia, el que promueve la lucha y organizaci\u00f3n independiente y combativa del pueblo por sus derechos, y que paso a paso va construyendo la fuerza capaz de destruir el dominio imperialista, el latifundio y el capital monopolista: el camino democr\u00e1tico, el camino de la revoluci\u00f3n popular.<\/p>\n\n\n\n<p class=\"has-black-color has-text-color has-link-color wp-elements-a927fda88a93379f9340902589558f19\">El actual gobierno, lejos de combatir a los enemigos fundamentales del pueblo y la naci\u00f3n, el imperialismo, la gran burgues\u00eda y los terratenientes, se al\u00eda y concilia con ellos; condena la lucha clasista y combativa del pueblo y promueve entre la gente sencilla la conciliaci\u00f3n de clases, el cretinismo parlamentario y el pacifismo; intenta corporativizar al pueblo atacando su organizaci\u00f3n independiente del Estado y gobierno de turno; ha profundizado la crisis del movimiento popular llevando a las masas al inmovilismo o a movilizarse solo en funci\u00f3n de sus intereses burocr\u00e1ticos y electorales. Y si adem\u00e1s todo esto lo hace autoproclam\u00e1ndose un \u201cgobierno del pueblo\u201d, un \u201cpresidente revolucionario\u201d, los revolucionarios no solo no debemos apoyarlo sino que tenemos el obligado deber de desenmascararlo ante el pueblo como un gobierno oportunista, pues el pueblo solo podr\u00e1 ir construyendo progresivamente su lucha y sus organizaciones populares independientes y combativas, en la medida en que deslinde del oportunismo, pierda las ilusiones en el camino burocr\u00e1tico, en los de arriba, y asuma el camino democr\u00e1tico, uniendo a los de abajo para que tomen en sus propias manos la lucha por sus derechos a salud, educaci\u00f3n, vivienda, trabajo y poder popular!<\/p>\n\n\n\n<p class=\"has-black-color has-text-color has-link-color wp-elements-4fafa6c824f67444892d1d573d0eddbb\">Apoyamos la lucha por mejores condiciones laborales, por m\u00e1s presupuesto para la educaci\u00f3n, por tierra para quien la trabaja, etc. pero aplicando las ense\u00f1anzas de Lenin: \u201cllevamos una pol\u00edtica independiente y solo proponemos reformas que interesan incuestionablemente a la lucha revolucionaria, que incuestionablemente contribuyen a elevar la independencia, el grado de conciencia y la combatividad del proletariado. S\u00f3lo con esta t\u00e1ctica podemos contrarrestar las reformas hechas desde arriba, reformas siempre ambiguas, siempre hip\u00f3critas, siempre dotadas de alguna trampa burguesa o polic\u00edaca\u201d.<a href=\"#_edn1\" id=\"_ednref1\">[i]<\/a><\/p>\n\n\n\n<p class=\"has-black-color has-text-color has-link-color wp-elements-b6ad007a5b61ff0291222c51239dcfd1\">Participamos y luchamos con el pueblo en el Gran Levantamiento Popular que conquist\u00f3 algunas reivindicaciones porque aquello contribu\u00eda a \u201celevar la independencia, el grado de conciencia y la combatividad\u201d del pueblo. Pero no apoyamos la Consulta Popular porque es una \u201ctrampa hecha desde arriba\u201d con el fin de tapar el fracaso del gobierno oportunista, legitimarlo y reelegirlo, porque envilece la conciencia de las masas, siembra ilusiones en que con la farsa electoral se pueden ganar derechos y pretende seguir poniendo el movimiento popular a la cola del gobierno atacando su organizaci\u00f3n y lucha independientes. Por todo esto, frente a la Consulta Popular decimos: \u00a1No votar, organizar la lucha popular!<\/p>\n\n\n\n<p class=\"has-black-color has-text-color has-link-color wp-elements-7f097af3648c85d19ece0c4d92a2319f\">Somos conscientes de que la mayor parte del movimiento popular caer\u00e1 en la trampa de ilusionarse con la Consulta Popular, pero estamos convencidos -aleccionados por la historia- que el deber de los revolucionarios es trabajar intensa y pacientemente por persuadir al pueblo de la necesidad de labrar su propio camino. Hay que aprender a vivir en minor\u00eda, a no dejarnos aislar del pueblo y a luchar contra la corriente para poder forjar -en una lucha prolongada- la mayor\u00eda que s\u00ed pueda derrumbar este mundo de oprobio y miseria. Si por el contrario los revolucionarios, por temor a quedar aislados del pueblo, por temor al ataque del oportunismo, desistieran de su indispensable labor de elevar la conciencia de las masas, el movimiento popular profundizar\u00eda su crisis.<\/p>\n\n\n\n<p class=\"has-black-color has-text-color has-link-color wp-elements-304a06adcf4abd9b67aa2a85c99f4def\">\u00a1Nuestro llamado se dirige as\u00ed a los revolucionarios y sectores independientes dentro del movimiento popular a oponer al camino burocr\u00e1tico con sus propuestas de Consulta Popular y de Frente amplio para la farsa electoral, el camino democr\u00e1tico de la lucha clasista y combativa por los derechos del pueblo y la organizaci\u00f3n de un Frente Independiente Popular!<\/p>\n\n\n\n<hr class=\"wp-block-separator has-text-color has-vivid-red-color has-alpha-channel-opacity has-vivid-red-background-color has-background\"\/>\n\n\n\n<p class=\"has-black-color has-text-color has-link-color wp-elements-65dd881660abaffa53e1c87eaf8a5641\"><a href=\"#_ednref1\" id=\"_edn1\">[i]<\/a><em>&nbsp;&nbsp;&nbsp;&nbsp;&nbsp;&nbsp; Una vez m\u00e1s sobre el gabinete de la duma<\/em>. Lenin, 1906.<\/p>\n\n\n\n<p><\/p>\n","protected":false},"excerpt":{"rendered":"<p>\u00a1Nuestro llamado se dirige as\u00ed a los revolucionarios y sectores independientes dentro del movimiento popular a seguir el camino democr\u00e1tico de la lucha clasista y combativa por los derechos del pueblo y la organizaci\u00f3n de un Frente Independiente Popular!<\/p>\n","protected":false},"author":1,"featured_media":27600,"comment_status":"open","ping_status":"open","sticky":false,"template":"","format":"standard","meta":{"footnotes":""},"categories":[16,4,10],"tags":[],"class_list":["post-27599","post","type-post","status-publish","format-standard","has-post-thumbnail","hentry","category-carrusel","category-colombia","category-editorial"],"blocksy_meta":[],"_links":{"self":[{"href":"https:\/\/nuevademocracia.com.co\/index.php?rest_route=\/wp\/v2\/posts\/27599","targetHints":{"allow":["GET"]}}],"collection":[{"href":"https:\/\/nuevademocracia.com.co\/index.php?rest_route=\/wp\/v2\/posts"}],"about":[{"href":"https:\/\/nuevademocracia.com.co\/index.php?rest_route=\/wp\/v2\/types\/post"}],"author":[{"embeddable":true,"href":"https:\/\/nuevademocracia.com.co\/index.php?rest_route=\/wp\/v2\/users\/1"}],"replies":[{"embeddable":true,"href":"https:\/\/nuevademocracia.com.co\/index.php?rest_route=%2Fwp%2Fv2%2Fcomments&post=27599"}],"version-history":[{"count":5,"href":"https:\/\/nuevademocracia.com.co\/index.php?rest_route=\/wp\/v2\/posts\/27599\/revisions"}],"predecessor-version":[{"id":29058,"href":"https:\/\/nuevademocracia.com.co\/index.php?rest_route=\/wp\/v2\/posts\/27599\/revisions\/29058"}],"wp:featuredmedia":[{"embeddable":true,"href":"https:\/\/nuevademocracia.com.co\/index.php?rest_route=\/wp\/v2\/media\/27600"}],"wp:attachment":[{"href":"https:\/\/nuevademocracia.com.co\/index.php?rest_route=%2Fwp%2Fv2%2Fmedia&parent=27599"}],"wp:term":[{"taxonomy":"category","embeddable":true,"href":"https:\/\/nuevademocracia.com.co\/index.php?rest_route=%2Fwp%2Fv2%2Fcategories&post=27599"},{"taxonomy":"post_tag","embeddable":true,"href":"https:\/\/nuevademocracia.com.co\/index.php?rest_route=%2Fwp%2Fv2%2Ftags&post=27599"}],"curies":[{"name":"wp","href":"https:\/\/api.w.org\/{rel}","templated":true}]}}