{"id":27605,"date":"2025-05-03T10:00:00","date_gmt":"2025-05-03T15:00:00","guid":{"rendered":"https:\/\/nuevademocracia.com.co\/?p=27605"},"modified":"2025-05-02T15:31:54","modified_gmt":"2025-05-02T20:31:54","slug":"nuestro-sueno-es-la-tierra-y-lucharemos-hasta-el-final","status":"publish","type":"post","link":"https:\/\/nuevademocracia.com.co\/?p=27605","title":{"rendered":"Nuestro sue\u00f1o es la tierra y lucharemos hasta el final"},"content":{"rendered":"\n<figure class=\"wp-block-image aligncenter size-large\"><img loading=\"lazy\" decoding=\"async\" width=\"1024\" height=\"472\" src=\"https:\/\/nuevademocracia.com.co\/wp-content\/uploads\/2025\/05\/Img-1-1024x472.jpg\" alt=\"\" class=\"wp-image-27606\" srcset=\"https:\/\/nuevademocracia.com.co\/wp-content\/uploads\/2025\/05\/Img-1-1024x472.jpg 1024w, https:\/\/nuevademocracia.com.co\/wp-content\/uploads\/2025\/05\/Img-1-300x138.jpg 300w, https:\/\/nuevademocracia.com.co\/wp-content\/uploads\/2025\/05\/Img-1-768x354.jpg 768w, https:\/\/nuevademocracia.com.co\/wp-content\/uploads\/2025\/05\/Img-1-1536x708.jpg 1536w, https:\/\/nuevademocracia.com.co\/wp-content\/uploads\/2025\/05\/Img-1.jpg 1600w\" sizes=\"auto, (max-width: 1024px) 100vw, 1024px\" \/><figcaption class=\"wp-element-caption\"><strong><em><mark style=\"background-color:rgba(0, 0, 0, 0)\" class=\"has-inline-color has-black-color\">Foto: Facebook Campesinos de tierra y agua<\/mark><\/em><\/strong><\/figcaption><\/figure>\n\n\n\n<p class=\"has-black-color has-text-color has-link-color wp-elements-b6fc1346ff8958db3fcc0d9f58804f17\"><em>\u201c\u00bfQu\u00e9 puede ser m\u00e1s importante para una familia campesina que la tierra y el agua? \u00bfQu\u00e9 hacer cuando por generaciones hemos visto como los terratenientes nos roban las tierras comunes, se apropian de los bald\u00edos, privatizan y deforestan los playones, desecan las ci\u00e9nagas y humedales y nadie hace nada?\u201d <\/em>Extracto del comunicado de las familias recuperadoras de la finca la Sonora. Pailitas, Cesar.<\/p>\n\n\n\n<p class=\"has-black-color has-text-color has-link-color wp-elements-715190db7b7bca28fd6181608bc7238f\">El problema de la tierra, que es el problema campesino, junto con nuestra situaci\u00f3n de sometimiento por parte del imperialismo son la base de todos los dem\u00e1s problemas que tiene nuestra naci\u00f3n. De hecho, uno de los cap\u00edtulos m\u00e1s importantes de nuestra historia, que a\u00fan hoy sigue escribi\u00e9ndose, es el cap\u00edtulo de la lucha armada campesina, que tiene su origen y su sustento en que el campesinado ha tenido que luchar contra el poder terrateniente y contra el dominio imperialista, tal como evidencia un texto escrito por la naciente guerrilla campesina de Las Farc en 1964 y que se conoce como el <em>Programa Agrario de los Guerrilleros<\/em>:<\/p>\n\n\n\n<p class=\"has-black-color has-text-color has-link-color wp-elements-9345b07f873b1c2e135a410b70ee4115\"><em>Hemos sido las primeras v\u00edctimas de las furias latifundistas porque aqu\u00ed en esta parte de Colombia predominan los intereses de los grandes se\u00f1ores de la tierra, los intereses m\u00e1s retardatarios del clericalismo, los intereses en cadena de la reacci\u00f3n m\u00e1s oscurantista del pa\u00eds. Por eso nos ha tocado sufrir en la carne y en el esp\u00edritu todas las bestialidades de un r\u00e9gimen podrido que se asienta sobre el monopolio latifundista de la tierra, la monoproducci\u00f3n y la monoexportaci\u00f3n bajo el imperio de los Estados Unidos.<\/em><\/p>\n\n\n\n<p class=\"has-black-color has-text-color has-link-color wp-elements-95429ad3eb687b7c6d62001332f5657a\">Este programa que en su momento plante\u00f3 una pol\u00edtica revolucionaria respecto a la lucha campesina por la tierra, no se ha realizado hasta hoy. La lucha hist\u00f3rica por la tierra contin\u00faa viva.<\/p>\n\n\n\n<p class=\"has-vivid-red-color has-text-color has-link-color has-medium-font-size wp-elements-2be9b53c971ebc661f7c311b3a7e3d8b\"><strong>M\u00faltiples tomas de tierra en el Cesar<\/strong><\/p>\n\n\n\n<p class=\"has-black-color has-text-color has-link-color wp-elements-4bbe9dcd21e0286bebd05021304bf124\">El Cesar es un departamento del Caribe colombiano. Sus \u00edndices de pobreza son altos respecto al promedio nacional. En el 2024, seg\u00fan el DANE, el promedio nacional de pobreza fue del 33% y el de Cesar del 52,2%. Fue en este departamento de grandes latifundios improductivos, en el cual se desarrollaron tres tomas de tierra entre marzo y abril de este a\u00f1o.<\/p>\n\n\n\n<p class=\"has-black-color has-text-color has-link-color wp-elements-f95b7954b3091d6a75fbe3fd21364887\">Dos de las tomas de tierra se dieron en el corregimiento de Agust\u00edn Codazzi, municipio del Cesar. A Agust\u00edn Codazzi lo llaman: <em>la capital agroenerg\u00e9tica <\/em>de Colombia. Se gan\u00f3 este t\u00edtulo porque en sus tierras existe una intensa explotaci\u00f3n de carb\u00f3n por parte de la multinacional Drummond Ltda. y existen adem\u00e1s extensos terrenos de monocultivos de palma de aceite. Al menos unas tres mil hect\u00e1reas relacionadas con los Sarmiento \u00c1ngulo y otras tantas de propiedad de Carlos Murgas, el \u201cZar de la Palma\u201d. Del subsuelo de Codazzi se ha extra\u00eddo m\u00e1s de 76 millones de toneladas de carb\u00f3n t\u00e9rmico, lo que ha generado m\u00e1s de dos billones de pesos en regal\u00edas para el Estado colombiano, de las cuales este municipio ha recibido 216 mil millones de pesos. Estas cifras no se ven reflejadas en bienestar para la poblaci\u00f3n. Casi el 30% de sus habitantes no tienen sus necesidades b\u00e1sicas satisfechas, su acueducto es deficiente, tiene una alta tasa de deserci\u00f3n escolar y un gran n\u00famero de campesinos que no tienen ni han tenido nunca tierra o han sido despojados de la poca tierra que ten\u00edan.<\/p>\n\n\n\n<p class=\"has-black-color has-text-color has-link-color wp-elements-ac3f0255b21fa70758f7c87c34e01fa3\">La agroindustria y la miner\u00eda, lejos de representar desarrollo y progreso para este municipio, son vistos por sus habitantes como una maldici\u00f3n. El carb\u00f3n es la \u201cmaldici\u00f3n negra\u201d de Codazzi. Tanto la Drummond, como el \u201czar de la palma\u201d han sido relacionados de manera directa con la violencia paramilitar contra el campesinado y el despojo de sus parcelas. La Drummond es acusada de contar en su n\u00f3mina, con un importe jugoso para financiar la consolidaci\u00f3n del paramilitarismo en el Cesar.&nbsp;<\/p>\n\n\n\n<p class=\"has-black-color has-text-color has-link-color wp-elements-1635fb998f661f785b1da25fb6b27aa8\">Las multinacionales mineroen\u00e9rgeticas, los magnates de los agronegocios y un tercer sector tambi\u00e9n famoso por sus nexos con el paramilitarismo: los grandes ganaderos, latifundistas de tradici\u00f3n en el Cesar, son los tres poderes econ\u00f3micos que se conjugan y controlan el poder pol\u00edtico y con ello, la vida del campesinado y del resto de habitantes de la zona. Son la expresi\u00f3n regional de las clases que dominan a nuestro pa\u00eds: Grandes burgueses, grandes latifundistas en alianza y al servicio del imperialismo.<\/p>\n\n\n\n<p class=\"has-black-color has-text-color has-link-color wp-elements-28818701fe679bcc0255b498086977c3\">Desde el inicio del presente gobierno, los campesinos de Codazzi, del Cesar y de todo el pa\u00eds se han ilusionado nuevamente con la promesa de reforma agraria y la promesa de cambio de Gustavo Petro. Pero ni la reforma agraria ni el prometido cambio se han materializado. Es en este contexto en el que se han desarrollado las tomas de tierra.<\/p>\n\n\n\n<p class=\"has-vivid-red-color has-text-color has-link-color has-medium-font-size wp-elements-b32febfb1baa6bc320238bd9fb627544\"><strong>Campesinos sin tierra ocupan predios de Agrosavia, en el municipio de Agust\u00edn Codazzi, del departamento del Cesar.<\/strong><\/p>\n\n\n\n<figure class=\"wp-block-image aligncenter size-large\"><img loading=\"lazy\" decoding=\"async\" width=\"1024\" height=\"460\" src=\"https:\/\/nuevademocracia.com.co\/wp-content\/uploads\/2025\/05\/Im2-1-1024x460.png\" alt=\"\" class=\"wp-image-27608\" srcset=\"https:\/\/nuevademocracia.com.co\/wp-content\/uploads\/2025\/05\/Im2-1-1024x460.png 1024w, https:\/\/nuevademocracia.com.co\/wp-content\/uploads\/2025\/05\/Im2-1-300x135.png 300w, https:\/\/nuevademocracia.com.co\/wp-content\/uploads\/2025\/05\/Im2-1-768x345.png 768w, https:\/\/nuevademocracia.com.co\/wp-content\/uploads\/2025\/05\/Im2-1.png 1168w\" sizes=\"auto, (max-width: 1024px) 100vw, 1024px\" \/><figcaption class=\"wp-element-caption\"><em><strong><mark style=\"background-color:rgba(0, 0, 0, 0)\" class=\"has-inline-color has-black-color\">Foto: Contexto Ganadero<\/mark><\/strong><\/em><\/figcaption><\/figure>\n\n\n\n<p class=\"has-black-color has-text-color has-link-color wp-elements-6aee3e38b8a982129e23a6fb87bf628e\">En el centro de investigaci\u00f3n La Motilonia de la Corporaci\u00f3n Colombiana de Investigaci\u00f3n Agropecuaria (Agrosavia), 50 familias ingresaron, se desplazaron varios kil\u00f3metros adentro, con sus morrales y pimpinas de agua al hombro, en medio de la oscuridad de la madrugada, hasta llegar a unos terrenos donde ni siquiera hab\u00eda animales de pastoreo. Se trata de \u201cunos montes\u201d que no han sido cultivados hace d\u00e9cadas. La zona ocupada es de aproximadamente 600 hect\u00e1reas.<\/p>\n\n\n\n<p class=\"has-black-color has-text-color has-link-color wp-elements-1760211070228c1d696bb5dfa7616d2a\">Entre las personas que emprendieron esta acci\u00f3n se encontraba un buen porcentaje de adultos mayores. Varios manifestaron que nunca en su vida hab\u00edan tenido tierras y que hab\u00edan decidido participar en la toma con la esperanza de tener tierra al menos al final de sus d\u00edas. Otro buen porcentaje s\u00ed tuvo tierra en alg\u00fan momento de su vida, pero sufrieron la violencia terrateniente y paramilitar y fueron despojados de lo poco que ten\u00edan. Estos ejemplos abundan en Codazzi y sus cercan\u00edas. Uno a uno, los reclamantes de tierra, van muriendo de viejos sin haber obtenido nunca de vuelta lo que alguna vez les perteneci\u00f3.<\/p>\n\n\n\n<div class=\"wp-block-group is-nowrap is-layout-flex wp-container-core-group-is-layout-6c531013 wp-block-group-is-layout-flex\">\n<figure class=\"wp-block-image size-large is-resized\"><img loading=\"lazy\" decoding=\"async\" width=\"768\" height=\"1024\" src=\"https:\/\/nuevademocracia.com.co\/wp-content\/uploads\/2025\/05\/Im-3-768x1024.jpg\" alt=\"\" class=\"wp-image-27609\" style=\"width:404px;height:auto\" srcset=\"https:\/\/nuevademocracia.com.co\/wp-content\/uploads\/2025\/05\/Im-3-768x1024.jpg 768w, https:\/\/nuevademocracia.com.co\/wp-content\/uploads\/2025\/05\/Im-3-225x300.jpg 225w, https:\/\/nuevademocracia.com.co\/wp-content\/uploads\/2025\/05\/Im-3-1152x1536.jpg 1152w, https:\/\/nuevademocracia.com.co\/wp-content\/uploads\/2025\/05\/Im-3-1536x2048.jpg 1536w, https:\/\/nuevademocracia.com.co\/wp-content\/uploads\/2025\/05\/Im-3-scaled.jpg 1920w\" sizes=\"auto, (max-width: 768px) 100vw, 768px\" \/><\/figure>\n\n\n\n<figure class=\"wp-block-image size-large is-resized\"><img loading=\"lazy\" decoding=\"async\" width=\"768\" height=\"1024\" src=\"https:\/\/nuevademocracia.com.co\/wp-content\/uploads\/2025\/05\/Im-4-768x1024.jpg\" alt=\"\" class=\"wp-image-27610\" style=\"width:404px;height:auto\" srcset=\"https:\/\/nuevademocracia.com.co\/wp-content\/uploads\/2025\/05\/Im-4-768x1024.jpg 768w, https:\/\/nuevademocracia.com.co\/wp-content\/uploads\/2025\/05\/Im-4-225x300.jpg 225w, https:\/\/nuevademocracia.com.co\/wp-content\/uploads\/2025\/05\/Im-4-1152x1536.jpg 1152w, https:\/\/nuevademocracia.com.co\/wp-content\/uploads\/2025\/05\/Im-4-1536x2048.jpg 1536w, https:\/\/nuevademocracia.com.co\/wp-content\/uploads\/2025\/05\/Im-4-scaled.jpg 1920w\" sizes=\"auto, (max-width: 768px) 100vw, 768px\" \/><\/figure>\n<\/div>\n\n\n\n<p><\/p>\n\n\n\n<p class=\"has-black-color has-text-color has-link-color wp-elements-37fd62c00ea90c06efab39f6dc61af0f\">Hab\u00eda tambi\u00e9n un buen porcentaje de madres solteras y algunos j\u00f3venes. Las madres solteras se agarraban a la esperanza de conquistar la tierra como se agarraban al amor por sus hijos. Si algo imperaba en su decisi\u00f3n de ocupar ese predio era la ilusi\u00f3n de otro futuro para esos ni\u00f1os que estaban creciendo. Los j\u00f3venes que hicieron parte de la toma profesaban amor al campo. Uno de esos j\u00f3venes contaba que hab\u00eda pertenecido a m\u00e1s de 14 asociaciones, a cada una ingres\u00f3 con el af\u00e1n de conseguir tierra, pero no hubo ninguna otra v\u00eda que tomarla con acciones de hecho.<\/p>\n\n\n\n<p class=\"has-black-color has-text-color has-link-color wp-elements-6aa00d0b250d02a1cc0747b057522d12\">Los campesinos que protagonizaron esta acci\u00f3n declararon que \u201cNosotros somos campesinos recuperadores de tierra y lo estamos haciendo por v\u00eda de hecho en los terrenos del gobierno (\u2026) estamos meti\u00e9ndonos con el fin de que el gobierno se d\u00e9 cuenta que s\u00ed hay un campesino que quiere tener un pedacito de tierra (\u2026) lo estamos haciendo por las v\u00edas de hecho porque si nos ponemos a esperar que la ANT lo tenga todo para un pedacito de tierra (\u2026) se muere uno de viejo esperando el pedacito de tierra y nunca lo tiene\u201d.<\/p>\n\n\n\n<p class=\"has-vivid-red-color has-text-color has-link-color has-medium-font-size wp-elements-a23baabe6fca6037dc260bcdef9e39ff\"><strong>Campesinos del Cesar ocupan predio de latifundista en Casacar\u00e1, en el departamento del Cesar<\/strong><\/p>\n\n\n\n<figure class=\"wp-block-image size-large\"><img loading=\"lazy\" decoding=\"async\" width=\"1024\" height=\"576\" src=\"https:\/\/nuevademocracia.com.co\/wp-content\/uploads\/2025\/05\/im-5-1024x576.jpg\" alt=\"\" class=\"wp-image-27611\" srcset=\"https:\/\/nuevademocracia.com.co\/wp-content\/uploads\/2025\/05\/im-5-1024x576.jpg 1024w, https:\/\/nuevademocracia.com.co\/wp-content\/uploads\/2025\/05\/im-5-300x169.jpg 300w, https:\/\/nuevademocracia.com.co\/wp-content\/uploads\/2025\/05\/im-5-768x432.jpg 768w, https:\/\/nuevademocracia.com.co\/wp-content\/uploads\/2025\/05\/im-5-1536x864.jpg 1536w, https:\/\/nuevademocracia.com.co\/wp-content\/uploads\/2025\/05\/im-5.jpg 1599w\" sizes=\"auto, (max-width: 1024px) 100vw, 1024px\" \/><figcaption class=\"wp-element-caption\"><em><strong><mark style=\"background-color:rgba(0, 0, 0, 0)\" class=\"has-inline-color has-black-color\">Foto: Contexto Ganadero<\/mark><\/strong><\/em><\/figcaption><\/figure>\n\n\n\n<p class=\"has-black-color has-text-color has-link-color wp-elements-f015c41ce67830b93d19676a581f5ad9\">\u201cLas Carmelas\u201d y la finca \u201cMar\u00eda Victoria\u201d en la vereda Begonia, del municipio de Codazzi fueron ocupadas a finales de marzo. Se trata de dos predios que suman en total unas 1600 hect\u00e1reas. Estos predios son propiedad de Olga Dangond de D\u00e1vila. Aunque es un latifundio dedicado al ganado, su propietaria tiene una fuerte relaci\u00f3n con las explotaciones de palma del mismo sector. De hecho, su hija mayor, Mar\u00eda Victor\u00eda Dangond, que tambi\u00e9n se ha dedicado a lo largo de su vida a la ganader\u00eda en predios de m\u00e1s de mil hect\u00e1reas, es esposa del ya mencionado \u201cZar de la Palma\u201d.<\/p>\n\n\n\n<p class=\"has-black-color has-text-color has-link-color wp-elements-61fe52009f8ec06bededb88c3bf50a8d\"><em>Contexto Ganadero, <\/em>red de difusi\u00f3n de FEDEGAN, es decir, \u00f3rgano de propaganda de los terratenientes, dice que quienes \u201cinvadieron\u201d el predio fueron unas 80 personas el s\u00e1bado 29 de marzo. Por otro lado, los campesinos recuperadores afirman que fueron unas 150 familias las que ocuparon el predio y que este fue ocupado el d\u00eda martes 25 de marzo.<\/p>\n\n\n\n<p class=\"has-black-color has-text-color has-link-color wp-elements-eb7d5e2ea63cb551d86dc600b273620a\">Las razones para iniciar esta acci\u00f3n se pueden resumir en una: la necesidad de tierra para trabajar.<\/p>\n\n\n\n<p class=\"has-black-color has-text-color has-link-color wp-elements-ecdcb0cfadfc0dbfbf4d15c83b2d720b\">Entre los recuperadores de La Motilonia y de la finca Las Carmelas hay muchas similitudes: el gran porcentaje de desplazados, el hecho de que muchos no hayan tenido nunca tierra aunque hayan trabajado toda su vida en el campo (hay personas de m\u00e1s de 80 a\u00f1os).<\/p>\n\n\n\n<p class=\"has-black-color has-text-color has-link-color wp-elements-443650ce384a69cdd02788df0e2eab9b\">Los participantes de esta toma y probablemente la mayor\u00eda de habitantes de Codazzi, se llevaron cada uno su porci\u00f3n de violencia en la \u00e9poca de la arremetida paramilitar. Algunos cuentan que tuvieron que huir por las monta\u00f1as durante d\u00edas sin nada m\u00e1s que la ropa que tra\u00edan puesta y que en esas situaciones les tocaba tomar un agua que era casi barro. Las mujeres contaban que hab\u00edan perdido a sus maridos, algunas tambi\u00e9n vieron caer asesinados a sus padres y hermanos. Muchas sufrieron violencia sexual.<\/p>\n\n\n\n<p class=\"has-black-color has-text-color has-link-color wp-elements-5b4745a9ad53f1dc655fa609507e45a5\">Pese a esta dura historia de dolor, de l\u00e1grimas y sangre, pese a sufrir la violencia terrateniente, quienes participaron en esta recuperaci\u00f3n lo hicieron con felicidad y esperanza renovada. Uno de los recuperadores, un se\u00f1or de m\u00e1s de 60 a\u00f1os afirmaba: \u00a1es la primera vez que me siento vivo!<\/p>\n\n\n\n<p class=\"has-black-color has-text-color has-link-color wp-elements-83272c8e7a00a255c68c9fd9131f702c\">Tal vez esta historia que les toc\u00f3 en sus vidas los hab\u00eda preparado, pues aunque las penurias de una recuperaci\u00f3n de tierras son muchas, no se comparan a la realidad de vivir toda la vida sin tener donde trabajar.<\/p>\n\n\n\n<p class=\"has-black-color has-text-color has-link-color wp-elements-c2f571c3c8e04942ddf114ab6f7b6e96\">En sus comunicados, los recuperadores de la finca Las Carmelas afirmaron: <em>\u201cLos campesinos tenemos derecho a la tierra (\u2026) tenemos derecho a la alimentaci\u00f3n y a un nivel de vida adecuado. El gobierno nacional y la Agencia Nacional de Tierras no han respondido a los compromisos que han adquirido con nosotros los campesinos, por todo lo anterior nos vemos obligados a tomar esta v\u00eda. Estamos abiertos al di\u00e1logo, pero <strong>no vamos a renunciar a nuestros derechos\u201d<\/strong>.<\/em><\/p>\n\n\n\n<p class=\"has-vivid-red-color has-text-color has-link-color has-medium-font-size wp-elements-aae3efbe73bbefceb6e665bcae582457\"><strong>Campesinos de Pailitas ocupan predio en La Sonora en el Cesar<\/strong><\/p>\n\n\n\n<figure class=\"wp-block-image size-large\"><img loading=\"lazy\" decoding=\"async\" width=\"1024\" height=\"452\" src=\"https:\/\/nuevademocracia.com.co\/wp-content\/uploads\/2025\/05\/imagen-6-1024x452.png\" alt=\"\" class=\"wp-image-27612\" srcset=\"https:\/\/nuevademocracia.com.co\/wp-content\/uploads\/2025\/05\/imagen-6-1024x452.png 1024w, https:\/\/nuevademocracia.com.co\/wp-content\/uploads\/2025\/05\/imagen-6-300x133.png 300w, https:\/\/nuevademocracia.com.co\/wp-content\/uploads\/2025\/05\/imagen-6-768x339.png 768w, https:\/\/nuevademocracia.com.co\/wp-content\/uploads\/2025\/05\/imagen-6.png 1193w\" sizes=\"auto, (max-width: 1024px) 100vw, 1024px\" \/><\/figure>\n\n\n\n<p><\/p>\n\n\n\n<p class=\"has-black-color has-text-color has-link-color wp-elements-9076256744bbf63bcde6904e7540808f\">As\u00ed como en Codazzi, 150 familias campesinas sin tierra decidieron iniciar el proceso de recuperaci\u00f3n de la finca \u201cLa Sonora\u201d, en Pailitas. Denuncian que muchas de las tierras de este predio fueron apropiadas ilegalmente por el que hoy es el due\u00f1o de la finca. Por otro lado, en este predio se realiza miner\u00eda ilegal, lo cual est\u00e1 contaminando una quebrada llamada \u201cLa Floresta\u201d. La contaminaci\u00f3n de esta quebrada tiene efectos negativos en otros cuerpos de agua aleda\u00f1os. Estas afectaciones a m\u00faltiples fuentes h\u00eddricas son un gran problema para los campesinos de la regi\u00f3n, pues necesitan el agua para regar sus cultivos y para pescar.&nbsp;<\/p>\n\n\n\n<p class=\"has-black-color has-text-color has-link-color wp-elements-b9cbce7b0bca46477be9f1b4e1df31fb\">En uno de sus comunicados, las familias recuperadoras de la finca la Sonora explican as\u00ed el proceso:<\/p>\n\n\n\n<p class=\"has-black-color has-text-color has-link-color wp-elements-d0d8f3a3713689f022cab928aa80ac4d\"><em>\u201cLa lucha campesina en La Sonora es muy sencilla de entender: el predio, ubicado en Pailitas Cesar, tiene bald\u00edos, lo cual quiere decir que quien se dice due\u00f1o se apropi\u00f3 de las tierras que por ley, deben designarse para que el campesinado sin tierra pueda trabajar en dignidad, produciendo alimentos. Adem\u00e1s, en la quebrada Floresta llevan a\u00f1os extrayendo irregularmente material de arrastre, sin ning\u00fan tipo de cuidado con la Naturaleza, poniendo en riesgo el agua y la vida de todas las comunidades de la zona\u201d<\/em><\/p>\n\n\n\n<p class=\"has-vivid-red-color has-text-color has-link-color has-medium-font-size wp-elements-772c7b05cee95af5bf80ae282df82c02\"><strong>La respuesta de los terratenientes y el Estado<\/strong><\/p>\n\n\n\n<figure class=\"wp-block-image size-large\"><img loading=\"lazy\" decoding=\"async\" width=\"1024\" height=\"768\" src=\"https:\/\/nuevademocracia.com.co\/wp-content\/uploads\/2025\/05\/im-6.-brigadas-solidarias-1024x768.jpg\" alt=\"\" class=\"wp-image-27613\" srcset=\"https:\/\/nuevademocracia.com.co\/wp-content\/uploads\/2025\/05\/im-6.-brigadas-solidarias-1024x768.jpg 1024w, https:\/\/nuevademocracia.com.co\/wp-content\/uploads\/2025\/05\/im-6.-brigadas-solidarias-300x225.jpg 300w, https:\/\/nuevademocracia.com.co\/wp-content\/uploads\/2025\/05\/im-6.-brigadas-solidarias-768x576.jpg 768w, https:\/\/nuevademocracia.com.co\/wp-content\/uploads\/2025\/05\/im-6.-brigadas-solidarias-1536x1152.jpg 1536w, https:\/\/nuevademocracia.com.co\/wp-content\/uploads\/2025\/05\/im-6.-brigadas-solidarias.jpg 1600w\" sizes=\"auto, (max-width: 1024px) 100vw, 1024px\" \/><figcaption class=\"wp-element-caption\">\u00ab<strong><em><mark style=\"background-color:rgba(0, 0, 0, 0)\" class=\"has-inline-color has-black-color\">Brigadas Solidarias\u00bb impulsadas por Fedegan <\/mark><\/em><\/strong><\/figcaption><\/figure>\n\n\n\n<p class=\"has-black-color has-text-color has-link-color wp-elements-c96c4712e2ebdf36d7e3b1934fabb128\">Como no es de sorprender, la respuesta en los tres casos fue la misma: represi\u00f3n para el campesinado. Todas las tomas sufrieron el desalojo por parte del Estado al servicio del poder terrateniente.<\/p>\n\n\n\n<p class=\"has-black-color has-text-color has-link-color wp-elements-e70799c87e315dbe16c1538567b9dc97\">En el caso de la recuperaci\u00f3n de la finca \u201cLas Carmelas\u201d los recuperadores denunciaron que:<\/p>\n\n\n\n<p class=\"has-black-color has-text-color has-link-color wp-elements-1c160b370cc3fa217f2890d3d3434f9a\"><em>\u201clas autodenominadas brigadas de seguridad ganadera llegaron en horas de la ma\u00f1ana del d\u00eda domingo 30 de marzo. Desplegaron ejercito desde la noche anterior y llegaron con aproximadamente 100 camionetas y civiles armados. Nosotros no acudimos a su encuentro. Ellos declaran que hemos desalojado voluntariamente el predio. No sabemos con qu\u00e9 intenci\u00f3n hacen estas declaraciones, pero son totalmente falsas. Nosotros (permanecemos) en pie de lucha aqu\u00ed en el predio y aqu\u00ed permaneceremos. Responsabilizamos a las brigadas solidarias ganaderas ante cualquier afectaci\u00f3n a nuestra seguridad\u201d.<\/em><\/p>\n\n\n\n<p class=\"has-black-color has-text-color has-link-color wp-elements-5be27facbb7c908f96b231af1a963e4c\">Adem\u00e1s, en otro de sus comunicados manifestaron:<\/p>\n\n\n\n<p class=\"has-black-color has-text-color has-link-color wp-elements-b2728426419d0a78ad97bb39635fe599\"><em>\u201cResponsabilizamos al presidente Gustavo Petro, al ministro de Defensa Pedro S\u00e1nchez; a los comandantes del Batall\u00f3n la Popa y al comandante de polic\u00eda de Codazzi de lo que pueda sucederles a estas comunidades campesinas. Exigimos respeto a la vida e integridad personal de cada uno de los hombres y mujeres que est\u00e1n recuperando la tierra para la vida\u201d.<\/em><\/p>\n\n\n\n<p class=\"has-black-color has-text-color has-link-color wp-elements-80a76912783053b6f63d0ed272899487\">Las brigadas de solidaridad ganadera, agrupaci\u00f3n que apunta a convertirse en una reedici\u00f3n de las famosas convivir y que consta de civiles armados organizados en una estructura al servicio de los ganaderos y con apoyo del ej\u00e9rcito de Colombia, actuaron como fuerzas represivas en los tres casos mencionados. FEDEG\u00c1N y su presidente Jose Felix Lafourie (latifundista varias veces denunciado por sus nexos con el paramilitarismo) ven con mucha preocupaci\u00f3n el rumbo que est\u00e1 tomando actualmente el movimiento campesino y sale en su revista Contexto Ganadero a lanzar alaridos en contra de las recuperaciones de tierra.&nbsp; A continuaci\u00f3n, algunos extractos de una de sus columnas:<\/p>\n\n\n\n<p class=\"has-black-color has-text-color has-link-color wp-elements-018fd6799726f0f9066fb6c71a52935a\"><em>Tres factores se repiten en las \u00faltimas invasiones en diferentes lugares, pero especialmente en el Cesar: Primero: el respaldo de algunas ONG que re\u00fanen a comunidades rurales bajo la bandera de la \u201crecuperaci\u00f3n de la tierra\u201d, como el llamado \u201cCoordinador Nacional Agrario\u201d, CNA (\u2026)<\/em><\/p>\n\n\n\n<p class=\"has-black-color has-text-color has-link-color wp-elements-ac02f45fd9c7a080a4c2e09583e56b2b\"><em>Segundo: la presencia de agitadores profesionales enviados para difundir consignas comunistas (lucha de clases, anticapitalismo, la tierra para el que la trabaja, etc.), con el fin de exacerbar el odio contra los propietarios leg\u00edtimos y, por esa v\u00eda, inducir las invasiones.<\/em><\/p>\n\n\n\n<p class=\"has-black-color has-text-color has-link-color wp-elements-b3ed4bfaa6788017dfb697bf8d5bb11f\"><em>Tercero: las Guardias Campesinas que, al igual que las ind\u00edgenas, tras su apariencia pac\u00edfica esconden organizaciones uniformadas, entrenadas, ideologizadas y, de hecho, responsables de bloqueos, invasiones, violencia urbana y secuestro de miembros de la Fuerza P\u00fablica\u201d.<\/em><\/p>\n\n\n\n<p class=\"has-black-color has-text-color has-link-color wp-elements-d7adae5823d9bbee7c5dbcd6d2c47cc5\">Mientras el gobierno de Gustavo Petro intent\u00f3 lavarle la cara a los terratenientes y mostrarlos como posibles amigos del pueblo campesino, Lafaurie, jefe de los ganaderos, muestra claramente que sus intereses y los del campesinado son antag\u00f3nicos y hasta prepara el terreno en la opini\u00f3n p\u00fablica para tratar a los recuperadores como \u201csecuestradores\u201d, es decir, tratar a los campesinos como enemigos de guerra.<\/p>\n\n\n\n<p class=\"has-black-color has-text-color has-link-color wp-elements-668da102bfa7c73adfb1223ba5a572cf\">La lucha por la tierra y por tanto el antagonismo entre los latifundistas y el campesinado va a perdurar hasta que se ponga fin al latifundio. Esta lucha hist\u00f3rica ha sido una guerra a muerte. El Estado ha utilizado toda su fuerza represiva, legal e ilegal, para defender a los terratenientes. Adem\u00e1s, a trav\u00e9s de enga\u00f1os, ha tratado de hacer creer al pueblo que lucha, que hay oportunidad de conquistar el cambio a trav\u00e9s de un Estado que en verdad tan solo le sirve a las clases dominantes. Estas dos facetas se muestran de manera muy palpable y aguda hoy. Por un lado, Petro sigue comandando una guerra contrainsurgente contra el campesinado y por otro lado una parte de las organizaciones populares est\u00e1n enarbolando las reformas de Petro o su consulta popular como el \u00fanico camino posible para el tan anhelado cambio y quieren sumir a todo el movimiento popular por esta v\u00eda.<\/p>\n\n\n\n<p class=\"has-black-color has-text-color has-link-color wp-elements-acc7150a262db22b9c87868130f2675b\">Lo valioso de los ejemplos de las tomas de tierra anteriormente mencionadas es que demuestran que para la gente no se est\u00e1 concretando ning\u00fan cambio en realidad y que a\u00fan pese a todo el miedo que nos han sembrado, el campesino sigue dispuesto a luchar. Ante este panorama la tarea de los revolucionarios y de los verdaderos progresistas es trabajar porque el campesino se organice cada vez m\u00e1s y aprenda en la lucha estas verdades: la \u00fanica fuerza en la que puede confiar el pueblo es en su propia fuerza organizada y no hay un poder mayor que el poder de las clases populares cuando elevan hasta las m\u00e1ximas alturas su organizaci\u00f3n<\/p>\n\n\n\n<p class=\"has-black-color has-text-color has-link-color wp-elements-d9898c84834d096c6d0cd569685022f3\">Finalizamos con un fragmento de uno de los comunicados de los recuperadores del predio la Sonora<\/p>\n\n\n\n<p class=\"has-black-color has-text-color has-link-color wp-elements-976b99c986ae6ede61b6442552c4a420\"><em>\u201cHoy decimos \u00a1Ya Basta! Nos quedaremos en la Sonora hasta que el Estado decida recuperar los bald\u00edos y cuidar el agua de nuestra quebrada y llamamos a toda la campesinada del Cesar a recuperar lo que nos han robado, a luchar por la dignidad de nuestras familias y el futuro de nuestros hijos. Dejemos de pelear entre organizaciones por migajas, no permitamos que los politiqueros de turno nos utilicen: un\u00e1monos en la lucha com\u00fan por la tierra.<\/em><\/p>\n\n\n\n<p class=\"has-black-color has-text-color has-link-color wp-elements-2e20327afca2a09aaf6f2643d5ad9e37\"><em>Esperamos toda la solidaridad de las organizaciones campesinas de la regi\u00f3n y del pa\u00eds (\u2026) y de cada ciudadano que su consciencia le mueva a estar del lado de la justicia\u201d.<\/em><\/p>\n","protected":false},"excerpt":{"rendered":"<p>\u201c\u00bfQu\u00e9 puede ser m\u00e1s importante para una familia campesina que la tierra y el agua? \u00bfQu\u00e9 hacer cuando por generaciones hemos visto como los terratenientes nos roban las tierras comunes, se apropian de los bald\u00edos, privatizan y deforestan los playones, desecan las ci\u00e9nagas y humedales y nadie hace nada?\u201d Extracto del comunicado de las familias [&hellip;]<\/p>\n","protected":false},"author":1,"featured_media":27606,"comment_status":"open","ping_status":"open","sticky":false,"template":"","format":"standard","meta":{"footnotes":""},"categories":[16,4,144],"tags":[],"class_list":["post-27605","post","type-post","status-publish","format-standard","has-post-thumbnail","hentry","category-carrusel","category-colombia","category-lucha-por-la-tierra"],"blocksy_meta":[],"_links":{"self":[{"href":"https:\/\/nuevademocracia.com.co\/index.php?rest_route=\/wp\/v2\/posts\/27605","targetHints":{"allow":["GET"]}}],"collection":[{"href":"https:\/\/nuevademocracia.com.co\/index.php?rest_route=\/wp\/v2\/posts"}],"about":[{"href":"https:\/\/nuevademocracia.com.co\/index.php?rest_route=\/wp\/v2\/types\/post"}],"author":[{"embeddable":true,"href":"https:\/\/nuevademocracia.com.co\/index.php?rest_route=\/wp\/v2\/users\/1"}],"replies":[{"embeddable":true,"href":"https:\/\/nuevademocracia.com.co\/index.php?rest_route=%2Fwp%2Fv2%2Fcomments&post=27605"}],"version-history":[{"count":1,"href":"https:\/\/nuevademocracia.com.co\/index.php?rest_route=\/wp\/v2\/posts\/27605\/revisions"}],"predecessor-version":[{"id":27614,"href":"https:\/\/nuevademocracia.com.co\/index.php?rest_route=\/wp\/v2\/posts\/27605\/revisions\/27614"}],"wp:featuredmedia":[{"embeddable":true,"href":"https:\/\/nuevademocracia.com.co\/index.php?rest_route=\/wp\/v2\/media\/27606"}],"wp:attachment":[{"href":"https:\/\/nuevademocracia.com.co\/index.php?rest_route=%2Fwp%2Fv2%2Fmedia&parent=27605"}],"wp:term":[{"taxonomy":"category","embeddable":true,"href":"https:\/\/nuevademocracia.com.co\/index.php?rest_route=%2Fwp%2Fv2%2Fcategories&post=27605"},{"taxonomy":"post_tag","embeddable":true,"href":"https:\/\/nuevademocracia.com.co\/index.php?rest_route=%2Fwp%2Fv2%2Ftags&post=27605"}],"curies":[{"name":"wp","href":"https:\/\/api.w.org\/{rel}","templated":true}]}}