{"id":27615,"date":"2025-05-04T10:30:00","date_gmt":"2025-05-04T15:30:00","guid":{"rendered":"https:\/\/nuevademocracia.com.co\/?p=27615"},"modified":"2025-05-02T15:31:21","modified_gmt":"2025-05-02T20:31:21","slug":"mexico-en-memoria-del-companero-profesor-celedonio-luis-santibanez","status":"publish","type":"post","link":"https:\/\/nuevademocracia.com.co\/?p=27615","title":{"rendered":"M\u00e9xico: EN MEMORIA DEL COMPA\u00d1ERO PROFESOR CELEDONIO LUIS SANTIB\u00c1\u00d1EZ"},"content":{"rendered":"\n<p class=\"has-black-color has-text-color has-link-color wp-elements-a4563fab2cc6972f82278e38572dcb79\">A continuaci\u00f3n compartimos un comunicado\u00a0<a href=\"https:\/\/solrojista.blogspot.com\/2025\/03\/en-memoria-del-companero-profesor.html\">publicado<\/a>\u00a0por la p\u00e1gina Sol Rojo de M\u00e9xico <\/p>\n\n\n\n<figure class=\"wp-block-image aligncenter size-full is-resized\"><img loading=\"lazy\" decoding=\"async\" width=\"448\" height=\"639\" src=\"https:\/\/nuevademocracia.com.co\/wp-content\/uploads\/2025\/05\/image-2.png\" alt=\"\" class=\"wp-image-27618\" style=\"width:400px;height:auto\" srcset=\"https:\/\/nuevademocracia.com.co\/wp-content\/uploads\/2025\/05\/image-2.png 448w, https:\/\/nuevademocracia.com.co\/wp-content\/uploads\/2025\/05\/image-2-210x300.png 210w\" sizes=\"auto, (max-width: 448px) 100vw, 448px\" \/><\/figure>\n\n\n\n<p class=\"has-text-align-right has-black-color has-text-color has-link-color wp-elements-e21d3c2d92a7b069a8da43fd7b3fa87f\"><em>\u201cHay hombres que luchan un d\u00eda y son buenos.<\/em><\/p>\n\n\n\n<p class=\"has-text-align-right has-black-color has-text-color has-link-color wp-elements-1dc42a1eddf85ce78c582877b8542f8a\"><em>Hay otros que luchan un a\u00f1o y son mejores.<\/em><\/p>\n\n\n\n<p class=\"has-text-align-right has-black-color has-text-color has-link-color wp-elements-8feaf6ab75470b13e585057871b000a9\"><em>Hay quienes luchan muchos a\u00f1os y son muy buenos.<\/em><\/p>\n\n\n\n<p class=\"has-text-align-right has-black-color has-text-color has-link-color wp-elements-afa0faa2305826e9f3093f6c9fd15db3\"><em>Pero hay los que luchan toda la vida: esos son los imprescindibles\u201d.<\/em><\/p>\n\n\n\n<p class=\"has-text-align-right has-black-color has-text-color has-link-color wp-elements-55432c7ace08f39983d57adec14f7884\">Bertolt Brecht.<\/p>\n\n\n\n<p class=\"has-text-align-center has-black-color has-text-color has-link-color wp-elements-5809f2947b20e0c9f41e0d2647f99664\"><strong>Ha fallecido uno de los mejores hijos del pueblo<\/strong><\/p>\n\n\n\n<p class=\"has-text-align-center has-black-color has-text-color has-link-color wp-elements-929b134705ef40e6bdd372a4f1d356ac\"><strong>EN MEMORIA DEL COMPA\u00d1ERO PROFESOR CELEDONIO LUIS SANTIB\u00c1\u00d1EZ<\/strong><\/p>\n\n\n\n<p class=\"has-black-color has-text-color has-link-color wp-elements-24ba9044c890ee0631b5c19cdd8e45d8\">A la clase obrera y los trabajadores<\/p>\n\n\n\n<p class=\"has-black-color has-text-color has-link-color wp-elements-6d27af426a358796599a6d90c7d68d77\">Al campesinado pobre y los pueblos originarios-oprimidos<\/p>\n\n\n\n<p class=\"has-black-color has-text-color has-link-color wp-elements-5c06e49ec0d164f10c1ccf31884d21ad\">A las mujeres y las juventudes del pueblo<\/p>\n\n\n\n<p class=\"has-black-color has-text-color has-link-color wp-elements-3b35a89da4678a207b2d35930771300f\">A las organizaciones y sindicatos democr\u00e1ticos<\/p>\n\n\n\n<p class=\"has-black-color has-text-color has-link-color wp-elements-79dc9bf053a19f8d47eb4210b733a4d1\">A la Liga Anti-imperialista (LAI) y nuestros amigos en todo el mundo<\/p>\n\n\n\n<p class=\"has-black-color has-text-color has-link-color wp-elements-1638928711cac9a1d2cf9fcffd22fd26\">Compa\u00f1eras y compa\u00f1eros.<\/p>\n\n\n\n<p class=\"has-black-color has-text-color has-link-color wp-elements-f9d8cfb63f1d8bc74b1a8a8ec61b8df4\">Con profundo pesar informamos sobre el fallecimiento de nuestro compa\u00f1ero Profesor Celedonio Luis Santib\u00e1\u00f1ez, quien fuera fundador de nuestra organizaci\u00f3n democr\u00e1tica, miembro de nuestro contingente hist\u00f3rico e integrante destacado de la Comisi\u00f3n Pol\u00edtica de la Corriente del Pueblo Sol Rojo.<\/p>\n\n\n\n<p class=\"has-black-color has-text-color has-link-color wp-elements-32d1dd08260f86517e0a8d89fea042e7\">El compa\u00f1ero Celedonio Luis Santib\u00e1\u00f1ez ten\u00eda 72 de edad al momento de su defunci\u00f3n, y perdi\u00f3 la vida este 30 de marzo de 2025 librando su \u00faltima gran batalla contra un c\u00e1ncer que invadi\u00f3 su cuerpo y le mantuvo alejado de sus actividades pol\u00edticas desde el pasado mes de diciembre de 2024. Apenas en enero de este a\u00f1o nuestra Asamblea General rindi\u00f3 un homenaje en vida al compa\u00f1ero Celedonio Luis Santib\u00e1\u00f1ez guardando su lugar de honor en el pres\u00eddium, honrando su nombre y sus ense\u00f1anzas bajo las cuales se han formado varias generaciones de luchadores y dirigentes populares.<\/p>\n\n\n\n<p class=\"has-black-color has-text-color has-link-color wp-elements-2f1534e5f3fd876ac50deb3501fff3be\"><\/p>\n\n\n\n<figure class=\"wp-block-image aligncenter size-full\"><img loading=\"lazy\" decoding=\"async\" width=\"639\" height=\"426\" src=\"https:\/\/nuevademocracia.com.co\/wp-content\/uploads\/2025\/05\/image-1.png\" alt=\"\" class=\"wp-image-27617\" srcset=\"https:\/\/nuevademocracia.com.co\/wp-content\/uploads\/2025\/05\/image-1.png 639w, https:\/\/nuevademocracia.com.co\/wp-content\/uploads\/2025\/05\/image-1-300x200.png 300w\" sizes=\"auto, (max-width: 639px) 100vw, 639px\" \/><\/figure>\n\n\n\n<p class=\"has-black-color has-text-color has-link-color wp-elements-36a9a9cd61b04e533628358b665b24f7\"><\/p>\n\n\n\n<p class=\"has-black-color has-text-color has-link-color wp-elements-b5b008369f196944fd1758e36f2b3cff\">El Profesor Celedonio Luis Santib\u00e1\u00f1ez naci\u00f3 en una familia de campesinos pobres el 18 de octubre de 1952 en la comunidad ind\u00edgena zapoteca de Buena Vista, municipio de San Agust\u00edn Lochixa, Oaxaca. Pese a la miseria y las dificultades que los pobres de esa regi\u00f3n padecen, el joven Celedonio destac\u00f3 en sus estudios siempre como un alumno responsable, brillante y dedicado a sus tareas. Como todos los j\u00f3venes Xiches de las monta\u00f1as de la Costa oaxaque\u00f1a, le gustaba el basquetbol, nadar y trabajar en la siembra y pisca del caf\u00e9. As\u00ed, combinando el trabajo en el campo y los estudios, Celedonio pudo concluir la educaci\u00f3n b\u00e1sica para tomar el camino que cambiar\u00eda su vida para siempre, la Educaci\u00f3n Normal.<\/p>\n\n\n\n<p class=\"has-black-color has-text-color has-link-color wp-elements-2e602ba0234df05d914287f0425cf4de\">El compa\u00f1ero Celedonio Luis Santib\u00e1\u00f1ez curs\u00f3 sus estudios en el Centro Regional de Educaci\u00f3n Normal de Oaxaca (CRENO) en la Licenciatura en Educaci\u00f3n Primaria donde tuvo contacto con el movimiento estudiantil en una \u00e9poca convulsa marcada por la tiran\u00eda y la represi\u00f3n del Estado que desat\u00f3 una abierta persecuci\u00f3n contra el movimiento estudiantil y el movimiento comunista en nuestro pa\u00eds. Ese periodo es conocido como la \u201cguerra sucia\u201d y se extendi\u00f3 desde la d\u00e9cada de los 60\u00b4s hasta mediados de los a\u00f1os 80\u00b4s del Siglo XX.<\/p>\n\n\n\n<p class=\"has-black-color has-text-color has-link-color wp-elements-88efc0cfcac32fe08919be4d901a3cf4\">Durante aquella etapa de su vida, el compa\u00f1ero Celedonio Luis abraz\u00f3 las mejores causas de la juventud mexicana y de la humanidad, y es en ese curso que tuvo contacto por primera vez con el Partido Comunista de M\u00e9xico, que ya para entonces se encontraba en medio de la debacle revisionista desde su c\u00fapula influenciada por el revisionismo jrushovista. El joven Celedonio se uni\u00f3 al Partido durante un breve tiempo de su actividad estudiantil y posteriormente form\u00f3 parte de un c\u00edrculo de simpatizantes del Partido Revolucionario del Proletariado Mexicano (PRPM), y en palabras suyas \u201cfue una de las experiencias m\u00e1s honrosas de toda mi vida\u201d.<\/p>\n\n\n\n<p class=\"has-black-color has-text-color has-link-color wp-elements-8f8f9c362d2f25a1d3d91937e4ceb612\">Tras egresar de la Normal, el Profesor Celedonio asume congruentemente el apostolado de la educaci\u00f3n yendo a trabajar a las comunidades rurales a donde ayud\u00f3 a los campesinos pobres a organizarse para luchar por la tierra y por la producci\u00f3n, formando uniones que paulatinamente desarrollar\u00edan otras importantes batallas. Pero el Profe no se qued\u00f3 ah\u00ed, y decidi\u00f3 seguirse formando acad\u00e9micamente, fue as\u00ed que curs\u00f3 la Maestr\u00eda en Educaci\u00f3n B\u00e1sica en la Escuela Normal Superior de Oaxaca y tras egresar asumi\u00f3 el trabajo como Profesor frente a grupo del nivel de secundarias, del cual despu\u00e9s fue supervisor.<\/p>\n\n\n\n<p class=\"has-black-color has-text-color has-link-color wp-elements-d27b84f01ed58f749ac181dc4c9b9ff4\">El Profesor Celedonio Luis Santib\u00e1\u00f1ez fue parte de la generaci\u00f3n de maestros democr\u00e1ticos que fundaron la Coordinadora Nacional de Trabajadores de la Educaci\u00f3n (CNTE), y platicaba como tuvo \u201cel honor de auxiliar al Prof. Enedino Jim\u00e9nez Jim\u00e9nez en la lucha por la democratizaci\u00f3n del SNTE, contra Elba Esther y contra Salinas de Gortari\u201d. Por aquellos a\u00f1os el compa\u00f1ero Celedonio tambi\u00e9n hac\u00eda trabajo pol\u00edtico con los pueblos Xiches apoyando en todo tipo de tareas para la lucha democr\u00e1tica, la cual a\u00f1os despu\u00e9s enfrentar\u00eda nuevos obst\u00e1culos ante la maquinaria militar del r\u00e9gimen que siti\u00f3 la regi\u00f3n cometiendo toda clase de cr\u00edmenes de guerra como genocidio, desaparici\u00f3n forzada, ejecuciones extrajudiciales, tortura y desplazamiento interno forzado. Ante este fen\u00f3meno el Profesor Celedonio Luis Santib\u00e1\u00f1ez supo responder con su mano firme y solidaria, dando cobijo y acompa\u00f1amiento a los campesinos pobres y sus familias.<\/p>\n\n\n\n<p class=\"has-black-color has-text-color has-link-color wp-elements-a2a80c9bca59943549fa592c5210d615\">A\u00f1os m\u00e1s tarde, tras el proceso insurreccional de la Asamblea Popular de los Pueblos de Oaxaca (APPO) y la cruenta represi\u00f3n ejercida contra el movimiento magisterial-popular por el tirano Ulises Ruiz Ortiz, el Profesor Celedonio Luis Santib\u00e1\u00f1ez particip\u00f3 junto a un pu\u00f1ado de hombres y mujeres en el proceso de formaci\u00f3n de nuestra organizaci\u00f3n democr\u00e1tica, la cual en el a\u00f1o 2007 realiz\u00f3 un evento en condiciones de semi-clandestinidad donde se sentaron las bases ideol\u00f3gicas y los m\u00e9todos de trabajo que permitieron iniciar la labor entre las comunidades marginadas de Oaxaca de una forma no-p\u00fablica.<\/p>\n\n\n\n<p class=\"has-black-color has-text-color has-link-color wp-elements-e1cb963029d5da62b51d9038fc9447dd\">Durante todo ese periodo, actuando de forma ejemplar, responsable y humilde el compa\u00f1ero Profesor Celedonio Luis Santib\u00e1\u00f1ez ayud\u00f3 a la formaci\u00f3n de uniones de cafetaleros en la regi\u00f3n Loxicha; cre\u00f3 asociaciones de padres de familia tomando tierras y formando m\u00f3dulos escolares; fue comisionado por el magisterio democr\u00e1tico para integrarse a la Federaci\u00f3n Democr\u00e1tica de Sindicatos de Servidores P\u00fablicos (FEDESSP) desde donde ayud\u00f3 a formar sindicatos democr\u00e1ticos como el Sindicato Independiente de Trabajadores y Profesionales en Salud (SITYPS) o el Sindicato Independiente de Trabajadores de Sepomex, entre otros. El Profesor Celedonio Luis Santib\u00e1\u00f1ez fue un claro impulsor para la formaci\u00f3n de la Federaci\u00f3n Intersindical de Oaxaca en la cual han destacado gremios como el SITYPS, el SUTIOCIFED, el SUTCSEIIO, el SINTS-Secci\u00f3n 9, el SNLTSS-Secci\u00f3n Oaxaca, el SUTTEBCEO, entre otros. Impuls\u00f3 la organizaci\u00f3n barrial obrera en la lucha por la vivienda digna contra los monopolios inmobiliarios, y junto a m\u00e1s de 300 familias de trabajadores emprendi\u00f3 la formaci\u00f3n de la Comunidad Francisco Villa, la cual es conocida con orgullo por las masas populares como \u201cOcupaci\u00f3n Victoriosa\u201d.<\/p>\n\n\n\n<figure class=\"wp-block-image aligncenter\"><img decoding=\"async\" src=\"https:\/\/redherald.org\/wp-content\/uploads\/2025\/04\/celedonio2-1.webp\" alt=\"\" class=\"wp-image-23939\"\/><\/figure>\n\n\n\n<p class=\"has-black-color has-text-color has-link-color wp-elements-9fa6bd624575fcc4693a851f04cbdab0\">El Profesor Celedonio Luis Santib\u00e1\u00f1ez atendi\u00f3 con firmeza el llamado a la ruptura contra el revisionismo hoxhaista y castro-guevarista, siendo un factor clave en la conducci\u00f3n de los procesos asamble\u00edstas en el Istmo, los Valles Centrales y la regi\u00f3n Loxicha de junio a agosto de 2016; esta fue la se\u00f1al inequ\u00edvoca para el anuncio p\u00fablico respecto a la existencia de la Corriente del Pueblo Sol Rojo la cual hizo su primera demostraci\u00f3n en las calles en septiembre de ese a\u00f1o demandando la libertad inmediata e incondicional de los compa\u00f1eros presos pol\u00edticos acusados de terrorismo y portaci\u00f3n de explosivos de uso reservado del ej\u00e9rcito mexicano.<\/p>\n\n\n\n<p class=\"has-black-color has-text-color has-link-color wp-elements-9d2cac51e04a2533dcd06412d685785f\">El compa\u00f1ero Profesor Celedonio Luis Santib\u00e1\u00f1ez presidi\u00f3 junto al Dr. Ernesto Sernas Garc\u00eda los trabajos del I Congreso Pol\u00edtico de la Corriente del Pueblo Sol Rojo, el 26 de diciembre de 2017, y desde entonces form\u00f3 parte de nuestra Direcci\u00f3n Central. Desde ese espacio de alta representaci\u00f3n, como dirigente principal de nuestra Organizaci\u00f3n Democr\u00e1tica, el compa\u00f1ero Profesor Celedonio Luis Santib\u00e1\u00f1ez sent\u00f3 las bases para la formaci\u00f3n de la Corriente Clasista de Trabajadores de la Educaci\u00f3n (COCLATE) y la Liga de Comunidades por la Revoluci\u00f3n Agraria (LCRA). Dotado de la disciplina y el arte de la diplomacia proletaria para la formaci\u00f3n de alianzas, actualmente el Profesor Celedonio Luis Santib\u00e1\u00f1ez encabezaba las tareas de una comisi\u00f3n especial para la difusi\u00f3n de la Liga Anti-imperialista (LAI) y sus documentos b\u00e1sicos, teniendo como tarea la formaci\u00f3n del cap\u00edtulo M\u00e9xico de esta organizaci\u00f3n internacionalista.<\/p>\n\n\n\n<p class=\"has-black-color has-text-color has-link-color wp-elements-0a57c3a27d116d5a81ab87422ee371c4\">Infatigable e ind\u00f3mito en su esp\u00edritu revolucionario, con la experiencia y la forja de largas d\u00e9cadas de lucha de clases y lucha de dos l\u00edneas, formado como marxista-leninista-mao\u00edsta, principalmente mao\u00edsta, haciendo suyos los aportes de validez universal del Presidente Gonzalo, el Profesor Celedonio Luis Santib\u00e1\u00f1ez contribuy\u00f3 enormemente al trabajo te\u00f3rico del Centro Cultural y de Estudios de la Ciencia para Revoluci\u00f3n Proletaria, y la Comisi\u00f3n de Formaci\u00f3n Ideol\u00f3gica y Pol\u00edtica (CFIP), formando a nuevas generaciones de cuadros, activistas y luchadores del pueblo bajo sus ense\u00f1anzas.<\/p>\n\n\n\n<p class=\"has-black-color has-text-color has-link-color wp-elements-040bcafde2f922fb928e6913714e4636\">Su pluma est\u00e1 plasmada en nuestros Documentos B\u00e1sicos, en nuestros documentos de l\u00ednea pol\u00edtica y en tantos textos y denuncias publicadas en nuestros medios, as\u00ed como el Peri\u00f3dico Mural, prensa popular y democr\u00e1tica.<\/p>\n\n\n\n<p class=\"has-black-color has-text-color has-link-color wp-elements-235285aa8328282b98b65b3d189011ab\">Antes de que la enfermedad le impidiera continuar con sus actividades, el Profesor Celedonio dedic\u00f3 los \u00faltimos a\u00f1os de su vida a nuestra Campa\u00f1a de Rectificaci\u00f3n, destacando la importancia de sus tres objetivos centrales en la perspectiva de nuestro II Congreso Pol\u00edtico, el cual tiene como tarea central dar luz al Frente del Pueblo como frente revolucionario de masas, tercer instrumento de la Revoluci\u00f3n.<\/p>\n\n\n\n<p class=\"has-black-color has-text-color has-link-color wp-elements-4e1b328b760f306eced1d22543ce33f4\">Su cari\u00f1o por las masas populares, su paciencia pedag\u00f3gica y su calidez humana est\u00e1n perfectamente asociadas con su identidad de clase y su ideolog\u00eda. Ha partido el hombre de la sonrisa amable y el recio apret\u00f3n de manos; ha partido el Maestro que formaba y educaba con el ejemplo; ha fallecido uno de los mejores hijos del pueblo.<\/p>\n\n\n\n<p class=\"has-text-align-center has-black-color has-text-color has-link-color wp-elements-0204ca7deb02aaf966cfe02ab91f70ad\"><strong>\u00a1Compa\u00f1ero Profesor Celedonio Luis Santib\u00e1\u00f1ez, vive en el coraz\u00f3n y las luchas del pueblo!<\/strong><\/p>\n\n\n\n<p class=\"has-text-align-center has-black-color has-text-color has-link-color wp-elements-b138d45dfd184ef6151c1425ef4b4bc5\"><strong>\u00a1Salvo el poder, todo es ilusi\u00f3n!<\/strong><\/p>\n\n\n\n<p class=\"has-text-align-center has-black-color has-text-color has-link-color wp-elements-05071d3b6929b10924587ac5f774d921\"><strong>\u00a1Somos la chispa que enciende la pradera!<\/strong><\/p>\n\n\n\n<p class=\"has-text-align-center has-black-color has-text-color has-link-color wp-elements-b8cdb96f504d66965272405376279cd2\"><strong>\u00a1Que los trabajadores gobiernen la patria!<\/strong><\/p>\n\n\n\n<p class=\"has-text-align-center has-black-color has-text-color has-link-color wp-elements-41c24475c22b4a1de9b026cc22759d9e\"><strong>\u00a1Con el Sol Rojo, el pueblo vencer\u00e1!<\/strong><\/p>\n\n\n\n<p class=\"has-text-align-center has-black-color has-text-color has-link-color wp-elements-44885cb48f68c93b75a9c2316dabd1c8\"><strong>CORRIENTE DEL PUEBLO SOL ROJO<\/strong><\/p>\n\n\n\n<p class=\"has-text-align-center has-black-color has-text-color has-link-color wp-elements-f0b9476902dba1719d4f921475282b87\"><strong>COMIT\u00c9 CENTRAL<\/strong><\/p>\n\n\n\n<p class=\"has-text-align-right has-black-color has-text-color has-link-color wp-elements-cbbe6a1a6fbe59bb3a1fd76e93ac0913\">31 DE MARZO DE 2025<\/p>\n","protected":false},"excerpt":{"rendered":"<p>A continuaci\u00f3n compartimos un comunicado\u00a0publicado\u00a0por la p\u00e1gina Sol Rojo de M\u00e9xico \u201cHay hombres que luchan un d\u00eda y son buenos. Hay otros que luchan un a\u00f1o y son mejores. Hay quienes luchan muchos a\u00f1os y son muy buenos. Pero hay los que luchan toda la vida: esos son los imprescindibles\u201d. Bertolt Brecht. Ha fallecido uno [&hellip;]<\/p>\n","protected":false},"author":1,"featured_media":27618,"comment_status":"open","ping_status":"open","sticky":false,"template":"","format":"standard","meta":{"footnotes":""},"categories":[16,31],"tags":[],"class_list":["post-27615","post","type-post","status-publish","format-standard","has-post-thumbnail","hentry","category-carrusel","category-internacional"],"blocksy_meta":[],"_links":{"self":[{"href":"https:\/\/nuevademocracia.com.co\/index.php?rest_route=\/wp\/v2\/posts\/27615","targetHints":{"allow":["GET"]}}],"collection":[{"href":"https:\/\/nuevademocracia.com.co\/index.php?rest_route=\/wp\/v2\/posts"}],"about":[{"href":"https:\/\/nuevademocracia.com.co\/index.php?rest_route=\/wp\/v2\/types\/post"}],"author":[{"embeddable":true,"href":"https:\/\/nuevademocracia.com.co\/index.php?rest_route=\/wp\/v2\/users\/1"}],"replies":[{"embeddable":true,"href":"https:\/\/nuevademocracia.com.co\/index.php?rest_route=%2Fwp%2Fv2%2Fcomments&post=27615"}],"version-history":[{"count":2,"href":"https:\/\/nuevademocracia.com.co\/index.php?rest_route=\/wp\/v2\/posts\/27615\/revisions"}],"predecessor-version":[{"id":27619,"href":"https:\/\/nuevademocracia.com.co\/index.php?rest_route=\/wp\/v2\/posts\/27615\/revisions\/27619"}],"wp:featuredmedia":[{"embeddable":true,"href":"https:\/\/nuevademocracia.com.co\/index.php?rest_route=\/wp\/v2\/media\/27618"}],"wp:attachment":[{"href":"https:\/\/nuevademocracia.com.co\/index.php?rest_route=%2Fwp%2Fv2%2Fmedia&parent=27615"}],"wp:term":[{"taxonomy":"category","embeddable":true,"href":"https:\/\/nuevademocracia.com.co\/index.php?rest_route=%2Fwp%2Fv2%2Fcategories&post=27615"},{"taxonomy":"post_tag","embeddable":true,"href":"https:\/\/nuevademocracia.com.co\/index.php?rest_route=%2Fwp%2Fv2%2Ftags&post=27615"}],"curies":[{"name":"wp","href":"https:\/\/api.w.org\/{rel}","templated":true}]}}