{"id":27623,"date":"2025-05-09T14:00:00","date_gmt":"2025-05-09T19:00:00","guid":{"rendered":"https:\/\/nuevademocracia.com.co\/?p=27623"},"modified":"2025-05-08T10:08:00","modified_gmt":"2025-05-08T15:08:00","slug":"rebelion-y-crisis-mundial","status":"publish","type":"post","link":"https:\/\/nuevademocracia.com.co\/?p=27623","title":{"rendered":"Rebeli\u00f3n y crisis mundial"},"content":{"rendered":"\n<figure class=\"wp-block-image aligncenter size-large is-resized\"><img loading=\"lazy\" decoding=\"async\" width=\"1024\" height=\"576\" src=\"https:\/\/nuevademocracia.com.co\/wp-content\/uploads\/2025\/05\/image-5-1024x576.png\" alt=\"\" class=\"wp-image-27625\" style=\"width:705px;height:auto\" srcset=\"https:\/\/nuevademocracia.com.co\/wp-content\/uploads\/2025\/05\/image-5-1024x576.png 1024w, https:\/\/nuevademocracia.com.co\/wp-content\/uploads\/2025\/05\/image-5-300x169.png 300w, https:\/\/nuevademocracia.com.co\/wp-content\/uploads\/2025\/05\/image-5-768x432.png 768w, https:\/\/nuevademocracia.com.co\/wp-content\/uploads\/2025\/05\/image-5.png 1080w\" sizes=\"auto, (max-width: 1024px) 100vw, 1024px\" \/><figcaption class=\"wp-element-caption\"><strong><em><mark style=\"background-color:rgba(0, 0, 0, 0)\" class=\"has-inline-color has-black-color\">Los campesinos de Hodeidah defienden la autodeterminaci\u00f3n yemen\u00ed. Foto: A Nova Democracia<\/mark><\/em> <\/strong><\/figcaption><\/figure>\n\n\n\n<p class=\"has-black-color has-text-color has-link-color wp-elements-d30877d46b4eec9b4b0f25471e157bcf\">En los \u00faltimos a\u00f1os, todo el mundo capitalista ha sido sacudido por una serie de luchas populares que ocurrieron en todos los continentes. Recordemos la rebeli\u00f3n popular en <strong>Estados Unidos<\/strong>, Black Lives Matter, que se desat\u00f3 por el vil asesinato de George Floyd a manos de la polic\u00eda, y en venganza el pueblo quem\u00f3 la estaci\u00f3n de Polic\u00eda de Minneapolis, una estructura de 3 pisos. En Europa destac\u00f3 el movimiento de los chalecos amarillos en <strong>Francia<\/strong>, que se extendi\u00f3 entre gran parte de la poblaci\u00f3n, y especialmente entre la clase obrera francesa que paraliz\u00f3 el sistema de transporte, ferrocarriles y aerol\u00edneas. Con ello lograron tumbar reformas que pretend\u00eda la ultra derecha y que afectaban a los trabajadores.<\/p>\n\n\n\n<p class=\"has-black-color has-text-color has-link-color wp-elements-2d3bd761d0d226bb0ee8f2ccf32067f3\">En Am\u00e9rica latina, el heroico levantamiento popular en <strong>Chile <\/strong>iniciado por estudiantes secundaristas y que termin\u00f3 gestando el movimiento de Primera L\u00ednea. Las protestas y cruenta represi\u00f3n que se dio en <strong>Bolivia<\/strong>, tras el golpe de Estado instaurado por la ultraderecha y que le quit\u00f3 el poder a la socialdemocracia encabezada por Evo Morales. En <strong>Ecuador<\/strong> se dieron protestas y lucha en las calles, que paralizaron la capital en contra de la ultraderecha y las medidas econ\u00f3micas de Len\u00edn Moreno. Tambi\u00e9n <strong>Colombia<\/strong> fue sacudida por tres estallidos sociales consecutivos: el 21N de 2019, con masivas marchas y la gesta del movimiento de asambleas populares, el cual fue interrumpido por la pandemia. Luego en 2020, tras conocerse el asesinato mediante golpes y tortura, del abogado y taxista Javier Ordo\u00f1ez, al interior de un centro policial (CAI), el 9 y 10 de septiembre en Bogot\u00e1 se desat\u00f3 un levantamiento popular juvenil que desencaden\u00f3 la furia acumulada en contra de los esbirros del sistema, y en el cual el pueblo bogotano incendi\u00f3 22 CAI y destruy\u00f3 otros 52. En respuesta, la polic\u00eda cometi\u00f3 la masacr\u00e9 del 9S y asesin\u00f3 a m\u00e1s de 13 personas. Meses m\u00e1s tarde se dar\u00eda el estallido social del 28 de abril del 2021, el Gran Levantamiento Popular que sacudi\u00f3 todas las principales ciudades del pa\u00eds. El pueblo retoma las asambleas populares, la formaci\u00f3n de las primeras l\u00edneas y grupos de choque. Este levantamiento tuvo como epicentro la ciudad de Cali y municipios cercanos, con par\u00e1lisis casi total por varios meses.<\/p>\n\n\n\n<p class=\"has-black-color has-text-color has-link-color wp-elements-eb7666a1b9a419ec1acdfc9f95c0b3d7\">En Asia, igualmente se presentaron grandes movimientos populares que paralizaron ciudades y derrotaron a las fuerzas policiacas en las calles, en lucha uno a uno como en las protestas de <strong>Hong Kong<\/strong>. El ingenio de los luchadores, para eludir las c\u00e1maras de reconocimiento facial instaladas por China, fue ejemplar. La lucha dur\u00f3 meses. En \u00c1frica se sucedieron fuertes levantamientos en varios pa\u00edses, llegando incluso a derrocar presidentes.<\/p>\n\n\n\n<p class=\"has-black-color has-text-color has-link-color wp-elements-be5b7e7c2f432fd5b74997addd8a79bd\">Todas estas luchas, demostraban un mundo en el que poco a poco va madurando y desarroll\u00e1ndose la lucha popular mundial en contra del imperialismo. Aunque en las calles, el pueblo ha demostrado su disposici\u00f3n a luchar y conquistar derechos, tumbando reformas da\u00f1inas, planes econ\u00f3micos de las clases explotadoras y hasta presidentes, ha faltado una direcci\u00f3n revolucionaria y antiimperialista para hacer avanzar el movimiento y lograr mayores conquistas, derechos e impulsar la lucha por una nueva sociedad.<\/p>\n\n\n\n<p class=\"has-black-color has-text-color has-link-color wp-elements-d59b8d967a0819b5478799036137c4e5\">Hoy d\u00eda, todav\u00eda las llamas de la agitaci\u00f3n popular, la protesta y la lucha sacuden el mundo. Basta con ver el masivo apoyo y solidaridad expresado al <strong>pueblo palestino<\/strong>, en contra del genocidio y la invasi\u00f3n sionista. El mundo musulm\u00e1n se moviliz\u00f3 multitudinariamente en las calles, demostrando su rechazo al genocidio y su odio al sionismo. En Europa las marchas sobrepasaron las prohibiciones a usar banderas palestinas y derribaron y quemaron banderas sionistas. En Estados Unidos fue multitudinario el apoyo. La India, Jap\u00f3n y dem\u00e1s pa\u00edses se movilizaron tambi\u00e9n. En Colombia la parte activa del movimiento estudiantil y sindical ha logrado hacer marchas y m\u00edtines en favor de la causa palestina.<\/p>\n\n\n\n<p class=\"has-black-color has-text-color has-link-color wp-elements-ce893dc403fe1590f643b16c4ae30eda\">Tambi\u00e9n avanza la lucha antifascista en <strong>Estados Unidos <\/strong>y<strong> Europa<\/strong>. Tras el triunfo de Donald Trump en Estados Unidos y la llegada al poder de la ultraderecha, que agrupa a varios movimientos de fan\u00e1ticos religiosos y de corte neonazi, se comenz\u00f3 a gestar un movimiento antifascista en Estados Unidos que ha realizado acciones de sabotaje contra Tesla. Hace a\u00f1os, ya se hab\u00edan presentado choques callejeros entre neonazis y antifascitas, en el periodo de tiempo que transcurre entre el movimiento Black Lives Matter y las elecciones presidenciales del 2021. Sin embargo, cuando Elon Musk hizo el saludo nazi durante la investidura de Donald Trump, la respuesta del movimiento dio un salto, al pasar a las acciones de sabotaje y la quema de veh\u00edculos Tesla, propiedad del multimillonario y neonazi Elon Musk. En Estados Unidos el movimiento ha estado bastante activo en Nueva York, Chicago y Portland. Tambi\u00e9n en Mil\u00e1n, <strong>Italia<\/strong>, un grupo de activistas hicieron una acci\u00f3n simb\u00f3lica en la plaza Loreto, en el mismo sitio donde, en 1945, la Resistencia antifascista colg\u00f3 el cad\u00e1ver de Mussolini. La acci\u00f3n consisti\u00f3 en colgar una efigie con el retrato de Elon Musk, planteando que en la plaza todav\u00eda hay sitio para colgar m\u00e1s fascistas. En <strong>Alemania,<\/strong> los sabotajes tambi\u00e9n se han hecho sentir, el m\u00e1s reciente y grave fue en su mega f\u00e1brica alemana. Este incidente provoc\u00f3 un corte de energ\u00eda que detuvo la producci\u00f3n, causando da\u00f1os significativos y p\u00e9rdidas multimillonarias. Tambi\u00e9n se han reportado ataques contra estaciones de carga, concesionarios y veh\u00edculos de la marca Tesla en ciudades de <strong>Francia <\/strong>y<strong> Portugal. <\/strong>En <strong>Canad\u00e1 <\/strong>han atacado m\u00e1s de 80 veh\u00edculos Tesla. Lo que ha generado p\u00e9rdidas considerables al magnate y su monopolio automovil\u00edstico. Medios internacionales aseguran que las p\u00e9rdidas llegan a la mitad del valor total de la firma.&nbsp;<\/p>\n\n\n\n<p class=\"has-black-color has-text-color has-link-color wp-elements-a107df07f7b3319433b27f4bb6ab5448\">Otro caso, que representa muy bien el estado de \u00e1nimo de las masas populares en el mundo, y su creciente indignaci\u00f3n e inclinaci\u00f3n hacia las v\u00edas de hecho, es el apoyo que en <strong>EE.UU<\/strong>. ha recibido Luigi Mangione, quien asesin\u00f3 al magnate Brian Thompson, el 4 de diciembre de 2024. Brian Thompson era el director de UnitedHealth Group, una empresa privada de seguros, que negocia con la salud y la vida del pueblo norteamericano, la cual ha sido acusada por negar sistem\u00e1ticamente tratamientos y medicamentos a sus usuarios. Cuando fue capturado, a Luigi Mangione se le encontr\u00f3 un manifiesto en el que expresaba su odio contra las grandes aseguradoras, all\u00ed estaba escrito: \u00abEstos par\u00e1sitos se lo merec\u00edan\u00bb y \u00abPido disculpas por cualquier conflicto y trauma, pero ten\u00eda que hacerse\u00bb. En los casquillos de las balas usadas durante el asesinato, estaban escritas las palabras: \u201cDenegar, Defender, Deponer\u201d, conocidas como las \u201ctres D del seguro\u201d, usadas por las aseguradoras, como UnitedHealth Group, para impedir el acceso a la salud de sus usuarios. Tambi\u00e9n se encontr\u00f3 una radiograf\u00eda de su espalda, al parecer Luigi sufri\u00f3 una mala intervenci\u00f3n quir\u00fargica quedando con secuelas de por vida. La Casa Blanca ya pidi\u00f3 pena de muerte para el procesado, pero \u00e9ste no hace m\u00e1s que ganar popularidad y apoyo en el pueblo estadounidense.<\/p>\n\n\n\n<p class=\"has-black-color has-text-color has-link-color wp-elements-62297c367398ddb56b1f1ad7d46fc420\">En <strong>Argentina<\/strong>, el reciente estallido del 24 de marzo, en contra de la ultra derecha a la cabeza de Javier Milei, sacude la historia del pueblo argentino, que desde hace 20 a\u00f1os no viv\u00eda unas protestas tan masivas y combativas. Las calles fueron tomadas por el pueblo argentino, iniciaron la lucha los pensionados y luego se unieron los j\u00f3venes para combatir contra de la represi\u00f3n policial, que fue incapaz de controlar la situaci\u00f3n. Un esp\u00edritu de unidad se vivi\u00f3 en las calles. Las \u201cbarras bravas\u201d fueron la fuerza de choque que hizo frente a la represi\u00f3n policial. La indignaci\u00f3n se ha agudizado por los reiterados esc\u00e1ndalos de Milei, quien ha dado cargos p\u00fablicos a familiares y amigos, y recientemente particip\u00f3 de una multimillonaria estafa virtual, demostrando su verdadera cara de voraz capitalista y usurero.<\/p>\n\n\n\n<p class=\"has-black-color has-text-color has-link-color wp-elements-4fc9a71e15aea6608b52d18f0cb61b15\"><strong>Yemen<\/strong>, uno de los pa\u00edses m\u00e1s pobres del medio oriente, que ha sufrido guerras civiles y hambrunas, que ha sido bombardeado sistem\u00e1ticamente por Arabia Saudita y la OTAN, y m\u00e1s recientemente por el sionismo y EE.UU., marcha a la vanguardia del apoyo y solidaridad mundial hacia el pueblo palestino. Yemen ha sido el \u00fanico pa\u00eds que le ha declarado la guerra al \u201ctodopoderoso estado de Israel\u201d, y ha logrado mantener una fuerte presi\u00f3n y bloqueo parcial del estrecho de Mandeb, un estrecho marino que enlaza el Mar Rojo con el Golfo de Ad\u00e9n, ruta obligada para los buques mercantes hacia Israel y Europa. Golpe a los sionistas, cuyos buques se ven obligados a dar un rodeo que les ocasiona tres veces m\u00e1s gastos y mucha p\u00e9rdida de tiempo. Adem\u00e1s, los recientes ataques con drones y misiles bal\u00edsticos han tomado por sorpresa la defensa a\u00e9rea sionista, que ahora debe pelear en un nuevo frente para trata de neutralizar la amenaza.<\/p>\n\n\n\n<p class=\"has-black-color has-text-color has-link-color wp-elements-b65cb1624da7eda3980a6a7db7ab8764\">Los hut\u00edes, la tribu que ha tomado el poder en el norte de Yemen y cuenta con el apoyo popular, son la vanguardia del pueblo yemen\u00ed. Estados Unidos bajo la visi\u00f3n de la ultraderecha, ha optado por tratar de sofocar con bombardeos la resistencia en Yemen, tambi\u00e9n se le ha sumado Inglaterra. Los hut\u00edes apuestan por una guerra prolongada y de desgaste, contra la OTAN, ocasionando un gran costo econ\u00f3mico para los enemigos. Frente a los caseros y baratos drones y misiles que dispara Yemen, los imperialistas tienen que disparar tres misiles interceptores, que cuestan cientos de miles de dorales cada uno. Adem\u00e1s, Yemen ha logrado saturar las defensas a\u00e9reas gringas y sionistas en varias ocasiones, alcanzando blancos importantes en sus ataques.<\/p>\n\n\n\n<p class=\"has-black-color has-text-color has-link-color wp-elements-d96276bb3a26c9ddecc51a63ee9e4171\">El Estado turco ha sido uno de los protagonistas de la tragedia en el medio oriente y ha actuado como otro verdugo m\u00e1s en la escena geopolitica. Sus intereses en <strong>Siria<\/strong> lo han llevado, no solo a financiar grupos mercenarios y a invadir Siria en varias oportunidades, sino que adem\u00e1s han demostrado su intenci\u00f3n de sofocar y aplastar a los <strong>Kurdos<\/strong>. <strong>Turqu\u00eda <\/strong>es uno de los principales responsables de la ca\u00edda de Al Assad y de la inestabilidad en la regi\u00f3n. El nuevo poder en Siria tiene sus hilos que apuntan hacia Estambul, y sus fuerzas mercenarias han cometido atroces cr\u00edmenes en contra de los cristianos sirios y las minor\u00edas alauitas en el pa\u00eds. La ultraderacha con Erdogan a la cabeza, ha cimentado su poder mediante una fuerte represi\u00f3n y persecuci\u00f3n a sus contradictores pol\u00edticos. Recientemente, un conjunto de manifestaciones y disturbios contra del gobierno, estallaron en la ciudad de Estambul y se extendieron en todo el pa\u00eds, luego del arresto de Ekrem \u0130mamo\u011flu, alcalde de Estambul y rival pol\u00edtico de Erdogan. Se acusa a la ultraderecha de promover un golpe de Estado en medio de una dura crisis que sacude el pa\u00eds. El valor de la lira turca frente al d\u00f3lar estadounidense cay\u00f3 un 16,3% en los tres d\u00edas posteriores al arresto de \u0130mamo\u011flu, los planes de los turcos en Siria han comenzado a tener problemas y se han venido enfriando. El pueblo en las calles, lucha no solo para apoyar un bando de las distintas facciones gran burguesas turcas, sino que lucha por contrarrestar el creciente poder de Erdogan, en contra de la guerra en Siria, y en contra de la crisis econ\u00f3mica que golpea m\u00e1s fuertemente al pueblo trabajador.<\/p>\n\n\n\n<p class=\"has-black-color has-text-color has-link-color wp-elements-f16cac50e4b00ac2bd358ff5d31c4cdc\">Estos son algunos de los hechos m\u00e1s importantes que muestran los s\u00edntomas de un mundo completamente fracturado y de una fuerza social mundial que ha venido ejercit\u00e1ndose y d\u00e1ndose a conocer en la pol\u00edtica mundial. La necesidad de comenzar a tener conciencia sobre ello y sobre las tareas que los pueblos del mundo deben afrontar, demuestra la tendencia a los futuros estallidos sociales y guerras revolucionarias que sacudir\u00e1n a todo el mundo capitalista hasta lograr derribarlo. Todo esto nos recuerda la frase de Lenin: \u201cHay d\u00e9cadas en las que no pasa nada y semanas en las que pasan d\u00e9cadas.\u201d<\/p>\n","protected":false},"excerpt":{"rendered":"<p>En los \u00faltimos a\u00f1os, todo el mundo capitalista ha sido sacudido por una serie de luchas populares que ocurrieron en todos los continentes. Recordemos la rebeli\u00f3n popular en Estados Unidos, Black Lives Matter, que se desat\u00f3 por el vil asesinato de George Floyd a manos de la polic\u00eda, y en venganza el pueblo quem\u00f3 la [&hellip;]<\/p>\n","protected":false},"author":1,"featured_media":27624,"comment_status":"open","ping_status":"open","sticky":false,"template":"","format":"standard","meta":{"footnotes":""},"categories":[16,31],"tags":[],"class_list":["post-27623","post","type-post","status-publish","format-standard","has-post-thumbnail","hentry","category-carrusel","category-internacional"],"blocksy_meta":[],"_links":{"self":[{"href":"https:\/\/nuevademocracia.com.co\/index.php?rest_route=\/wp\/v2\/posts\/27623","targetHints":{"allow":["GET"]}}],"collection":[{"href":"https:\/\/nuevademocracia.com.co\/index.php?rest_route=\/wp\/v2\/posts"}],"about":[{"href":"https:\/\/nuevademocracia.com.co\/index.php?rest_route=\/wp\/v2\/types\/post"}],"author":[{"embeddable":true,"href":"https:\/\/nuevademocracia.com.co\/index.php?rest_route=\/wp\/v2\/users\/1"}],"replies":[{"embeddable":true,"href":"https:\/\/nuevademocracia.com.co\/index.php?rest_route=%2Fwp%2Fv2%2Fcomments&post=27623"}],"version-history":[{"count":1,"href":"https:\/\/nuevademocracia.com.co\/index.php?rest_route=\/wp\/v2\/posts\/27623\/revisions"}],"predecessor-version":[{"id":27626,"href":"https:\/\/nuevademocracia.com.co\/index.php?rest_route=\/wp\/v2\/posts\/27623\/revisions\/27626"}],"wp:featuredmedia":[{"embeddable":true,"href":"https:\/\/nuevademocracia.com.co\/index.php?rest_route=\/wp\/v2\/media\/27624"}],"wp:attachment":[{"href":"https:\/\/nuevademocracia.com.co\/index.php?rest_route=%2Fwp%2Fv2%2Fmedia&parent=27623"}],"wp:term":[{"taxonomy":"category","embeddable":true,"href":"https:\/\/nuevademocracia.com.co\/index.php?rest_route=%2Fwp%2Fv2%2Fcategories&post=27623"},{"taxonomy":"post_tag","embeddable":true,"href":"https:\/\/nuevademocracia.com.co\/index.php?rest_route=%2Fwp%2Fv2%2Ftags&post=27623"}],"curies":[{"name":"wp","href":"https:\/\/api.w.org\/{rel}","templated":true}]}}