{"id":27627,"date":"2025-05-08T10:06:33","date_gmt":"2025-05-08T15:06:33","guid":{"rendered":"https:\/\/nuevademocracia.com.co\/?p=27627"},"modified":"2025-05-08T10:06:33","modified_gmt":"2025-05-08T15:06:33","slug":"reporte-del-primero-de-mayo-en-colombia","status":"publish","type":"post","link":"https:\/\/nuevademocracia.com.co\/?p=27627","title":{"rendered":"Reporte del Primero de Mayo en Colombia"},"content":{"rendered":"\n<figure class=\"wp-block-image aligncenter size-large is-resized\"><img loading=\"lazy\" decoding=\"async\" width=\"1024\" height=\"683\" src=\"https:\/\/nuevademocracia.com.co\/wp-content\/uploads\/2025\/05\/1M-Portada-1024x683.jpg\" alt=\"\" class=\"wp-image-27628\" style=\"width:598px;height:auto\" srcset=\"https:\/\/nuevademocracia.com.co\/wp-content\/uploads\/2025\/05\/1M-Portada-1024x683.jpg 1024w, https:\/\/nuevademocracia.com.co\/wp-content\/uploads\/2025\/05\/1M-Portada-300x200.jpg 300w, https:\/\/nuevademocracia.com.co\/wp-content\/uploads\/2025\/05\/1M-Portada-768x512.jpg 768w, https:\/\/nuevademocracia.com.co\/wp-content\/uploads\/2025\/05\/1M-Portada-1536x1024.jpg 1536w, https:\/\/nuevademocracia.com.co\/wp-content\/uploads\/2025\/05\/1M-Portada.jpg 1620w\" sizes=\"auto, (max-width: 1024px) 100vw, 1024px\" \/><\/figure>\n\n\n\n<p class=\"has-black-color has-text-color has-link-color wp-elements-eddbff9fdf700d7a929a7144a7576d71\">El pasado jueves se realiz\u00f3 la marcha de la clase obrera en varias ciudades y municipios del pa\u00eds. Hist\u00f3rica conmemoraci\u00f3n en la cual participan, principalmente los sindicatos que agrupan a la clase obrera, pero tambi\u00e9n se da una importante participaci\u00f3n de organizaciones de mujeres, estudiantes, procesos barriales, y organizaciones de lucha por distintas reivindicaciones econ\u00f3micas, pol\u00edticas y sociales. Tambi\u00e9n participan diversas organizaciones revolucionarias que plantean, adem\u00e1s de la lucha por reivindicaciones concretas, la necesidad de que el pueblo destruya el viejo Estado colombiano de grandes burgueses y terratenientes al servicio del imperialismo principalmente yanqui, y construya una nueva sociedad y un nuevo Estado obrero, campesino y popular. A continuaci\u00f3n, compilamos algunas im\u00e1genes y videos de lo ocurrido en distintos lugares del territorio nacional.<\/p>\n\n\n\n<p class=\"has-black-color has-text-color has-link-color wp-elements-9eba3f53082d1045a10d57a894332a29\">En Bogot\u00e1 se estima que m\u00e1s de 30.000 personas llegaron marchando hasta la Plaza de Bol\u00edvar en el centro de la capital. En el siguiente video se aprecia la inmensa multitud de personas que se movilizaron.<\/p>\n\n\n\n<figure class=\"wp-block-embed is-type-rich is-provider-twitter wp-block-embed-twitter\"><div class=\"wp-block-embed__wrapper\">\n<blockquote class=\"twitter-tweet\" data-width=\"550\" data-dnt=\"true\"><p lang=\"es\" dir=\"ltr\">As\u00ed estaba el Centro de Bogot\u00e1 este 1 de mayo. <a href=\"https:\/\/t.co\/hja5BEVLdF\">pic.twitter.com\/hja5BEVLdF<\/a><\/p>&mdash; Alejo Vergel (@YoAlejoV) <a href=\"https:\/\/twitter.com\/YoAlejoV\/status\/1918314002104406026?ref_src=twsrc%5Etfw\">May 2, 2025<\/a><\/blockquote><script async src=\"https:\/\/platform.twitter.com\/widgets.js\" charset=\"utf-8\"><\/script>\n<\/div><\/figure>\n\n\n\n<p class=\"has-black-color has-text-color has-link-color wp-elements-913d9a860a8d4f9bb38fe76d49a4653e\">Destacamos la quema de una bandera del imperialismo yanqui, como parte del Bloque Internacionalista y Revolucionario.<\/p>\n\n\n\n<p class=\"has-vivid-red-color has-text-color has-link-color wp-elements-c01b5e0d57efd39683e3095f4d414d29\"><a href=\"https:\/\/www.instagram.com\/p\/DJKZWN6S8FZ\/?img_index=16\"><strong>https:\/\/www.instagram.com\/p\/DJKZWN6S8FZ\/?img_index=16<\/strong><\/a><\/p>\n\n\n\n<div class=\"wp-block-group is-nowrap is-layout-flex wp-container-core-group-is-layout-6c531013 wp-block-group-is-layout-flex\">\n<figure class=\"wp-block-image size-full is-resized\"><img loading=\"lazy\" decoding=\"async\" width=\"711\" height=\"891\" src=\"https:\/\/nuevademocracia.com.co\/wp-content\/uploads\/2025\/05\/1M-en-Bogota-01-Foto-IG-@revolucionobrera_-copia.jpg\" alt=\"\" class=\"wp-image-27629\" style=\"width:420px;height:auto\" srcset=\"https:\/\/nuevademocracia.com.co\/wp-content\/uploads\/2025\/05\/1M-en-Bogota-01-Foto-IG-@revolucionobrera_-copia.jpg 711w, https:\/\/nuevademocracia.com.co\/wp-content\/uploads\/2025\/05\/1M-en-Bogota-01-Foto-IG-@revolucionobrera_-copia-239x300.jpg 239w\" sizes=\"auto, (max-width: 711px) 100vw, 711px\" \/><figcaption class=\"wp-element-caption\"><em><strong><mark style=\"background-color:rgba(0, 0, 0, 0)\" class=\"has-inline-color has-black-color\">Foto IG @revolucionobrera<\/mark><\/strong><\/em><\/figcaption><\/figure>\n\n\n\n<figure class=\"wp-block-image size-full is-resized\"><img loading=\"lazy\" decoding=\"async\" width=\"713\" height=\"894\" src=\"https:\/\/nuevademocracia.com.co\/wp-content\/uploads\/2025\/05\/1M-en-Bogota-02-Foto-IG-@revolucionobrera_-copia.jpg\" alt=\"\" class=\"wp-image-27630\" style=\"width:423px;height:auto\" srcset=\"https:\/\/nuevademocracia.com.co\/wp-content\/uploads\/2025\/05\/1M-en-Bogota-02-Foto-IG-@revolucionobrera_-copia.jpg 713w, https:\/\/nuevademocracia.com.co\/wp-content\/uploads\/2025\/05\/1M-en-Bogota-02-Foto-IG-@revolucionobrera_-copia-239x300.jpg 239w\" sizes=\"auto, (max-width: 713px) 100vw, 713px\" \/><figcaption class=\"wp-element-caption\"><em><strong><mark style=\"background-color:rgba(0, 0, 0, 0)\" class=\"has-inline-color has-black-color\">Foto IG @revolucionobrera<\/mark><\/strong><\/em><\/figcaption><\/figure>\n<\/div>\n\n\n\n<p><\/p>\n\n\n\n<div class=\"wp-block-group is-nowrap is-layout-flex wp-container-core-group-is-layout-6c531013 wp-block-group-is-layout-flex\">\n<figure class=\"wp-block-image size-full is-resized\"><img loading=\"lazy\" decoding=\"async\" width=\"716\" height=\"895\" src=\"https:\/\/nuevademocracia.com.co\/wp-content\/uploads\/2025\/05\/1M-en-Bogota-03-Foto-IG-@revolucionobrera_-copia.jpg\" alt=\"\" class=\"wp-image-27631\" style=\"width:452px;height:auto\" srcset=\"https:\/\/nuevademocracia.com.co\/wp-content\/uploads\/2025\/05\/1M-en-Bogota-03-Foto-IG-@revolucionobrera_-copia.jpg 716w, https:\/\/nuevademocracia.com.co\/wp-content\/uploads\/2025\/05\/1M-en-Bogota-03-Foto-IG-@revolucionobrera_-copia-240x300.jpg 240w\" sizes=\"auto, (max-width: 716px) 100vw, 716px\" \/><figcaption class=\"wp-element-caption\"><em><strong><mark style=\"background-color:rgba(0, 0, 0, 0)\" class=\"has-inline-color has-black-color\">Foto IG @revolucionobrera<\/mark><\/strong><\/em><\/figcaption><\/figure>\n\n\n\n<figure class=\"wp-block-image size-full is-resized\"><img loading=\"lazy\" decoding=\"async\" width=\"714\" height=\"894\" src=\"https:\/\/nuevademocracia.com.co\/wp-content\/uploads\/2025\/05\/1M-en-Bogota-04-Foto-IG-@revolucionobrera_-copia.jpg\" alt=\"\" class=\"wp-image-27632\" style=\"width:450px;height:auto\" srcset=\"https:\/\/nuevademocracia.com.co\/wp-content\/uploads\/2025\/05\/1M-en-Bogota-04-Foto-IG-@revolucionobrera_-copia.jpg 714w, https:\/\/nuevademocracia.com.co\/wp-content\/uploads\/2025\/05\/1M-en-Bogota-04-Foto-IG-@revolucionobrera_-copia-240x300.jpg 240w\" sizes=\"auto, (max-width: 714px) 100vw, 714px\" \/><figcaption class=\"wp-element-caption\"><em><strong><mark style=\"background-color:rgba(0, 0, 0, 0)\" class=\"has-inline-color has-black-color\">Foto IG @revolucionobrera<\/mark><\/strong><\/em><\/figcaption><\/figure>\n<\/div>\n\n\n\n<p><\/p>\n\n\n\n<div class=\"wp-block-group is-nowrap is-layout-flex wp-container-core-group-is-layout-6c531013 wp-block-group-is-layout-flex\">\n<figure class=\"wp-block-image size-full is-resized\"><img loading=\"lazy\" decoding=\"async\" width=\"719\" height=\"891\" src=\"https:\/\/nuevademocracia.com.co\/wp-content\/uploads\/2025\/05\/1M-en-Bogota-06-Foto-IG-@revolucionobrera_.jpg\" alt=\"\" class=\"wp-image-27635\" style=\"width:405px;height:auto\" srcset=\"https:\/\/nuevademocracia.com.co\/wp-content\/uploads\/2025\/05\/1M-en-Bogota-06-Foto-IG-@revolucionobrera_.jpg 719w, https:\/\/nuevademocracia.com.co\/wp-content\/uploads\/2025\/05\/1M-en-Bogota-06-Foto-IG-@revolucionobrera_-242x300.jpg 242w\" sizes=\"auto, (max-width: 719px) 100vw, 719px\" \/><figcaption class=\"wp-element-caption\"><em><strong><mark style=\"background-color:rgba(0, 0, 0, 0)\" class=\"has-inline-color has-black-color\">Foto IG @revolucionobrera<\/mark><\/strong><\/em><\/figcaption><\/figure>\n\n\n\n<figure class=\"wp-block-image size-full is-resized\"><img loading=\"lazy\" decoding=\"async\" width=\"713\" height=\"892\" src=\"https:\/\/nuevademocracia.com.co\/wp-content\/uploads\/2025\/05\/1M-en-Bogota-07-Foto-IG-@revolucionobrera_-copia.jpg\" alt=\"\" class=\"wp-image-27634\" style=\"width:399px;height:auto\" srcset=\"https:\/\/nuevademocracia.com.co\/wp-content\/uploads\/2025\/05\/1M-en-Bogota-07-Foto-IG-@revolucionobrera_-copia.jpg 713w, https:\/\/nuevademocracia.com.co\/wp-content\/uploads\/2025\/05\/1M-en-Bogota-07-Foto-IG-@revolucionobrera_-copia-240x300.jpg 240w\" sizes=\"auto, (max-width: 713px) 100vw, 713px\" \/><figcaption class=\"wp-element-caption\"><em><strong><mark style=\"background-color:rgba(0, 0, 0, 0)\" class=\"has-inline-color has-black-color\">Foto IG @revolucionobrera<\/mark><\/strong><\/em><\/figcaption><\/figure>\n<\/div>\n\n\n\n<p><\/p>\n\n\n\n<figure class=\"wp-block-image aligncenter size-full is-resized\"><img loading=\"lazy\" decoding=\"async\" width=\"714\" height=\"895\" src=\"https:\/\/nuevademocracia.com.co\/wp-content\/uploads\/2025\/05\/1M-en-Bogota-05-Foto-IG-@revolucionobrera_-copia.jpg\" alt=\"\" class=\"wp-image-27633\" style=\"width:426px;height:auto\" srcset=\"https:\/\/nuevademocracia.com.co\/wp-content\/uploads\/2025\/05\/1M-en-Bogota-05-Foto-IG-@revolucionobrera_-copia.jpg 714w, https:\/\/nuevademocracia.com.co\/wp-content\/uploads\/2025\/05\/1M-en-Bogota-05-Foto-IG-@revolucionobrera_-copia-239x300.jpg 239w\" sizes=\"auto, (max-width: 714px) 100vw, 714px\" \/><figcaption class=\"wp-element-caption\"><em><strong><mark style=\"background-color:rgba(0, 0, 0, 0)\" class=\"has-inline-color has-black-color\">Foto IG @revolucionobrera<\/mark><\/strong><\/em><\/figcaption><\/figure>\n\n\n\n<p><\/p>\n\n\n\n<p class=\"has-black-color has-text-color has-link-color wp-elements-db7e33d17f79eaf92ca8ecc7adc9167a\">En Medell\u00edn, tambi\u00e9n la marcha tuvo una gran dimensi\u00f3n, formando un rio de personas que se movilizaron por diferentes causas. Cuando la parte delantera de la marcha lleg\u00f3 al final del recorrido, la parte trasera se encontraba m\u00e1s de 18 calles atr\u00e1s.<\/p>\n\n\n\n<p class=\"has-black-color has-text-color has-link-color wp-elements-627ea127c56130aea9b0c7f364ecc0a1\">A continuaci\u00f3n, compartimos tres videos realizados por el Frente de Combate Cultural, donde se pueden apreciar diferentes momentos de la movilizaci\u00f3n. &nbsp;<\/p>\n\n\n\n<figure class=\"wp-block-embed is-type-video is-provider-youtube wp-block-embed-youtube wp-embed-aspect-16-9 wp-has-aspect-ratio\"><div class=\"wp-block-embed__wrapper\">\n<iframe loading=\"lazy\" title=\"\u00a1Betsab\u00e9 Espinal Vive! - Marcha Primero de Mayo 2025\" width=\"1290\" height=\"726\" src=\"https:\/\/www.youtube.com\/embed\/XF0WgmtMvsk?feature=oembed\" frameborder=\"0\" allow=\"accelerometer; autoplay; clipboard-write; encrypted-media; gyroscope; picture-in-picture; web-share\" referrerpolicy=\"strict-origin-when-cross-origin\" allowfullscreen><\/iframe>\n<\/div><\/figure>\n\n\n\n<p><\/p>\n\n\n\n<figure class=\"wp-block-embed is-type-video is-provider-youtube wp-block-embed-youtube wp-embed-aspect-16-9 wp-has-aspect-ratio\"><div class=\"wp-block-embed__wrapper\">\n<iframe loading=\"lazy\" title=\"\u00a1Mar\u00eda Cano, seguimos tu legado! - Marcha Primero de Mayo 2025\" width=\"1290\" height=\"726\" src=\"https:\/\/www.youtube.com\/embed\/eDeQyIb5zxU?feature=oembed\" frameborder=\"0\" allow=\"accelerometer; autoplay; clipboard-write; encrypted-media; gyroscope; picture-in-picture; web-share\" referrerpolicy=\"strict-origin-when-cross-origin\" allowfullscreen><\/iframe>\n<\/div><\/figure>\n\n\n\n<p><\/p>\n\n\n\n<p class=\"has-black-color has-text-color has-link-color wp-elements-4a4abd3eb1fff057bd01a164293c71fe\">Tambi\u00e9n destacamos el canto de La Internacional que se realiz\u00f3 en medio del Bloque Internacionalista y Revolucionario de Medell\u00edn.<\/p>\n\n\n\n<figure class=\"wp-block-embed is-type-video is-provider-youtube wp-block-embed-youtube wp-embed-aspect-16-9 wp-has-aspect-ratio\"><div class=\"wp-block-embed__wrapper\">\n<iframe loading=\"lazy\" title=\"Fragmento de La Internacional - Marcha Primero de Mayo 2025\" width=\"1290\" height=\"726\" src=\"https:\/\/www.youtube.com\/embed\/9ZW6naAvgU0?feature=oembed\" frameborder=\"0\" allow=\"accelerometer; autoplay; clipboard-write; encrypted-media; gyroscope; picture-in-picture; web-share\" referrerpolicy=\"strict-origin-when-cross-origin\" allowfullscreen><\/iframe>\n<\/div><\/figure>\n\n\n\n<p><\/p>\n\n\n\n<p class=\"has-black-color has-text-color has-link-color wp-elements-c8f4261143e9ddf81f6dc1f65fa9108f\">En Cali, compartimos im\u00e1genes de la participaci\u00f3n de Minga Cali, organizaci\u00f3n amplia y popular que lucha por la tierra, territorio y la vivienda digna. Para mayor contextualizaci\u00f3n, invitamos a leer un art\u00edculo reciente: <a href=\"https:\/\/nuevademocracia.com.co\/?p=27534\">Minga Cali: \u201cLa calle es nuestro escenario de lucha\u201d<\/a>. Tambi\u00e9n compartimos algunas fotos del Bloque Internacionalista y Revolucionario de Cali.\u00a0<\/p>\n\n\n\n<div class=\"wp-block-group is-nowrap is-layout-flex wp-container-core-group-is-layout-6c531013 wp-block-group-is-layout-flex\">\n<figure class=\"wp-block-image size-large is-resized\"><img loading=\"lazy\" decoding=\"async\" width=\"1024\" height=\"768\" src=\"https:\/\/nuevademocracia.com.co\/wp-content\/uploads\/2025\/05\/1M-en-Cali-01-Foto-X-@minga_popular-1024x768.jpg\" alt=\"\" class=\"wp-image-27637\" style=\"width:495px;height:auto\" srcset=\"https:\/\/nuevademocracia.com.co\/wp-content\/uploads\/2025\/05\/1M-en-Cali-01-Foto-X-@minga_popular-1024x768.jpg 1024w, https:\/\/nuevademocracia.com.co\/wp-content\/uploads\/2025\/05\/1M-en-Cali-01-Foto-X-@minga_popular-300x225.jpg 300w, https:\/\/nuevademocracia.com.co\/wp-content\/uploads\/2025\/05\/1M-en-Cali-01-Foto-X-@minga_popular-768x576.jpg 768w, https:\/\/nuevademocracia.com.co\/wp-content\/uploads\/2025\/05\/1M-en-Cali-01-Foto-X-@minga_popular-1536x1152.jpg 1536w, https:\/\/nuevademocracia.com.co\/wp-content\/uploads\/2025\/05\/1M-en-Cali-01-Foto-X-@minga_popular.jpg 2048w\" sizes=\"auto, (max-width: 1024px) 100vw, 1024px\" \/><figcaption class=\"wp-element-caption\"><em><strong><mark style=\"background-color:rgba(0, 0, 0, 0)\" class=\"has-inline-color has-black-color\">Foto X @minga_popular<\/mark><\/strong><\/em><\/figcaption><\/figure>\n\n\n\n<figure class=\"wp-block-image size-large is-resized\"><img loading=\"lazy\" decoding=\"async\" width=\"1024\" height=\"768\" src=\"https:\/\/nuevademocracia.com.co\/wp-content\/uploads\/2025\/05\/1M-en-Cali-02-Foto-X-@minga_popular-1024x768.jpg\" alt=\"\" class=\"wp-image-27636\" style=\"width:494px;height:auto\" srcset=\"https:\/\/nuevademocracia.com.co\/wp-content\/uploads\/2025\/05\/1M-en-Cali-02-Foto-X-@minga_popular-1024x768.jpg 1024w, https:\/\/nuevademocracia.com.co\/wp-content\/uploads\/2025\/05\/1M-en-Cali-02-Foto-X-@minga_popular-300x225.jpg 300w, https:\/\/nuevademocracia.com.co\/wp-content\/uploads\/2025\/05\/1M-en-Cali-02-Foto-X-@minga_popular-768x576.jpg 768w, https:\/\/nuevademocracia.com.co\/wp-content\/uploads\/2025\/05\/1M-en-Cali-02-Foto-X-@minga_popular-1536x1152.jpg 1536w, https:\/\/nuevademocracia.com.co\/wp-content\/uploads\/2025\/05\/1M-en-Cali-02-Foto-X-@minga_popular.jpg 2048w\" sizes=\"auto, (max-width: 1024px) 100vw, 1024px\" \/><figcaption class=\"wp-element-caption\"><em><strong><mark style=\"background-color:rgba(0, 0, 0, 0)\" class=\"has-inline-color has-black-color\">Foto X @minga_popular<\/mark><\/strong><\/em><\/figcaption><\/figure>\n<\/div>\n\n\n\n<p><\/p>\n\n\n\n<div class=\"wp-block-group is-nowrap is-layout-flex wp-container-core-group-is-layout-6c531013 wp-block-group-is-layout-flex\">\n<figure class=\"wp-block-image size-full is-resized\"><img loading=\"lazy\" decoding=\"async\" width=\"713\" height=\"894\" src=\"https:\/\/nuevademocracia.com.co\/wp-content\/uploads\/2025\/05\/1M-en-Cali-03-Foto-IG-@ruptura_colectiva_uv-copia.jpg\" alt=\"\" class=\"wp-image-27638\" style=\"width:514px;height:auto\" srcset=\"https:\/\/nuevademocracia.com.co\/wp-content\/uploads\/2025\/05\/1M-en-Cali-03-Foto-IG-@ruptura_colectiva_uv-copia.jpg 713w, https:\/\/nuevademocracia.com.co\/wp-content\/uploads\/2025\/05\/1M-en-Cali-03-Foto-IG-@ruptura_colectiva_uv-copia-239x300.jpg 239w\" sizes=\"auto, (max-width: 713px) 100vw, 713px\" \/><figcaption class=\"wp-element-caption\"><em><strong><mark style=\"background-color:rgba(0, 0, 0, 0)\" class=\"has-inline-color has-black-color\">Foto IG @ruptura_colectiva_uv<\/mark><\/strong><\/em><\/figcaption><\/figure>\n\n\n\n<figure class=\"wp-block-image size-large is-resized\"><img loading=\"lazy\" decoding=\"async\" width=\"1024\" height=\"768\" src=\"https:\/\/nuevademocracia.com.co\/wp-content\/uploads\/2025\/05\/1M-en-Cali-03-Foto-X-@minga_popular-1024x768.jpg\" alt=\"\" class=\"wp-image-27639\" style=\"width:514px;height:auto\" srcset=\"https:\/\/nuevademocracia.com.co\/wp-content\/uploads\/2025\/05\/1M-en-Cali-03-Foto-X-@minga_popular-1024x768.jpg 1024w, https:\/\/nuevademocracia.com.co\/wp-content\/uploads\/2025\/05\/1M-en-Cali-03-Foto-X-@minga_popular-300x225.jpg 300w, https:\/\/nuevademocracia.com.co\/wp-content\/uploads\/2025\/05\/1M-en-Cali-03-Foto-X-@minga_popular-768x576.jpg 768w, https:\/\/nuevademocracia.com.co\/wp-content\/uploads\/2025\/05\/1M-en-Cali-03-Foto-X-@minga_popular-1536x1152.jpg 1536w, https:\/\/nuevademocracia.com.co\/wp-content\/uploads\/2025\/05\/1M-en-Cali-03-Foto-X-@minga_popular.jpg 2048w\" sizes=\"auto, (max-width: 1024px) 100vw, 1024px\" \/><figcaption class=\"wp-element-caption\"><em><strong><mark style=\"background-color:rgba(0, 0, 0, 0)\" class=\"has-inline-color has-black-color\">Foto X @minga_popular<\/mark><\/strong><\/em><\/figcaption><\/figure>\n<\/div>\n\n\n\n<p><\/p>\n\n\n\n<div class=\"wp-block-group is-nowrap is-layout-flex wp-container-core-group-is-layout-6c531013 wp-block-group-is-layout-flex\">\n<figure class=\"wp-block-image size-full is-resized\"><img loading=\"lazy\" decoding=\"async\" width=\"715\" height=\"893\" src=\"https:\/\/nuevademocracia.com.co\/wp-content\/uploads\/2025\/05\/1M-en-Cali-04-Foto-IG-@ruptura_colectiva_uv-copia.jpg\" alt=\"\" class=\"wp-image-27640\" style=\"width:454px;height:auto\" srcset=\"https:\/\/nuevademocracia.com.co\/wp-content\/uploads\/2025\/05\/1M-en-Cali-04-Foto-IG-@ruptura_colectiva_uv-copia.jpg 715w, https:\/\/nuevademocracia.com.co\/wp-content\/uploads\/2025\/05\/1M-en-Cali-04-Foto-IG-@ruptura_colectiva_uv-copia-240x300.jpg 240w\" sizes=\"auto, (max-width: 715px) 100vw, 715px\" \/><figcaption class=\"wp-element-caption\"><em><strong><mark style=\"background-color:rgba(0, 0, 0, 0)\" class=\"has-inline-color has-black-color\">Foto IG @ruptura_colectiva_uv<\/mark><\/strong><\/em><\/figcaption><\/figure>\n\n\n\n<figure class=\"wp-block-image size-full is-resized\"><img loading=\"lazy\" decoding=\"async\" width=\"715\" height=\"893\" src=\"https:\/\/nuevademocracia.com.co\/wp-content\/uploads\/2025\/05\/1M-en-Cali-05-Foto-IG-@ruptura_colectiva_uv-copia.jpg\" alt=\"\" class=\"wp-image-27641\" style=\"width:454px;height:auto\" srcset=\"https:\/\/nuevademocracia.com.co\/wp-content\/uploads\/2025\/05\/1M-en-Cali-05-Foto-IG-@ruptura_colectiva_uv-copia.jpg 715w, https:\/\/nuevademocracia.com.co\/wp-content\/uploads\/2025\/05\/1M-en-Cali-05-Foto-IG-@ruptura_colectiva_uv-copia-240x300.jpg 240w\" sizes=\"auto, (max-width: 715px) 100vw, 715px\" \/><figcaption class=\"wp-element-caption\"><em><strong><mark style=\"background-color:rgba(0, 0, 0, 0)\" class=\"has-inline-color has-black-color\">Foto IG @ruptura_colectiva_uv<\/mark><\/strong><\/em><\/figcaption><\/figure>\n<\/div>\n\n\n\n<p><\/p>\n\n\n\n<p class=\"has-black-color has-text-color has-link-color wp-elements-e62b7a858b0e4e9687d7f41987565159\">En diferentes redes sociales, se evidencia la acogida que tiene esta fecha entre el pueblo trabajador. Se encuentran im\u00e1genes y videos de masivas movilizaciones en Bucaramanga, Manizales, C\u00facuta, Pereira, Pasto, Barrancabermeja, Cartagena, Barranquilla, Ibagu\u00e9, Popay\u00e1n, Soacha, Fusagasug\u00e1, entre otras poblaciones. A continuaci\u00f3n, algunas fotos que hemos seleccionado. \u00a0<\/p>\n\n\n\n<div class=\"wp-block-group is-nowrap is-layout-flex wp-container-core-group-is-layout-6c531013 wp-block-group-is-layout-flex\">\n<figure class=\"wp-block-image size-large is-resized\"><img loading=\"lazy\" decoding=\"async\" width=\"1024\" height=\"768\" src=\"https:\/\/nuevademocracia.com.co\/wp-content\/uploads\/2025\/05\/1M-en-Bucaramanga-Foto-Fb-SintramienergeticaCalifor-1024x768.jpg\" alt=\"\" class=\"wp-image-27644\" style=\"width:434px;height:auto\" srcset=\"https:\/\/nuevademocracia.com.co\/wp-content\/uploads\/2025\/05\/1M-en-Bucaramanga-Foto-Fb-SintramienergeticaCalifor-1024x768.jpg 1024w, https:\/\/nuevademocracia.com.co\/wp-content\/uploads\/2025\/05\/1M-en-Bucaramanga-Foto-Fb-SintramienergeticaCalifor-300x225.jpg 300w, https:\/\/nuevademocracia.com.co\/wp-content\/uploads\/2025\/05\/1M-en-Bucaramanga-Foto-Fb-SintramienergeticaCalifor-768x576.jpg 768w, https:\/\/nuevademocracia.com.co\/wp-content\/uploads\/2025\/05\/1M-en-Bucaramanga-Foto-Fb-SintramienergeticaCalifor-1536x1152.jpg 1536w, https:\/\/nuevademocracia.com.co\/wp-content\/uploads\/2025\/05\/1M-en-Bucaramanga-Foto-Fb-SintramienergeticaCalifor.jpg 1600w\" sizes=\"auto, (max-width: 1024px) 100vw, 1024px\" \/><figcaption class=\"wp-element-caption\"><em><strong><mark style=\"background-color:rgba(0, 0, 0, 0)\" class=\"has-inline-color has-black-color\">Bucaramanga. Foto Fb SintramienergeticaCalifor<\/mark><\/strong><\/em><\/figcaption><\/figure>\n\n\n\n<figure class=\"wp-block-image size-large is-resized\"><img loading=\"lazy\" decoding=\"async\" width=\"1024\" height=\"768\" src=\"https:\/\/nuevademocracia.com.co\/wp-content\/uploads\/2025\/05\/1M-en-Bucaramanga-Foto-X-@CaracolBga-1024x768.jpg\" alt=\"\" class=\"wp-image-27645\" style=\"width:432px;height:auto\" srcset=\"https:\/\/nuevademocracia.com.co\/wp-content\/uploads\/2025\/05\/1M-en-Bucaramanga-Foto-X-@CaracolBga-1024x768.jpg 1024w, https:\/\/nuevademocracia.com.co\/wp-content\/uploads\/2025\/05\/1M-en-Bucaramanga-Foto-X-@CaracolBga-300x225.jpg 300w, https:\/\/nuevademocracia.com.co\/wp-content\/uploads\/2025\/05\/1M-en-Bucaramanga-Foto-X-@CaracolBga-768x576.jpg 768w, https:\/\/nuevademocracia.com.co\/wp-content\/uploads\/2025\/05\/1M-en-Bucaramanga-Foto-X-@CaracolBga-1536x1152.jpg 1536w, https:\/\/nuevademocracia.com.co\/wp-content\/uploads\/2025\/05\/1M-en-Bucaramanga-Foto-X-@CaracolBga.jpg 1600w\" sizes=\"auto, (max-width: 1024px) 100vw, 1024px\" \/><figcaption class=\"wp-element-caption\"><em><strong><mark style=\"background-color:rgba(0, 0, 0, 0)\" class=\"has-inline-color has-black-color\">Bucaramanga.<\/mark><\/strong><\/em> <em><strong><mark style=\"background-color:rgba(0, 0, 0, 0)\" class=\"has-inline-color has-black-color\">Foto X @CaracolBga<\/mark><\/strong><\/em><\/figcaption><\/figure>\n<\/div>\n\n\n\n<p><\/p>\n\n\n\n<div class=\"wp-block-group is-nowrap is-layout-flex wp-container-core-group-is-layout-6c531013 wp-block-group-is-layout-flex\">\n<figure class=\"wp-block-image size-full is-resized\"><img loading=\"lazy\" decoding=\"async\" width=\"718\" height=\"582\" src=\"https:\/\/nuevademocracia.com.co\/wp-content\/uploads\/2025\/05\/1M-en-Bucaramanga-Foto-X-@mileroja15.jpg\" alt=\"\" class=\"wp-image-27643\" style=\"width:436px;height:auto\" srcset=\"https:\/\/nuevademocracia.com.co\/wp-content\/uploads\/2025\/05\/1M-en-Bucaramanga-Foto-X-@mileroja15.jpg 718w, https:\/\/nuevademocracia.com.co\/wp-content\/uploads\/2025\/05\/1M-en-Bucaramanga-Foto-X-@mileroja15-300x243.jpg 300w\" sizes=\"auto, (max-width: 718px) 100vw, 718px\" \/><figcaption class=\"wp-element-caption\"><em><strong><mark style=\"background-color:rgba(0, 0, 0, 0)\" class=\"has-inline-color has-black-color\">Bucaramanga.<\/mark><\/strong><\/em> <em><strong><mark style=\"background-color:rgba(0, 0, 0, 0)\" class=\"has-inline-color has-black-color\">Foto X @mileroja15<\/mark><\/strong><\/em><\/figcaption><\/figure>\n\n\n\n<figure class=\"wp-block-image size-large is-resized\"><img loading=\"lazy\" decoding=\"async\" width=\"1024\" height=\"576\" src=\"https:\/\/nuevademocracia.com.co\/wp-content\/uploads\/2025\/05\/1M-en-Bucaramanga-Foto-X-@vanguardiacom-1024x576.jpg\" alt=\"\" class=\"wp-image-27642\" style=\"width:523px;height:auto\" srcset=\"https:\/\/nuevademocracia.com.co\/wp-content\/uploads\/2025\/05\/1M-en-Bucaramanga-Foto-X-@vanguardiacom-1024x576.jpg 1024w, https:\/\/nuevademocracia.com.co\/wp-content\/uploads\/2025\/05\/1M-en-Bucaramanga-Foto-X-@vanguardiacom-300x169.jpg 300w, https:\/\/nuevademocracia.com.co\/wp-content\/uploads\/2025\/05\/1M-en-Bucaramanga-Foto-X-@vanguardiacom-768x432.jpg 768w, https:\/\/nuevademocracia.com.co\/wp-content\/uploads\/2025\/05\/1M-en-Bucaramanga-Foto-X-@vanguardiacom-1536x864.jpg 1536w, https:\/\/nuevademocracia.com.co\/wp-content\/uploads\/2025\/05\/1M-en-Bucaramanga-Foto-X-@vanguardiacom.jpg 1599w\" sizes=\"auto, (max-width: 1024px) 100vw, 1024px\" \/><figcaption class=\"wp-element-caption\"><em><strong><mark style=\"background-color:rgba(0, 0, 0, 0)\" class=\"has-inline-color has-black-color\">Bucaramanga.<\/mark><\/strong><\/em> <em><strong><mark style=\"background-color:rgba(0, 0, 0, 0)\" class=\"has-inline-color has-black-color\">Foto X @vanguardiacom<\/mark><\/strong><\/em><\/figcaption><\/figure>\n<\/div>\n\n\n\n<p><\/p>\n\n\n\n<div class=\"wp-block-group is-nowrap is-layout-flex wp-container-core-group-is-layout-6c531013 wp-block-group-is-layout-flex\">\n<figure class=\"wp-block-image size-large is-resized\"><img loading=\"lazy\" decoding=\"async\" width=\"1024\" height=\"575\" src=\"https:\/\/nuevademocracia.com.co\/wp-content\/uploads\/2025\/05\/1M-en-Manizales-Foto-X-@tilincio2005-1-1-1024x575.jpg\" alt=\"\" class=\"wp-image-27650\" style=\"width:465px;height:auto\" srcset=\"https:\/\/nuevademocracia.com.co\/wp-content\/uploads\/2025\/05\/1M-en-Manizales-Foto-X-@tilincio2005-1-1-1024x575.jpg 1024w, https:\/\/nuevademocracia.com.co\/wp-content\/uploads\/2025\/05\/1M-en-Manizales-Foto-X-@tilincio2005-1-1-300x168.jpg 300w, https:\/\/nuevademocracia.com.co\/wp-content\/uploads\/2025\/05\/1M-en-Manizales-Foto-X-@tilincio2005-1-1-768x431.jpg 768w, https:\/\/nuevademocracia.com.co\/wp-content\/uploads\/2025\/05\/1M-en-Manizales-Foto-X-@tilincio2005-1-1-1536x863.jpg 1536w, https:\/\/nuevademocracia.com.co\/wp-content\/uploads\/2025\/05\/1M-en-Manizales-Foto-X-@tilincio2005-1-1.jpg 2048w\" sizes=\"auto, (max-width: 1024px) 100vw, 1024px\" \/><figcaption class=\"wp-element-caption\"><em><strong><mark style=\"background-color:rgba(0, 0, 0, 0)\" class=\"has-inline-color has-black-color\">Manizales. Foto X @tilincio2005<\/mark><\/strong><\/em><\/figcaption><\/figure>\n\n\n\n<figure class=\"wp-block-image size-full is-resized\"><img loading=\"lazy\" decoding=\"async\" width=\"894\" height=\"596\" src=\"https:\/\/nuevademocracia.com.co\/wp-content\/uploads\/2025\/05\/1M-en-Manizales-03-Foto-IG-@user.rcparram-copia-1.jpg\" alt=\"\" class=\"wp-image-27651\" style=\"width:470px;height:auto\" srcset=\"https:\/\/nuevademocracia.com.co\/wp-content\/uploads\/2025\/05\/1M-en-Manizales-03-Foto-IG-@user.rcparram-copia-1.jpg 894w, https:\/\/nuevademocracia.com.co\/wp-content\/uploads\/2025\/05\/1M-en-Manizales-03-Foto-IG-@user.rcparram-copia-1-300x200.jpg 300w, https:\/\/nuevademocracia.com.co\/wp-content\/uploads\/2025\/05\/1M-en-Manizales-03-Foto-IG-@user.rcparram-copia-1-768x512.jpg 768w\" sizes=\"auto, (max-width: 894px) 100vw, 894px\" \/><figcaption class=\"wp-element-caption\"><em><strong><mark style=\"background-color:rgba(0, 0, 0, 0)\" class=\"has-inline-color has-black-color\"><em><strong><mark style=\"background-color:rgba(0, 0, 0, 0)\" class=\"has-inline-color has-black-color\">Manizales.<\/mark><\/strong><\/em><\/mark><\/strong><\/em> <em><strong><mark style=\"background-color:rgba(0, 0, 0, 0)\" class=\"has-inline-color has-black-color\">Foto IG @user.rcparram<\/mark><\/strong><\/em><\/figcaption><\/figure>\n<\/div>\n\n\n\n<p><\/p>\n\n\n\n<p><\/p>\n\n\n\n<div class=\"wp-block-group is-nowrap is-layout-flex wp-container-core-group-is-layout-6c531013 wp-block-group-is-layout-flex\">\n<figure class=\"wp-block-image size-full is-resized\"><img loading=\"lazy\" decoding=\"async\" width=\"510\" height=\"680\" src=\"https:\/\/nuevademocracia.com.co\/wp-content\/uploads\/2025\/05\/1M-en-Manizales-Foto-X-@tilincio2005-1.png\" alt=\"\" class=\"wp-image-27652\" style=\"width:367px;height:auto\" srcset=\"https:\/\/nuevademocracia.com.co\/wp-content\/uploads\/2025\/05\/1M-en-Manizales-Foto-X-@tilincio2005-1.png 510w, https:\/\/nuevademocracia.com.co\/wp-content\/uploads\/2025\/05\/1M-en-Manizales-Foto-X-@tilincio2005-1-225x300.png 225w\" sizes=\"auto, (max-width: 510px) 100vw, 510px\" \/><figcaption class=\"wp-element-caption\"><em><strong><mark style=\"background-color:rgba(0, 0, 0, 0)\" class=\"has-inline-color has-black-color\"><em><strong><mark style=\"background-color:rgba(0, 0, 0, 0)\" class=\"has-inline-color has-black-color\">Manizales.<\/mark><\/strong><\/em><\/mark><\/strong><\/em> <em><strong><mark style=\"background-color:rgba(0, 0, 0, 0)\" class=\"has-inline-color has-black-color\">Foto X @tilincio2005<\/mark><\/strong><\/em><\/figcaption><\/figure>\n\n\n\n<figure class=\"wp-block-image size-full is-resized\"><img loading=\"lazy\" decoding=\"async\" width=\"716\" height=\"895\" src=\"https:\/\/nuevademocracia.com.co\/wp-content\/uploads\/2025\/05\/1M-en-Manizales-04-Foto-IG-@user.rcparram-copia-1.jpg\" alt=\"\" class=\"wp-image-27653\" style=\"width:386px;height:auto\" srcset=\"https:\/\/nuevademocracia.com.co\/wp-content\/uploads\/2025\/05\/1M-en-Manizales-04-Foto-IG-@user.rcparram-copia-1.jpg 716w, https:\/\/nuevademocracia.com.co\/wp-content\/uploads\/2025\/05\/1M-en-Manizales-04-Foto-IG-@user.rcparram-copia-1-240x300.jpg 240w\" sizes=\"auto, (max-width: 716px) 100vw, 716px\" \/><figcaption class=\"wp-element-caption\"><em><strong><mark style=\"background-color:rgba(0, 0, 0, 0)\" class=\"has-inline-color has-black-color\">Manizales.<\/mark><\/strong><\/em> <em><strong><mark style=\"background-color:rgba(0, 0, 0, 0)\" class=\"has-inline-color has-black-color\">Foto IG @user.rcparram<\/mark><\/strong><\/em><\/figcaption><\/figure>\n<\/div>\n\n\n\n<p><\/p>\n\n\n\n<div class=\"wp-block-group is-nowrap is-layout-flex wp-container-core-group-is-layout-6c531013 wp-block-group-is-layout-flex\">\n<figure class=\"wp-block-image size-full is-resized\"><img loading=\"lazy\" decoding=\"async\" width=\"895\" height=\"672\" src=\"https:\/\/nuevademocracia.com.co\/wp-content\/uploads\/2025\/05\/1M-en-Popayan-01-Foto-IG-@revolucionobrera_-copia.jpg\" alt=\"\" class=\"wp-image-27656\" style=\"width:429px;height:auto\" srcset=\"https:\/\/nuevademocracia.com.co\/wp-content\/uploads\/2025\/05\/1M-en-Popayan-01-Foto-IG-@revolucionobrera_-copia.jpg 895w, https:\/\/nuevademocracia.com.co\/wp-content\/uploads\/2025\/05\/1M-en-Popayan-01-Foto-IG-@revolucionobrera_-copia-300x225.jpg 300w, https:\/\/nuevademocracia.com.co\/wp-content\/uploads\/2025\/05\/1M-en-Popayan-01-Foto-IG-@revolucionobrera_-copia-768x577.jpg 768w\" sizes=\"auto, (max-width: 895px) 100vw, 895px\" \/><figcaption class=\"wp-element-caption\"><em><strong><mark style=\"background-color:rgba(0, 0, 0, 0)\" class=\"has-inline-color has-black-color\">Popay\u00e1n. Foto IG @revolucionobrera<\/mark><\/strong><\/em><\/figcaption><\/figure>\n\n\n\n<figure class=\"wp-block-image size-large is-resized\"><img loading=\"lazy\" decoding=\"async\" width=\"1024\" height=\"577\" src=\"https:\/\/nuevademocracia.com.co\/wp-content\/uploads\/2025\/05\/1M-en-Cartagena-Foto-X-@TavoCarJim-1024x577.jpg\" alt=\"\" class=\"wp-image-27657\" style=\"width:507px;height:auto\" srcset=\"https:\/\/nuevademocracia.com.co\/wp-content\/uploads\/2025\/05\/1M-en-Cartagena-Foto-X-@TavoCarJim-1024x577.jpg 1024w, https:\/\/nuevademocracia.com.co\/wp-content\/uploads\/2025\/05\/1M-en-Cartagena-Foto-X-@TavoCarJim-300x169.jpg 300w, https:\/\/nuevademocracia.com.co\/wp-content\/uploads\/2025\/05\/1M-en-Cartagena-Foto-X-@TavoCarJim-768x432.jpg 768w, https:\/\/nuevademocracia.com.co\/wp-content\/uploads\/2025\/05\/1M-en-Cartagena-Foto-X-@TavoCarJim-1536x865.jpg 1536w, https:\/\/nuevademocracia.com.co\/wp-content\/uploads\/2025\/05\/1M-en-Cartagena-Foto-X-@TavoCarJim.jpg 1600w\" sizes=\"auto, (max-width: 1024px) 100vw, 1024px\" \/><figcaption class=\"wp-element-caption\"><em><strong><mark style=\"background-color:rgba(0, 0, 0, 0)\" class=\"has-inline-color has-black-color\">Cartagena. Foto X @TavoCarJim<\/mark><\/strong><\/em><\/figcaption><\/figure>\n<\/div>\n\n\n\n<p><\/p>\n\n\n\n<div class=\"wp-block-group is-nowrap is-layout-flex wp-container-core-group-is-layout-6c531013 wp-block-group-is-layout-flex\">\n<figure class=\"wp-block-image size-large is-resized\"><img loading=\"lazy\" decoding=\"async\" width=\"1024\" height=\"486\" src=\"https:\/\/nuevademocracia.com.co\/wp-content\/uploads\/2025\/05\/1M-en-Cucuta-Foto-X-@noticucuta-1024x486.jpg\" alt=\"\" class=\"wp-image-27659\" style=\"width:518px;height:auto\" srcset=\"https:\/\/nuevademocracia.com.co\/wp-content\/uploads\/2025\/05\/1M-en-Cucuta-Foto-X-@noticucuta-1024x486.jpg 1024w, https:\/\/nuevademocracia.com.co\/wp-content\/uploads\/2025\/05\/1M-en-Cucuta-Foto-X-@noticucuta-300x142.jpg 300w, https:\/\/nuevademocracia.com.co\/wp-content\/uploads\/2025\/05\/1M-en-Cucuta-Foto-X-@noticucuta-768x364.jpg 768w, https:\/\/nuevademocracia.com.co\/wp-content\/uploads\/2025\/05\/1M-en-Cucuta-Foto-X-@noticucuta-1536x728.jpg 1536w, https:\/\/nuevademocracia.com.co\/wp-content\/uploads\/2025\/05\/1M-en-Cucuta-Foto-X-@noticucuta.jpg 2048w\" sizes=\"auto, (max-width: 1024px) 100vw, 1024px\" \/><figcaption class=\"wp-element-caption\"><em><strong><mark style=\"background-color:rgba(0, 0, 0, 0)\" class=\"has-inline-color has-black-color\">C\u00facuta. Foto X @noticucuta<\/mark><\/strong><\/em><\/figcaption><\/figure>\n\n\n\n<figure class=\"wp-block-image size-large is-resized\"><img loading=\"lazy\" decoding=\"async\" width=\"1024\" height=\"768\" src=\"https:\/\/nuevademocracia.com.co\/wp-content\/uploads\/2025\/05\/1M-en-Ibague-Foto-X-@OjoMudo-1024x768.jpg\" alt=\"\" class=\"wp-image-27658\" style=\"width:461px;height:auto\" srcset=\"https:\/\/nuevademocracia.com.co\/wp-content\/uploads\/2025\/05\/1M-en-Ibague-Foto-X-@OjoMudo-1024x768.jpg 1024w, https:\/\/nuevademocracia.com.co\/wp-content\/uploads\/2025\/05\/1M-en-Ibague-Foto-X-@OjoMudo-300x225.jpg 300w, https:\/\/nuevademocracia.com.co\/wp-content\/uploads\/2025\/05\/1M-en-Ibague-Foto-X-@OjoMudo-768x576.jpg 768w, https:\/\/nuevademocracia.com.co\/wp-content\/uploads\/2025\/05\/1M-en-Ibague-Foto-X-@OjoMudo-1536x1152.jpg 1536w, https:\/\/nuevademocracia.com.co\/wp-content\/uploads\/2025\/05\/1M-en-Ibague-Foto-X-@OjoMudo.jpg 2048w\" sizes=\"auto, (max-width: 1024px) 100vw, 1024px\" \/><figcaption class=\"wp-element-caption\"><em><strong><mark style=\"background-color:rgba(0, 0, 0, 0)\" class=\"has-inline-color has-black-color\">Ibagu\u00e9. Foto X @OjoMudo<\/mark><\/strong><\/em><\/figcaption><\/figure>\n<\/div>\n\n\n\n<p><\/p>\n\n\n\n<figure class=\"wp-block-image aligncenter size-full is-resized\"><img loading=\"lazy\" decoding=\"async\" width=\"894\" height=\"895\" src=\"https:\/\/nuevademocracia.com.co\/wp-content\/uploads\/2025\/05\/1M-en-Pereira-Foto-IG-@acero.otun-copia.jpg\" alt=\"\" class=\"wp-image-27655\" style=\"width:457px;height:auto\" srcset=\"https:\/\/nuevademocracia.com.co\/wp-content\/uploads\/2025\/05\/1M-en-Pereira-Foto-IG-@acero.otun-copia.jpg 894w, https:\/\/nuevademocracia.com.co\/wp-content\/uploads\/2025\/05\/1M-en-Pereira-Foto-IG-@acero.otun-copia-300x300.jpg 300w, https:\/\/nuevademocracia.com.co\/wp-content\/uploads\/2025\/05\/1M-en-Pereira-Foto-IG-@acero.otun-copia-150x150.jpg 150w, https:\/\/nuevademocracia.com.co\/wp-content\/uploads\/2025\/05\/1M-en-Pereira-Foto-IG-@acero.otun-copia-768x769.jpg 768w\" sizes=\"auto, (max-width: 894px) 100vw, 894px\" \/><figcaption class=\"wp-element-caption\"><em><strong><mark style=\"background-color:rgba(0, 0, 0, 0)\" class=\"has-inline-color has-black-color\">Pereira. Foto IG @acero.otun<\/mark><\/strong><\/em><\/figcaption><\/figure>\n\n\n\n<p class=\"has-black-color has-text-color has-link-color wp-elements-d457e18a583bfe1b878fb39b0ce3bff6\">Finalmente, destacamos la primera movilizaci\u00f3n que se realiza en el corregimiento de Casacar\u00e1 con motivo del Primero de Mayo. Casacar\u00e1 es una poblaci\u00f3n campesina que hace parte del municipio Agust\u00edn Codazzi (Cesar). La movilizaci\u00f3n fue impulsada por la Integraci\u00f3n Campesina del Cesar, quienes en un comunicado expresan: \u201cHermanas y hermanos campesinos, pueblo trabajador del Cesar, el 1 de mayo, nos unimos en una jornada de movilizaci\u00f3n y resistencia en conmemoraci\u00f3n de las luchas hist\u00f3ricas del pueblo trabajador.\u201d Adem\u00e1s, plantean dentro de sus reivindicaciones, la lucha por una \u201creforma agraria integral y popular que garantice el acceso a la tierra y la dignidad de quienes trabajamos en el campo\u201d, as\u00ed como la \u201cprotecci\u00f3n de los derechos humanos de todas las comunidades campesinas\u201d. Para mayor contexto, invitamos a leer un art\u00edculo reciente en que se informa sobre la creciente lucha por la tierra en Cesar, donde se vienen presentando recuperaciones de tierra por parte de los campesinos en Codazzi y Pailitas: <a href=\"https:\/\/nuevademocracia.com.co\/?p=27605\">Nuestro sue\u00f1o es la tierra y lucharemos hasta el final.<\/a><\/p>\n\n\n\n<figure class=\"wp-block-image aligncenter size-large is-resized\"><img loading=\"lazy\" decoding=\"async\" width=\"1024\" height=\"461\" src=\"https:\/\/nuevademocracia.com.co\/wp-content\/uploads\/2025\/05\/1M-en-Casacara-02-Foto-X-@INTEGRACIONCAC-1024x461.jpg\" alt=\"\" class=\"wp-image-27661\" style=\"width:666px;height:auto\" srcset=\"https:\/\/nuevademocracia.com.co\/wp-content\/uploads\/2025\/05\/1M-en-Casacara-02-Foto-X-@INTEGRACIONCAC-1024x461.jpg 1024w, https:\/\/nuevademocracia.com.co\/wp-content\/uploads\/2025\/05\/1M-en-Casacara-02-Foto-X-@INTEGRACIONCAC-300x135.jpg 300w, https:\/\/nuevademocracia.com.co\/wp-content\/uploads\/2025\/05\/1M-en-Casacara-02-Foto-X-@INTEGRACIONCAC-768x346.jpg 768w, https:\/\/nuevademocracia.com.co\/wp-content\/uploads\/2025\/05\/1M-en-Casacara-02-Foto-X-@INTEGRACIONCAC-1536x692.jpg 1536w, https:\/\/nuevademocracia.com.co\/wp-content\/uploads\/2025\/05\/1M-en-Casacara-02-Foto-X-@INTEGRACIONCAC.jpg 2048w\" sizes=\"auto, (max-width: 1024px) 100vw, 1024px\" \/><figcaption class=\"wp-element-caption\"><em><strong><mark style=\"background-color:rgba(0, 0, 0, 0)\" class=\"has-inline-color has-black-color\">Casacar\u00e1. Foto X @INTEGRACIONCAC<\/mark><\/strong><\/em><\/figcaption><\/figure>\n\n\n\n<p><\/p>\n\n\n\n<figure class=\"wp-block-image aligncenter size-large is-resized\"><img loading=\"lazy\" decoding=\"async\" width=\"1024\" height=\"472\" src=\"https:\/\/nuevademocracia.com.co\/wp-content\/uploads\/2025\/05\/1M-en-Casacara-01-Foto-X-@INTEGRACIONCAC-1024x472.jpg\" alt=\"\" class=\"wp-image-27660\" style=\"width:669px;height:auto\" srcset=\"https:\/\/nuevademocracia.com.co\/wp-content\/uploads\/2025\/05\/1M-en-Casacara-01-Foto-X-@INTEGRACIONCAC-1024x472.jpg 1024w, https:\/\/nuevademocracia.com.co\/wp-content\/uploads\/2025\/05\/1M-en-Casacara-01-Foto-X-@INTEGRACIONCAC-300x138.jpg 300w, https:\/\/nuevademocracia.com.co\/wp-content\/uploads\/2025\/05\/1M-en-Casacara-01-Foto-X-@INTEGRACIONCAC-768x354.jpg 768w, https:\/\/nuevademocracia.com.co\/wp-content\/uploads\/2025\/05\/1M-en-Casacara-01-Foto-X-@INTEGRACIONCAC-1536x708.jpg 1536w, https:\/\/nuevademocracia.com.co\/wp-content\/uploads\/2025\/05\/1M-en-Casacara-01-Foto-X-@INTEGRACIONCAC.jpg 1600w\" sizes=\"auto, (max-width: 1024px) 100vw, 1024px\" \/><figcaption class=\"wp-element-caption\"><em><strong><mark style=\"background-color:rgba(0, 0, 0, 0)\" class=\"has-inline-color has-black-color\">Casacar\u00e1. Foto X @INTEGRACIONCAC<\/mark><\/strong><\/em><\/figcaption><\/figure>\n","protected":false},"excerpt":{"rendered":"<p>El pasado jueves se realiz\u00f3 la marcha de la clase obrera en varias ciudades y municipios del pa\u00eds. Hist\u00f3rica conmemoraci\u00f3n en la cual participan, principalmente los sindicatos que agrupan a la clase obrera, pero tambi\u00e9n se da una importante participaci\u00f3n de organizaciones populares y revolucionarias<\/p>\n","protected":false},"author":1,"featured_media":27628,"comment_status":"open","ping_status":"open","sticky":false,"template":"","format":"standard","meta":{"footnotes":""},"categories":[16,4],"tags":[],"class_list":["post-27627","post","type-post","status-publish","format-standard","has-post-thumbnail","hentry","category-carrusel","category-colombia"],"blocksy_meta":[],"_links":{"self":[{"href":"https:\/\/nuevademocracia.com.co\/index.php?rest_route=\/wp\/v2\/posts\/27627","targetHints":{"allow":["GET"]}}],"collection":[{"href":"https:\/\/nuevademocracia.com.co\/index.php?rest_route=\/wp\/v2\/posts"}],"about":[{"href":"https:\/\/nuevademocracia.com.co\/index.php?rest_route=\/wp\/v2\/types\/post"}],"author":[{"embeddable":true,"href":"https:\/\/nuevademocracia.com.co\/index.php?rest_route=\/wp\/v2\/users\/1"}],"replies":[{"embeddable":true,"href":"https:\/\/nuevademocracia.com.co\/index.php?rest_route=%2Fwp%2Fv2%2Fcomments&post=27627"}],"version-history":[{"count":2,"href":"https:\/\/nuevademocracia.com.co\/index.php?rest_route=\/wp\/v2\/posts\/27627\/revisions"}],"predecessor-version":[{"id":27662,"href":"https:\/\/nuevademocracia.com.co\/index.php?rest_route=\/wp\/v2\/posts\/27627\/revisions\/27662"}],"wp:featuredmedia":[{"embeddable":true,"href":"https:\/\/nuevademocracia.com.co\/index.php?rest_route=\/wp\/v2\/media\/27628"}],"wp:attachment":[{"href":"https:\/\/nuevademocracia.com.co\/index.php?rest_route=%2Fwp%2Fv2%2Fmedia&parent=27627"}],"wp:term":[{"taxonomy":"category","embeddable":true,"href":"https:\/\/nuevademocracia.com.co\/index.php?rest_route=%2Fwp%2Fv2%2Fcategories&post=27627"},{"taxonomy":"post_tag","embeddable":true,"href":"https:\/\/nuevademocracia.com.co\/index.php?rest_route=%2Fwp%2Fv2%2Ftags&post=27627"}],"curies":[{"name":"wp","href":"https:\/\/api.w.org\/{rel}","templated":true}]}}