{"id":27663,"date":"2025-05-09T14:28:43","date_gmt":"2025-05-09T19:28:43","guid":{"rendered":"https:\/\/nuevademocracia.com.co\/?p=27663"},"modified":"2025-05-09T15:03:04","modified_gmt":"2025-05-09T20:03:04","slug":"lideresa-campesina-nosotros-recuperamos-lo-que-nos-pertenecia-el-invasor-es-otro","status":"publish","type":"post","link":"https:\/\/nuevademocracia.com.co\/?p=27663","title":{"rendered":"Lideresa campesina: \u201cNosotros recuperamos lo que nos pertenec\u00eda, el invasor es otro.\u201d"},"content":{"rendered":"\n<p class=\"has-black-color has-text-color has-link-color wp-elements-4c0ef4555146473b7d8e8c3c4070efe2\">El pasado 24 de abril, se realiz\u00f3 en la Universidad de Antioquia, el conversatorio Semillas de lucha campesina y popular, con motivo de la conmemoraci\u00f3n del d\u00eda de la lucha campesina. En el evento participaron presencialmente campesinos de varios procesos del pa\u00eds, y tambi\u00e9n invitados internacionales, quienes a trav\u00e9s de videollamada expusieron sus experiencias de lucha.<\/p>\n\n\n\n<figure class=\"wp-block-image aligncenter size-full is-resized\"><img loading=\"lazy\" decoding=\"async\" width=\"718\" height=\"899\" src=\"https:\/\/nuevademocracia.com.co\/wp-content\/uploads\/2025\/05\/Flayer-evento.png\" alt=\"\" class=\"wp-image-27664\" style=\"width:397px;height:auto\" srcset=\"https:\/\/nuevademocracia.com.co\/wp-content\/uploads\/2025\/05\/Flayer-evento.png 718w, https:\/\/nuevademocracia.com.co\/wp-content\/uploads\/2025\/05\/Flayer-evento-240x300.png 240w\" sizes=\"auto, (max-width: 718px) 100vw, 718px\" \/><\/figure>\n\n\n\n<p><\/p>\n\n\n\n<p class=\"has-black-color has-text-color has-link-color wp-elements-445ec589c38ddb7f669a800124b5bf7a\">En el evento se plante\u00f3 la necesidad de la lucha por la dignidad del campesinado, siendo el primer elemento de dicha dignidad la tenencia de la tierra, acceso y titulaci\u00f3n, adem\u00e1s de la tecnificaci\u00f3n de cultivos, educaci\u00f3n que combine la tecnolog\u00eda con los saberes tradicionales para el relacionamiento con la tierra. Cada ponente plante\u00f3 importantes reflexiones sobre las necesidades actuales del campesinado, la importancia de la tierra y la producci\u00f3n campesina para el pa\u00eds, la lucha por los derechos de los trabajadores del campo. Algunos plantearon la importancia de los enfoques ambientales y el papel del campesinado en la protecci\u00f3n del medio ambiente.<\/p>\n\n\n\n<p class=\"has-black-color has-text-color has-link-color wp-elements-9ecf1d7813568eb43deb71d4e6d107a6\">Desde Nueva Democracia queremos resaltar dos intervenciones. Una de ellas fue la intervenci\u00f3n de una lideresa campesina del Cesar, quien expuso a grandes rasgos la experiencia de lucha reciente en dicha zona del pa\u00eds:<\/p>\n\n\n\n<p class=\"has-black-color has-text-color has-link-color wp-elements-19137f18de98842de939229e9cb8bd38\">\u201cEn 2015 hicimos la primera recuperaci\u00f3n en San Mart\u00edn de Cesar. Sali\u00f3 la primera recuperaci\u00f3n y en menos de tres meses hab\u00eda tres recuperaciones. [\u2026] Tuvimos un golpe muy duro en 2022, nos asesinan cuatro dirigentes, pero a partir de ah\u00ed, dicen que detr\u00e1s del dolor est\u00e1 la esperanza, y nos reconstruimos y estamos en alrededor de 7.000 hect\u00e1reas recuperadas. La Comisi\u00f3n tienen 17 procesos de campesinado recuperador o campesinado sin tierra, y estamos realizando una estrategia que combina dos v\u00edas\u201d: la disputa institucional y la v\u00eda campesina.<\/p>\n\n\n\n<p class=\"has-black-color has-text-color has-link-color wp-elements-e5437272d783e9bfbec1943c4eb52ba6\">Respecto a la disputa institucional, se refiri\u00f3 a la utilizaci\u00f3n de las v\u00edas institucionales para, tanto lograr adjudicaciones de tierras recuperadas en gobiernos anteriores, como aprovechar que el gobierno Petro habla de \u201creforma agraria\u201d, para recuperar tierras conjuntamente con \u00e9l, por ejemplo predios en proceso de extinci\u00f3n de dominio, que se supone son de la Sociedad de Activos Especiales -SAE, pero que en la pr\u00e1ctica siguen siendo de los mafiosos, quienes \u201cnunca los han perdido\u201d. Entonces que el gobierno compre esas tierras a la SAE, las legalice y las entregue a las comunidades campesinas, y que el campesinado organizado sea quien defienda esas tierras.<\/p>\n\n\n\n<p class=\"has-black-color has-text-color has-link-color wp-elements-092b244cec06202d5134017ae098a94f\">\u201cLa otra v\u00eda, es la v\u00eda campesina, la que aprendimos en los a\u00f1os 70, la que tenemos que repensar en 2025. La v\u00eda aut\u00f3noma, recuperando ci\u00e9nagas, sabanas y playones.\u201d Se refiere entonces a las recuperaciones de tierras, a trav\u00e9s de las cuales los campesinos ingresan a predios de los latifundistas, toman posesi\u00f3n de ellos, y luchan para conquistar un pedazo de tierra. Explic\u00f3 que, en aquella regi\u00f3n del pa\u00eds, es muy probable que cualquier finca con m\u00e1s de 500 hect\u00e1reas contenga bald\u00edos y tierras robadas, entonces \u201cnosotros recuperamos lo que nos pertenec\u00eda, el invasor es otro. Estamos combinando la v\u00eda institucional con la v\u00eda campesina. Mirar quien rob\u00f3 y recuperar. Si el gobierno tiene dificultad para recuperar, el movimiento campesino le da el empuj\u00f3n. Eso es lo que creemos que hay que hacer\u201d. &nbsp;<\/p>\n\n\n\n<p class=\"has-black-color has-text-color has-link-color wp-elements-fb2010b7fecc898debcc9bf7172d82d9\">Tambi\u00e9n destacamos la intervenci\u00f3n del compa\u00f1ero, quien, en homenaje a la ejemplar luchar por la tierra en Brasil, portaba una gorra de la Liga de Campesinos Pobres (Brasil), y expres\u00f3 que \u201cel problema principal de nuestro pa\u00eds es la tierra. Acaparada en pocas manos, manos de terratenientes, que tienen poder gamonal, que est\u00e1n muy bien enlazados, cooptan organizaciones e instituciones, y tienen su poder armado. El campesinado tiene una tarea hist\u00f3rica en nuestro pa\u00eds que es recuperar la tierra. [\u2026] El campesino ama la tierra, el campo, no concibe vivir en la ciudad. Lo que se plantea en nuestro pa\u00eds, para ver la verdadera transformaci\u00f3n de la sociedad, barrer el latifundio, se necesita una Revoluci\u00f3n Agraria como primera etapa de una revoluci\u00f3n democr\u00e1tica.\u201d<\/p>\n\n\n\n<p class=\"has-black-color has-text-color has-link-color wp-elements-11ebff7bd7e8bb2e447339bf31f29e92\">Tambi\u00e9n realiz\u00f3 un llamado a los estudiantes, quienes eran el p\u00fablico de aquel evento: \u201cEs importante que los j\u00f3venes estudiantes se solidaricen. \u00bfHan escuchado los frentes de solidaridad de los ganaderos?, ellos lo venden como algo pac\u00edfico, pero llegan armados con sus escoltas, agreden a los campesinos verbal y f\u00edsicamente, hacen disparos. [\u2026] Que tambi\u00e9n en la ciudad retumben las acciones del campesinado que necesita esa tierra para trabajar. No esperar que nos maten un campesino. Que se sienta la solidaridad de palabra y acci\u00f3n en las ciudades, ver esa importancia del campesinado, por \u00e9l llega la yuca, arracacha, diferentes alimentos para hacer la sopita en la ciudad. Ese valor del campesinado lo debemos recuperar.\u201d El evento finaliz\u00f3 con gran optimismo hac\u00eda la lucha campesina. Con elevado esp\u00edritu de los asistentes para apoyar las acciones campesinas en su hist\u00f3rica lucha por la tierra. &nbsp;A continuaci\u00f3n, compartimos unas fotograf\u00edas de la jornada.<\/p>\n\n\n\n<div class=\"wp-block-group is-nowrap is-layout-flex wp-container-core-group-is-layout-6c531013 wp-block-group-is-layout-flex\">\n<figure class=\"wp-block-image size-large is-resized\"><img loading=\"lazy\" decoding=\"async\" width=\"1024\" height=\"683\" src=\"https:\/\/nuevademocracia.com.co\/wp-content\/uploads\/2025\/05\/Dia-de-la-lucha-campesina-1-1024x683.jpg\" alt=\"\" class=\"wp-image-27665\" style=\"width:486px;height:auto\" srcset=\"https:\/\/nuevademocracia.com.co\/wp-content\/uploads\/2025\/05\/Dia-de-la-lucha-campesina-1-1024x683.jpg 1024w, https:\/\/nuevademocracia.com.co\/wp-content\/uploads\/2025\/05\/Dia-de-la-lucha-campesina-1-300x200.jpg 300w, https:\/\/nuevademocracia.com.co\/wp-content\/uploads\/2025\/05\/Dia-de-la-lucha-campesina-1-768x512.jpg 768w, https:\/\/nuevademocracia.com.co\/wp-content\/uploads\/2025\/05\/Dia-de-la-lucha-campesina-1-1536x1024.jpg 1536w, https:\/\/nuevademocracia.com.co\/wp-content\/uploads\/2025\/05\/Dia-de-la-lucha-campesina-1.jpg 1620w\" sizes=\"auto, (max-width: 1024px) 100vw, 1024px\" \/><\/figure>\n\n\n\n<figure class=\"wp-block-image size-large is-resized\"><img loading=\"lazy\" decoding=\"async\" width=\"1024\" height=\"683\" src=\"https:\/\/nuevademocracia.com.co\/wp-content\/uploads\/2025\/05\/Dia-de-la-lucha-campesina-4-1024x683.jpg\" alt=\"\" class=\"wp-image-27667\" style=\"width:489px;height:auto\" srcset=\"https:\/\/nuevademocracia.com.co\/wp-content\/uploads\/2025\/05\/Dia-de-la-lucha-campesina-4-1024x683.jpg 1024w, https:\/\/nuevademocracia.com.co\/wp-content\/uploads\/2025\/05\/Dia-de-la-lucha-campesina-4-300x200.jpg 300w, https:\/\/nuevademocracia.com.co\/wp-content\/uploads\/2025\/05\/Dia-de-la-lucha-campesina-4-768x512.jpg 768w, https:\/\/nuevademocracia.com.co\/wp-content\/uploads\/2025\/05\/Dia-de-la-lucha-campesina-4-1536x1024.jpg 1536w, https:\/\/nuevademocracia.com.co\/wp-content\/uploads\/2025\/05\/Dia-de-la-lucha-campesina-4.jpg 1620w\" sizes=\"auto, (max-width: 1024px) 100vw, 1024px\" \/><\/figure>\n<\/div>\n\n\n\n<p><\/p>\n\n\n\n<div class=\"wp-block-group is-nowrap is-layout-flex wp-container-core-group-is-layout-6c531013 wp-block-group-is-layout-flex\">\n<figure class=\"wp-block-image size-large is-resized\"><img loading=\"lazy\" decoding=\"async\" width=\"1024\" height=\"683\" src=\"https:\/\/nuevademocracia.com.co\/wp-content\/uploads\/2025\/05\/Dia-de-la-lucha-campesina-6-1024x683.jpg\" alt=\"\" class=\"wp-image-27668\" style=\"width:467px;height:auto\" srcset=\"https:\/\/nuevademocracia.com.co\/wp-content\/uploads\/2025\/05\/Dia-de-la-lucha-campesina-6-1024x683.jpg 1024w, https:\/\/nuevademocracia.com.co\/wp-content\/uploads\/2025\/05\/Dia-de-la-lucha-campesina-6-300x200.jpg 300w, https:\/\/nuevademocracia.com.co\/wp-content\/uploads\/2025\/05\/Dia-de-la-lucha-campesina-6-768x512.jpg 768w, https:\/\/nuevademocracia.com.co\/wp-content\/uploads\/2025\/05\/Dia-de-la-lucha-campesina-6-1536x1024.jpg 1536w, https:\/\/nuevademocracia.com.co\/wp-content\/uploads\/2025\/05\/Dia-de-la-lucha-campesina-6.jpg 1620w\" sizes=\"auto, (max-width: 1024px) 100vw, 1024px\" \/><\/figure>\n\n\n\n<figure class=\"wp-block-image size-large is-resized\"><img loading=\"lazy\" decoding=\"async\" width=\"1024\" height=\"683\" src=\"https:\/\/nuevademocracia.com.co\/wp-content\/uploads\/2025\/05\/Dia-de-la-lucha-campesina-7-1024x683.jpg\" alt=\"\" class=\"wp-image-27669\" style=\"width:468px;height:auto\" srcset=\"https:\/\/nuevademocracia.com.co\/wp-content\/uploads\/2025\/05\/Dia-de-la-lucha-campesina-7-1024x683.jpg 1024w, https:\/\/nuevademocracia.com.co\/wp-content\/uploads\/2025\/05\/Dia-de-la-lucha-campesina-7-300x200.jpg 300w, https:\/\/nuevademocracia.com.co\/wp-content\/uploads\/2025\/05\/Dia-de-la-lucha-campesina-7-768x512.jpg 768w, https:\/\/nuevademocracia.com.co\/wp-content\/uploads\/2025\/05\/Dia-de-la-lucha-campesina-7-1536x1024.jpg 1536w, https:\/\/nuevademocracia.com.co\/wp-content\/uploads\/2025\/05\/Dia-de-la-lucha-campesina-7.jpg 1620w\" sizes=\"auto, (max-width: 1024px) 100vw, 1024px\" \/><\/figure>\n<\/div>\n\n\n\n<p><\/p>\n\n\n\n<figure class=\"wp-block-image aligncenter size-large is-resized\"><img loading=\"lazy\" decoding=\"async\" width=\"1024\" height=\"683\" src=\"https:\/\/nuevademocracia.com.co\/wp-content\/uploads\/2025\/05\/Dia-de-la-lucha-campesina-8-1024x683.jpg\" alt=\"\" class=\"wp-image-27666\" style=\"width:541px;height:auto\" srcset=\"https:\/\/nuevademocracia.com.co\/wp-content\/uploads\/2025\/05\/Dia-de-la-lucha-campesina-8-1024x683.jpg 1024w, https:\/\/nuevademocracia.com.co\/wp-content\/uploads\/2025\/05\/Dia-de-la-lucha-campesina-8-300x200.jpg 300w, https:\/\/nuevademocracia.com.co\/wp-content\/uploads\/2025\/05\/Dia-de-la-lucha-campesina-8-768x512.jpg 768w, https:\/\/nuevademocracia.com.co\/wp-content\/uploads\/2025\/05\/Dia-de-la-lucha-campesina-8-1536x1024.jpg 1536w, https:\/\/nuevademocracia.com.co\/wp-content\/uploads\/2025\/05\/Dia-de-la-lucha-campesina-8.jpg 1620w\" sizes=\"auto, (max-width: 1024px) 100vw, 1024px\" \/><\/figure>\n","protected":false},"excerpt":{"rendered":"<p>El pasado 24 de abril, se realiz\u00f3 en la Universidad de Antioquia, el conversatorio Semillas de lucha campesina y popular, con motivo de la conmemoraci\u00f3n del d\u00eda de la lucha campesina. En el evento participaron presencialmente campesinos de varios procesos del pa\u00eds, y tambi\u00e9n invitados internacionales, quienes a trav\u00e9s de videollamada expusieron sus experiencias de [&hellip;]<\/p>\n","protected":false},"author":1,"featured_media":27667,"comment_status":"open","ping_status":"open","sticky":false,"template":"","format":"standard","meta":{"footnotes":""},"categories":[16,4,144],"tags":[],"class_list":["post-27663","post","type-post","status-publish","format-standard","has-post-thumbnail","hentry","category-carrusel","category-colombia","category-lucha-por-la-tierra"],"blocksy_meta":[],"_links":{"self":[{"href":"https:\/\/nuevademocracia.com.co\/index.php?rest_route=\/wp\/v2\/posts\/27663","targetHints":{"allow":["GET"]}}],"collection":[{"href":"https:\/\/nuevademocracia.com.co\/index.php?rest_route=\/wp\/v2\/posts"}],"about":[{"href":"https:\/\/nuevademocracia.com.co\/index.php?rest_route=\/wp\/v2\/types\/post"}],"author":[{"embeddable":true,"href":"https:\/\/nuevademocracia.com.co\/index.php?rest_route=\/wp\/v2\/users\/1"}],"replies":[{"embeddable":true,"href":"https:\/\/nuevademocracia.com.co\/index.php?rest_route=%2Fwp%2Fv2%2Fcomments&post=27663"}],"version-history":[{"count":2,"href":"https:\/\/nuevademocracia.com.co\/index.php?rest_route=\/wp\/v2\/posts\/27663\/revisions"}],"predecessor-version":[{"id":27694,"href":"https:\/\/nuevademocracia.com.co\/index.php?rest_route=\/wp\/v2\/posts\/27663\/revisions\/27694"}],"wp:featuredmedia":[{"embeddable":true,"href":"https:\/\/nuevademocracia.com.co\/index.php?rest_route=\/wp\/v2\/media\/27667"}],"wp:attachment":[{"href":"https:\/\/nuevademocracia.com.co\/index.php?rest_route=%2Fwp%2Fv2%2Fmedia&parent=27663"}],"wp:term":[{"taxonomy":"category","embeddable":true,"href":"https:\/\/nuevademocracia.com.co\/index.php?rest_route=%2Fwp%2Fv2%2Fcategories&post=27663"},{"taxonomy":"post_tag","embeddable":true,"href":"https:\/\/nuevademocracia.com.co\/index.php?rest_route=%2Fwp%2Fv2%2Ftags&post=27663"}],"curies":[{"name":"wp","href":"https:\/\/api.w.org\/{rel}","templated":true}]}}