{"id":27696,"date":"2025-05-13T14:05:55","date_gmt":"2025-05-13T19:05:55","guid":{"rendered":"https:\/\/nuevademocracia.com.co\/?p=27696"},"modified":"2025-05-13T14:06:47","modified_gmt":"2025-05-13T19:06:47","slug":"reporte-del-primero-de-mayo-en-manizales","status":"publish","type":"post","link":"https:\/\/nuevademocracia.com.co\/?p=27696","title":{"rendered":"Reporte del primero de mayo en Manizales"},"content":{"rendered":"\n<figure class=\"wp-block-image aligncenter size-full\"><img loading=\"lazy\" decoding=\"async\" width=\"518\" height=\"387\" src=\"https:\/\/nuevademocracia.com.co\/wp-content\/uploads\/2025\/05\/Primero-de-mayo-Manizales.jpg\" alt=\"\" class=\"wp-image-27697\" srcset=\"https:\/\/nuevademocracia.com.co\/wp-content\/uploads\/2025\/05\/Primero-de-mayo-Manizales.jpg 518w, https:\/\/nuevademocracia.com.co\/wp-content\/uploads\/2025\/05\/Primero-de-mayo-Manizales-300x224.jpg 300w\" sizes=\"auto, (max-width: 518px) 100vw, 518px\" \/><figcaption class=\"wp-element-caption\"><em>Plaza Bol\u00edvar primero de mayo de 2025<\/em><\/figcaption><\/figure>\n\n\n\n<p class=\"has-black-color has-text-color has-link-color wp-elements-034e2925bcd02f592ff6104ae8f065bf\">Recientemente hemos publicado un <a href=\"https:\/\/nuevademocracia.com.co\/?p=27627\">Reporte del Primero de Mayo en Colombia<\/a>, en el cual mostramos un panorama general de la jornada en varias ciudades del pa\u00eds. Te invitamos a leerlo si a\u00fan no lo has hecho. A continuaci\u00f3n, publicamos un complemento con un breve reporte espec\u00edfico de la ciudad de Manizales, el cual nos fue enviado por un colaborador y reportero en aquella ciudad. \u00a0<\/p>\n\n\n\n<p class=\"has-black-color has-text-color has-link-color wp-elements-d1b72424d41de27ef6a7e6c40ec469df\">El primero de mayo en Manizales mostr\u00f3 un gran apoyo de las masas que salieron a movilizarse por sus derechos, tambi\u00e9n los intentos de represi\u00f3n por parte de las autoridades de la ciudad, y la influencia del reformismo petrista en las consignas de muchos sindicatos.<\/p>\n\n\n\n<p class=\"has-black-color has-text-color has-link-color wp-elements-452f8d4e759fae52443299022cf9ad2a\">La jornada comenz\u00f3 en horas de la ma\u00f1ana, m\u00faltiples sindicatos y organizaciones se reunieron en la avenida Santander. Varias de estas organizaciones, alineadas con la pol\u00edtica reformista y conciliadora de clases del actual gobierno colombiano, entregaron folletos y propaganda en apoyo a las reformas y la consulta popular. Las dirigencias politiqueras dentro del movimiento obrero, aprovecharon el primero de mayo internacional y revolucionario, y todo el foco de atenci\u00f3n de las masas manizale\u00f1as, para hacer populismo.<\/p>\n\n\n\n<p class=\"has-black-color has-text-color has-link-color wp-elements-020a8a1b3a68360a2e0cb29497833ece\">Alrededor de las 10:00 a 10:30, la Polic\u00eda Metropolitana, fuerza reaccionaria del Estado y la Alcald\u00eda, llevaron patrullas exigiendo a los manifestantes que dejaran la mitad de la calle para la circulaci\u00f3n de los veh\u00edculos. La indignaci\u00f3n de las organizaciones y de las masas no se hizo esperar. Una patrulla hizo burla de los manifestantes, mencionando que \u201cmataremos a m\u00e1s de ustedes\u201d. Estos episodios se repitieron en varias ocasiones, donde la polic\u00eda trat\u00f3 en varios momentos de cerrar las calles y mantuvo en vigilancia las manifestaciones del primero de mayo. Esto provoc\u00f3 serias tensiones y una evidencia de que realmente las fuerzas del Estado quer\u00edan frenar las protestas.<\/p>\n\n\n\n<p class=\"has-black-color has-text-color has-link-color wp-elements-43ef95b1f939d77c74fa359e3f3b33ca\">\u00bfQu\u00e9 ense\u00f1anzas podemos sacar del primero de mayo en Manizales? Por un lado, la participaci\u00f3n de las masas trabajadoras y sindicatos de todo tipo, muestran en esencia la necesidad de las masas de pelear por sus derechos. Por otro lado, la lucha de las masas obrero-campesinas no se limita solo a las calles, los revolucionarios deben luchar por impulsar una aut\u00e9ntica l\u00ednea de masas y elevar la conciencia de clase, en lucha contra el reformismo y la conciliaci\u00f3n.<\/p>\n\n\n\n<p><\/p>\n","protected":false},"excerpt":{"rendered":"<p>Breve reporte del 1M en la ciudad de Manizales. \u00a0<\/p>\n","protected":false},"author":1,"featured_media":27697,"comment_status":"open","ping_status":"open","sticky":false,"template":"","format":"standard","meta":{"footnotes":""},"categories":[4],"tags":[62,39,18,41],"class_list":["post-27696","post","type-post","status-publish","format-standard","has-post-thumbnail","hentry","category-colombia","tag-conmemoracion","tag-internacionalismo","tag-protestas","tag-represion-estatal"],"blocksy_meta":[],"_links":{"self":[{"href":"https:\/\/nuevademocracia.com.co\/index.php?rest_route=\/wp\/v2\/posts\/27696","targetHints":{"allow":["GET"]}}],"collection":[{"href":"https:\/\/nuevademocracia.com.co\/index.php?rest_route=\/wp\/v2\/posts"}],"about":[{"href":"https:\/\/nuevademocracia.com.co\/index.php?rest_route=\/wp\/v2\/types\/post"}],"author":[{"embeddable":true,"href":"https:\/\/nuevademocracia.com.co\/index.php?rest_route=\/wp\/v2\/users\/1"}],"replies":[{"embeddable":true,"href":"https:\/\/nuevademocracia.com.co\/index.php?rest_route=%2Fwp%2Fv2%2Fcomments&post=27696"}],"version-history":[{"count":2,"href":"https:\/\/nuevademocracia.com.co\/index.php?rest_route=\/wp\/v2\/posts\/27696\/revisions"}],"predecessor-version":[{"id":27699,"href":"https:\/\/nuevademocracia.com.co\/index.php?rest_route=\/wp\/v2\/posts\/27696\/revisions\/27699"}],"wp:featuredmedia":[{"embeddable":true,"href":"https:\/\/nuevademocracia.com.co\/index.php?rest_route=\/wp\/v2\/media\/27697"}],"wp:attachment":[{"href":"https:\/\/nuevademocracia.com.co\/index.php?rest_route=%2Fwp%2Fv2%2Fmedia&parent=27696"}],"wp:term":[{"taxonomy":"category","embeddable":true,"href":"https:\/\/nuevademocracia.com.co\/index.php?rest_route=%2Fwp%2Fv2%2Fcategories&post=27696"},{"taxonomy":"post_tag","embeddable":true,"href":"https:\/\/nuevademocracia.com.co\/index.php?rest_route=%2Fwp%2Fv2%2Ftags&post=27696"}],"curies":[{"name":"wp","href":"https:\/\/api.w.org\/{rel}","templated":true}]}}