{"id":27700,"date":"2025-05-20T14:37:27","date_gmt":"2025-05-20T19:37:27","guid":{"rendered":"https:\/\/nuevademocracia.com.co\/?p=27700"},"modified":"2025-05-20T14:42:54","modified_gmt":"2025-05-20T19:42:54","slug":"el-pkk-anuncia-su-disolucion-siguiendo-el-llamamiento-capitulacionista-de-ocalan","status":"publish","type":"post","link":"https:\/\/nuevademocracia.com.co\/?p=27700","title":{"rendered":"El PKK anuncia su disoluci\u00f3n siguiendo el llamamiento capitulacionista de Ocalan"},"content":{"rendered":"\n<p class=\"has-black-color has-text-color has-link-color wp-elements-8c776df9b5a0e0095de1e77b64afa82e\"><em>Reproducimos traducci\u00f3n no oficial hecha por el <a href=\"https:\/\/heraldorojo.org\/2025\/05\/17\/a-nova-democracia-el-pkk-anuncia-su-disolucion-siguiendo-el-llamamiento-capitulacionista-de-ocalan\/\">Heraldo Rojo<\/a> de un art\u00edculo de<\/em>&nbsp;<a href=\"https:\/\/anovademocracia.com.br\/pkk-dissolucao-capitulacionista-oca\/\">A Nova Democracia<\/a><\/p>\n\n\n\n<p class=\"has-black-color has-text-color has-link-color wp-elements-96e891aad65ae87dafc4169420c1a671\">&nbsp;La decisi\u00f3n va en contra del momento explosivo de defensa de la lucha armada impuesta por las fuerzas progresistas, antiimperialistas y revolucionarias en Oriente Medio y en el mundo.<\/p>\n\n\n\n<hr class=\"wp-block-separator has-text-color has-vivid-red-color has-alpha-channel-opacity has-vivid-red-background-color has-background\"\/>\n\n\n\n<p class=\"has-black-color has-text-color has-link-color wp-elements-e6cbb8bb76a6506da23a31a902e11d20\">por&nbsp;<a href=\"https:\/\/anovademocracia.com.br\/author\/redacao-de-and\/\">Reda\u00e7\u00e3o de AND<\/a><\/p>\n\n\n\n<p class=\"has-black-color has-text-color has-link-color wp-elements-93ba34082ef624961e6df0fc9dd6bb80\">12 de mayo de 2025<\/p>\n\n\n\n<figure class=\"wp-block-image aligncenter size-large is-resized\"><img loading=\"lazy\" decoding=\"async\" width=\"1024\" height=\"645\" src=\"https:\/\/nuevademocracia.com.co\/wp-content\/uploads\/2025\/05\/image-13-1024x645.png\" alt=\"\" class=\"wp-image-27703\" style=\"width:713px;height:auto\" srcset=\"https:\/\/nuevademocracia.com.co\/wp-content\/uploads\/2025\/05\/image-13-1024x645.png 1024w, https:\/\/nuevademocracia.com.co\/wp-content\/uploads\/2025\/05\/image-13-300x189.png 300w, https:\/\/nuevademocracia.com.co\/wp-content\/uploads\/2025\/05\/image-13-768x484.png 768w, https:\/\/nuevademocracia.com.co\/wp-content\/uploads\/2025\/05\/image-13.png 1500w\" sizes=\"auto, (max-width: 1024px) 100vw, 1024px\" \/><figcaption class=\"wp-element-caption\"><em><strong><mark style=\"background-color:rgba(0, 0, 0, 0)\" class=\"has-inline-color has-black-color\">Duran Kalkan, miembro del Comit\u00e9 Ejecutivo del PKK, durante el XII Congreso, que decidi\u00f3 disolverlo. Foto: ANF Noticias<\/mark><\/strong><\/em><\/figcaption><\/figure>\n\n\n\n<p class=\"has-black-color has-text-color has-link-color wp-elements-f3d013c0dfaca46f6b02036211a3e360\">El Partido de los Trabajadores del Kurdist\u00e1n (PKK) ha anunciado la disoluci\u00f3n de su estructura organizacional y el fin de su participaci\u00f3n en la lucha armada de liberaci\u00f3n nacional del pueblo kurdo, seg\u00fan la agencia de noticias Firat (ANF). La decisi\u00f3n fue tomada en el 12\u00ba Congreso del PKK, realizado en el norte de Irak entre el 5 y el 7 de mayo, y sigue la capitulaci\u00f3n de la c\u00fapula del grupo y el llamamiento liquidacionista hecho el 27 de febrero por Abdullah Ocalan, l\u00edder partidario preso desde 1999, para entregar las armas y disolver el Partido.<\/p>\n\n\n\n<p class=\"has-black-color has-text-color has-link-color wp-elements-9e8483aea377192f68e0fffbf157bf9c\">En la declaraci\u00f3n emitida en el referido Congreso, el grupo declar\u00f3 haber \u201ccumplido su misi\u00f3n hist\u00f3rica\u201d y que \u201cla lucha del PKK desmantel\u00f3 las pol\u00edticas de negaci\u00f3n y aniquilaci\u00f3n\u201d impuestas al pueblo kurdo por el Estado turco y \u201cllev\u00f3 la cuesti\u00f3n kurda a un punto en el que puede ser resuelta por medio de pol\u00edticas democr\u00e1ticas\u201d.<\/p>\n\n\n\n<p class=\"has-black-color has-text-color has-link-color wp-elements-75fd3e8415328d80616c2cc0c62faf8d\">Duran Kalkan, un miembro del Comit\u00e9 Ejecutivo del PKK, afirm\u00f3 gen\u00e9ricamente que la disoluci\u00f3n \u201cno es un fin, sino un nuevo comienzo\u201d, cuyo objetivo es \u201ccrear espacio para nuevas iniciativas y oportunidades\u201d.<\/p>\n\n\n\n<figure class=\"wp-block-image aligncenter size-full is-resized\"><img loading=\"lazy\" decoding=\"async\" width=\"990\" height=\"556\" src=\"https:\/\/nuevademocracia.com.co\/wp-content\/uploads\/2025\/05\/image-14.png\" alt=\"\" class=\"wp-image-27704\" style=\"width:630px;height:auto\" srcset=\"https:\/\/nuevademocracia.com.co\/wp-content\/uploads\/2025\/05\/image-14.png 990w, https:\/\/nuevademocracia.com.co\/wp-content\/uploads\/2025\/05\/image-14-300x168.png 300w, https:\/\/nuevademocracia.com.co\/wp-content\/uploads\/2025\/05\/image-14-768x431.png 768w\" sizes=\"auto, (max-width: 990px) 100vw, 990px\" \/><figcaption class=\"wp-element-caption\"><em><strong><mark style=\"background-color:rgba(0, 0, 0, 0)\" class=\"has-inline-color has-black-color\">Miembros durante el 12\u00ba Congreso del ahora liquidado PKK.&nbsp;Foto: ANF News<br><\/mark><\/strong><\/em><br><\/figcaption><\/figure>\n\n\n\n<p class=\"has-black-color has-text-color has-link-color wp-elements-79400326c8aafb28c9fb341ea6b5327e\">Mientras tanto, la situaci\u00f3n objetiva demuestra que la cuesti\u00f3n kurda est\u00e1 lejos de una \u201csoluci\u00f3n pac\u00edfica\u201d. Por el contrario, sus defensores seguir\u00e1n siendo objetivo de la criminalizaci\u00f3n y el terrorismo de Estado impuestos por el presidente fascista turco Erdogan, que pretende seguir reprimiendo la causa kurda.<\/p>\n\n\n\n<p class=\"has-black-color has-text-color has-link-color wp-elements-6d4c4c7d0a67d4fad61ebae11dad9552\">A final del a\u00f1o pasado, el&nbsp;<a href=\"https:\/\/anovademocracia.com.br\/maturaridade-politica-do-eixo-resistencia\/\">Ej\u00e9rcito Nacional Sirio (ENS)<\/a>, grupo apoyado por Turqu\u00eda, hizo intensos ataques contra los kurdos en Siria. El gobierno de Erdogan, que considera los grupos armados kurdos en Siria como extensiones del PKK, apoy\u00f3 la masacre. El ministro de defensa turco Yasar Guler dice que las Unidades de Defensa del Pueblo (YDG) ser\u00e1n eliminadas en breves. \u201cNosotros y el nuevo gobierno en Siria [formado por el grupo yihadista proturco y proEEUU, HTS] queremos eso\u201d.<\/p>\n\n\n\n<p class=\"has-black-color has-text-color has-link-color wp-elements-4827a956ddd3a0e8aacd88c2fea9825e\">Guler tambi\u00e9n describi\u00f3 el desmantelamiento de las fuerzas kurdas como una \u201ccuesti\u00f3n principal en Siria. Osea, para el gobierno turco la existencia de grupos armados kurdos que luchan por la autodeterminaci\u00f3n son peores que otros fen\u00f3menos en Siria, como la ocupaci\u00f3n israel\u00ed del pa\u00eds, que creci\u00f3 en extensi\u00f3n desde el inicio del gobierno de HTS.<\/p>\n\n\n\n<p class=\"has-black-color has-text-color has-link-color wp-elements-8d21e73507302eb35df8c8cd436a59a8\">Al mismo tiempo, la decisi\u00f3n del PKK, que expresa las limitaciones del car\u00e1cter burgu\u00e9s de la direcci\u00f3n del movimiento nacional kurdo, va en contra del momento explosivo de defensa de la lucha armada impuesta por las fuerzas progresistas, antiimperialistas y revolucionarias en Oriente Medio y en el mundo, como los movimientos Ansarallah, Hezbollah y los grupos de la Resistencia Nacional Palestina.<\/p>\n\n\n\n<p class=\"has-vivid-red-color has-text-color has-link-color has-medium-font-size wp-elements-23afc7fa174dbd5edd5a449193afc836\"><strong>Los reaccionarios saludan la liquidaci\u00f3n<\/strong><\/p>\n\n\n\n<p class=\"has-black-color has-text-color has-link-color wp-elements-1ff440a22a3ca29726c97c77507beda2\">El fascista Erdogan y su Partido de la Justicia y el Desarrollo (AKP) fueron los primeros en saludar fervorosamente la decisi\u00f3n del PKK de vender la lucha kurda por un plato de lentejas, clasific\u00e1ndola como un paso para \u201cla paz y la fraternidad\u201d en un pa\u00eds \u201clibre de terrorismo\u201d. La capitulaci\u00f3n tiende a servir de poderoso capital pol\u00edtico para Erdogan, especialmente en el sudeste kurdo de Turqu\u00eda.<\/p>\n\n\n\n<figure class=\"wp-block-image aligncenter size-full is-resized\"><img loading=\"lazy\" decoding=\"async\" width=\"1024\" height=\"696\" src=\"https:\/\/nuevademocracia.com.co\/wp-content\/uploads\/2025\/05\/image-16.png\" alt=\"\" class=\"wp-image-27706\" style=\"width:581px;height:auto\" srcset=\"https:\/\/nuevademocracia.com.co\/wp-content\/uploads\/2025\/05\/image-16.png 1024w, https:\/\/nuevademocracia.com.co\/wp-content\/uploads\/2025\/05\/image-16-300x204.png 300w, https:\/\/nuevademocracia.com.co\/wp-content\/uploads\/2025\/05\/image-16-768x522.png 768w\" sizes=\"auto, (max-width: 1024px) 100vw, 1024px\" \/><figcaption class=\"wp-element-caption\"><em><strong><mark style=\"background-color:rgba(0, 0, 0, 0)\" class=\"has-inline-color has-black-color\">El presidente fascista turco Recep Erdogan. Foto: Anadolu Agency<br><\/mark><\/strong><\/em><br><\/figcaption><\/figure>\n\n\n\n<p class=\"has-black-color has-text-color has-link-color wp-elements-850cd7ad87a8747c16f4065c99710423\">El l\u00edder del Partido de Acci\u00f3n Nacionalista (MHP), grupo chauvinista que representa una fracci\u00f3n nacionalcompradora de la burgues\u00eda turca, Devlet Bahceli, tambi\u00e9n se regocij\u00f3 con la decisi\u00f3n y agradeci\u00f3 a Ocalan por su llamamiento de febrero, clasificando la anterior lucha del PKK como una \u201cp\u00e1gina sangrienta escrita con traici\u00f3n durante 47 a\u00f1os\u201d.<\/p>\n\n\n\n<p class=\"has-black-color has-text-color has-link-color wp-elements-d600bc4766e426cbcb77bef319deaf18\">Maxim Rubin, c\u00f3nsul general del imperialismo ruso en Erbil (capital del Kurdist\u00e1n iraqu\u00ed) afirm\u00f3 que Rusia acoge con satisfacci\u00f3n todos los \u201cesfuerzos pac\u00edficos\u201dentre el PKK y el Estado turco \u201cpara firmar un acuerdo de paz\u201d. Asaad al-Shabani, ministro de Relaciones Exteriores del gobierno reaccionario HTS\/Al Qaeda en Siria, tambi\u00e9n felicit\u00f3 a Turqu\u00eda por el acuerdo con el PKK.<\/p>\n\n\n\n<figure class=\"wp-block-image aligncenter size-full is-resized\"><img loading=\"lazy\" decoding=\"async\" width=\"1024\" height=\"645\" src=\"https:\/\/nuevademocracia.com.co\/wp-content\/uploads\/2025\/05\/image-17.png\" alt=\"\" class=\"wp-image-27707\" style=\"width:600px;height:auto\" srcset=\"https:\/\/nuevademocracia.com.co\/wp-content\/uploads\/2025\/05\/image-17.png 1024w, https:\/\/nuevademocracia.com.co\/wp-content\/uploads\/2025\/05\/image-17-300x189.png 300w, https:\/\/nuevademocracia.com.co\/wp-content\/uploads\/2025\/05\/image-17-768x484.png 768w\" sizes=\"auto, (max-width: 1024px) 100vw, 1024px\" \/><figcaption class=\"wp-element-caption\"><em><strong><mark style=\"background-color:rgba(0, 0, 0, 0)\" class=\"has-inline-color has-black-color\">Los ministros de Relaciones Exteriores de Siria (a la izquierda) y de Turqu\u00eda (a la derecha) en Ankara, hoy (12 de mayo). Foto: Ministerio de Relaciones Exteriores en Siria<br><\/mark><\/strong><\/em><br><\/figcaption><\/figure>\n\n\n\n<p class=\"has-black-color has-text-color has-link-color wp-elements-0ec72b0d8623944d41224c664f8f25dc\">Alemania llam\u00f3 la decisi\u00f3n de \u201cpaso importante para romper una espiral de terror y violencia que ya dura d\u00e9cadas en la regi\u00f3n\u201d, pero afirm\u00f3 que a\u00fan mantendr\u00e1 al PKK en su lista de \u201corganizaciones terroristas\u201d.<\/p>\n\n\n\n<p class=\"has-black-color has-text-color has-link-color wp-elements-33df316a622f9241ffac7b4efd83b056\">El secretario de Estado norteamericano, Marco Rubio, convers\u00f3 por tel\u00e9fono con el ministro de Relaciones Exteriores turco, Hakan Fidan, para reafirmar el apoyo de los EE.UU., a Turqu\u00eda, su aliada en la OTAN, indicando la decisi\u00f3n del PKK como un \u201cpunto de cambio\u201d y disparando c\u00ednicamente que \u201cno hay futuro para el terrorismo en el mundo civilizado\u201d.<\/p>\n\n\n\n<p class=\"has-vivid-red-color has-text-color has-link-color has-medium-font-size wp-elements-6b0da442d1a7c239e6aaf8d2e9c189d4\"><strong>Revolucionarios prometen seguir luchando por la causa kurda<\/strong><\/p>\n\n\n\n<p class=\"has-black-color has-text-color has-link-color wp-elements-c10994a5cb52e149c98fc97d8e6e8154\">El PKK fue, durante d\u00e9cadas, el principal organizador de la&nbsp;<a href=\"https:\/\/anovademocracia.com.br\/materias-impressas\/curdos-lutam-contra-o-imperialismo-e-seus-socios-menores\/\">guerrilla de la resistencia kurda<\/a>. Desde 1978, operaba bajo condiciones muy dif\u00edciles en el combate al Estado fascista turco y en la lucha por la independencia del Kurdist\u00e1n.<\/p>\n\n\n\n<p class=\"has-black-color has-text-color has-link-color wp-elements-dd025fdfbdbfb7c98e6dfa27c7bc4d37\">Hist\u00f3ricamente, su alianza con el Partido Comunista de Turqu\u00eda\/Marxista-Leninista (TKP\/ML), que dirige una revoluci\u00f3n armada en el pa\u00eds, expres\u00f3 un importante grado de unidad entre la lucha nacional kurda y la lucha de clases revolucionaria del proletariado y el pueblo turcos, contribuyendo al avance de la Revoluci\u00f3n Turca bajo direcci\u00f3n de los comunistas.<\/p>\n\n\n\n<figure class=\"wp-block-image aligncenter size-full is-resized\"><img loading=\"lazy\" decoding=\"async\" width=\"990\" height=\"556\" src=\"https:\/\/nuevademocracia.com.co\/wp-content\/uploads\/2025\/05\/image-18.png\" alt=\"\" class=\"wp-image-27708\" style=\"width:757px;height:auto\" srcset=\"https:\/\/nuevademocracia.com.co\/wp-content\/uploads\/2025\/05\/image-18.png 990w, https:\/\/nuevademocracia.com.co\/wp-content\/uploads\/2025\/05\/image-18-300x168.png 300w, https:\/\/nuevademocracia.com.co\/wp-content\/uploads\/2025\/05\/image-18-768x431.png 768w\" sizes=\"auto, (max-width: 990px) 100vw, 990px\" \/><figcaption class=\"wp-element-caption\"><em><strong><mark style=\"background-color:rgba(0, 0, 0, 0)\" class=\"has-inline-color has-black-color\">El TKP\/ML dirige al Ej\u00e9rcito de Liberaci\u00f3n de los Obreros y Campesinos de Turqu\u00eda (TIKKO). Foto: ANF News<br><\/mark><\/strong><\/em><br><\/figcaption><\/figure>\n\n\n\n<p class=\"has-black-color has-text-color has-link-color wp-elements-152af66dbeb2342936a047cc659bf629\">El Bur\u00f3 Pol\u00edtico del Comit\u00e9 Central del TKP\/ML, en una reciente declaraci\u00f3n celebrando los 53 a\u00f1os de la fundaci\u00f3n del Partido del proletariado turco, afirm\u00f3 que \u201c\u00a1rechazaremos, de nuestra parte, la falsa paz, la fraternidad vac\u00eda y la nueva forma de esclavitud impuesta, en cuanto recaen sobre todas las partes del Kurdist\u00e1n la negaci\u00f3n, masacre, y la asimilaci\u00f3n y la opresi\u00f3n estatal sin fin!\u201d.<\/p>\n\n\n\n<p class=\"has-black-color has-text-color has-link-color wp-elements-8f73de720dcd8f27bfab83800f6705db\">El TKP\/ML tambi\u00e9n conden\u00f3 la capitulaci\u00f3n de Ocalan. En declaraci\u00f3n publicada en marzo (<strong>Una Utop\u00eda: la democratizaci\u00f3n de la dictadura fascista<\/strong>), los comunistas rechazan la capitulaci\u00f3n de Ocalan y de la c\u00fapula del PKK y su llamamiento por la \u201cpaz y una sociedad democr\u00e1tica\u201d, argumentando que busca \u201csoluciones pac\u00edficas\u201d con el Estado fascista turco ha servido apenas para debilitar la organizaci\u00f3n kurda e intensificar la represi\u00f3n estatal. \u201cContinuaremos nuestra lucha por avances en los derechos nacionales kurdos, pero condenaremos como una UTOPIA el intento de democratizaci\u00f3n del Estado turco\u201d, afirman.<\/p>\n\n\n\n<p class=\"has-black-color has-text-color has-link-color wp-elements-1bda6dca80059bb6b7c2dbce7e1e1745\">El comunicado destaca que, desde 1993, todos los intentos de alto el fuego y negociaciones han resultado en acciones represivas por parte del Estado turco, incluyendo la destrucci\u00f3n de aldeas, detenciones masivas y asesinatos de l\u00edderes kurdos. El TKP\/ML tambi\u00e9n considera que la idea de que el Estado turco pueda ser democratizado es ilusoria, ya que mantiene una posici\u00f3n fascista y represiva, especialmente contra el pueblo kurdo.<\/p>\n\n\n\n<p class=\"has-black-color has-text-color has-link-color wp-elements-c9304c580dde68834be97e64a7d964b7\">Adem\u00e1s, el TKP\/ML enfatiza que la verdadera soluci\u00f3n para la cuesti\u00f3n kurda reside en el reconocimiento del derecho a la autodeterminaci\u00f3n y en la lucha por la igualdad plena de derechos, que solo puede ser conquistada a trav\u00e9s de la lucha armada revolucionaria, destacando que \u201clos comunistas, ya sea en tiempos de paz o de guerra, defender\u00e1n y propagar\u00e1n el derecho de la Naci\u00f3n Kurda a la autodeterminaci\u00f3n\u201d, y que no hacerlo es contribuir al fortalecimiento del chauvinismo turco.<\/p>\n\n\n\n<p class=\"has-black-color has-text-color has-link-color wp-elements-3b5eadf64a539e81b3c802e753d2f8a4\">Por \u00faltimo, los comunistas turcos reafirman su compromiso con la continuaci\u00f3n de la lucha revolucionaria y su solidaridad con el pueblo kurdo: \u201cDefendemos que el derecho de la Naci\u00f3n Kurda a la autodeterminaci\u00f3n solo podr\u00e1 concretarse a trav\u00e9s del programa y la lucha de la Revoluci\u00f3n Democr\u00e1tica Popular. Los comunistas adoptan la lucha por mejoras, pero consideran esencial vincularla a la estrategia revolucionaria\u201d. \u201cEn \u00faltima instancia, la libertad para la naci\u00f3n kurda vendr\u00e1 a trav\u00e9s de la Guerra Popular por la Revoluci\u00f3n Democr\u00e1tica Popular, bajo la direcci\u00f3n de nuestro Partido\u201d, concluye la declaraci\u00f3n.<\/p>\n","protected":false},"excerpt":{"rendered":"<p>La decisi\u00f3n va en contra del momento explosivo de defensa de la lucha armada impuesta por las fuerzas progresistas, antiimperialistas y revolucionarias en Oriente Medio y en el mundo.<\/p>\n","protected":false},"author":1,"featured_media":27702,"comment_status":"open","ping_status":"open","sticky":false,"template":"","format":"standard","meta":{"footnotes":""},"categories":[16,31],"tags":[],"class_list":["post-27700","post","type-post","status-publish","format-standard","has-post-thumbnail","hentry","category-carrusel","category-internacional"],"blocksy_meta":[],"_links":{"self":[{"href":"https:\/\/nuevademocracia.com.co\/index.php?rest_route=\/wp\/v2\/posts\/27700","targetHints":{"allow":["GET"]}}],"collection":[{"href":"https:\/\/nuevademocracia.com.co\/index.php?rest_route=\/wp\/v2\/posts"}],"about":[{"href":"https:\/\/nuevademocracia.com.co\/index.php?rest_route=\/wp\/v2\/types\/post"}],"author":[{"embeddable":true,"href":"https:\/\/nuevademocracia.com.co\/index.php?rest_route=\/wp\/v2\/users\/1"}],"replies":[{"embeddable":true,"href":"https:\/\/nuevademocracia.com.co\/index.php?rest_route=%2Fwp%2Fv2%2Fcomments&post=27700"}],"version-history":[{"count":4,"href":"https:\/\/nuevademocracia.com.co\/index.php?rest_route=\/wp\/v2\/posts\/27700\/revisions"}],"predecessor-version":[{"id":27713,"href":"https:\/\/nuevademocracia.com.co\/index.php?rest_route=\/wp\/v2\/posts\/27700\/revisions\/27713"}],"wp:featuredmedia":[{"embeddable":true,"href":"https:\/\/nuevademocracia.com.co\/index.php?rest_route=\/wp\/v2\/media\/27702"}],"wp:attachment":[{"href":"https:\/\/nuevademocracia.com.co\/index.php?rest_route=%2Fwp%2Fv2%2Fmedia&parent=27700"}],"wp:term":[{"taxonomy":"category","embeddable":true,"href":"https:\/\/nuevademocracia.com.co\/index.php?rest_route=%2Fwp%2Fv2%2Fcategories&post=27700"},{"taxonomy":"post_tag","embeddable":true,"href":"https:\/\/nuevademocracia.com.co\/index.php?rest_route=%2Fwp%2Fv2%2Ftags&post=27700"}],"curies":[{"name":"wp","href":"https:\/\/api.w.org\/{rel}","templated":true}]}}