{"id":27711,"date":"2025-05-20T17:00:00","date_gmt":"2025-05-20T22:00:00","guid":{"rendered":"https:\/\/nuevademocracia.com.co\/?p=27711"},"modified":"2025-05-20T14:56:26","modified_gmt":"2025-05-20T19:56:26","slug":"wordpress-censura-el-periodico-revolucionario-servir-al-pueblo","status":"publish","type":"post","link":"https:\/\/nuevademocracia.com.co\/?p=27711","title":{"rendered":"WordPress censura el peri\u00f3dico revolucionario \u2018Servir al Pueblo\u2019"},"content":{"rendered":"\n<p class=\"has-black-color has-text-color has-link-color wp-elements-0c2e3127afe11ca41def954be8330c2e\"><em>Reproducimos traducci\u00f3n no oficial de un art\u00edculo de<\/em>\u00a0<a href=\"https:\/\/anovademocracia.com.br\/wordpress-censura-jornal-revolucionario-servir-al-pueblo\/\">A Nova Democracia<\/a><\/p>\n\n\n\n<p class=\"has-black-color has-text-color has-link-color wp-elements-98a9d2630d7daf4f5470f94397af81e2\">Peri\u00f3dico revolucionario public\u00f3 un articulo sobre o 45\u00b0 aniversario del inicio de la Revoluci\u00f3n Peruana, que comenz\u00f3 el 17 de mayo de 1980.<\/p>\n\n\n\n<hr class=\"wp-block-separator has-text-color has-vivid-red-color has-alpha-channel-opacity has-vivid-red-background-color has-background\"\/>\n\n\n\n<p class=\"has-black-color has-text-color has-link-color wp-elements-e6cbb8bb76a6506da23a31a902e11d20\">por&nbsp;<a href=\"https:\/\/anovademocracia.com.br\/author\/redacao-de-and\/\">Reda\u00e7\u00e3o de AND<\/a><\/p>\n\n\n\n<p class=\"has-black-color has-text-color has-link-color wp-elements-d3a3a7a9e87f70f0d91913fc31062666\">20 de mayo de 2025<\/p>\n\n\n\n<figure class=\"wp-block-image size-full\"><img loading=\"lazy\" decoding=\"async\" width=\"1024\" height=\"207\" src=\"https:\/\/nuevademocracia.com.co\/wp-content\/uploads\/2025\/05\/image-19.png\" alt=\"\" class=\"wp-image-27714\" srcset=\"https:\/\/nuevademocracia.com.co\/wp-content\/uploads\/2025\/05\/image-19.png 1024w, https:\/\/nuevademocracia.com.co\/wp-content\/uploads\/2025\/05\/image-19-300x61.png 300w, https:\/\/nuevademocracia.com.co\/wp-content\/uploads\/2025\/05\/image-19-768x155.png 768w\" sizes=\"auto, (max-width: 1024px) 100vw, 1024px\" \/><figcaption class=\"wp-element-caption\"><em><strong><mark style=\"background-color:rgba(0, 0, 0, 0)\" class=\"has-inline-color has-black-color\">La prensa revolucionaria es censurada en un momento de crisis para las potencias imperialistas. Foto: Reproducci\u00f3n<\/mark><\/strong><\/em><\/figcaption><\/figure>\n\n\n\n<p class=\"has-black-color has-text-color has-link-color wp-elements-1ee1ddfecaea26f09f2bf9803633d174\">El pasado s\u00e1bado (17 de mayo), el peri\u00f3dico revolucionario espa\u00f1ol <a href=\"https:\/\/heraldorojo.org\/2025\/05\/18\/estado-espanol-censura-contra-servir-al-pueblo\/\"><mark style=\"background-color:rgba(0, 0, 0, 0)\" class=\"has-inline-color has-vivid-red-color\">Servir al Pueblo<\/mark><\/a> fue censurado tras publicar un art\u00edculo sobre el 45 aniversario del inicio de la Revoluci\u00f3n peruana, que comenz\u00f3 el 17 de mayo de 1980.<\/p>\n\n\n\n<p class=\"has-black-color has-text-color has-link-color wp-elements-1cf5486f4a9c9b23622da9040c8ea20c\">El art\u00edculo, adem\u00e1s de abordar la importancia hist\u00f3rica del 17 de mayo de 1980 para la lucha de clases tanto en Per\u00fa como en el resto del mundo, tambi\u00e9n destaca la continuidad y actualidad de las <a href=\"https:\/\/anovademocracia.com.br\/espanha-partido-comunista-maoista-da-espanha-promove-campanha-de-boicote-as-eleicoes\/\"><mark style=\"background-color:rgba(0, 0, 0, 0)\" class=\"has-inline-color has-vivid-red-color\">actividades revolucionarias<\/mark><\/a> en el pa\u00eds latinoamericano.<\/p>\n\n\n\n<p class=\"has-black-color has-text-color has-link-color wp-elements-5040ea7ff76ba8ae86e596c547097f3a\">Poco despu\u00e9s de su publicaci\u00f3n en WordPress, sitio en el que est\u00e1 alojado el peri\u00f3dico, el servidor -que forma parte del monopolio tecnol\u00f3gico imperialista yanqui- se desconect\u00f3 abruptamente, dejando fuera de servicio el sitio web.<\/p>\n\n\n\n<p class=\"has-black-color has-text-color has-link-color wp-elements-00d844ede9966cf012f7b3291f75d138\">Tras casi tres a\u00f1os de intensa cobertura de las luchas del proletariado internacional, el peri\u00f3dico ha sufrido su primera gran censura por parte de la plataforma, que alega \u00abactividad ilegal\u00bb por parte del peri\u00f3dico.<\/p>\n\n\n\n<p class=\"has-black-color has-text-color has-link-color wp-elements-0eb9884845a6b06acba6ef5fd02b637a\">El equipo del peri\u00f3dico afirma que \u00abel momento de esta censura no es casual\u00bb y que \u00abatravesamos actualmente un periodo hist\u00f3rico de gran descomposici\u00f3n del imperialismo mundial, donde nuestra prensa se ha convertido en una peque\u00f1a pero ruidosa parte de la cobertura sobre las guerras populares en Per\u00fa, Turqu\u00eda, India y Filipinas\u00bb.<\/p>\n\n\n\n<p class=\"has-black-color has-text-color has-link-color wp-elements-198fc2d38f32d2d8a417f711f55016b1\">Sobre su trabajo, a\u00f1ade: \u00abLas ediciones impresas del 16\u00ba dan fe de nuestra labor pr\u00e1ctica, donde dimos voz a algunos de los trabajadores m\u00e1s pobres y explotados (como las costureras de Elche o los temporeros de Albacete); documentamos desahucios de centros sociales (como la quiebra de Madrid) y creamos reportajes donde era necesario decir la verdad (como el reportaje sobre Paiporta).\u00bb<\/p>\n\n\n\n<p class=\"has-black-color has-text-color has-link-color wp-elements-fd61569bed7317659ff693496bcb7c4c\">El peri\u00f3dico termina reafirmando su compromiso de sumar fuerzas a la lucha popular fuera del entorno virtual: \u00abNuestro objetivo nunca ha sido ser un simple \u201cblog de noticias\u201d. Ninguna censura ni represi\u00f3n detendr\u00e1 nuestro avance; seguiremos informando de los \u00e9xitos de los revolucionarios y las masas por todos los medios posibles.\u00bb<\/p>\n\n\n\n<p class=\"has-black-color has-text-color has-link-color wp-elements-4767617ed2d224a481722cf5c91aa3e8\">Tras m\u00e1s de 24 horas de censura, el domingo (18 de mayo) se reabri\u00f3 el sitio web tras un recurso de los revolucionarios contra la decisi\u00f3n, que fue admitido. Sin embargo, en caso de otra supuesta \u00abviolaci\u00f3n\u00bb, la plataforma amenaza con censurarlos de nuevo, esta vez de forma permanente.<\/p>\n\n\n\n<p class=\"has-black-color has-text-color has-link-color wp-elements-b69859130542cf7658f76b5389a5213d\"><\/p>\n\n\n\n<p><\/p>\n","protected":false},"excerpt":{"rendered":"<p>Peri\u00f3dico revolucionario public\u00f3 un articulo sobre o 45\u00b0 aniversario del inicio de la Revoluci\u00f3n Peruana, que comenz\u00f3 el 17 de mayo de 1980.<\/p>\n","protected":false},"author":1,"featured_media":27714,"comment_status":"open","ping_status":"open","sticky":false,"template":"","format":"standard","meta":{"footnotes":""},"categories":[16,31],"tags":[],"class_list":["post-27711","post","type-post","status-publish","format-standard","has-post-thumbnail","hentry","category-carrusel","category-internacional"],"blocksy_meta":[],"_links":{"self":[{"href":"https:\/\/nuevademocracia.com.co\/index.php?rest_route=\/wp\/v2\/posts\/27711","targetHints":{"allow":["GET"]}}],"collection":[{"href":"https:\/\/nuevademocracia.com.co\/index.php?rest_route=\/wp\/v2\/posts"}],"about":[{"href":"https:\/\/nuevademocracia.com.co\/index.php?rest_route=\/wp\/v2\/types\/post"}],"author":[{"embeddable":true,"href":"https:\/\/nuevademocracia.com.co\/index.php?rest_route=\/wp\/v2\/users\/1"}],"replies":[{"embeddable":true,"href":"https:\/\/nuevademocracia.com.co\/index.php?rest_route=%2Fwp%2Fv2%2Fcomments&post=27711"}],"version-history":[{"count":4,"href":"https:\/\/nuevademocracia.com.co\/index.php?rest_route=\/wp\/v2\/posts\/27711\/revisions"}],"predecessor-version":[{"id":27717,"href":"https:\/\/nuevademocracia.com.co\/index.php?rest_route=\/wp\/v2\/posts\/27711\/revisions\/27717"}],"wp:featuredmedia":[{"embeddable":true,"href":"https:\/\/nuevademocracia.com.co\/index.php?rest_route=\/wp\/v2\/media\/27714"}],"wp:attachment":[{"href":"https:\/\/nuevademocracia.com.co\/index.php?rest_route=%2Fwp%2Fv2%2Fmedia&parent=27711"}],"wp:term":[{"taxonomy":"category","embeddable":true,"href":"https:\/\/nuevademocracia.com.co\/index.php?rest_route=%2Fwp%2Fv2%2Fcategories&post=27711"},{"taxonomy":"post_tag","embeddable":true,"href":"https:\/\/nuevademocracia.com.co\/index.php?rest_route=%2Fwp%2Fv2%2Ftags&post=27711"}],"curies":[{"name":"wp","href":"https:\/\/api.w.org\/{rel}","templated":true}]}}